{"id":7749,"date":"2026-05-21T09:00:00","date_gmt":"2026-05-21T09:00:00","guid":{"rendered":"https:\/\/juliedrnd.net\/blog\/?p=7749"},"modified":"2026-05-21T09:00:00","modified_gmt":"2026-05-21T09:00:00","slug":"creme-patissiere-bebe-quel-age","status":"publish","type":"post","link":"https:\/\/juliedrnd.net\/blog\/articles\/creme-patissiere-bebe-quel-age\/","title":{"rendered":"Cr\u00e8me p\u00e2tissi\u00e8re b\u00e9b\u00e9 : \u00c0 quel \u00e2ge donner ?"},"content":{"rendered":"<p>La cr\u00e8me p\u00e2tissi\u00e8re, d\u00e9licieuse pr\u00e9paration souvent utilis\u00e9e dans les desserts, peut susciter des questions concernant son introduction dans l\u2019alimentation des b\u00e9b\u00e9s. En g\u00e9n\u00e9ral, il est conseill\u00e9 d\u2019attendre que votre enfant ait au moins <strong>12 mois<\/strong> avant de lui proposer de la cr\u00e8me p\u00e2tissi\u00e8re. Cela s\u2019explique par la pr\u00e9sence de lait entier et de sucres qui peuvent \u00eatre trop riches pour un jeune organisme.<\/p>\n<p>Cependant, l\u2019\u00e2ge exact d\u00e9pend \u00e9galement du d\u00e9veloppement de votre b\u00e9b\u00e9, de ses habitudes alimentaires et des recommandations p\u00e9diatriques. Voici un guide d\u00e9taill\u00e9 pour vous aider \u00e0 savoir quand et comment introduire la cr\u00e8me p\u00e2tissi\u00e8re dans le r\u00e9gime alimentaire de votre enfant.<\/p>\n<h2>\u00c0 partir de quel \u00e2ge introduire la cr\u00e8me p\u00e2tissi\u00e8re ?<\/h2>\n<h3>1. Les recommandations g\u00e9n\u00e9rales<\/h3>\n<ul>\n<li>\n<strong>12 mois<\/strong> : C\u2019est l\u2019\u00e2ge minimum recommand\u00e9 pour commencer \u00e0 introduire des aliments contenant du lait entier. Avant cet \u00e2ge, le syst\u00e8me digestif du b\u00e9b\u00e9 est encore en d\u00e9veloppement et peut avoir du mal \u00e0 dig\u00e9rer les produits laitiers.\n<\/li>\n<li>\n<strong>18 mois<\/strong> : \u00c0 ce stade, vous pouvez envisager d\u2019introduire des desserts plus riches comme la cr\u00e8me p\u00e2tissi\u00e8re. Veillez \u00e0 choisir des recettes adapt\u00e9es aux enfants, sans exc\u00e8s de sucre.\n<\/li>\n<\/ul>\n<h3>2. Les signes d readiness<\/h3>\n<p>Il est essentiel d\u2019observer certains signes chez votre b\u00e9b\u00e9 avant d\u2019introduire des aliments plus complexes :<\/p>\n<ul>\n<li><strong>Capacit\u00e9 \u00e0 mastiquer<\/strong> : Si votre b\u00e9b\u00e9 montre qu\u2019il peut m\u00e2cher des aliments solides.<\/li>\n<li><strong>Int\u00e9r\u00eat pour les aliments vari\u00e9s<\/strong> : S\u2019il essaie d\u00e9j\u00e0 diff\u00e9rents types d\u2019aliments solides.<\/li>\n<li><strong>Absence d\u2019allergies alimentaires<\/strong> : Assurez-vous que votre b\u00e9b\u00e9 n\u2019a pas pr\u00e9sent\u00e9 de r\u00e9actions allergiques aux produits laitiers.<\/li>\n<\/ul>\n<h2>Composition de la cr\u00e8me p\u00e2tissi\u00e8re<\/h2>\n<h3>Ingr\u00e9dients principaux<\/h3>\n<ol>\n<li><strong>Lait entier<\/strong> : Source riche en calcium mais \u00e0 introduire prudemment.<\/li>\n<li><strong>Sucre<\/strong> : Pr\u00e9sent en quantit\u00e9 variable selon les recettes.<\/li>\n<li><strong>Jaunes d\u2019\u0153ufs<\/strong> : Ils apportent des prot\u00e9ines mais n\u00e9cessitent \u00e9galement une attention particuli\u00e8re concernant les allergies.<\/li>\n<\/ol>\n<h3>Tableaux comparatif des recettes adapt\u00e9es<\/h3>\n<table class=\"kwdbank-table\">\n<thead>\n<tr>\n<th>Type de recette<\/th>\n<th>\u00c2ge recommand\u00e9<\/th>\n<th>Sucre (g) par portion<\/th>\n<th>Lait entier (ml) par portion<\/th>\n<\/tr>\n<\/thead>\n<tbody>\n<tr>\n<td>Cr\u00e8me p\u00e2tissi\u00e8re classique<\/td>\n<td>18 mois<\/td>\n<td>15<\/td>\n<td>200<\/td>\n<\/tr>\n<tr>\n<td>Cr\u00e8me p\u00e2tissi\u00e8re all\u00e9g\u00e9e<\/td>\n<td>12 mois<\/td>\n<td>10<\/td>\n<td>100<\/td>\n<\/tr>\n<\/tbody>\n<\/table>\n<h2>Pi\u00e8ges \u00e0 \u00e9viter lors de l\u2019introduction<\/h2>\n<p>Un pi\u00e8ge courant consiste \u00e0 proposer directement une cr\u00e8me p\u00e2tissi\u00e8re tr\u00e8s sucr\u00e9e ou riche en additifs industriels. Optez plut\u00f4t pour des recettes maison o\u00f9 vous contr\u00f4lez les ingr\u00e9dients :<\/p>\n<ul>\n<li><strong>\u00c9vitez les cr\u00e8mes industrielles<\/strong> : Souvent trop sucr\u00e9es et avec des conservateurs.<\/li>\n<li><strong>Ne forcez pas votre b\u00e9b\u00e9<\/strong> : Si votre enfant refuse un aliment, ne le forcez pas ; cela peut entra\u00eener une aversion alimentaire.<\/li>\n<\/ul>\n<h2>Comment pr\u00e9parer une cr\u00e8me p\u00e2tissi\u00e8re adapt\u00e9e ?<\/h2>\n<p>Pour pr\u00e9parer une cr\u00e8me p\u00e2tissi\u00e8re adapt\u00e9e aux jeunes enfants, voici une recette simple :<\/p>\n<h3>Ingr\u00e9dients<\/h3>\n<ul>\n<li>250 ml de lait entier<\/li>\n<li>2 jaunes d\u2019\u0153ufs<\/li>\n<li>30 g de sucre<\/li>\n<li>20 g de ma\u00efzena<\/li>\n<li>Vanille (facultatif)<\/li>\n<\/ul>\n<h3>Instructions<\/h3>\n<ol>\n<li>Dans une casserole, m\u00e9langez le lait et la vanille (si utilis\u00e9e).<\/li>\n<li>Dans un bol, fouettez les jaunes d\u2019\u0153ufs avec le sucre jusqu\u2019\u00e0 ce que le m\u00e9lange blanchisse.<\/li>\n<li>Ajoutez progressivement la ma\u00efzena au m\u00e9lange d\u2019\u0153ufs.<\/li>\n<li>Versez le lait chaud sur le m\u00e9lange \u0153ufs\/sucre tout en remuant.<\/li>\n<li>Remettez le tout sur feu doux et faites \u00e9paissir tout en remuant continuellement.<\/li>\n<\/ol>\n<p>Cette recette permet une introduction douce aux saveurs sucr\u00e9es sans exc\u00e8s.<\/p>\n<h2>FAQ<\/h2>\n<h3>\u00c0 quel \u00e2ge puis-je donner de la cr\u00e8me p\u00e2tissi\u00e8re \u00e0 mon b\u00e9b\u00e9 ?<\/h3>\n<p>Il est g\u00e9n\u00e9ralement conseill\u00e9 d\u2019attendre au moins 12 mois avant d\u2019introduire cette pr\u00e9paration.<\/p>\n<h3>La cr\u00e8me p\u00e2tissi\u00e8re est-elle saine pour les b\u00e9b\u00e9s ?<\/h3>\n<p>En quantit\u00e9s mod\u00e9r\u00e9es et pr\u00e9par\u00e9e maison avec peu de sucre, elle peut \u00eatre int\u00e9gr\u00e9e dans l\u2019alimentation apr\u00e8s 12 mois.<\/p>\n<h3>Quels sont les risques li\u00e9s \u00e0 la consommation de cr\u00e8me p\u00e2tissi\u00e8re par un b\u00e9b\u00e9 ?<\/h3>\n<p>Les principaux risques incluent les allergies au lait ou aux \u0153ufs ainsi qu\u2019une ingestion excessive de sucre.<\/p>\n<h3>Puis-je utiliser du lait v\u00e9g\u00e9tal dans ma recette ?<\/h3>\n<p>Les laits v\u00e9g\u00e9taux peuvent \u00eatre utilis\u00e9s mais v\u00e9rifiez qu\u2019ils soient adapt\u00e9s aux b\u00e9b\u00e9s (sans additifs).<\/p>\n<h3>Comment savoir si mon b\u00e9b\u00e9 aime la cr\u00e8me p\u00e2tissi\u00e8re ?<\/h3>\n<p>Proposez-lui une petite quantit\u00e9 lors d\u2019un repas et observez sa r\u00e9action ; s\u2019il sourit ou en redemande, c\u2019est bon signe !<\/p>\n<p>En respectant ces conseils pratiques et en adaptant vos recettes, vous pourrez offrir \u00e0 votre enfant une d\u00e9couverte agr\u00e9able des plaisirs sucr\u00e9s tout en pr\u00e9servant sa sant\u00e9 digestive.<\/p>\n<hr>\n<div class=\"articles-lies\">\n<h3>\u00c0 lire aussi<\/h3>\n<ul>\n<li><a href=\"https:\/\/juliedrnd.net\/blog\/articles\/compote-kaki-bebe\/\">Compote de kaki pour b\u00e9b\u00e9<\/a><\/li>\n<li><a href=\"https:\/\/juliedrnd.net\/blog\/articles\/puree-haricot-vert-bebe\/\">Pur\u00e9e de haricot vert pour b\u00e9b\u00e9<\/a><\/li>\n<li><a href=\"https:\/\/juliedrnd.net\/blog\/cuisine\/recette-bebe-brocoli\/\">Recette de pur\u00e9e de brocoli pour b\u00e9b\u00e9<\/a><\/li>\n<\/ul>\n<\/div>\n","protected":false},"excerpt":{"rendered":"","protected":false},"author":34,"featured_media":999999999,"comment_status":"open","ping_status":"open","sticky":false,"template":"","format":"standard","meta":{"_acf_changed":false,"manual_indexmenow":false,"indexmenow_id_project":0,"footnotes":""},"categories":[4763],"tags":[],"class_list":["post-7749","post","type-post","status-publish","format-standard","has-post-thumbnail","hentry","category-articles","generate-columns","tablet-grid-50","mobile-grid-100","grid-parent","grid-25"],"acf":[],"yoast_head":"<!-- This site is optimized with the Yoast SEO Premium plugin v21.3 (Yoast SEO v25.6) - https:\/\/yoast.com\/wordpress\/plugins\/seo\/ -->\n<title>Cr\u00e8me p\u00e2tissi\u00e8re b\u00e9b\u00e9 : \u00e0 quel \u00e2ge la donner ?<\/title>\n<meta name=\"description\" content=\"La cr\u00e8me p\u00e2tissi\u00e8re, d\u00e9licieuse pr\u00e9paration souvent utilis\u00e9e dans les desserts, peut susciter des questions concernant son introduction dans\" \/>\n<meta name=\"robots\" content=\"index, follow, max-snippet:-1, max-image-preview:large, max-video-preview:-1\" \/>\n<link rel=\"canonical\" href=\"https:\/\/juliedrnd.net\/blog\/articles\/creme-patissiere-bebe-quel-age\/\" \/>\n<meta property=\"og:locale\" content=\"fr_FR\" \/>\n<meta property=\"og:type\" content=\"article\" \/>\n<meta property=\"og:title\" content=\"Cr\u00e8me p\u00e2tissi\u00e8re b\u00e9b\u00e9 : \u00e0 quel \u00e2ge la donner ?\" \/>\n<meta property=\"og:description\" content=\"La cr\u00e8me p\u00e2tissi\u00e8re, d\u00e9licieuse pr\u00e9paration souvent utilis\u00e9e dans les desserts, peut susciter des questions concernant son introduction dans\" \/>\n<meta property=\"og:url\" content=\"https:\/\/juliedrnd.net\/blog\/articles\/creme-patissiere-bebe-quel-age\/\" \/>\n<meta property=\"og:site_name\" content=\"juliedrnd\" \/>\n<meta name=\"author\" content=\"Elodie Mazeau\" \/>\n<meta name=\"twitter:card\" content=\"summary_large_image\" \/>\n<script type=\"application\/ld+json\" class=\"yoast-schema-graph\">{\"@context\":\"https:\/\/schema.org\",\"@graph\":[{\"@type\":\"NewsArticle\",\"@id\":\"https:\/\/juliedrnd.net\/blog\/articles\/creme-patissiere-bebe-quel-age\/#article\",\"isPartOf\":{\"@id\":\"https:\/\/juliedrnd.net\/blog\/articles\/creme-patissiere-bebe-quel-age\/\"},\"author\":{\"name\":\"Elodie Mazeau\",\"@id\":\"https:\/\/juliedrnd.net\/blog\/#\/schema\/person\/3c864cdc320801e3db34b663e7e3f816\"},\"headline\":\"Cr\u00e8me p\u00e2tissi\u00e8re b\u00e9b\u00e9 : \u00c0 quel \u00e2ge donner ?\",\"datePublished\":\"2026-05-21T09:00:00+00:00\",\"mainEntityOfPage\":{\"@id\":\"https:\/\/juliedrnd.net\/blog\/articles\/creme-patissiere-bebe-quel-age\/\"},\"wordCount\":829,\"commentCount\":0,\"publisher\":{\"@id\":\"https:\/\/juliedrnd.net\/blog\/#organization\"},\"image\":{\"@id\":\"https:\/\/juliedrnd.net\/blog\/articles\/creme-patissiere-bebe-quel-age\/#primaryimage\"},\"thumbnailUrl\":\"https:\/\/images.pexels.com\/photos\/9547314\/pexels-photo-9547314.jpeg?auto=compress&cs=tinysrgb&fit=crop&h=627&w=1200\",\"articleSection\":[\"Articles\"],\"inLanguage\":\"fr-FR\",\"potentialAction\":[{\"@type\":\"CommentAction\",\"name\":\"Comment\",\"target\":[\"https:\/\/juliedrnd.net\/blog\/articles\/creme-patissiere-bebe-quel-age\/#respond\"]}]},{\"@type\":\"WebPage\",\"@id\":\"https:\/\/juliedrnd.net\/blog\/articles\/creme-patissiere-bebe-quel-age\/\",\"url\":\"https:\/\/juliedrnd.net\/blog\/articles\/creme-patissiere-bebe-quel-age\/\",\"name\":\"Cr\u00e8me p\u00e2tissi\u00e8re b\u00e9b\u00e9 : \u00e0 quel \u00e2ge la donner ?\",\"isPartOf\":{\"@id\":\"https:\/\/juliedrnd.net\/blog\/#website\"},\"primaryImageOfPage\":{\"@id\":\"https:\/\/juliedrnd.net\/blog\/articles\/creme-patissiere-bebe-quel-age\/#primaryimage\"},\"image\":{\"@id\":\"https:\/\/juliedrnd.net\/blog\/articles\/creme-patissiere-bebe-quel-age\/#primaryimage\"},\"thumbnailUrl\":\"https:\/\/images.pexels.com\/photos\/9547314\/pexels-photo-9547314.jpeg?auto=compress&cs=tinysrgb&fit=crop&h=627&w=1200\",\"datePublished\":\"2026-05-21T09:00:00+00:00\",\"description\":\"La cr\u00e8me p\u00e2tissi\u00e8re, d\u00e9licieuse pr\u00e9paration souvent utilis\u00e9e dans les desserts, peut susciter des questions concernant son introduction dans\",\"inLanguage\":\"fr-FR\",\"potentialAction\":[{\"@type\":\"ReadAction\",\"target\":[\"https:\/\/juliedrnd.net\/blog\/articles\/creme-patissiere-bebe-quel-age\/\"]}]},{\"@type\":\"ImageObject\",\"inLanguage\":\"fr-FR\",\"@id\":\"https:\/\/juliedrnd.net\/blog\/articles\/creme-patissiere-bebe-quel-age\/#primaryimage\",\"url\":\"https:\/\/images.pexels.com\/photos\/9547314\/pexels-photo-9547314.jpeg?auto=compress&cs=tinysrgb&fit=crop&h=627&w=1200\",\"contentUrl\":\"https:\/\/images.pexels.com\/photos\/9547314\/pexels-photo-9547314.jpeg?auto=compress&cs=tinysrgb&fit=crop&h=627&w=1200\"},{\"@type\":\"WebSite\",\"@id\":\"https:\/\/juliedrnd.net\/blog\/#website\",\"url\":\"https:\/\/juliedrnd.net\/blog\/\",\"name\":\"juliedrnd.net\",\"description\":\"Vivez, cr\u00e9ez, r\u00eavez.\",\"publisher\":{\"@id\":\"https:\/\/juliedrnd.net\/blog\/#organization\"},\"alternateName\":\"Vivez, cr\u00e9ez, r\u00eavez.\",\"potentialAction\":[{\"@type\":\"SearchAction\",\"target\":{\"@type\":\"EntryPoint\",\"urlTemplate\":\"https:\/\/juliedrnd.net\/blog\/?s={search_term_string}\"},\"query-input\":{\"@type\":\"PropertyValueSpecification\",\"valueRequired\":true,\"valueName\":\"search_term_string\"}}],\"inLanguage\":\"fr-FR\"},{\"@type\":\"Organization\",\"@id\":\"https:\/\/juliedrnd.net\/blog\/#organization\",\"name\":\"Julie Drnd\",\"url\":\"https:\/\/juliedrnd.net\/blog\/\",\"logo\":{\"@type\":\"ImageObject\",\"inLanguage\":\"fr-FR\",\"@id\":\"https:\/\/juliedrnd.net\/blog\/#\/schema\/logo\/image\/\",\"url\":\"https:\/\/juliedrnd.net\/blog\/wp-content\/uploads\/2024\/12\/15.png\",\"contentUrl\":\"https:\/\/juliedrnd.net\/blog\/wp-content\/uploads\/2024\/12\/15.png\",\"width\":500,\"height\":500,\"caption\":\"Julie Drnd\"},\"image\":{\"@id\":\"https:\/\/juliedrnd.net\/blog\/#\/schema\/logo\/image\/\"}},{\"@type\":\"Person\",\"@id\":\"https:\/\/juliedrnd.net\/blog\/#\/schema\/person\/3c864cdc320801e3db34b663e7e3f816\",\"name\":\"Elodie Mazeau\",\"image\":{\"@type\":\"ImageObject\",\"inLanguage\":\"fr-FR\",\"@id\":\"https:\/\/juliedrnd.net\/blog\/#\/schema\/person\/image\/\",\"url\":\"https:\/\/juliedrnd.net\/blog\/wp-content\/uploads\/2026\/06\/persona_elodie-m-96x96.jpg\",\"contentUrl\":\"https:\/\/juliedrnd.net\/blog\/wp-content\/uploads\/2026\/06\/persona_elodie-m-96x96.jpg\",\"caption\":\"Elodie Mazeau\"},\"description\":\"J'\u00e9cris sur la parentalit\u00e9 telle qu'elle se vit vraiment, du premier biberon aux premi\u00e8res col\u00e8res. Mes sujets de pr\u00e9dilection couvrent le quotidien des familles : sommeil, alimentation, organisation, pu\u00e9riculture et ces petites gal\u00e8res que tout parent conna\u00eet. Depuis plusieurs ann\u00e9es, je m'attache \u00e0 proposer des rep\u00e8res concrets plut\u00f4t que des le\u00e7ons, parce que chaque famille trouve son propre \u00e9quilibre. Je v\u00e9rifie mes informations aupr\u00e8s de sources fiables, surtout d\u00e8s qu'on touche \u00e0 la sant\u00e9 ou \u00e0 la s\u00e9curit\u00e9 de l'enfant, et je pr\u00e9cise quand un avis professionnel s'impose. J'\u00e9vite soigneusement la culpabilisation : \u00eatre parent est d\u00e9j\u00e0 assez exigeant. Mon ton se veut complice et bienveillant, un peu comme une discussion entre parents qui se comprennent. L'id\u00e9e est d'all\u00e9ger la charge mentale en donnant des solutions simples et test\u00e9es.\",\"sameAs\":[\"https:\/\/elodiemazeau.fr\/\"],\"url\":\"https:\/\/juliedrnd.net\/blog\/auteur\/noname\/\"}]}<\/script>\n<!-- \/ Yoast SEO Premium plugin. -->","yoast_head_json":{"title":"Cr\u00e8me p\u00e2tissi\u00e8re b\u00e9b\u00e9 : \u00e0 quel \u00e2ge la donner ?","description":"La cr\u00e8me p\u00e2tissi\u00e8re, d\u00e9licieuse pr\u00e9paration souvent utilis\u00e9e dans les desserts, peut susciter des questions concernant son introduction dans","robots":{"index":"index","follow":"follow","max-snippet":"max-snippet:-1","max-image-preview":"max-image-preview:large","max-video-preview":"max-video-preview:-1"},"canonical":"https:\/\/juliedrnd.net\/blog\/articles\/creme-patissiere-bebe-quel-age\/","og_locale":"fr_FR","og_type":"article","og_title":"Cr\u00e8me p\u00e2tissi\u00e8re b\u00e9b\u00e9 : \u00e0 quel \u00e2ge la donner ?","og_description":"La cr\u00e8me p\u00e2tissi\u00e8re, d\u00e9licieuse pr\u00e9paration souvent utilis\u00e9e dans les desserts, peut susciter des questions concernant son introduction dans","og_url":"https:\/\/juliedrnd.net\/blog\/articles\/creme-patissiere-bebe-quel-age\/","og_site_name":"juliedrnd","author":"Elodie Mazeau","twitter_card":"summary_large_image","schema":{"@context":"https:\/\/schema.org","@graph":[{"@type":"NewsArticle","@id":"https:\/\/juliedrnd.net\/blog\/articles\/creme-patissiere-bebe-quel-age\/#article","isPartOf":{"@id":"https:\/\/juliedrnd.net\/blog\/articles\/creme-patissiere-bebe-quel-age\/"},"author":{"name":"Elodie Mazeau","@id":"https:\/\/juliedrnd.net\/blog\/#\/schema\/person\/3c864cdc320801e3db34b663e7e3f816"},"headline":"Cr\u00e8me p\u00e2tissi\u00e8re b\u00e9b\u00e9 : \u00c0 quel \u00e2ge donner ?","datePublished":"2026-05-21T09:00:00+00:00","mainEntityOfPage":{"@id":"https:\/\/juliedrnd.net\/blog\/articles\/creme-patissiere-bebe-quel-age\/"},"wordCount":829,"commentCount":0,"publisher":{"@id":"https:\/\/juliedrnd.net\/blog\/#organization"},"image":{"@id":"https:\/\/juliedrnd.net\/blog\/articles\/creme-patissiere-bebe-quel-age\/#primaryimage"},"thumbnailUrl":"https:\/\/images.pexels.com\/photos\/9547314\/pexels-photo-9547314.jpeg?auto=compress&cs=tinysrgb&fit=crop&h=627&w=1200","articleSection":["Articles"],"inLanguage":"fr-FR","potentialAction":[{"@type":"CommentAction","name":"Comment","target":["https:\/\/juliedrnd.net\/blog\/articles\/creme-patissiere-bebe-quel-age\/#respond"]}]},{"@type":"WebPage","@id":"https:\/\/juliedrnd.net\/blog\/articles\/creme-patissiere-bebe-quel-age\/","url":"https:\/\/juliedrnd.net\/blog\/articles\/creme-patissiere-bebe-quel-age\/","name":"Cr\u00e8me p\u00e2tissi\u00e8re b\u00e9b\u00e9 : \u00e0 quel \u00e2ge la donner ?","isPartOf":{"@id":"https:\/\/juliedrnd.net\/blog\/#website"},"primaryImageOfPage":{"@id":"https:\/\/juliedrnd.net\/blog\/articles\/creme-patissiere-bebe-quel-age\/#primaryimage"},"image":{"@id":"https:\/\/juliedrnd.net\/blog\/articles\/creme-patissiere-bebe-quel-age\/#primaryimage"},"thumbnailUrl":"https:\/\/images.pexels.com\/photos\/9547314\/pexels-photo-9547314.jpeg?auto=compress&cs=tinysrgb&fit=crop&h=627&w=1200","datePublished":"2026-05-21T09:00:00+00:00","description":"La cr\u00e8me p\u00e2tissi\u00e8re, d\u00e9licieuse pr\u00e9paration souvent utilis\u00e9e dans les desserts, peut susciter des questions concernant son introduction dans","inLanguage":"fr-FR","potentialAction":[{"@type":"ReadAction","target":["https:\/\/juliedrnd.net\/blog\/articles\/creme-patissiere-bebe-quel-age\/"]}]},{"@type":"ImageObject","inLanguage":"fr-FR","@id":"https:\/\/juliedrnd.net\/blog\/articles\/creme-patissiere-bebe-quel-age\/#primaryimage","url":"https:\/\/images.pexels.com\/photos\/9547314\/pexels-photo-9547314.jpeg?auto=compress&cs=tinysrgb&fit=crop&h=627&w=1200","contentUrl":"https:\/\/images.pexels.com\/photos\/9547314\/pexels-photo-9547314.jpeg?auto=compress&cs=tinysrgb&fit=crop&h=627&w=1200"},{"@type":"WebSite","@id":"https:\/\/juliedrnd.net\/blog\/#website","url":"https:\/\/juliedrnd.net\/blog\/","name":"juliedrnd.net","description":"Vivez, cr\u00e9ez, r\u00eavez.","publisher":{"@id":"https:\/\/juliedrnd.net\/blog\/#organization"},"alternateName":"Vivez, cr\u00e9ez, r\u00eavez.","potentialAction":[{"@type":"SearchAction","target":{"@type":"EntryPoint","urlTemplate":"https:\/\/juliedrnd.net\/blog\/?s={search_term_string}"},"query-input":{"@type":"PropertyValueSpecification","valueRequired":true,"valueName":"search_term_string"}}],"inLanguage":"fr-FR"},{"@type":"Organization","@id":"https:\/\/juliedrnd.net\/blog\/#organization","name":"Julie Drnd","url":"https:\/\/juliedrnd.net\/blog\/","logo":{"@type":"ImageObject","inLanguage":"fr-FR","@id":"https:\/\/juliedrnd.net\/blog\/#\/schema\/logo\/image\/","url":"https:\/\/juliedrnd.net\/blog\/wp-content\/uploads\/2024\/12\/15.png","contentUrl":"https:\/\/juliedrnd.net\/blog\/wp-content\/uploads\/2024\/12\/15.png","width":500,"height":500,"caption":"Julie Drnd"},"image":{"@id":"https:\/\/juliedrnd.net\/blog\/#\/schema\/logo\/image\/"}},{"@type":"Person","@id":"https:\/\/juliedrnd.net\/blog\/#\/schema\/person\/3c864cdc320801e3db34b663e7e3f816","name":"Elodie Mazeau","image":{"@type":"ImageObject","inLanguage":"fr-FR","@id":"https:\/\/juliedrnd.net\/blog\/#\/schema\/person\/image\/","url":"https:\/\/juliedrnd.net\/blog\/wp-content\/uploads\/2026\/06\/persona_elodie-m-96x96.jpg","contentUrl":"https:\/\/juliedrnd.net\/blog\/wp-content\/uploads\/2026\/06\/persona_elodie-m-96x96.jpg","caption":"Elodie Mazeau"},"description":"J'\u00e9cris sur la parentalit\u00e9 telle qu'elle se vit vraiment, du premier biberon aux premi\u00e8res col\u00e8res. Mes sujets de pr\u00e9dilection couvrent le quotidien des familles : sommeil, alimentation, organisation, pu\u00e9riculture et ces petites gal\u00e8res que tout parent conna\u00eet. Depuis plusieurs ann\u00e9es, je m'attache \u00e0 proposer des rep\u00e8res concrets plut\u00f4t que des le\u00e7ons, parce que chaque famille trouve son propre \u00e9quilibre. Je v\u00e9rifie mes informations aupr\u00e8s de sources fiables, surtout d\u00e8s qu'on touche \u00e0 la sant\u00e9 ou \u00e0 la s\u00e9curit\u00e9 de l'enfant, et je pr\u00e9cise quand un avis professionnel s'impose. J'\u00e9vite soigneusement la culpabilisation : \u00eatre parent est d\u00e9j\u00e0 assez exigeant. Mon ton se veut complice et bienveillant, un peu comme une discussion entre parents qui se comprennent. L'id\u00e9e est d'all\u00e9ger la charge mentale en donnant des solutions simples et test\u00e9es.","sameAs":["https:\/\/elodiemazeau.fr\/"],"url":"https:\/\/juliedrnd.net\/blog\/auteur\/noname\/"}]}},"_links":{"self":[{"href":"https:\/\/juliedrnd.net\/blog\/wp-json\/wp\/v2\/posts\/7749","targetHints":{"allow":["GET"]}}],"collection":[{"href":"https:\/\/juliedrnd.net\/blog\/wp-json\/wp\/v2\/posts"}],"about":[{"href":"https:\/\/juliedrnd.net\/blog\/wp-json\/wp\/v2\/types\/post"}],"author":[{"embeddable":true,"href":"https:\/\/juliedrnd.net\/blog\/wp-json\/wp\/v2\/users\/34"}],"replies":[{"embeddable":true,"href":"https:\/\/juliedrnd.net\/blog\/wp-json\/wp\/v2\/comments?post=7749"}],"version-history":[{"count":1,"href":"https:\/\/juliedrnd.net\/blog\/wp-json\/wp\/v2\/posts\/7749\/revisions"}],"predecessor-version":[{"id":7792,"href":"https:\/\/juliedrnd.net\/blog\/wp-json\/wp\/v2\/posts\/7749\/revisions\/7792"}],"wp:attachment":[{"href":"https:\/\/juliedrnd.net\/blog\/wp-json\/wp\/v2\/media?parent=7749"}],"wp:term":[{"taxonomy":"category","embeddable":true,"href":"https:\/\/juliedrnd.net\/blog\/wp-json\/wp\/v2\/categories?post=7749"},{"taxonomy":"post_tag","embeddable":true,"href":"https:\/\/juliedrnd.net\/blog\/wp-json\/wp\/v2\/tags?post=7749"}],"curies":[{"name":"wp","href":"https:\/\/api.w.org\/{rel}","templated":true}]}}