{"id":7746,"date":"2026-05-18T09:00:00","date_gmt":"2026-05-18T09:00:00","guid":{"rendered":"https:\/\/juliedrnd.net\/blog\/?p=7746"},"modified":"2026-05-18T09:00:00","modified_gmt":"2026-05-18T09:00:00","slug":"faire-part-nature-naissance","status":"publish","type":"post","link":"https:\/\/juliedrnd.net\/blog\/articles\/faire-part-nature-naissance\/","title":{"rendered":"Faire-part nature naissance : 12 id\u00e9es bio"},"content":{"rendered":"<p>Cr\u00e9er un faire-part de naissance en harmonie avec la nature est une d\u00e9marche \u00e9coresponsable de plus en plus pris\u00e9e. En 2026, les jeunes parents cherchent des moyens de c\u00e9l\u00e9brer l\u2019arriv\u00e9e de leur enfant tout en respectant l\u2019environnement. Cet article propose 12 id\u00e9es de faire-part qui s\u2019inscrivent dans cette logique, tout en mettant en lumi\u00e8re les erreurs fr\u00e9quentes \u00e0 \u00e9viter lors de leur conception.<\/p>\n<h2>Pourquoi choisir un faire-part nature ?<\/h2>\n<p>Un faire-part nature se distingue par son utilisation de mat\u00e9riaux \u00e9cologiques et son design inspir\u00e9 par le monde naturel. En optant pour des papiers recycl\u00e9s ou des encres v\u00e9g\u00e9tales, vous contribuez \u00e0 r\u00e9duire votre empreinte carbone. Selon une \u00e9tude de l\u2019Ademe, 72 % des Fran\u00e7ais sont pr\u00eats \u00e0 payer plus cher pour des produits durables. Ce choix peut \u00e9galement renforcer l\u2019impact \u00e9motionnel du message que vous souhaitez transmettre.<\/p>\n<h3>Les erreurs courantes \u00e0 \u00e9viter<\/h3>\n<ol>\n<li>\n<strong>Ignorer le choix des mat\u00e9riaux<\/strong><br \/>\n   Utiliser du papier non recycl\u00e9 peut annuler l\u2019effet \u00e9coresponsable souhait\u00e9. Privil\u00e9giez les papiers labellis\u00e9s FSC ou PEFC.\n<\/li>\n<li>\n<strong>N\u00e9gliger le design<\/strong><br \/>\n   Un design trop charg\u00e9 peut nuire \u00e0 la lisibilit\u00e9 et \u00e0 l\u2019esth\u00e9tique g\u00e9n\u00e9rale du faire-part. Optez pour un style \u00e9pur\u00e9 qui met en avant la beaut\u00e9 naturelle.\n<\/li>\n<li>\n<strong>Oublier l\u2019impression locale<\/strong><br \/>\n   Faire imprimer vos faire-part \u00e0 l\u2019autre bout du pays augmente les \u00e9missions de CO2 li\u00e9es au transport. Choisissez un imprimeur local engag\u00e9 dans une d\u00e9marche durable.\n<\/li>\n<\/ol>\n<h2>12 id\u00e9es bio pour votre faire-part nature<\/h2>\n<h3>1. Papier ensemenc\u00e9<\/h3>\n<p>Utilisez du papier contenant des graines qui peuvent \u00eatre plant\u00e9es apr\u00e8s r\u00e9ception. Ce geste symbolique permet aux destinataires de contribuer \u00e0 la biodiversit\u00e9.<\/p>\n<h3>2. Illustrations botaniques<\/h3>\n<p>Int\u00e9grez des illustrations d\u2019animaux ou de plantes locales pour une touche artistique et personnalis\u00e9e.<\/p>\n<h3>3. Cartes en bois<\/h3>\n<p>Privil\u00e9giez des cartes faites en bois l\u00e9ger, grav\u00e9es au laser, pour un aspect rustique et unique.<\/p>\n<h3>4. \u00c9tiquettes en toile de jute<\/h3>\n<p>Optez pour des \u00e9tiquettes en toile de jute, attach\u00e9es avec une corde naturelle, pour un aspect champ\u00eatre.<\/p>\n<h3>5. Design aquarelle<\/h3>\n<p>Cr\u00e9ez un design aquarelle repr\u00e9sentant des paysages naturels, ce qui ajoutera une touche personnelle et artistique.<\/p>\n<h3>6. Encre v\u00e9g\u00e9tale<\/h3>\n<p>Utilisez des encres fabriqu\u00e9es \u00e0 partir de plantes pour garantir un produit non toxique et respectueux de l\u2019environnement.<\/p>\n<h3>7. Format pliable<\/h3>\n<p>Un format pliable permet d\u2019inclure plusieurs informations tout en restant compact et facile \u00e0 envoyer.<\/p>\n<h3>8. Th\u00e8me animalier<\/h3>\n<p>Choisissez un th\u00e8me animalier qui repr\u00e9sente votre famille ou votre environnement local, comme les oiseaux ou les fleurs sauvages.<\/p>\n<h3>9. Fabrication artisanale<\/h3>\n<p>Faites appel \u00e0 un artisan local pour cr\u00e9er vos faire-part sur mesure, garantissant ainsi un produit unique et personnalis\u00e9.<\/p>\n<h3>10. Motifs recycl\u00e9s<\/h3>\n<p>Int\u00e9grez des motifs issus d\u2019anciennes illustrations ou d\u2019\u0153uvres d\u2019art que vous aimez, redonnant vie \u00e0 des cr\u00e9ations pass\u00e9es.<\/p>\n<h3>11. Cartes pliantes avec photos<\/h3>\n<p>Ajoutez une photo du nouveau-n\u00e9 sur une carte pliable faite main pour une touche personnelle inoubliable.<\/p>\n<h3>12. Invitations num\u00e9riques \u00e9coresponsables<\/h3>\n<p>Pour ceux qui souhaitent r\u00e9duire encore plus leur impact environnemental, envisagez d\u2019envoyer des invitations num\u00e9riques au format graphique attrayant.<\/p>\n<h2>Tableaux comparatifs : Co\u00fbt et impact environnemental<\/h2>\n<table class=\"kwdbank-table\">\n<thead>\n<tr>\n<th>Type de faire-part<\/th>\n<th>Co\u00fbt moyen (en euros)<\/th>\n<th>Impact environnemental<\/th>\n<\/tr>\n<\/thead>\n<tbody>\n<tr>\n<td>Papier ensemenc\u00e9<\/td>\n<td>3-5<\/td>\n<td>Tr\u00e8s faible<\/td>\n<\/tr>\n<tr>\n<td>Cartes en bois<\/td>\n<td>4-7<\/td>\n<td>Faible<\/td>\n<\/tr>\n<tr>\n<td>Invitations num\u00e9riques<\/td>\n<td>Gratuit<\/td>\n<td>Aucun<\/td>\n<\/tr>\n<tr>\n<td>\u00c9tiquettes en toile<\/td>\n<td>2-4<\/td>\n<td>Faible<\/td>\n<\/tr>\n<\/tbody>\n<\/table>\n<h2>Action imm\u00e9diate<\/h2>\n<p>Avant de finaliser vos choix, faites une recherche sur les imprimeurs locaux sp\u00e9cialis\u00e9s dans les mat\u00e9riaux \u00e9cologiques afin d\u2019obtenir des devis adapt\u00e9s \u00e0 votre budget et vos envies cr\u00e9atives.<\/p>\n<h2>FAQ<\/h2>\n<h3>Qu\u2019est-ce qu\u2019un faire-part nature ?<\/h3>\n<p>Un faire-part nature est un document d\u2019annonce de naissance con\u00e7u avec des mat\u00e9riaux \u00e9cologiques et souvent inspir\u00e9 par la nature.<\/p>\n<h3>Comment choisir le bon papier ?<\/h3>\n<p>Privil\u00e9giez les papiers recycl\u00e9s ou labellis\u00e9s FSC\/PEFC pour garantir une d\u00e9marche \u00e9coresponsable.<\/p>\n<h3>Peut-on personnaliser un faire-part bio ?<\/h3>\n<p>Oui, beaucoup d\u2019imprimeurs proposent des options personnalisables adapt\u00e9es aux th\u00e8mes naturels ou familiaux que vous souhaitez int\u00e9grer.<\/p>\n<h3>Quelle est la tendance actuelle pour les faire-parts ?<\/h3>\n<p>Les tendances incluent l\u2019utilisation d\u2019illustrations botaniques, le papier ensemenc\u00e9 et les designs minimalistes respectueux de l\u2019environnement.<\/p>\n<h3>Les invitations num\u00e9riques sont-elles vraiment \u00e9coresponsables ?<\/h3>\n<p>Oui, elles permettent d\u2019\u00e9liminer compl\u00e8tement l\u2019utilisation de papier et r\u00e9duisent donc votre empreinte \u00e9cologique.<\/p>\n<p>Ces id\u00e9es innovantes combin\u00e9es \u00e0 une approche r\u00e9fl\u00e9chie vous permettront non seulement d\u2019annoncer la naissance de votre enfant mais aussi de promouvoir un mode de vie durable d\u00e8s ses premiers jours.<\/p>\n<hr>\n<div class=\"articles-lies\">\n<h3>\u00c0 lire aussi<\/h3>\n<ul>\n<li><a href=\"https:\/\/juliedrnd.net\/blog\/articles\/deco-chambre-bebe-mixte\/\">D\u00e9co chambre b\u00e9b\u00e9 mixte : 25 id\u00e9es<\/a><\/li>\n<li><a href=\"https:\/\/juliedrnd.net\/blog\/articles\/diy-bebe\/\">DIY b\u00e9b\u00e9 : cr\u00e9ations faciles<\/a><\/li>\n<li><a href=\"https:\/\/juliedrnd.net\/blog\/articles\/ou-partir-avec-un-bebe-de-3-mois-en-france\/\">Partir avec un b\u00e9b\u00e9 de 3 mois<\/a><\/li>\n<\/ul>\n<\/div>\n","protected":false},"excerpt":{"rendered":"","protected":false},"author":34,"featured_media":999999999,"comment_status":"open","ping_status":"open","sticky":false,"template":"","format":"standard","meta":{"_acf_changed":false,"manual_indexmenow":false,"indexmenow_id_project":0,"footnotes":""},"categories":[4763],"tags":[],"class_list":["post-7746","post","type-post","status-publish","format-standard","has-post-thumbnail","hentry","category-articles","generate-columns","tablet-grid-50","mobile-grid-100","grid-parent","grid-25"],"acf":[],"yoast_head":"<!-- This site is optimized with the Yoast SEO Premium plugin v21.3 (Yoast SEO v25.6) - https:\/\/yoast.com\/wordpress\/plugins\/seo\/ -->\n<title>Faire-part nature naissance : 12 id\u00e9es bio 2026<\/title>\n<meta name=\"description\" content=\"Cr\u00e9er un faire-part de naissance en harmonie avec la nature est une d\u00e9marche \u00e9coresponsable de plus en plus pris\u00e9e. En 2026, les jeunes parents cherchent\" \/>\n<meta name=\"robots\" content=\"index, follow, max-snippet:-1, max-image-preview:large, max-video-preview:-1\" \/>\n<link rel=\"canonical\" href=\"https:\/\/juliedrnd.net\/blog\/articles\/faire-part-nature-naissance\/\" \/>\n<meta property=\"og:locale\" content=\"fr_FR\" \/>\n<meta property=\"og:type\" content=\"article\" \/>\n<meta property=\"og:title\" content=\"Faire-part nature naissance : 12 id\u00e9es bio 2026\" \/>\n<meta property=\"og:description\" content=\"Cr\u00e9er un faire-part de naissance en harmonie avec la nature est une d\u00e9marche \u00e9coresponsable de plus en plus pris\u00e9e. En 2026, les jeunes parents cherchent\" \/>\n<meta property=\"og:url\" content=\"https:\/\/juliedrnd.net\/blog\/articles\/faire-part-nature-naissance\/\" \/>\n<meta property=\"og:site_name\" content=\"juliedrnd\" \/>\n<meta name=\"author\" content=\"Elodie Mazeau\" \/>\n<meta name=\"twitter:card\" content=\"summary_large_image\" \/>\n<script type=\"application\/ld+json\" class=\"yoast-schema-graph\">{\"@context\":\"https:\/\/schema.org\",\"@graph\":[{\"@type\":\"NewsArticle\",\"@id\":\"https:\/\/juliedrnd.net\/blog\/articles\/faire-part-nature-naissance\/#article\",\"isPartOf\":{\"@id\":\"https:\/\/juliedrnd.net\/blog\/articles\/faire-part-nature-naissance\/\"},\"author\":{\"name\":\"Elodie Mazeau\",\"@id\":\"https:\/\/juliedrnd.net\/blog\/#\/schema\/person\/3c864cdc320801e3db34b663e7e3f816\"},\"headline\":\"Faire-part nature naissance : 12 id\u00e9es bio\",\"datePublished\":\"2026-05-18T09:00:00+00:00\",\"mainEntityOfPage\":{\"@id\":\"https:\/\/juliedrnd.net\/blog\/articles\/faire-part-nature-naissance\/\"},\"wordCount\":791,\"commentCount\":0,\"publisher\":{\"@id\":\"https:\/\/juliedrnd.net\/blog\/#organization\"},\"image\":{\"@id\":\"https:\/\/juliedrnd.net\/blog\/articles\/faire-part-nature-naissance\/#primaryimage\"},\"thumbnailUrl\":\"https:\/\/images.pexels.com\/photos\/35315451\/pexels-photo-35315451.jpeg?auto=compress&cs=tinysrgb&fit=crop&h=627&w=1200\",\"articleSection\":[\"Articles\"],\"inLanguage\":\"fr-FR\",\"potentialAction\":[{\"@type\":\"CommentAction\",\"name\":\"Comment\",\"target\":[\"https:\/\/juliedrnd.net\/blog\/articles\/faire-part-nature-naissance\/#respond\"]}]},{\"@type\":\"WebPage\",\"@id\":\"https:\/\/juliedrnd.net\/blog\/articles\/faire-part-nature-naissance\/\",\"url\":\"https:\/\/juliedrnd.net\/blog\/articles\/faire-part-nature-naissance\/\",\"name\":\"Faire-part nature naissance : 12 id\u00e9es bio 2026\",\"isPartOf\":{\"@id\":\"https:\/\/juliedrnd.net\/blog\/#website\"},\"primaryImageOfPage\":{\"@id\":\"https:\/\/juliedrnd.net\/blog\/articles\/faire-part-nature-naissance\/#primaryimage\"},\"image\":{\"@id\":\"https:\/\/juliedrnd.net\/blog\/articles\/faire-part-nature-naissance\/#primaryimage\"},\"thumbnailUrl\":\"https:\/\/images.pexels.com\/photos\/35315451\/pexels-photo-35315451.jpeg?auto=compress&cs=tinysrgb&fit=crop&h=627&w=1200\",\"datePublished\":\"2026-05-18T09:00:00+00:00\",\"description\":\"Cr\u00e9er un faire-part de naissance en harmonie avec la nature est une d\u00e9marche \u00e9coresponsable de plus en plus pris\u00e9e. En 2026, les jeunes parents cherchent\",\"inLanguage\":\"fr-FR\",\"potentialAction\":[{\"@type\":\"ReadAction\",\"target\":[\"https:\/\/juliedrnd.net\/blog\/articles\/faire-part-nature-naissance\/\"]}]},{\"@type\":\"ImageObject\",\"inLanguage\":\"fr-FR\",\"@id\":\"https:\/\/juliedrnd.net\/blog\/articles\/faire-part-nature-naissance\/#primaryimage\",\"url\":\"https:\/\/images.pexels.com\/photos\/35315451\/pexels-photo-35315451.jpeg?auto=compress&cs=tinysrgb&fit=crop&h=627&w=1200\",\"contentUrl\":\"https:\/\/images.pexels.com\/photos\/35315451\/pexels-photo-35315451.jpeg?auto=compress&cs=tinysrgb&fit=crop&h=627&w=1200\"},{\"@type\":\"WebSite\",\"@id\":\"https:\/\/juliedrnd.net\/blog\/#website\",\"url\":\"https:\/\/juliedrnd.net\/blog\/\",\"name\":\"juliedrnd.net\",\"description\":\"Vivez, cr\u00e9ez, r\u00eavez.\",\"publisher\":{\"@id\":\"https:\/\/juliedrnd.net\/blog\/#organization\"},\"alternateName\":\"Vivez, cr\u00e9ez, r\u00eavez.\",\"potentialAction\":[{\"@type\":\"SearchAction\",\"target\":{\"@type\":\"EntryPoint\",\"urlTemplate\":\"https:\/\/juliedrnd.net\/blog\/?s={search_term_string}\"},\"query-input\":{\"@type\":\"PropertyValueSpecification\",\"valueRequired\":true,\"valueName\":\"search_term_string\"}}],\"inLanguage\":\"fr-FR\"},{\"@type\":\"Organization\",\"@id\":\"https:\/\/juliedrnd.net\/blog\/#organization\",\"name\":\"Julie Drnd\",\"url\":\"https:\/\/juliedrnd.net\/blog\/\",\"logo\":{\"@type\":\"ImageObject\",\"inLanguage\":\"fr-FR\",\"@id\":\"https:\/\/juliedrnd.net\/blog\/#\/schema\/logo\/image\/\",\"url\":\"https:\/\/juliedrnd.net\/blog\/wp-content\/uploads\/2024\/12\/15.png\",\"contentUrl\":\"https:\/\/juliedrnd.net\/blog\/wp-content\/uploads\/2024\/12\/15.png\",\"width\":500,\"height\":500,\"caption\":\"Julie Drnd\"},\"image\":{\"@id\":\"https:\/\/juliedrnd.net\/blog\/#\/schema\/logo\/image\/\"}},{\"@type\":\"Person\",\"@id\":\"https:\/\/juliedrnd.net\/blog\/#\/schema\/person\/3c864cdc320801e3db34b663e7e3f816\",\"name\":\"Elodie Mazeau\",\"image\":{\"@type\":\"ImageObject\",\"inLanguage\":\"fr-FR\",\"@id\":\"https:\/\/juliedrnd.net\/blog\/#\/schema\/person\/image\/\",\"url\":\"https:\/\/juliedrnd.net\/blog\/wp-content\/uploads\/2026\/06\/persona_elodie-m-96x96.jpg\",\"contentUrl\":\"https:\/\/juliedrnd.net\/blog\/wp-content\/uploads\/2026\/06\/persona_elodie-m-96x96.jpg\",\"caption\":\"Elodie Mazeau\"},\"description\":\"J'\u00e9cris sur la parentalit\u00e9 telle qu'elle se vit vraiment, du premier biberon aux premi\u00e8res col\u00e8res. Mes sujets de pr\u00e9dilection couvrent le quotidien des familles : sommeil, alimentation, organisation, pu\u00e9riculture et ces petites gal\u00e8res que tout parent conna\u00eet. Depuis plusieurs ann\u00e9es, je m'attache \u00e0 proposer des rep\u00e8res concrets plut\u00f4t que des le\u00e7ons, parce que chaque famille trouve son propre \u00e9quilibre. Je v\u00e9rifie mes informations aupr\u00e8s de sources fiables, surtout d\u00e8s qu'on touche \u00e0 la sant\u00e9 ou \u00e0 la s\u00e9curit\u00e9 de l'enfant, et je pr\u00e9cise quand un avis professionnel s'impose. J'\u00e9vite soigneusement la culpabilisation : \u00eatre parent est d\u00e9j\u00e0 assez exigeant. Mon ton se veut complice et bienveillant, un peu comme une discussion entre parents qui se comprennent. L'id\u00e9e est d'all\u00e9ger la charge mentale en donnant des solutions simples et test\u00e9es.\",\"sameAs\":[\"https:\/\/elodiemazeau.fr\/\"],\"url\":\"https:\/\/juliedrnd.net\/blog\/auteur\/noname\/\"}]}<\/script>\n<!-- \/ Yoast SEO Premium plugin. -->","yoast_head_json":{"title":"Faire-part nature naissance : 12 id\u00e9es bio 2026","description":"Cr\u00e9er un faire-part de naissance en harmonie avec la nature est une d\u00e9marche \u00e9coresponsable de plus en plus pris\u00e9e. En 2026, les jeunes parents cherchent","robots":{"index":"index","follow":"follow","max-snippet":"max-snippet:-1","max-image-preview":"max-image-preview:large","max-video-preview":"max-video-preview:-1"},"canonical":"https:\/\/juliedrnd.net\/blog\/articles\/faire-part-nature-naissance\/","og_locale":"fr_FR","og_type":"article","og_title":"Faire-part nature naissance : 12 id\u00e9es bio 2026","og_description":"Cr\u00e9er un faire-part de naissance en harmonie avec la nature est une d\u00e9marche \u00e9coresponsable de plus en plus pris\u00e9e. En 2026, les jeunes parents cherchent","og_url":"https:\/\/juliedrnd.net\/blog\/articles\/faire-part-nature-naissance\/","og_site_name":"juliedrnd","author":"Elodie Mazeau","twitter_card":"summary_large_image","schema":{"@context":"https:\/\/schema.org","@graph":[{"@type":"NewsArticle","@id":"https:\/\/juliedrnd.net\/blog\/articles\/faire-part-nature-naissance\/#article","isPartOf":{"@id":"https:\/\/juliedrnd.net\/blog\/articles\/faire-part-nature-naissance\/"},"author":{"name":"Elodie Mazeau","@id":"https:\/\/juliedrnd.net\/blog\/#\/schema\/person\/3c864cdc320801e3db34b663e7e3f816"},"headline":"Faire-part nature naissance : 12 id\u00e9es bio","datePublished":"2026-05-18T09:00:00+00:00","mainEntityOfPage":{"@id":"https:\/\/juliedrnd.net\/blog\/articles\/faire-part-nature-naissance\/"},"wordCount":791,"commentCount":0,"publisher":{"@id":"https:\/\/juliedrnd.net\/blog\/#organization"},"image":{"@id":"https:\/\/juliedrnd.net\/blog\/articles\/faire-part-nature-naissance\/#primaryimage"},"thumbnailUrl":"https:\/\/images.pexels.com\/photos\/35315451\/pexels-photo-35315451.jpeg?auto=compress&cs=tinysrgb&fit=crop&h=627&w=1200","articleSection":["Articles"],"inLanguage":"fr-FR","potentialAction":[{"@type":"CommentAction","name":"Comment","target":["https:\/\/juliedrnd.net\/blog\/articles\/faire-part-nature-naissance\/#respond"]}]},{"@type":"WebPage","@id":"https:\/\/juliedrnd.net\/blog\/articles\/faire-part-nature-naissance\/","url":"https:\/\/juliedrnd.net\/blog\/articles\/faire-part-nature-naissance\/","name":"Faire-part nature naissance : 12 id\u00e9es bio 2026","isPartOf":{"@id":"https:\/\/juliedrnd.net\/blog\/#website"},"primaryImageOfPage":{"@id":"https:\/\/juliedrnd.net\/blog\/articles\/faire-part-nature-naissance\/#primaryimage"},"image":{"@id":"https:\/\/juliedrnd.net\/blog\/articles\/faire-part-nature-naissance\/#primaryimage"},"thumbnailUrl":"https:\/\/images.pexels.com\/photos\/35315451\/pexels-photo-35315451.jpeg?auto=compress&cs=tinysrgb&fit=crop&h=627&w=1200","datePublished":"2026-05-18T09:00:00+00:00","description":"Cr\u00e9er un faire-part de naissance en harmonie avec la nature est une d\u00e9marche \u00e9coresponsable de plus en plus pris\u00e9e. En 2026, les jeunes parents cherchent","inLanguage":"fr-FR","potentialAction":[{"@type":"ReadAction","target":["https:\/\/juliedrnd.net\/blog\/articles\/faire-part-nature-naissance\/"]}]},{"@type":"ImageObject","inLanguage":"fr-FR","@id":"https:\/\/juliedrnd.net\/blog\/articles\/faire-part-nature-naissance\/#primaryimage","url":"https:\/\/images.pexels.com\/photos\/35315451\/pexels-photo-35315451.jpeg?auto=compress&cs=tinysrgb&fit=crop&h=627&w=1200","contentUrl":"https:\/\/images.pexels.com\/photos\/35315451\/pexels-photo-35315451.jpeg?auto=compress&cs=tinysrgb&fit=crop&h=627&w=1200"},{"@type":"WebSite","@id":"https:\/\/juliedrnd.net\/blog\/#website","url":"https:\/\/juliedrnd.net\/blog\/","name":"juliedrnd.net","description":"Vivez, cr\u00e9ez, r\u00eavez.","publisher":{"@id":"https:\/\/juliedrnd.net\/blog\/#organization"},"alternateName":"Vivez, cr\u00e9ez, r\u00eavez.","potentialAction":[{"@type":"SearchAction","target":{"@type":"EntryPoint","urlTemplate":"https:\/\/juliedrnd.net\/blog\/?s={search_term_string}"},"query-input":{"@type":"PropertyValueSpecification","valueRequired":true,"valueName":"search_term_string"}}],"inLanguage":"fr-FR"},{"@type":"Organization","@id":"https:\/\/juliedrnd.net\/blog\/#organization","name":"Julie Drnd","url":"https:\/\/juliedrnd.net\/blog\/","logo":{"@type":"ImageObject","inLanguage":"fr-FR","@id":"https:\/\/juliedrnd.net\/blog\/#\/schema\/logo\/image\/","url":"https:\/\/juliedrnd.net\/blog\/wp-content\/uploads\/2024\/12\/15.png","contentUrl":"https:\/\/juliedrnd.net\/blog\/wp-content\/uploads\/2024\/12\/15.png","width":500,"height":500,"caption":"Julie Drnd"},"image":{"@id":"https:\/\/juliedrnd.net\/blog\/#\/schema\/logo\/image\/"}},{"@type":"Person","@id":"https:\/\/juliedrnd.net\/blog\/#\/schema\/person\/3c864cdc320801e3db34b663e7e3f816","name":"Elodie Mazeau","image":{"@type":"ImageObject","inLanguage":"fr-FR","@id":"https:\/\/juliedrnd.net\/blog\/#\/schema\/person\/image\/","url":"https:\/\/juliedrnd.net\/blog\/wp-content\/uploads\/2026\/06\/persona_elodie-m-96x96.jpg","contentUrl":"https:\/\/juliedrnd.net\/blog\/wp-content\/uploads\/2026\/06\/persona_elodie-m-96x96.jpg","caption":"Elodie Mazeau"},"description":"J'\u00e9cris sur la parentalit\u00e9 telle qu'elle se vit vraiment, du premier biberon aux premi\u00e8res col\u00e8res. Mes sujets de pr\u00e9dilection couvrent le quotidien des familles : sommeil, alimentation, organisation, pu\u00e9riculture et ces petites gal\u00e8res que tout parent conna\u00eet. Depuis plusieurs ann\u00e9es, je m'attache \u00e0 proposer des rep\u00e8res concrets plut\u00f4t que des le\u00e7ons, parce que chaque famille trouve son propre \u00e9quilibre. Je v\u00e9rifie mes informations aupr\u00e8s de sources fiables, surtout d\u00e8s qu'on touche \u00e0 la sant\u00e9 ou \u00e0 la s\u00e9curit\u00e9 de l'enfant, et je pr\u00e9cise quand un avis professionnel s'impose. J'\u00e9vite soigneusement la culpabilisation : \u00eatre parent est d\u00e9j\u00e0 assez exigeant. Mon ton se veut complice et bienveillant, un peu comme une discussion entre parents qui se comprennent. L'id\u00e9e est d'all\u00e9ger la charge mentale en donnant des solutions simples et test\u00e9es.","sameAs":["https:\/\/elodiemazeau.fr\/"],"url":"https:\/\/juliedrnd.net\/blog\/auteur\/noname\/"}]}},"_links":{"self":[{"href":"https:\/\/juliedrnd.net\/blog\/wp-json\/wp\/v2\/posts\/7746","targetHints":{"allow":["GET"]}}],"collection":[{"href":"https:\/\/juliedrnd.net\/blog\/wp-json\/wp\/v2\/posts"}],"about":[{"href":"https:\/\/juliedrnd.net\/blog\/wp-json\/wp\/v2\/types\/post"}],"author":[{"embeddable":true,"href":"https:\/\/juliedrnd.net\/blog\/wp-json\/wp\/v2\/users\/34"}],"replies":[{"embeddable":true,"href":"https:\/\/juliedrnd.net\/blog\/wp-json\/wp\/v2\/comments?post=7746"}],"version-history":[{"count":1,"href":"https:\/\/juliedrnd.net\/blog\/wp-json\/wp\/v2\/posts\/7746\/revisions"}],"predecessor-version":[{"id":7788,"href":"https:\/\/juliedrnd.net\/blog\/wp-json\/wp\/v2\/posts\/7746\/revisions\/7788"}],"wp:attachment":[{"href":"https:\/\/juliedrnd.net\/blog\/wp-json\/wp\/v2\/media?parent=7746"}],"wp:term":[{"taxonomy":"category","embeddable":true,"href":"https:\/\/juliedrnd.net\/blog\/wp-json\/wp\/v2\/categories?post=7746"},{"taxonomy":"post_tag","embeddable":true,"href":"https:\/\/juliedrnd.net\/blog\/wp-json\/wp\/v2\/tags?post=7746"}],"curies":[{"name":"wp","href":"https:\/\/api.w.org\/{rel}","templated":true}]}}