{"id":7728,"date":"2026-03-10T09:00:00","date_gmt":"2026-03-10T09:00:00","guid":{"rendered":"https:\/\/juliedrnd.net\/blog\/articles\/ementale-femme-enceinte\/"},"modified":"2026-03-10T09:00:00","modified_gmt":"2026-03-10T09:00:00","slug":"ementale-femme-enceinte","status":"publish","type":"post","link":"https:\/\/juliedrnd.net\/blog\/articles\/ementale-femme-enceinte\/","title":{"rendered":"Sant\u00e9 mentale femme enceinte : Guide complet"},"content":{"rendered":"<p>La sant\u00e9 mentale des femmes enceintes est un sujet crucial qui m\u00e9rite une attention particuli\u00e8re. En 2026, les normes et r\u00e9glementations entourant le bien-\u00eatre psychologique des futures m\u00e8res sont plus que jamais au centre des pr\u00e9occupations. Environ 20 % des femmes enceintes souffrent de troubles mentaux, tels que la d\u00e9pression ou l\u2019anxi\u00e9t\u00e9, selon des \u00e9tudes r\u00e9centes. Cette situation peut non seulement affecter la sant\u00e9 de la m\u00e8re, mais aussi celle du b\u00e9b\u00e9.<\/p>\n<p>Les implications l\u00e9gales et r\u00e9glementaires en mati\u00e8re de soutien psychologique pour les femmes enceintes sont \u00e9galement renforc\u00e9es par des initiatives gouvernementales et associatives visant \u00e0 am\u00e9liorer leur qualit\u00e9 de vie. Ce guide vous fournira des informations essentielles sur la sant\u00e9 mentale pendant la grossesse, les ressources disponibles et les normes actuelles en France.<\/p>\n<h2>Importance de la sant\u00e9 mentale pendant la grossesse<\/h2>\n<h3>Impact sur la m\u00e8re et l\u2019enfant<\/h3>\n<p>Une \u00e9tude men\u00e9e par l\u2019Inserm r\u00e9v\u00e8le que les troubles mentaux non trait\u00e9s chez les femmes enceintes peuvent entra\u00eener des complications telles que :<\/p>\n<ul>\n<li><strong>Accouchements pr\u00e9matur\u00e9s<\/strong> : Les femmes souffrant d\u2019anxi\u00e9t\u00e9 s\u00e9v\u00e8re ont jusqu\u2019\u00e0 40 % plus de risques d\u2019accoucher avant terme.<\/li>\n<li><strong>Probl\u00e8mes de d\u00e9veloppement chez l\u2019enfant<\/strong> : Des \u00e9tudes montrent un lien entre d\u00e9pression maternelle et retards cognitifs chez l\u2019enfant.<\/li>\n<\/ul>\n<p>Ces chiffres soulignent l\u2019importance d\u2019une prise en charge ad\u00e9quate.<\/p>\n<h3>Changements hormonaux et psychologiques<\/h3>\n<p>Les fluctuations hormonales durant la grossesse peuvent exacerber ou d\u00e9clencher des probl\u00e8mes de sant\u00e9 mentale. Les femmes peuvent ressentir une vuln\u00e9rabilit\u00e9 accrue en raison des changements physiques et \u00e9motionnels.<\/p>\n<h2>Normes r\u00e9glementaires en mati\u00e8re de sant\u00e9 mentale pour les femmes enceintes<\/h2>\n<h3>Cadre l\u00e9gal actuel<\/h3>\n<p>En 2026, plusieurs lois encadrent le soutien psychologique des femmes enceintes :<\/p>\n<ol>\n<li><strong>Code de la Sant\u00e9 Publique<\/strong> : Il stipule que chaque femme enceinte a droit \u00e0 un suivi psychologique si n\u00e9cessaire.<\/li>\n<li><strong>Plan national pour la sant\u00e9 mentale<\/strong> : Ce plan pr\u00e9voit des mesures sp\u00e9cifiques pour soutenir les futures m\u00e8res, y compris des consultations gratuites avec un professionnel de sant\u00e9 mentale.<\/li>\n<\/ol>\n<p>Ces r\u00e9gulations visent \u00e0 garantir un acc\u00e8s \u00e9quitable aux soins psychologiques pour toutes les femmes enceintes.<\/p>\n<h3>Ressources disponibles<\/h3>\n<p>Les futures m\u00e8res peuvent b\u00e9n\u00e9ficier de diverses ressources :<\/p>\n<ul>\n<li><strong>Consultations pr\u00e9natales<\/strong> : Ces visites incluent souvent une \u00e9valuation du bien-\u00eatre mental.<\/li>\n<li><strong>Groupes de soutien<\/strong> : Des programmes communautaires offrent un espace pour partager des exp\u00e9riences avec d\u2019autres m\u00e8res.<\/li>\n<\/ul>\n<p>Voici un tableau r\u00e9capitulatif des ressources disponibles :<\/p>\n<table class=\"kwdbank-table\">\n<thead>\n<tr>\n<th>Type de ressource<\/th>\n<th>Description<\/th>\n<\/tr>\n<\/thead>\n<tbody>\n<tr>\n<td>Consultations m\u00e9dicales<\/td>\n<td>Suivi par un gyn\u00e9cologue ou un psychiatre<\/td>\n<\/tr>\n<tr>\n<td>Th\u00e9rapies de groupe<\/td>\n<td>\u00c9changes entre futures m\u00e8res<\/td>\n<\/tr>\n<tr>\n<td>Support en ligne<\/td>\n<td>Forums et plateformes d\u00e9di\u00e9es<\/td>\n<\/tr>\n<\/tbody>\n<\/table>\n<h2>Pi\u00e8ges \u00e0 \u00e9viter lors du suivi psychologique<\/h2>\n<p>Un pi\u00e8ge courant est le manque d\u2019auto-\u00e9valuation. Les femmes enceintes peuvent minimiser leurs sympt\u00f4mes ou ne pas demander d\u2019aide par crainte du jugement. Il est essentiel d\u2019encourager une communication ouverte avec les professionnels de sant\u00e9 afin d\u2019obtenir le soutien n\u00e9cessaire sans stigmatisation.<\/p>\n<h2>Actions concr\u00e8tes \u00e0 entreprendre<\/h2>\n<p>Pour renforcer votre sant\u00e9 mentale pendant la grossesse :<\/p>\n<ol>\n<li><strong>\u00c9valuez vos \u00e9motions<\/strong> : Prenez quelques minutes chaque jour pour r\u00e9fl\u00e9chir \u00e0 vos sentiments.<\/li>\n<li><strong>Cherchez du soutien<\/strong> : Ne restez pas seule; parlez-en \u00e0 votre m\u00e9decin ou rejoignez un groupe.<\/li>\n<li><strong>Pratiquez des techniques de relaxation<\/strong> : Yoga pr\u00e9natal ou m\u00e9ditation peuvent aider \u00e0 g\u00e9rer le stress.<\/li>\n<\/ol>\n<h2>FAQ<\/h2>\n<h3>Quels sont les signes d\u2019un trouble mental pendant la grossesse ?<\/h3>\n<p>Les signes incluent une tristesse persistante, une anxi\u00e9t\u00e9 excessive, ou une perte d\u2019int\u00e9r\u00eat pour des activit\u00e9s auparavant appr\u00e9ci\u00e9es.<\/p>\n<h3>Comment savoir si je dois consulter un professionnel ?<\/h3>\n<p>Si vous ressentez que vos \u00e9motions impactent votre quotidien ou votre capacit\u00e9 \u00e0 prendre soin de vous-m\u00eame, il est conseill\u00e9 de consulter.<\/p>\n<h3>Quelles aides financi\u00e8res existent pour le suivi psychologique ?<\/h3>\n<p>Certaines mutuelles proposent un remboursement partiel ou total pour les consultations psychologiques durant la grossesse. Renseignez-vous aupr\u00e8s de votre assureur.<\/p>\n<h3>Existe-t-il des traitements sp\u00e9cifiques recommand\u00e9s pendant la grossesse ?<\/h3>\n<p>Certains traitements comme la th\u00e9rapie cognitivo-comportementale (TCC) sont recommand\u00e9s car ils n\u2019impliquent pas l\u2019utilisation de m\u00e9dicaments.<\/p>\n<h3>Comment mon partenaire peut-il m\u2019aider ?<\/h3>\n<p>Encouragez votre partenaire \u00e0 participer aux rendez-vous m\u00e9dicaux et \u00e0 \u00eatre pr\u00e9sent dans vos moments difficiles. La communication ouverte est essentielle.<\/p>\n<h3>Y a-t-il des ressources en ligne utiles ?<\/h3>\n<p>Des sites comme \u201cPsychoM\u00e9dia\u201d ou \u201cMaman Blues\u201d proposent articles et forums d\u00e9di\u00e9s \u00e0 la sant\u00e9 mentale pendant la grossesse.<\/p>\n<p>N\u2019attendez pas pour prendre soin de votre bien-\u00eatre mental ; chaque geste compte dans cette p\u00e9riode cruciale.<\/p>\n<hr>\n<div class=\"articles-lies\">\n<h3>\u00c0 lire aussi<\/h3>\n<ul>\n<li><a href=\"https:\/\/juliedrnd.net\/blog\/articles\/cosmetique-femme-enceinte-que-choisir\/\">Cosm\u00e9tiques pour femme enceinte<\/a><\/li>\n<li><a href=\"https:\/\/juliedrnd.net\/blog\/articles\/congeler-ses-ovocytes-a-40-ans\/\">Congeler ses ovocytes \u00e0 40 ans<\/a><\/li>\n<li><a href=\"https:\/\/juliedrnd.net\/blog\/articles\/comment-congeler-ses-ovocytes\/\">Congeler ses ovocytes : guide PMA<\/a><\/li>\n<\/ul>\n<\/div>\n","protected":false},"excerpt":{"rendered":"","protected":false},"author":34,"featured_media":7777,"comment_status":"open","ping_status":"open","sticky":false,"template":"","format":"standard","meta":{"_acf_changed":false,"manual_indexmenow":false,"indexmenow_id_project":0,"footnotes":""},"categories":[4763],"tags":[],"class_list":["post-7728","post","type-post","status-publish","format-standard","has-post-thumbnail","hentry","category-articles","generate-columns","tablet-grid-50","mobile-grid-100","grid-parent","grid-25"],"acf":[],"yoast_head":"<!-- This site is optimized with the Yoast SEO Premium plugin v21.3 (Yoast SEO v25.6) - https:\/\/yoast.com\/wordpress\/plugins\/seo\/ -->\n<title>Sant\u00e9 mentale de la femme enceinte : le guide complet<\/title>\n<meta name=\"description\" content=\"La sant\u00e9 mentale des femmes enceintes est un sujet crucial qui m\u00e9rite une attention particuli\u00e8re. En 2026, les normes et r\u00e9glementations entourant le\" \/>\n<meta name=\"robots\" content=\"index, follow, max-snippet:-1, max-image-preview:large, max-video-preview:-1\" \/>\n<link rel=\"canonical\" href=\"https:\/\/juliedrnd.net\/blog\/articles\/ementale-femme-enceinte\/\" \/>\n<meta property=\"og:locale\" content=\"fr_FR\" \/>\n<meta property=\"og:type\" content=\"article\" \/>\n<meta property=\"og:title\" content=\"Sant\u00e9 mentale de la femme enceinte : le guide complet\" \/>\n<meta property=\"og:description\" content=\"La sant\u00e9 mentale des femmes enceintes est un sujet crucial qui m\u00e9rite une attention particuli\u00e8re. En 2026, les normes et r\u00e9glementations entourant le\" \/>\n<meta property=\"og:url\" content=\"https:\/\/juliedrnd.net\/blog\/articles\/ementale-femme-enceinte\/\" \/>\n<meta property=\"og:site_name\" content=\"juliedrnd\" \/>\n<meta name=\"author\" content=\"Elodie Mazeau\" \/>\n<meta name=\"twitter:card\" content=\"summary_large_image\" \/>\n<script type=\"application\/ld+json\" class=\"yoast-schema-graph\">{\"@context\":\"https:\/\/schema.org\",\"@graph\":[{\"@type\":\"NewsArticle\",\"@id\":\"https:\/\/juliedrnd.net\/blog\/articles\/ementale-femme-enceinte\/#article\",\"isPartOf\":{\"@id\":\"https:\/\/juliedrnd.net\/blog\/articles\/ementale-femme-enceinte\/\"},\"author\":{\"name\":\"Elodie Mazeau\",\"@id\":\"https:\/\/juliedrnd.net\/blog\/#\/schema\/person\/3c864cdc320801e3db34b663e7e3f816\"},\"headline\":\"Sant\u00e9 mentale femme enceinte : Guide complet\",\"datePublished\":\"2026-03-10T09:00:00+00:00\",\"mainEntityOfPage\":{\"@id\":\"https:\/\/juliedrnd.net\/blog\/articles\/ementale-femme-enceinte\/\"},\"wordCount\":794,\"commentCount\":0,\"publisher\":{\"@id\":\"https:\/\/juliedrnd.net\/blog\/#organization\"},\"image\":{\"@id\":\"https:\/\/juliedrnd.net\/blog\/articles\/ementale-femme-enceinte\/#primaryimage\"},\"thumbnailUrl\":\"https:\/\/juliedrnd.net\/blog\/wp-content\/uploads\/2026\/05\/sdxl-0afec4263c6f95d17a899b34641c580f-scaled.png\",\"articleSection\":[\"Articles\"],\"inLanguage\":\"fr-FR\",\"potentialAction\":[{\"@type\":\"CommentAction\",\"name\":\"Comment\",\"target\":[\"https:\/\/juliedrnd.net\/blog\/articles\/ementale-femme-enceinte\/#respond\"]}]},{\"@type\":\"WebPage\",\"@id\":\"https:\/\/juliedrnd.net\/blog\/articles\/ementale-femme-enceinte\/\",\"url\":\"https:\/\/juliedrnd.net\/blog\/articles\/ementale-femme-enceinte\/\",\"name\":\"Sant\u00e9 mentale de la femme enceinte : le guide complet\",\"isPartOf\":{\"@id\":\"https:\/\/juliedrnd.net\/blog\/#website\"},\"primaryImageOfPage\":{\"@id\":\"https:\/\/juliedrnd.net\/blog\/articles\/ementale-femme-enceinte\/#primaryimage\"},\"image\":{\"@id\":\"https:\/\/juliedrnd.net\/blog\/articles\/ementale-femme-enceinte\/#primaryimage\"},\"thumbnailUrl\":\"https:\/\/juliedrnd.net\/blog\/wp-content\/uploads\/2026\/05\/sdxl-0afec4263c6f95d17a899b34641c580f-scaled.png\",\"datePublished\":\"2026-03-10T09:00:00+00:00\",\"description\":\"La sant\u00e9 mentale des femmes enceintes est un sujet crucial qui m\u00e9rite une attention particuli\u00e8re. En 2026, les normes et r\u00e9glementations entourant le\",\"inLanguage\":\"fr-FR\",\"potentialAction\":[{\"@type\":\"ReadAction\",\"target\":[\"https:\/\/juliedrnd.net\/blog\/articles\/ementale-femme-enceinte\/\"]}]},{\"@type\":\"ImageObject\",\"inLanguage\":\"fr-FR\",\"@id\":\"https:\/\/juliedrnd.net\/blog\/articles\/ementale-femme-enceinte\/#primaryimage\",\"url\":\"https:\/\/juliedrnd.net\/blog\/wp-content\/uploads\/2026\/05\/sdxl-0afec4263c6f95d17a899b34641c580f-scaled.png\",\"contentUrl\":\"https:\/\/juliedrnd.net\/blog\/wp-content\/uploads\/2026\/05\/sdxl-0afec4263c6f95d17a899b34641c580f-scaled.png\",\"width\":1200,\"height\":500},{\"@type\":\"WebSite\",\"@id\":\"https:\/\/juliedrnd.net\/blog\/#website\",\"url\":\"https:\/\/juliedrnd.net\/blog\/\",\"name\":\"juliedrnd.net\",\"description\":\"Vivez, cr\u00e9ez, r\u00eavez.\",\"publisher\":{\"@id\":\"https:\/\/juliedrnd.net\/blog\/#organization\"},\"alternateName\":\"Vivez, cr\u00e9ez, r\u00eavez.\",\"potentialAction\":[{\"@type\":\"SearchAction\",\"target\":{\"@type\":\"EntryPoint\",\"urlTemplate\":\"https:\/\/juliedrnd.net\/blog\/?s={search_term_string}\"},\"query-input\":{\"@type\":\"PropertyValueSpecification\",\"valueRequired\":true,\"valueName\":\"search_term_string\"}}],\"inLanguage\":\"fr-FR\"},{\"@type\":\"Organization\",\"@id\":\"https:\/\/juliedrnd.net\/blog\/#organization\",\"name\":\"Julie Drnd\",\"url\":\"https:\/\/juliedrnd.net\/blog\/\",\"logo\":{\"@type\":\"ImageObject\",\"inLanguage\":\"fr-FR\",\"@id\":\"https:\/\/juliedrnd.net\/blog\/#\/schema\/logo\/image\/\",\"url\":\"https:\/\/juliedrnd.net\/blog\/wp-content\/uploads\/2024\/12\/15.png\",\"contentUrl\":\"https:\/\/juliedrnd.net\/blog\/wp-content\/uploads\/2024\/12\/15.png\",\"width\":500,\"height\":500,\"caption\":\"Julie Drnd\"},\"image\":{\"@id\":\"https:\/\/juliedrnd.net\/blog\/#\/schema\/logo\/image\/\"}},{\"@type\":\"Person\",\"@id\":\"https:\/\/juliedrnd.net\/blog\/#\/schema\/person\/3c864cdc320801e3db34b663e7e3f816\",\"name\":\"Elodie Mazeau\",\"image\":{\"@type\":\"ImageObject\",\"inLanguage\":\"fr-FR\",\"@id\":\"https:\/\/juliedrnd.net\/blog\/#\/schema\/person\/image\/\",\"url\":\"https:\/\/juliedrnd.net\/blog\/wp-content\/uploads\/2026\/06\/persona_elodie-m-96x96.jpg\",\"contentUrl\":\"https:\/\/juliedrnd.net\/blog\/wp-content\/uploads\/2026\/06\/persona_elodie-m-96x96.jpg\",\"caption\":\"Elodie Mazeau\"},\"description\":\"J'\u00e9cris sur la parentalit\u00e9 telle qu'elle se vit vraiment, du premier biberon aux premi\u00e8res col\u00e8res. Mes sujets de pr\u00e9dilection couvrent le quotidien des familles : sommeil, alimentation, organisation, pu\u00e9riculture et ces petites gal\u00e8res que tout parent conna\u00eet. Depuis plusieurs ann\u00e9es, je m'attache \u00e0 proposer des rep\u00e8res concrets plut\u00f4t que des le\u00e7ons, parce que chaque famille trouve son propre \u00e9quilibre. Je v\u00e9rifie mes informations aupr\u00e8s de sources fiables, surtout d\u00e8s qu'on touche \u00e0 la sant\u00e9 ou \u00e0 la s\u00e9curit\u00e9 de l'enfant, et je pr\u00e9cise quand un avis professionnel s'impose. J'\u00e9vite soigneusement la culpabilisation : \u00eatre parent est d\u00e9j\u00e0 assez exigeant. Mon ton se veut complice et bienveillant, un peu comme une discussion entre parents qui se comprennent. L'id\u00e9e est d'all\u00e9ger la charge mentale en donnant des solutions simples et test\u00e9es.\",\"sameAs\":[\"https:\/\/elodiemazeau.fr\/\"],\"url\":\"https:\/\/juliedrnd.net\/blog\/auteur\/noname\/\"}]}<\/script>\n<!-- \/ Yoast SEO Premium plugin. -->","yoast_head_json":{"title":"Sant\u00e9 mentale de la femme enceinte : le guide complet","description":"La sant\u00e9 mentale des femmes enceintes est un sujet crucial qui m\u00e9rite une attention particuli\u00e8re. En 2026, les normes et r\u00e9glementations entourant le","robots":{"index":"index","follow":"follow","max-snippet":"max-snippet:-1","max-image-preview":"max-image-preview:large","max-video-preview":"max-video-preview:-1"},"canonical":"https:\/\/juliedrnd.net\/blog\/articles\/ementale-femme-enceinte\/","og_locale":"fr_FR","og_type":"article","og_title":"Sant\u00e9 mentale de la femme enceinte : le guide complet","og_description":"La sant\u00e9 mentale des femmes enceintes est un sujet crucial qui m\u00e9rite une attention particuli\u00e8re. En 2026, les normes et r\u00e9glementations entourant le","og_url":"https:\/\/juliedrnd.net\/blog\/articles\/ementale-femme-enceinte\/","og_site_name":"juliedrnd","author":"Elodie Mazeau","twitter_card":"summary_large_image","schema":{"@context":"https:\/\/schema.org","@graph":[{"@type":"NewsArticle","@id":"https:\/\/juliedrnd.net\/blog\/articles\/ementale-femme-enceinte\/#article","isPartOf":{"@id":"https:\/\/juliedrnd.net\/blog\/articles\/ementale-femme-enceinte\/"},"author":{"name":"Elodie Mazeau","@id":"https:\/\/juliedrnd.net\/blog\/#\/schema\/person\/3c864cdc320801e3db34b663e7e3f816"},"headline":"Sant\u00e9 mentale femme enceinte : Guide complet","datePublished":"2026-03-10T09:00:00+00:00","mainEntityOfPage":{"@id":"https:\/\/juliedrnd.net\/blog\/articles\/ementale-femme-enceinte\/"},"wordCount":794,"commentCount":0,"publisher":{"@id":"https:\/\/juliedrnd.net\/blog\/#organization"},"image":{"@id":"https:\/\/juliedrnd.net\/blog\/articles\/ementale-femme-enceinte\/#primaryimage"},"thumbnailUrl":"https:\/\/juliedrnd.net\/blog\/wp-content\/uploads\/2026\/05\/sdxl-0afec4263c6f95d17a899b34641c580f-scaled.png","articleSection":["Articles"],"inLanguage":"fr-FR","potentialAction":[{"@type":"CommentAction","name":"Comment","target":["https:\/\/juliedrnd.net\/blog\/articles\/ementale-femme-enceinte\/#respond"]}]},{"@type":"WebPage","@id":"https:\/\/juliedrnd.net\/blog\/articles\/ementale-femme-enceinte\/","url":"https:\/\/juliedrnd.net\/blog\/articles\/ementale-femme-enceinte\/","name":"Sant\u00e9 mentale de la femme enceinte : le guide complet","isPartOf":{"@id":"https:\/\/juliedrnd.net\/blog\/#website"},"primaryImageOfPage":{"@id":"https:\/\/juliedrnd.net\/blog\/articles\/ementale-femme-enceinte\/#primaryimage"},"image":{"@id":"https:\/\/juliedrnd.net\/blog\/articles\/ementale-femme-enceinte\/#primaryimage"},"thumbnailUrl":"https:\/\/juliedrnd.net\/blog\/wp-content\/uploads\/2026\/05\/sdxl-0afec4263c6f95d17a899b34641c580f-scaled.png","datePublished":"2026-03-10T09:00:00+00:00","description":"La sant\u00e9 mentale des femmes enceintes est un sujet crucial qui m\u00e9rite une attention particuli\u00e8re. En 2026, les normes et r\u00e9glementations entourant le","inLanguage":"fr-FR","potentialAction":[{"@type":"ReadAction","target":["https:\/\/juliedrnd.net\/blog\/articles\/ementale-femme-enceinte\/"]}]},{"@type":"ImageObject","inLanguage":"fr-FR","@id":"https:\/\/juliedrnd.net\/blog\/articles\/ementale-femme-enceinte\/#primaryimage","url":"https:\/\/juliedrnd.net\/blog\/wp-content\/uploads\/2026\/05\/sdxl-0afec4263c6f95d17a899b34641c580f-scaled.png","contentUrl":"https:\/\/juliedrnd.net\/blog\/wp-content\/uploads\/2026\/05\/sdxl-0afec4263c6f95d17a899b34641c580f-scaled.png","width":1200,"height":500},{"@type":"WebSite","@id":"https:\/\/juliedrnd.net\/blog\/#website","url":"https:\/\/juliedrnd.net\/blog\/","name":"juliedrnd.net","description":"Vivez, cr\u00e9ez, r\u00eavez.","publisher":{"@id":"https:\/\/juliedrnd.net\/blog\/#organization"},"alternateName":"Vivez, cr\u00e9ez, r\u00eavez.","potentialAction":[{"@type":"SearchAction","target":{"@type":"EntryPoint","urlTemplate":"https:\/\/juliedrnd.net\/blog\/?s={search_term_string}"},"query-input":{"@type":"PropertyValueSpecification","valueRequired":true,"valueName":"search_term_string"}}],"inLanguage":"fr-FR"},{"@type":"Organization","@id":"https:\/\/juliedrnd.net\/blog\/#organization","name":"Julie Drnd","url":"https:\/\/juliedrnd.net\/blog\/","logo":{"@type":"ImageObject","inLanguage":"fr-FR","@id":"https:\/\/juliedrnd.net\/blog\/#\/schema\/logo\/image\/","url":"https:\/\/juliedrnd.net\/blog\/wp-content\/uploads\/2024\/12\/15.png","contentUrl":"https:\/\/juliedrnd.net\/blog\/wp-content\/uploads\/2024\/12\/15.png","width":500,"height":500,"caption":"Julie Drnd"},"image":{"@id":"https:\/\/juliedrnd.net\/blog\/#\/schema\/logo\/image\/"}},{"@type":"Person","@id":"https:\/\/juliedrnd.net\/blog\/#\/schema\/person\/3c864cdc320801e3db34b663e7e3f816","name":"Elodie Mazeau","image":{"@type":"ImageObject","inLanguage":"fr-FR","@id":"https:\/\/juliedrnd.net\/blog\/#\/schema\/person\/image\/","url":"https:\/\/juliedrnd.net\/blog\/wp-content\/uploads\/2026\/06\/persona_elodie-m-96x96.jpg","contentUrl":"https:\/\/juliedrnd.net\/blog\/wp-content\/uploads\/2026\/06\/persona_elodie-m-96x96.jpg","caption":"Elodie Mazeau"},"description":"J'\u00e9cris sur la parentalit\u00e9 telle qu'elle se vit vraiment, du premier biberon aux premi\u00e8res col\u00e8res. Mes sujets de pr\u00e9dilection couvrent le quotidien des familles : sommeil, alimentation, organisation, pu\u00e9riculture et ces petites gal\u00e8res que tout parent conna\u00eet. Depuis plusieurs ann\u00e9es, je m'attache \u00e0 proposer des rep\u00e8res concrets plut\u00f4t que des le\u00e7ons, parce que chaque famille trouve son propre \u00e9quilibre. Je v\u00e9rifie mes informations aupr\u00e8s de sources fiables, surtout d\u00e8s qu'on touche \u00e0 la sant\u00e9 ou \u00e0 la s\u00e9curit\u00e9 de l'enfant, et je pr\u00e9cise quand un avis professionnel s'impose. J'\u00e9vite soigneusement la culpabilisation : \u00eatre parent est d\u00e9j\u00e0 assez exigeant. Mon ton se veut complice et bienveillant, un peu comme une discussion entre parents qui se comprennent. L'id\u00e9e est d'all\u00e9ger la charge mentale en donnant des solutions simples et test\u00e9es.","sameAs":["https:\/\/elodiemazeau.fr\/"],"url":"https:\/\/juliedrnd.net\/blog\/auteur\/noname\/"}]}},"_links":{"self":[{"href":"https:\/\/juliedrnd.net\/blog\/wp-json\/wp\/v2\/posts\/7728","targetHints":{"allow":["GET"]}}],"collection":[{"href":"https:\/\/juliedrnd.net\/blog\/wp-json\/wp\/v2\/posts"}],"about":[{"href":"https:\/\/juliedrnd.net\/blog\/wp-json\/wp\/v2\/types\/post"}],"author":[{"embeddable":true,"href":"https:\/\/juliedrnd.net\/blog\/wp-json\/wp\/v2\/users\/34"}],"replies":[{"embeddable":true,"href":"https:\/\/juliedrnd.net\/blog\/wp-json\/wp\/v2\/comments?post=7728"}],"version-history":[{"count":0,"href":"https:\/\/juliedrnd.net\/blog\/wp-json\/wp\/v2\/posts\/7728\/revisions"}],"wp:featuredmedia":[{"embeddable":true,"href":"https:\/\/juliedrnd.net\/blog\/wp-json\/wp\/v2\/media\/7777"}],"wp:attachment":[{"href":"https:\/\/juliedrnd.net\/blog\/wp-json\/wp\/v2\/media?parent=7728"}],"wp:term":[{"taxonomy":"category","embeddable":true,"href":"https:\/\/juliedrnd.net\/blog\/wp-json\/wp\/v2\/categories?post=7728"},{"taxonomy":"post_tag","embeddable":true,"href":"https:\/\/juliedrnd.net\/blog\/wp-json\/wp\/v2\/tags?post=7728"}],"curies":[{"name":"wp","href":"https:\/\/api.w.org\/{rel}","templated":true}]}}