{"id":7722,"date":"2026-01-06T09:00:00","date_gmt":"2026-01-06T09:00:00","guid":{"rendered":"https:\/\/juliedrnd.net\/blog\/articles\/deco-chambre-bebe-mixte\/"},"modified":"2026-01-06T09:00:00","modified_gmt":"2026-01-06T09:00:00","slug":"deco-chambre-bebe-mixte","status":"publish","type":"post","link":"https:\/\/juliedrnd.net\/blog\/articles\/deco-chambre-bebe-mixte\/","title":{"rendered":"D\u00e9co Chambre B\u00e9b\u00e9 Mixte : Top 25 Id\u00e9es 2026"},"content":{"rendered":"<p>La d\u00e9coration d\u2019une chambre de b\u00e9b\u00e9 mixte est un d\u00e9fi cr\u00e9atif, alliant harmonie et fonctionnalit\u00e9. En 2026, les tendances \u00e9voluent vers des ambiances neutres, chaleureuses et intemporelles qui plaisent autant aux gar\u00e7ons qu\u2019aux filles. Cet article vous propose 25 id\u00e9es inspirantes pour cr\u00e9er un espace accueillant et styl\u00e9, tout en respectant votre budget.<\/p>\n<h2>Tendances en mati\u00e8re de d\u00e9coration mixte<\/h2>\n<h3>Couleurs neutres et apaisantes<\/h3>\n<p>Les teintes telles que le beige, le gris doux ou le vert sauge sont particuli\u00e8rement populaires. Par exemple, une peinture murale dans une nuance de gris clair co\u00fbte environ <strong>30 \u20ac le litre<\/strong>, suffisant pour couvrir une pi\u00e8ce de 15 m\u00b2.<\/p>\n<h3>Mobilier multifonctionnel<\/h3>\n<p>Optez pour des meubles qui grandissent avec l\u2019enfant. Un lit \u00e9volutif peut \u00eatre trouv\u00e9 \u00e0 partir de <strong>250 \u20ac<\/strong>, offrant un excellent rapport qualit\u00e9-prix sur plusieurs ann\u00e9es.<\/p>\n<h2>Les 25 id\u00e9es d\u00e9co incontournables<\/h2>\n<ol>\n<li><strong>Mur de galerie<\/strong> : Cr\u00e9ez un mur avec des cadres de diff\u00e9rentes tailles pour exposer des \u0153uvres d\u2019art ou des photos.<\/li>\n<li><strong>Tapis doux<\/strong> : Un tapis en laine ou en coton ajoute du confort ; pr\u00e9voyez un budget de <strong>100 \u00e0 200 \u20ac<\/strong>.<\/li>\n<li><strong>Luminaires originaux<\/strong> : Choisissez des lampes suspendues aux formes ludiques pour ajouter une touche unique.<\/li>\n<li><strong>Papier peint amovible<\/strong> : Facile \u00e0 poser et \u00e0 retirer, il permet de changer le look sans trop d\u2019effort.<\/li>\n<li><strong>Bordures murales<\/strong> : Une bordure en bois peint peut d\u00e9limiter l\u2019espace sans cloisonner.<\/li>\n<li><strong>Coussins color\u00e9s<\/strong> : Disposez des coussins dans des couleurs vari\u00e9es sur un fauteuil confortable.<\/li>\n<li><strong>\u00c9tag\u00e8res ouvertes<\/strong> : Utilisez des \u00e9tag\u00e8res pour exposer jouets et livres tout en ajoutant du style.<\/li>\n<li><strong>Draps personnalis\u00e9s<\/strong> : Investissez dans des draps au motif mixte comme des \u00e9toiles ou des nuages.<\/li>\n<li><strong>Rangement ludique<\/strong> : Int\u00e9grez des bacs color\u00e9s pour ranger les jouets tout en apportant une note d\u00e9corative.<\/li>\n<li><strong>Miroirs<\/strong> : Un miroir bien plac\u00e9 agrandit visuellement l\u2019espace et illumine la pi\u00e8ce.<\/li>\n<li><strong>Peinture murale artistique<\/strong> : Une fresque ou un motif mural apporte du caract\u00e8re \u00e0 la chambre.<\/li>\n<li><strong>Zone d\u2019activit\u00e9<\/strong> : Am\u00e9nagez un coin jeu avec un tapis d\u2019\u00e9veil ou une petite table.<\/li>\n<li><strong>Rideaux l\u00e9gers<\/strong> : Optez pour des rideaux en tissu l\u00e9ger qui laissent passer la lumi\u00e8re tout en pr\u00e9servant l\u2019intimit\u00e9.<\/li>\n<li><strong>Banc de rangement<\/strong> : Un banc avec espace de rangement int\u00e9gr\u00e9 est pratique et esth\u00e9tique.<\/li>\n<li><strong>Accessoires saisonniers<\/strong> : Changez quelques \u00e9l\u00e9ments (coussins, d\u00e9corations) selon les saisons pour rafra\u00eechir la chambre.<\/li>\n<\/ol>\n<h3>Exemples chiffr\u00e9s<\/h3>\n<p>Pour une chambre compl\u00e8te, le co\u00fbt total peut varier entre <strong>800 \u20ac et 1500 \u20ac<\/strong>, selon le choix des mat\u00e9riaux et du mobilier.<\/p>\n<table class=\"kwdbank-table\">\n<thead>\n<tr>\n<th>\u00c9l\u00e9ments d\u00e9co<\/th>\n<th>Budget estim\u00e9<\/th>\n<\/tr>\n<\/thead>\n<tbody>\n<tr>\n<td>Peinture (15 m\u00b2)<\/td>\n<td>30 \u20ac<\/td>\n<\/tr>\n<tr>\n<td>Tapis<\/td>\n<td>100-200 \u20ac<\/td>\n<\/tr>\n<tr>\n<td>Lit \u00e9volutif<\/td>\n<td>250 \u20ac<\/td>\n<\/tr>\n<tr>\n<td>Mobilier multifonction<\/td>\n<td>300-600 \u20ac<\/td>\n<\/tr>\n<tr>\n<td>Luminaires<\/td>\n<td>50-150 \u20ac<\/td>\n<\/tr>\n<\/tbody>\n<\/table>\n<h2>Pi\u00e8ge \u00e0 \u00e9viter<\/h2>\n<p>Un pi\u00e8ge courant est de surcharger l\u2019espace avec trop d\u2019\u00e9l\u00e9ments d\u00e9coratifs. Une chambre encombr\u00e9e peut devenir stressante pour votre b\u00e9b\u00e9 et difficile \u00e0 entretenir.<\/p>\n<h2>Actions imm\u00e9diates<\/h2>\n<p>Commencez par \u00e9tablir un budget pr\u00e9cis pour votre projet de d\u00e9coration et listez vos priorit\u00e9s afin de ne pas d\u00e9passer ce montant.<\/p>\n<h2>FAQ<\/h2>\n<h3>Quelles couleurs sont id\u00e9ales pour une d\u00e9co chambre b\u00e9b\u00e9 mixte ?<\/h3>\n<p>Les couleurs neutres comme le beige, le gris clair ou le vert sauge sont recommand\u00e9es.<\/p>\n<h3>Quel mobilier privil\u00e9gier dans une chambre b\u00e9b\u00e9 mixte ?<\/h3>\n<p>Choisissez du mobilier \u00e9volutif qui peut s\u2019adapter \u00e0 la croissance de votre enfant.<\/p>\n<h3>Comment int\u00e9grer des \u00e9l\u00e9ments personnalis\u00e9s sans alourdir la d\u00e9co ?<\/h3>\n<p>Utilisez des accessoires saisonniers et changeables comme les coussins ou les rideaux.<\/p>\n<h3>Quelle est la tendance d\u00e9co actuelle pour les chambres de b\u00e9b\u00e9 ?<\/h3>\n<p>Les tendances actuelles favorisent les ambiances apaisantes avec des motifs naturels et des mat\u00e9riaux durables.<\/p>\n<h3>\u00c0 quel prix s\u2019attendre pour d\u00e9corer une chambre b\u00e9b\u00e9 mixte ?<\/h3>\n<p>Le budget peut varier entre 800 \u20ac et 1500 \u20ac, selon vos choix de mobilier et d\u00e9coration.<\/p>\n<h3>Comment \u00e9viter que la chambre ne devienne trop encombr\u00e9e ?<\/h3>\n<p>Privil\u00e9giez le mobilier multifonctionnel et limitez le nombre d\u2019accessoires d\u00e9coratifs.<\/p>\n<p>En mettant en \u0153uvre ces id\u00e9es, vous pourrez cr\u00e9er une chambre accueillante qui \u00e9voluera avec votre enfant tout en respectant votre style personnel et votre budget.<\/p>\n<hr>\n<div class=\"articles-lies\">\n<h3>\u00c0 lire aussi<\/h3>\n<ul>\n<li><a href=\"https:\/\/juliedrnd.net\/blog\/articles\/doudou-poupee\/\">Doudou poup\u00e9e : top mod\u00e8les<\/a><\/li>\n<li><a href=\"https:\/\/juliedrnd.net\/blog\/articles\/diy-bebe\/\">DIY b\u00e9b\u00e9 : cr\u00e9ations faciles<\/a><\/li>\n<li><a href=\"https:\/\/juliedrnd.net\/blog\/articles\/faire-part-nature-naissance\/\">Faire-part de naissance nature<\/a><\/li>\n<\/ul>\n<\/div>\n","protected":false},"excerpt":{"rendered":"","protected":false},"author":34,"featured_media":7783,"comment_status":"open","ping_status":"open","sticky":false,"template":"","format":"standard","meta":{"_acf_changed":false,"manual_indexmenow":false,"indexmenow_id_project":0,"footnotes":""},"categories":[4763],"tags":[],"class_list":["post-7722","post","type-post","status-publish","format-standard","has-post-thumbnail","hentry","category-articles","generate-columns","tablet-grid-50","mobile-grid-100","grid-parent","grid-25"],"acf":[],"yoast_head":"<!-- This site is optimized with the Yoast SEO Premium plugin v21.3 (Yoast SEO v25.6) - https:\/\/yoast.com\/wordpress\/plugins\/seo\/ -->\n<title>D\u00e9co chambre b\u00e9b\u00e9 mixte : top 25 id\u00e9es 2026<\/title>\n<meta name=\"description\" content=\"La d\u00e9coration d\u2019une chambre de b\u00e9b\u00e9 mixte est un d\u00e9fi cr\u00e9atif, alliant harmonie et fonctionnalit\u00e9. En 2026, les tendances \u00e9voluent vers des ambiances\" \/>\n<meta name=\"robots\" content=\"index, follow, max-snippet:-1, max-image-preview:large, max-video-preview:-1\" \/>\n<link rel=\"canonical\" href=\"https:\/\/juliedrnd.net\/blog\/articles\/deco-chambre-bebe-mixte\/\" \/>\n<meta property=\"og:locale\" content=\"fr_FR\" \/>\n<meta property=\"og:type\" content=\"article\" \/>\n<meta property=\"og:title\" content=\"D\u00e9co chambre b\u00e9b\u00e9 mixte : top 25 id\u00e9es 2026\" \/>\n<meta property=\"og:description\" content=\"La d\u00e9coration d\u2019une chambre de b\u00e9b\u00e9 mixte est un d\u00e9fi cr\u00e9atif, alliant harmonie et fonctionnalit\u00e9. En 2026, les tendances \u00e9voluent vers des ambiances\" \/>\n<meta property=\"og:url\" content=\"https:\/\/juliedrnd.net\/blog\/articles\/deco-chambre-bebe-mixte\/\" \/>\n<meta property=\"og:site_name\" content=\"juliedrnd\" \/>\n<meta name=\"author\" content=\"Elodie Mazeau\" \/>\n<meta name=\"twitter:card\" content=\"summary_large_image\" \/>\n<script type=\"application\/ld+json\" class=\"yoast-schema-graph\">{\"@context\":\"https:\/\/schema.org\",\"@graph\":[{\"@type\":\"NewsArticle\",\"@id\":\"https:\/\/juliedrnd.net\/blog\/articles\/deco-chambre-bebe-mixte\/#article\",\"isPartOf\":{\"@id\":\"https:\/\/juliedrnd.net\/blog\/articles\/deco-chambre-bebe-mixte\/\"},\"author\":{\"name\":\"Elodie Mazeau\",\"@id\":\"https:\/\/juliedrnd.net\/blog\/#\/schema\/person\/3c864cdc320801e3db34b663e7e3f816\"},\"headline\":\"D\u00e9co Chambre B\u00e9b\u00e9 Mixte : Top 25 Id\u00e9es 2026\",\"datePublished\":\"2026-01-06T09:00:00+00:00\",\"mainEntityOfPage\":{\"@id\":\"https:\/\/juliedrnd.net\/blog\/articles\/deco-chambre-bebe-mixte\/\"},\"wordCount\":717,\"commentCount\":0,\"publisher\":{\"@id\":\"https:\/\/juliedrnd.net\/blog\/#organization\"},\"image\":{\"@id\":\"https:\/\/juliedrnd.net\/blog\/articles\/deco-chambre-bebe-mixte\/#primaryimage\"},\"thumbnailUrl\":\"https:\/\/juliedrnd.net\/blog\/wp-content\/uploads\/2026\/05\/sdxl-bd58a1425082c73be4daffced3690d36-scaled.png\",\"articleSection\":[\"Articles\"],\"inLanguage\":\"fr-FR\",\"potentialAction\":[{\"@type\":\"CommentAction\",\"name\":\"Comment\",\"target\":[\"https:\/\/juliedrnd.net\/blog\/articles\/deco-chambre-bebe-mixte\/#respond\"]}]},{\"@type\":\"WebPage\",\"@id\":\"https:\/\/juliedrnd.net\/blog\/articles\/deco-chambre-bebe-mixte\/\",\"url\":\"https:\/\/juliedrnd.net\/blog\/articles\/deco-chambre-bebe-mixte\/\",\"name\":\"D\u00e9co chambre b\u00e9b\u00e9 mixte : top 25 id\u00e9es 2026\",\"isPartOf\":{\"@id\":\"https:\/\/juliedrnd.net\/blog\/#website\"},\"primaryImageOfPage\":{\"@id\":\"https:\/\/juliedrnd.net\/blog\/articles\/deco-chambre-bebe-mixte\/#primaryimage\"},\"image\":{\"@id\":\"https:\/\/juliedrnd.net\/blog\/articles\/deco-chambre-bebe-mixte\/#primaryimage\"},\"thumbnailUrl\":\"https:\/\/juliedrnd.net\/blog\/wp-content\/uploads\/2026\/05\/sdxl-bd58a1425082c73be4daffced3690d36-scaled.png\",\"datePublished\":\"2026-01-06T09:00:00+00:00\",\"description\":\"La d\u00e9coration d\u2019une chambre de b\u00e9b\u00e9 mixte est un d\u00e9fi cr\u00e9atif, alliant harmonie et fonctionnalit\u00e9. En 2026, les tendances \u00e9voluent vers des ambiances\",\"inLanguage\":\"fr-FR\",\"potentialAction\":[{\"@type\":\"ReadAction\",\"target\":[\"https:\/\/juliedrnd.net\/blog\/articles\/deco-chambre-bebe-mixte\/\"]}]},{\"@type\":\"ImageObject\",\"inLanguage\":\"fr-FR\",\"@id\":\"https:\/\/juliedrnd.net\/blog\/articles\/deco-chambre-bebe-mixte\/#primaryimage\",\"url\":\"https:\/\/juliedrnd.net\/blog\/wp-content\/uploads\/2026\/05\/sdxl-bd58a1425082c73be4daffced3690d36-scaled.png\",\"contentUrl\":\"https:\/\/juliedrnd.net\/blog\/wp-content\/uploads\/2026\/05\/sdxl-bd58a1425082c73be4daffced3690d36-scaled.png\",\"width\":1200,\"height\":500},{\"@type\":\"WebSite\",\"@id\":\"https:\/\/juliedrnd.net\/blog\/#website\",\"url\":\"https:\/\/juliedrnd.net\/blog\/\",\"name\":\"juliedrnd.net\",\"description\":\"Vivez, cr\u00e9ez, r\u00eavez.\",\"publisher\":{\"@id\":\"https:\/\/juliedrnd.net\/blog\/#organization\"},\"alternateName\":\"Vivez, cr\u00e9ez, r\u00eavez.\",\"potentialAction\":[{\"@type\":\"SearchAction\",\"target\":{\"@type\":\"EntryPoint\",\"urlTemplate\":\"https:\/\/juliedrnd.net\/blog\/?s={search_term_string}\"},\"query-input\":{\"@type\":\"PropertyValueSpecification\",\"valueRequired\":true,\"valueName\":\"search_term_string\"}}],\"inLanguage\":\"fr-FR\"},{\"@type\":\"Organization\",\"@id\":\"https:\/\/juliedrnd.net\/blog\/#organization\",\"name\":\"Julie Drnd\",\"url\":\"https:\/\/juliedrnd.net\/blog\/\",\"logo\":{\"@type\":\"ImageObject\",\"inLanguage\":\"fr-FR\",\"@id\":\"https:\/\/juliedrnd.net\/blog\/#\/schema\/logo\/image\/\",\"url\":\"https:\/\/juliedrnd.net\/blog\/wp-content\/uploads\/2024\/12\/15.png\",\"contentUrl\":\"https:\/\/juliedrnd.net\/blog\/wp-content\/uploads\/2024\/12\/15.png\",\"width\":500,\"height\":500,\"caption\":\"Julie Drnd\"},\"image\":{\"@id\":\"https:\/\/juliedrnd.net\/blog\/#\/schema\/logo\/image\/\"}},{\"@type\":\"Person\",\"@id\":\"https:\/\/juliedrnd.net\/blog\/#\/schema\/person\/3c864cdc320801e3db34b663e7e3f816\",\"name\":\"Elodie Mazeau\",\"image\":{\"@type\":\"ImageObject\",\"inLanguage\":\"fr-FR\",\"@id\":\"https:\/\/juliedrnd.net\/blog\/#\/schema\/person\/image\/\",\"url\":\"https:\/\/juliedrnd.net\/blog\/wp-content\/uploads\/2026\/06\/persona_elodie-m-96x96.jpg\",\"contentUrl\":\"https:\/\/juliedrnd.net\/blog\/wp-content\/uploads\/2026\/06\/persona_elodie-m-96x96.jpg\",\"caption\":\"Elodie Mazeau\"},\"description\":\"J'\u00e9cris sur la parentalit\u00e9 telle qu'elle se vit vraiment, du premier biberon aux premi\u00e8res col\u00e8res. Mes sujets de pr\u00e9dilection couvrent le quotidien des familles : sommeil, alimentation, organisation, pu\u00e9riculture et ces petites gal\u00e8res que tout parent conna\u00eet. Depuis plusieurs ann\u00e9es, je m'attache \u00e0 proposer des rep\u00e8res concrets plut\u00f4t que des le\u00e7ons, parce que chaque famille trouve son propre \u00e9quilibre. Je v\u00e9rifie mes informations aupr\u00e8s de sources fiables, surtout d\u00e8s qu'on touche \u00e0 la sant\u00e9 ou \u00e0 la s\u00e9curit\u00e9 de l'enfant, et je pr\u00e9cise quand un avis professionnel s'impose. J'\u00e9vite soigneusement la culpabilisation : \u00eatre parent est d\u00e9j\u00e0 assez exigeant. Mon ton se veut complice et bienveillant, un peu comme une discussion entre parents qui se comprennent. L'id\u00e9e est d'all\u00e9ger la charge mentale en donnant des solutions simples et test\u00e9es.\",\"sameAs\":[\"https:\/\/elodiemazeau.fr\/\"],\"url\":\"https:\/\/juliedrnd.net\/blog\/auteur\/noname\/\"}]}<\/script>\n<!-- \/ Yoast SEO Premium plugin. -->","yoast_head_json":{"title":"D\u00e9co chambre b\u00e9b\u00e9 mixte : top 25 id\u00e9es 2026","description":"La d\u00e9coration d\u2019une chambre de b\u00e9b\u00e9 mixte est un d\u00e9fi cr\u00e9atif, alliant harmonie et fonctionnalit\u00e9. En 2026, les tendances \u00e9voluent vers des ambiances","robots":{"index":"index","follow":"follow","max-snippet":"max-snippet:-1","max-image-preview":"max-image-preview:large","max-video-preview":"max-video-preview:-1"},"canonical":"https:\/\/juliedrnd.net\/blog\/articles\/deco-chambre-bebe-mixte\/","og_locale":"fr_FR","og_type":"article","og_title":"D\u00e9co chambre b\u00e9b\u00e9 mixte : top 25 id\u00e9es 2026","og_description":"La d\u00e9coration d\u2019une chambre de b\u00e9b\u00e9 mixte est un d\u00e9fi cr\u00e9atif, alliant harmonie et fonctionnalit\u00e9. En 2026, les tendances \u00e9voluent vers des ambiances","og_url":"https:\/\/juliedrnd.net\/blog\/articles\/deco-chambre-bebe-mixte\/","og_site_name":"juliedrnd","author":"Elodie Mazeau","twitter_card":"summary_large_image","schema":{"@context":"https:\/\/schema.org","@graph":[{"@type":"NewsArticle","@id":"https:\/\/juliedrnd.net\/blog\/articles\/deco-chambre-bebe-mixte\/#article","isPartOf":{"@id":"https:\/\/juliedrnd.net\/blog\/articles\/deco-chambre-bebe-mixte\/"},"author":{"name":"Elodie Mazeau","@id":"https:\/\/juliedrnd.net\/blog\/#\/schema\/person\/3c864cdc320801e3db34b663e7e3f816"},"headline":"D\u00e9co Chambre B\u00e9b\u00e9 Mixte : Top 25 Id\u00e9es 2026","datePublished":"2026-01-06T09:00:00+00:00","mainEntityOfPage":{"@id":"https:\/\/juliedrnd.net\/blog\/articles\/deco-chambre-bebe-mixte\/"},"wordCount":717,"commentCount":0,"publisher":{"@id":"https:\/\/juliedrnd.net\/blog\/#organization"},"image":{"@id":"https:\/\/juliedrnd.net\/blog\/articles\/deco-chambre-bebe-mixte\/#primaryimage"},"thumbnailUrl":"https:\/\/juliedrnd.net\/blog\/wp-content\/uploads\/2026\/05\/sdxl-bd58a1425082c73be4daffced3690d36-scaled.png","articleSection":["Articles"],"inLanguage":"fr-FR","potentialAction":[{"@type":"CommentAction","name":"Comment","target":["https:\/\/juliedrnd.net\/blog\/articles\/deco-chambre-bebe-mixte\/#respond"]}]},{"@type":"WebPage","@id":"https:\/\/juliedrnd.net\/blog\/articles\/deco-chambre-bebe-mixte\/","url":"https:\/\/juliedrnd.net\/blog\/articles\/deco-chambre-bebe-mixte\/","name":"D\u00e9co chambre b\u00e9b\u00e9 mixte : top 25 id\u00e9es 2026","isPartOf":{"@id":"https:\/\/juliedrnd.net\/blog\/#website"},"primaryImageOfPage":{"@id":"https:\/\/juliedrnd.net\/blog\/articles\/deco-chambre-bebe-mixte\/#primaryimage"},"image":{"@id":"https:\/\/juliedrnd.net\/blog\/articles\/deco-chambre-bebe-mixte\/#primaryimage"},"thumbnailUrl":"https:\/\/juliedrnd.net\/blog\/wp-content\/uploads\/2026\/05\/sdxl-bd58a1425082c73be4daffced3690d36-scaled.png","datePublished":"2026-01-06T09:00:00+00:00","description":"La d\u00e9coration d\u2019une chambre de b\u00e9b\u00e9 mixte est un d\u00e9fi cr\u00e9atif, alliant harmonie et fonctionnalit\u00e9. En 2026, les tendances \u00e9voluent vers des ambiances","inLanguage":"fr-FR","potentialAction":[{"@type":"ReadAction","target":["https:\/\/juliedrnd.net\/blog\/articles\/deco-chambre-bebe-mixte\/"]}]},{"@type":"ImageObject","inLanguage":"fr-FR","@id":"https:\/\/juliedrnd.net\/blog\/articles\/deco-chambre-bebe-mixte\/#primaryimage","url":"https:\/\/juliedrnd.net\/blog\/wp-content\/uploads\/2026\/05\/sdxl-bd58a1425082c73be4daffced3690d36-scaled.png","contentUrl":"https:\/\/juliedrnd.net\/blog\/wp-content\/uploads\/2026\/05\/sdxl-bd58a1425082c73be4daffced3690d36-scaled.png","width":1200,"height":500},{"@type":"WebSite","@id":"https:\/\/juliedrnd.net\/blog\/#website","url":"https:\/\/juliedrnd.net\/blog\/","name":"juliedrnd.net","description":"Vivez, cr\u00e9ez, r\u00eavez.","publisher":{"@id":"https:\/\/juliedrnd.net\/blog\/#organization"},"alternateName":"Vivez, cr\u00e9ez, r\u00eavez.","potentialAction":[{"@type":"SearchAction","target":{"@type":"EntryPoint","urlTemplate":"https:\/\/juliedrnd.net\/blog\/?s={search_term_string}"},"query-input":{"@type":"PropertyValueSpecification","valueRequired":true,"valueName":"search_term_string"}}],"inLanguage":"fr-FR"},{"@type":"Organization","@id":"https:\/\/juliedrnd.net\/blog\/#organization","name":"Julie Drnd","url":"https:\/\/juliedrnd.net\/blog\/","logo":{"@type":"ImageObject","inLanguage":"fr-FR","@id":"https:\/\/juliedrnd.net\/blog\/#\/schema\/logo\/image\/","url":"https:\/\/juliedrnd.net\/blog\/wp-content\/uploads\/2024\/12\/15.png","contentUrl":"https:\/\/juliedrnd.net\/blog\/wp-content\/uploads\/2024\/12\/15.png","width":500,"height":500,"caption":"Julie Drnd"},"image":{"@id":"https:\/\/juliedrnd.net\/blog\/#\/schema\/logo\/image\/"}},{"@type":"Person","@id":"https:\/\/juliedrnd.net\/blog\/#\/schema\/person\/3c864cdc320801e3db34b663e7e3f816","name":"Elodie Mazeau","image":{"@type":"ImageObject","inLanguage":"fr-FR","@id":"https:\/\/juliedrnd.net\/blog\/#\/schema\/person\/image\/","url":"https:\/\/juliedrnd.net\/blog\/wp-content\/uploads\/2026\/06\/persona_elodie-m-96x96.jpg","contentUrl":"https:\/\/juliedrnd.net\/blog\/wp-content\/uploads\/2026\/06\/persona_elodie-m-96x96.jpg","caption":"Elodie Mazeau"},"description":"J'\u00e9cris sur la parentalit\u00e9 telle qu'elle se vit vraiment, du premier biberon aux premi\u00e8res col\u00e8res. Mes sujets de pr\u00e9dilection couvrent le quotidien des familles : sommeil, alimentation, organisation, pu\u00e9riculture et ces petites gal\u00e8res que tout parent conna\u00eet. Depuis plusieurs ann\u00e9es, je m'attache \u00e0 proposer des rep\u00e8res concrets plut\u00f4t que des le\u00e7ons, parce que chaque famille trouve son propre \u00e9quilibre. Je v\u00e9rifie mes informations aupr\u00e8s de sources fiables, surtout d\u00e8s qu'on touche \u00e0 la sant\u00e9 ou \u00e0 la s\u00e9curit\u00e9 de l'enfant, et je pr\u00e9cise quand un avis professionnel s'impose. J'\u00e9vite soigneusement la culpabilisation : \u00eatre parent est d\u00e9j\u00e0 assez exigeant. Mon ton se veut complice et bienveillant, un peu comme une discussion entre parents qui se comprennent. L'id\u00e9e est d'all\u00e9ger la charge mentale en donnant des solutions simples et test\u00e9es.","sameAs":["https:\/\/elodiemazeau.fr\/"],"url":"https:\/\/juliedrnd.net\/blog\/auteur\/noname\/"}]}},"_links":{"self":[{"href":"https:\/\/juliedrnd.net\/blog\/wp-json\/wp\/v2\/posts\/7722","targetHints":{"allow":["GET"]}}],"collection":[{"href":"https:\/\/juliedrnd.net\/blog\/wp-json\/wp\/v2\/posts"}],"about":[{"href":"https:\/\/juliedrnd.net\/blog\/wp-json\/wp\/v2\/types\/post"}],"author":[{"embeddable":true,"href":"https:\/\/juliedrnd.net\/blog\/wp-json\/wp\/v2\/users\/34"}],"replies":[{"embeddable":true,"href":"https:\/\/juliedrnd.net\/blog\/wp-json\/wp\/v2\/comments?post=7722"}],"version-history":[{"count":0,"href":"https:\/\/juliedrnd.net\/blog\/wp-json\/wp\/v2\/posts\/7722\/revisions"}],"wp:featuredmedia":[{"embeddable":true,"href":"https:\/\/juliedrnd.net\/blog\/wp-json\/wp\/v2\/media\/7783"}],"wp:attachment":[{"href":"https:\/\/juliedrnd.net\/blog\/wp-json\/wp\/v2\/media?parent=7722"}],"wp:term":[{"taxonomy":"category","embeddable":true,"href":"https:\/\/juliedrnd.net\/blog\/wp-json\/wp\/v2\/categories?post=7722"},{"taxonomy":"post_tag","embeddable":true,"href":"https:\/\/juliedrnd.net\/blog\/wp-json\/wp\/v2\/tags?post=7722"}],"curies":[{"name":"wp","href":"https:\/\/api.w.org\/{rel}","templated":true}]}}