{"id":7685,"date":"2026-02-16T09:33:00","date_gmt":"2026-02-16T08:33:00","guid":{"rendered":"https:\/\/juliedrnd.net\/blog\/?p=7685"},"modified":"2026-08-25T03:08:14","modified_gmt":"2026-08-25T01:08:14","slug":"sommeil-et-vitamine-d-le-lien-essentiel-pour-une-sante-optimale","status":"publish","type":"post","link":"https:\/\/juliedrnd.net\/blog\/alimentation-et-sante-des-enfants\/sommeil-et-vitamine-d-le-lien-essentiel-pour-une-sante-optimale\/","title":{"rendered":"Sommeil et vitamine D : le lien essentiel pour une sant\u00e9 optimale"},"content":{"rendered":"<h2>Sommeil et Vitamine D : Le Lien Essentiel pour une Meilleure Sant\u00e9<\/h2>\n<h2>Comprendre la vitamine D et son r\u00f4le dans l\u2019organisme<\/h2>\n<p>La <strong>vitamine D<\/strong> appartient au groupe des vitamines <strong>liposolubles<\/strong>, stock\u00e9es dans les tissus adipeux et le foie. Sur le plan biochimique, il s\u2019agit d\u2019une <u>pro-hormone st\u00e9ro\u00efdienne<\/u> : une fois synth\u00e9tis\u00e9e dans la peau ou apport\u00e9e par l\u2019alimentation, elle est transform\u00e9e dans le <strong>foie<\/strong> puis dans le <strong>rein<\/strong> en forme active, capable de se lier \u00e0 des r\u00e9cepteurs nucl\u00e9aires dans de nombreux organes. Deux formes principales sont d\u00e9crites :<\/p>\n<ul>\n<li><strong>Vitamine D2 (ergocalcif\u00e9rol)<\/strong> : produite par certaines plantes et champignons expos\u00e9s aux <strong>UVB<\/strong>.<\/li>\n<li><strong>Vitamine D3 (chol\u00e9calcif\u00e9rol)<\/strong> : synth\u00e9tis\u00e9e par la peau humaine sous l\u2019effet des rayons <strong>UVB<\/strong> et pr\u00e9sente dans les aliments d\u2019origine animale.<\/li>\n<\/ul>\n<p>Les travaux men\u00e9s depuis plus de vingt ans, notamment par des \u00e9quipes de recherche en <strong>\u00c9cosse<\/strong>, aux <strong>\u00c9tats-Unis<\/strong> et en <strong>France<\/strong>, montrent que la forme <strong>D3<\/strong> est <u>plus efficace pour augmenter et maintenir les taux sanguins de 25(OH)D<\/u>, ce qui en fait la r\u00e9f\u00e9rence des compl\u00e9ments alimentaires modernes, qu\u2019ils soient produits par des laboratoires comme <strong>Nutripure, sp\u00e9cialis\u00e9 en micronutrition<\/strong>, ou par des groupes pharmaceutiques plus g\u00e9n\u00e9ralistes.<\/p>\n<p>Sur le plan \u00ab\u00a0classique\u00a0\u00bb, la vitamine D r\u00e9gule le <strong>m\u00e9tabolisme du calcium et du phosphore<\/strong>. Elle augmente l\u2019absorption intestinale du calcium, favorise la <strong>min\u00e9ralisation osseuse<\/strong> et contribue \u00e0 la pr\u00e9vention du <strong>rachitisme<\/strong> chez l\u2019enfant, de l\u2019<strong>ost\u00e9omalacie<\/strong> et de l\u2019<strong>ost\u00e9oporose<\/strong> chez l\u2019adulte. Des travaux men\u00e9s au sein d\u2019organismes comme l\u2019<strong>Organisation mondiale de la Sant\u00e9 (OMS)<\/strong> ou la fondation am\u00e9ricaine <strong>National Osteoporosis Foundation<\/strong> ont montr\u00e9 qu\u2019un statut ad\u00e9quat en vitamine D r\u00e9duit le risque de fractures, en particulier chez les personnes \u00e2g\u00e9es.<\/p>\n<p>Mais la perspective a profond\u00e9ment chang\u00e9 depuis les ann\u00e9es <strong>2000<\/strong>, lorsque des \u00e9quipes de l\u2019<strong>Universit\u00e9 de S\u00e3o Paulo<\/strong> ou de l\u2019<strong>Universit\u00e9 de Boston<\/strong> ont mis en \u00e9vidence des r\u00e9cepteurs de la vitamine D dans des tissus non osseux. On parle d\u00e9sormais d\u2019<u>\u00ab hormone pl\u00e9iotropique \u00bb<\/u> car la vitamine D :<\/p>\n<ul>\n<li>module le <strong>syst\u00e8me immunitaire<\/strong>, en influen\u00e7ant l\u2019activit\u00e9 des lymphocytes T et B ;<\/li>\n<li>participe \u00e0 la <strong>r\u00e9ponse anti-inflammatoire<\/strong>, via la r\u00e9duction de cytokines pro-inflammatoires comme <strong>IL\u20111<\/strong> ou <strong>TNF\u2011\u03b1<\/strong> ;<\/li>\n<li>intervient dans la <strong>modulation de neurotransmetteurs<\/strong> tels que la <strong>s\u00e9rotonine<\/strong> et la <strong>dopamine<\/strong> ;<\/li>\n<li>agit sur la <u>r\u00e9gulation du sommeil<\/u> via ses r\u00e9cepteurs c\u00e9r\u00e9braux et la synth\u00e8se de <strong>m\u00e9latonine<\/strong>.<\/li>\n<\/ul>\n<p>Les r\u00e9cepteurs de la vitamine D, appel\u00e9s <strong>VDR (Vitamin D Receptor)<\/strong>, ont \u00e9t\u00e9 identifi\u00e9s dans plusieurs zones cl\u00e9s du <strong>syst\u00e8me nerveux central<\/strong> : <u>cortex pr\u00e9frontal, hippocampe, thalamus, hypothalamus, gyrus cingulaire, noyau caud\u00e9, substance noire<\/u>. Ces r\u00e9gions participent directement \u00e0 la r\u00e9gulation du cycle veille-sommeil, \u00e0 la gestion de l\u2019\u00e9veil, de l\u2019attention et \u00e0 l\u2019int\u00e9gration des signaux sensoriels. La pr\u00e9sence de ces r\u00e9cepteurs nous indique que la vitamine D n\u2019agit pas en p\u00e9riph\u00e9rie seulement, mais au c\u0153ur du cerveau qui pilote nos rythmes biologiques.<\/p>\n<p>Pour \u00e9valuer le statut en vitamine D, nous mesurons la <strong>25\u2011hydroxyvitamine D [25(OH)D]<\/strong> dans le sang. Les seuils couramment utilis\u00e9s, par des soci\u00e9t\u00e9s savantes comme l\u2019<strong>Endocrine Society<\/strong> aux <strong>\u00c9tats\u2011Unis<\/strong> ou la <strong>Soci\u00e9t\u00e9 Fran\u00e7aise d\u2019Endocrinologie<\/strong>, sont les suivants :<\/p>\n<ul>\n<li><u>Carence<\/u> : taux &lt; 20 ng\/mL (50 nmol\/L).<\/li>\n<li><u>Insuffisance<\/u> : taux entre 20 et 30 ng\/mL.<\/li>\n<li><u>Zone cible fonctionnelle<\/u> souvent propos\u00e9e : 30 \u00e0 50 ng\/mL, selon les auteurs.<\/li>\n<\/ul>\n<p>Ces seuils varient l\u00e9g\u00e8rement selon les recommandations nationales, mais l\u2019id\u00e9e centrale reste que <u>des valeurs inf\u00e9rieures \u00e0 30 ng\/mL sont fr\u00e9quemment associ\u00e9es \u00e0 un risque accru de troubles fonctionnels<\/u>, notamment au niveau immunitaire et du sommeil. Selon nous, consid\u00e9rer la vitamine D comme une <strong>hormone neuro\u2011immunomodulatrice<\/strong> est d\u00e9cisif pour comprendre pourquoi elle influence la <strong>s\u00e9rotonine<\/strong>, la <strong>m\u00e9latonine<\/strong> et, in fine, la qualit\u00e9 de nos nuits.<\/p>\n<h2>Comment la vitamine D influence-t-elle le sommeil ?<\/h2>\n<p>Depuis une quinzaine d\u2019ann\u00e9es, plusieurs \u00e9tudes observationnelles, conduites en <strong>Chine<\/strong>, aux <strong>\u00c9tats\u2011Unis<\/strong>, en <strong>Iran<\/strong> ou en <strong>Europe du Nord<\/strong>, ont mis en \u00e9vidence un lien entre <u>faibles taux de 25(OH)D<\/u> et <strong>troubles du sommeil<\/strong>. Chez pr\u00e8s de <strong>800 adolescents chinois<\/strong>, des chercheurs ont montr\u00e9 que ceux dont les taux de vitamine D \u00e9taient bas dormaient moins de 9 heures par nuit, avec davantage de r\u00e9veils nocturnes et un sommeil moins r\u00e9parateur. Une autre \u00e9tude men\u00e9e sur <strong>618 enfants de 10 \u00e0 12 ans<\/strong> a r\u00e9v\u00e9l\u00e9 qu\u2019une carence &lt; 20 ng\/mL augmentait de <u>73 % le risque de somnolence diurne excessive<\/u>, avec en moyenne <u>50 minutes de sommeil en moins par nuit<\/u> et une <u>efficacit\u00e9 de sommeil r\u00e9duite (84,5 % contre 91,9 %)<\/u>, mesur\u00e9es par polysomnographie.<\/p>\n<p>Chez l\u2019adulte, une revue de la litt\u00e9rature publi\u00e9e dans des revues sp\u00e9cialis\u00e9es en <strong>m\u00e9decine du sommeil<\/strong> a mis en \u00e9vidence une association entre d\u00e9ficit en vitamine D et :<\/p>\n<ul>\n<li><strong>insomnie<\/strong> et difficult\u00e9s d\u2019endormissement ;<\/li>\n<li><strong>sommeil fragment\u00e9<\/strong> avec micro\u2011r\u00e9veils r\u00e9p\u00e9t\u00e9s ;<\/li>\n<li><strong>somnolence diurne<\/strong> et baisse de vigilance ;<\/li>\n<li>risque accru d\u2019<strong>apn\u00e9e obstructive du sommeil (OSA)<\/strong>.<\/li>\n<\/ul>\n<p>Un travail interventionnel particuli\u00e8rement cit\u00e9 est l\u2019\u00e9tude iranienne randomis\u00e9e men\u00e9e sur <strong>89 participants<\/strong> souffrant de mauvaise qualit\u00e9 de sommeil, \u00e9valu\u00e9e par le <strong>Pittsburgh Sleep Quality Index (PSQI)<\/strong>. Les sujets ayant re\u00e7u une suppl\u00e9mentation en <strong>vitamine D3<\/strong> pendant plusieurs semaines ont pr\u00e9sent\u00e9 :<\/p>\n<ul>\n<li>une <u>diminution significative du score PSQI<\/u>, signe d\u2019une meilleure qualit\u00e9 de sommeil ;<\/li>\n<li>un <u>d\u00e9lai d\u2019endormissement r\u00e9duit<\/u> ;<\/li>\n<li>une <u>dur\u00e9e totale de sommeil augment\u00e9e<\/u> ;<\/li>\n<li>une perception globale d\u2019un sommeil plus profond et plus r\u00e9cup\u00e9rateur.<\/li>\n<\/ul>\n<p>Une \u00e9tude publi\u00e9e en <strong>2020<\/strong> dans le <strong>Journal of Clinical Sleep Medicine<\/strong> a, de son c\u00f4t\u00e9, montr\u00e9 qu\u2019un manque de vitamine D \u00e9tait associ\u00e9 \u00e0 une <u>somnolence diurne accrue<\/u> et \u00e0 une vigilance r\u00e9duite. Ce lien persiste m\u00eame apr\u00e8s ajustement pour l\u2019\u00e2ge, le poids et certains facteurs de style de vie, ce qui renforce l\u2019hypoth\u00e8se d\u2019un r\u00f4le direct de la vitamine D sur les r\u00e9seaux neuronaux de l\u2019\u00e9veil.<\/p>\n<p>La relation entre vitamine D et <strong>apn\u00e9e obstructive du sommeil<\/strong> est particuli\u00e8rement \u00e9tudi\u00e9e. Des \u00e9quipes en <strong>Italie<\/strong> et aux <strong>\u00c9tats\u2011Unis<\/strong> ont observ\u00e9 que les patients pr\u00e9sentant une OSA avaient souvent des taux de 25(OH)D plus bas que la population g\u00e9n\u00e9rale. Les m\u00e9canismes propos\u00e9s incluent :<\/p>\n<ul>\n<li>une <strong>inflammation chronique de la muqueuse nasale<\/strong>, favoris\u00e9e par le d\u00e9ficit en vitamine D ;<\/li>\n<li>une <strong>hypertrophie des amygdales<\/strong> chez certains sujets ;<\/li>\n<li>une d\u00e9r\u00e9gulation de m\u00e9diateurs comme la <strong>prostaglandine D2<\/strong>, impliqu\u00e9e dans la r\u00e9gulation du sommeil.<\/li>\n<\/ul>\n<p>\u00c0 nos yeux, la vitamine D agit comme un <u>\u00ab\u00a0modulateur en r\u00e9seau\u00a0\u00bb du sommeil<\/u>, en influen\u00e7ant simultan\u00e9ment :<\/p>\n<ul>\n<li>l\u2019<strong>inflammation syst\u00e9mique et c\u00e9r\u00e9brale<\/strong> ;<\/li>\n<li>la <strong>respiration nocturne<\/strong> et la perm\u00e9abilit\u00e9 des voies a\u00e9riennes ;<\/li>\n<li>la <strong>structure du sommeil<\/strong> (proportion de sommeil profond, fragmentation) ;<\/li>\n<li>la <strong>capacit\u00e9 de r\u00e9cup\u00e9ration<\/strong> apr\u00e8s les efforts physiques et mentaux.<\/li>\n<\/ul>\n<p>Relier ces \u00e9l\u00e9ments \u00e0 une hygi\u00e8ne de sommeil globale, \u00e0 la gestion du stress ou \u00e0 la prise en charge de l\u2019<strong>apn\u00e9e du sommeil<\/strong> nous semble essentiel pour une approche r\u00e9ellement int\u00e9grative.<\/p>\n<h2>Carence en vitamine D : causes et cons\u00e9quences sur le sommeil<\/h2>\n<p>La carence en vitamine D est aujourd\u2019hui consid\u00e9r\u00e9e comme un <u>probl\u00e8me de sant\u00e9 publique mondial<\/u>, touchant une part significative de la population, y compris dans des pays ensoleill\u00e9s. Les causes sont bien identifi\u00e9es :<\/p>\n<ul>\n<li><strong>Manque d\u2019exposition solaire<\/strong> : vie en int\u00e9rieur, travail de bureau, d\u00e9placements en voiture, urbanisation croissante.<\/li>\n<li><strong>Latitude et saison<\/strong> : dans les pays situ\u00e9s au\u2011del\u00e0 de 35\u00b0 de latitude, comme la <strong>France m\u00e9tropolitaine<\/strong>, le <strong>Canada<\/strong> ou l\u2019<strong>Allemagne<\/strong>, la synth\u00e8se cutan\u00e9e est tr\u00e8s r\u00e9duite de <u>novembre \u00e0 mars<\/u>.<\/li>\n<li><strong>Phototype<\/strong> : une peau fonc\u00e9e met plus de temps \u00e0 produire de la vitamine D.<\/li>\n<li><strong>\u00c2ge<\/strong> : la capacit\u00e9 de synth\u00e8se cutan\u00e9e diminue progressivement apr\u00e8s 60 ans.<\/li>\n<li><strong>Surpoids et ob\u00e9sit\u00e9<\/strong> : la vitamine D, liposoluble, est davantage stock\u00e9e dans le tissu adipeux, ce qui diminue sa disponibilit\u00e9 circulante.<\/li>\n<li><strong>Alimentation pauvre en vitamine D<\/strong> : consommation limit\u00e9e de poissons gras, d\u2019\u0153ufs ou de produits enrichis.<\/li>\n<li><strong>Troubles d\u2019absorption intestinale<\/strong> : maladies comme la <strong>maladie c\u0153liaque<\/strong>, la <strong>maladie de Crohn<\/strong> ou certaines chirurgies bariatriques.<\/li>\n<li><strong>M\u00e9dicaments<\/strong> : certains anti\u00e9pileptiques, glucocortico\u00efdes ou antir\u00e9troviraux modifient le m\u00e9tabolisme de la vitamine D.<\/li>\n<\/ul>\n<p>Les donn\u00e9es de grandes enqu\u00eates men\u00e9es aux <strong>\u00c9tats\u2011Unis<\/strong> (programme <strong>NHANES<\/strong>), en <strong>Europe<\/strong> et au <strong>Moyen\u2011Orient<\/strong> sugg\u00e8rent qu\u2019<u>entre 30 et 60 % des adultes ont un taux de 25(OH)D inf\u00e9rieur \u00e0 30 ng\/mL<\/u>, avec des variations selon la r\u00e9gion, la saison et les habitudes de vie. En <strong>France<\/strong>, la <strong>Haute Autorit\u00e9 de Sant\u00e9 (HAS)<\/strong> a d\u00e9j\u00e0 soulign\u00e9 la fr\u00e9quence des taux &lt; 20 ng\/mL chez les personnes \u00e2g\u00e9es, les sujets institutionnalis\u00e9s et certaines populations \u00e0 risque.<\/p>\n<p>Les cons\u00e9quences sur le sommeil sont multiples. Plusieurs travaux cliniques indiquent qu\u2019un taux &lt; 20 ng\/mL est associ\u00e9 \u00e0 :<\/p>\n<ul>\n<li>un <strong>risque accru d\u2019insomnie<\/strong> et de difficult\u00e9s d\u2019endormissement ;<\/li>\n<li>un <strong>sommeil non r\u00e9parateur<\/strong> et une <u>dur\u00e9e de sommeil r\u00e9duite<\/u> ;<\/li>\n<li>une <strong>somnolence diurne excessive<\/strong> et une baisse des performances cognitives ;<\/li>\n<li>une probabilit\u00e9 plus \u00e9lev\u00e9e d\u2019<strong>apn\u00e9e obstructive du sommeil<\/strong> ;<\/li>\n<li>un <u>d\u00e9r\u00e8glement des cycles veille\u2011sommeil<\/u>, parfois associ\u00e9 \u00e0 des troubles de l\u2019humeur.<\/li>\n<\/ul>\n<p>Certaines \u00e9tudes chiffrent cet impact : chez des patients carenc\u00e9s, les chercheurs ont observ\u00e9 une <u>r\u00e9duction de pr\u00e8s d\u2019une heure de sommeil nocturne<\/u>, une <u>efficacit\u00e9 de sommeil diminu\u00e9e<\/u> et un endormissement retard\u00e9. \u00c0 ce tableau s\u2019ajoutent des cons\u00e9quences globales bien document\u00e9es : fatigue chronique, susceptibilit\u00e9 accrue aux infections respiratoires, douleurs musculaires et articulaires, risque major\u00e9 de <strong>maladies inflammatoires<\/strong> et de pathologies m\u00e9taboliques, comme le <strong>diab\u00e8te de type 2<\/strong>. Dans le domaine de la douleur chronique, une revue publi\u00e9e par une \u00e9quipe de l\u2019<strong>Universit\u00e9 f\u00e9d\u00e9rale de S\u00e3o Paulo<\/strong> en lien avec la <strong>fibromyalgie<\/strong> a montr\u00e9 qu\u2019une association \u00ab\u00a0<u>vitamine D + hygi\u00e8ne du sommeil<\/u>\u00a0\u00bb pouvait aider \u00e0 mieux g\u00e9rer l\u2019hyperalg\u00e9sie et la fatigue.<\/p>\n<p>Nous sommes face \u00e0 un v\u00e9ritable <u>cercle vicieux<\/u> : d\u00e9ficit en vitamine D, sommeil de mauvaise qualit\u00e9, augmentation de l\u2019inflammation et de la douleur, fatigue diurne, moindre envie de sortir et de s\u2019exposer \u00e0 la lumi\u00e8re naturelle, aggravation de la carence. Rompre ce cycle demande une strat\u00e9gie combinant exposition solaire, apports alimentaires et mesure objective du statut vitaminique.<\/p>\n<h2>Strat\u00e9gies pour augmenter son taux de vitamine D<\/h2>\n<p>Pour optimiser notre statut en vitamine D, nous disposons de trois leviers compl\u00e9mentaires : <strong>l\u2019exposition solaire ma\u00eetris\u00e9e<\/strong>, une <strong>alimentation cibl\u00e9e<\/strong> et, quand c\u2019est n\u00e9cessaire, une <strong>suppl\u00e9mentation adapt\u00e9e<\/strong>. L\u2019enjeu est de trouver un \u00e9quilibre entre production cutan\u00e9e suffisante et protection de la peau, sous contr\u00f4le m\u00e9dical.<\/p>\n<ul>\n<li><strong>Exposition au soleil<\/strong> : en zone temp\u00e9r\u00e9e comme la <strong>France m\u00e9tropolitaine<\/strong> ou le <strong>sud du Canada<\/strong>, une exposition des bras et des jambes, sans \u00e9cran total, de <u>10 \u00e0 30 minutes, 2 \u00e0 3 fois par semaine<\/u>, entre la fin de matin\u00e9e et le milieu d\u2019apr\u00e8s\u2011midi, au printemps et en \u00e9t\u00e9, peut suffire pour de nombreux adultes \u00e0 phototype clair. Pour les peaux plus fonc\u00e9es, la dur\u00e9e n\u00e9cessaire augmente. Nous devons, en parall\u00e8le, respecter les recommandations de dermatologie pour r\u00e9duire le risque de cancers cutan\u00e9s, notamment lors des heures de fort ensoleillement.<\/li>\n<li><strong>Alimentation<\/strong> : m\u00eame si elle couvre rarement tous les besoins, elle reste indispensable. Les apports les plus significatifs proviennent :<\/li>\n<\/ul>\n<ul>\n<li>des <strong>poissons gras<\/strong> comme le saumon de l\u2019<strong>Atlantique Nord<\/strong>, le maquereau ou les sardines, avec parfois plus de <u>400 UI de vitamine D pour 100 g<\/u> ;<\/li>\n<li>de l\u2019<strong>huile de foie de morue<\/strong>, utilis\u00e9e de longue date en <strong>Europe du Nord<\/strong> ;<\/li>\n<li>des <strong>jaunes d\u2019\u0153ufs<\/strong> issus de poules \u00e9lev\u00e9es en plein air ;<\/li>\n<li>des <strong>produits laitiers enrichis<\/strong> en vitamine D, largement disponibles en grande distribution ;<\/li>\n<li>de certains <strong>champignons expos\u00e9s aux UV<\/strong>, dont la teneur peut \u00eatre int\u00e9ressante dans les r\u00e9gimes v\u00e9g\u00e9tariens.<\/li>\n<\/ul>\n<p>La suppl\u00e9mentation repose surtout sur la <strong>vitamine D3 (chol\u00e9calcif\u00e9rol)<\/strong>, plus efficace que la <strong>D2<\/strong> pour augmenter les concentrations de 25(OH)D. Les laboratoires de micronutrition et les groupes pharmaceutiques proposent aujourd\u2019hui un large \u00e9ventail de formulations :<\/p>\n<ul>\n<li><strong>gouttes huileuses<\/strong> adapt\u00e9es aux prises quotidiennes ou hebdomadaires ;<\/li>\n<li><strong>g\u00e9lules ou capsules<\/strong> contenant de la vitamine D3 seule ou associ\u00e9e \u00e0 de la <strong>vitamine K2<\/strong> ;<\/li>\n<li><strong>ampoules buvables<\/strong> \u00e0 dose mensuelle, utilis\u00e9es depuis longtemps en m\u00e9decine g\u00e9n\u00e9rale ;<\/li>\n<li><strong>gummies de vitamine D<\/strong>, formats mastiquables appr\u00e9ci\u00e9s pour leur facilit\u00e9 de prise, notamment chez les adolescents et les adultes r\u00e9ticents aux comprim\u00e9s.<\/li>\n<\/ul>\n<p>Nous recommandons de ne pas engager de suppl\u00e9mentation significative sans <u>dosage sanguin pr\u00e9alable<\/u> de la 25(OH)D et sans avis d\u2019un <strong>professionnel de sant\u00e9<\/strong>, particuli\u00e8rement en cas de pathologie chronique (insuffisance r\u00e9nale, maladies endocriniennes, sarco\u00efdose) ou de prise de m\u00e9dicaments interagissant avec le m\u00e9tabolisme phosphocalcique. L\u2019ajustement de la dose, qui peut aller, selon les pays et les situations, de <u>800 \u00e0 2000 UI\/jour<\/u> pour des adultes \u00e0 risque mod\u00e9r\u00e9, doit se faire au cas par cas.<\/p>\n<p>Les synergies nutritionnelles jouent un r\u00f4le non n\u00e9gligeable. La vitamine D agit en interaction avec :<\/p>\n<ul>\n<li>le <strong>magn\u00e9sium<\/strong>, impliqu\u00e9 dans plus de 300 r\u00e9actions enzymatiques, dont celles li\u00e9es \u00e0 la relaxation musculaire et \u00e0 la synth\u00e8se de m\u00e9latonine ;<\/li>\n<li>la <strong>vitamine K2<\/strong>, qui oriente le calcium vers l\u2019os plut\u00f4t que vers les tissus mous ;<\/li>\n<li>le <strong>calcium<\/strong>, \u00e9videmment, pour la solidit\u00e9 osseuse mais aussi pour la contraction musculaire.<\/li>\n<\/ul>\n<p>Des travaux publi\u00e9s dans les ann\u00e9es <strong>2010<\/strong> et confirm\u00e9s depuis sugg\u00e8rent qu\u2019une suppl\u00e9mentation en vitamine D, lorsque la carence est av\u00e9r\u00e9e, <u>am\u00e9liore la qualit\u00e9 du sommeil<\/u> dans plusieurs populations, en r\u00e9duisant le d\u00e9lai d\u2019endormissement et en augmentant la dur\u00e9e totale de sommeil. Nous consid\u00e9rons que l\u2019association \u00ab\u00a0statut vitaminique optimis\u00e9 + hygi\u00e8ne de sommeil adapt\u00e9e\u00a0\u00bb offre un potentiel de b\u00e9n\u00e9fice r\u00e9el, \u00e0 un co\u00fbt mod\u00e9r\u00e9 et avec un profil de s\u00e9curit\u00e9 satisfaisant sous suivi m\u00e9dical.<\/p>\n<h2>Vitamine D, s\u00e9rotonine et m\u00e9latonine : le pont hormonal du sommeil<\/h2>\n<p>Pour comprendre le lien intime entre vitamine D et sommeil, nous devons nous int\u00e9resser \u00e0 la <strong>m\u00e9latonine<\/strong>, hormone produite principalement par la <strong>glande pin\u00e9ale<\/strong>. Cette hormone, synth\u00e9tis\u00e9e \u00e0 partir de la <strong>s\u00e9rotonine<\/strong>, elle\u2011m\u00eame issue du <strong>tryptophane<\/strong>, est s\u00e9cr\u00e9t\u00e9e en r\u00e9ponse \u00e0 l\u2019obscurit\u00e9. Elle agit comme un <u>chef d\u2019orchestre du rythme circadien<\/u>, synchronisant le cycle veille\u2011sommeil, la temp\u00e9rature corporelle, la pression art\u00e9rielle nocturne et plusieurs s\u00e9cr\u00e9tions hormonales.<\/p>\n<ul>\n<li><strong>R\u00f4le dans le sommeil<\/strong> : la m\u00e9latonine facilite l\u2019endormissement, avance le d\u00e9but du sommeil, r\u00e9duit la latence d\u2019endormissement et stabilise les rythmes veille\u2011sommeil.<\/li>\n<li><strong>R\u00e9gulation circadienne<\/strong> : sa s\u00e9cr\u00e9tion nocturne, sous le contr\u00f4le du <strong>noyau suprachiasmatique<\/strong> de l\u2019hypothalamus, permet \u00e0 l\u2019organisme de s\u2019ajuster \u00e0 l\u2019alternance jour\u2011nuit.<\/li>\n<\/ul>\n<p>La vitamine D intervient \u00e0 plusieurs niveaux de cette cha\u00eene. Des travaux en neurobiologie ont montr\u00e9 qu\u2019elle active des enzymes comme <strong>TPH2<\/strong> dans le cerveau et <strong>TPH1<\/strong> dans la glande pin\u00e9ale, impliqu\u00e9es dans la transformation du <strong>tryptophane<\/strong> en <strong>s\u00e9rotonine<\/strong>. Une carence en vitamine D r\u00e9duit cette conversion, ce qui conduit \u00e0 une production moindre de s\u00e9rotonine, puis de m\u00e9latonine. Le sch\u00e9ma peut se r\u00e9sumer ainsi : <u>pas assez de vitamine D = moins de s\u00e9rotonine = moins de m\u00e9latonine = sommeil perturb\u00e9<\/u>.<\/p>\n<p>Ce d\u00e9ficit de s\u00e9rotonine a un autre impact : cette mol\u00e9cule est un r\u00e9gulateur majeur de l\u2019<strong>humeur<\/strong>. De nombreuses \u00e9tudes en psychiatrie, conduites notamment \u00e0 l\u2019<strong>Universit\u00e9 de Toronto<\/strong> ou au <strong>King\u2019s College London<\/strong>, ont explor\u00e9 le lien entre <strong>vitamine D<\/strong>, <strong>d\u00e9pression<\/strong> et <strong>anxi\u00e9t\u00e9<\/strong>. Les r\u00e9sultats restent parfois contrast\u00e9s, toutes les \u00e9tudes ne retrouvant pas une association forte, mais plusieurs m\u00e9ta\u2011analyses sugg\u00e8rent qu\u2019un statut insuffisant pourrait contribuer \u00e0 des troubles de l\u2019humeur, eux\u2011m\u00eames fortement corr\u00e9l\u00e9s \u00e0 l\u2019insomnie et \u00e0 la fragmentation du sommeil. \u00c0 notre avis, n\u00e9gliger cette dimension serait une erreur dans la prise en charge globale des troubles du sommeil.<\/p>\n<p>Pour soutenir naturellement la production de m\u00e9latonine, il est pertinent d\u2019agir sur notre hygi\u00e8ne de vie :<\/p>\n<ul>\n<li><strong>Exposition \u00e0 la lumi\u00e8re naturelle le matin<\/strong> pour synchroniser l\u2019horloge biologique.<\/li>\n<li><strong>R\u00e9duction des \u00e9crans le soir<\/strong>, surtout des LED riches en lumi\u00e8re bleue, qui inhibent la m\u00e9latonine.<\/li>\n<li><strong>Obscurit\u00e9 r\u00e9elle dans la chambre<\/strong>, en limitant les sources lumineuses r\u00e9siduelles.<\/li>\n<li><strong>Horaires de coucher r\u00e9guliers<\/strong>, m\u00eame le week\u2011end.<\/li>\n<li><strong>Alimentation riche en tryptophane<\/strong> : \u0153ufs, produits laitiers, noix, graines, l\u00e9gumineuses, int\u00e9gr\u00e9s au repas du soir.<\/li>\n<li><strong>Compl\u00e9ments de m\u00e9latonine<\/strong> possibles, sur avis m\u00e9dical, pour certaines indications (travail de nuit, jet lag, insomnie initiale).<\/li>\n<\/ul>\n<p>L\u2019interaction entre vitamine D, s\u00e9rotonine, m\u00e9latonine et humeur illustre la dimension syst\u00e9mique du sommeil, \u00e0 la crois\u00e9e de la chronobiologie, de la nutrition et de la psychiatrie.<\/p>\n<h2>Meilleures pratiques pour un sommeil de qualit\u00e9, soutenu par la vitamine D<\/h2>\n<p>Optimiser le taux de vitamine D ne remplace pas une <strong>hygi\u00e8ne du sommeil<\/strong> structur\u00e9e. Les donn\u00e9es disponibles sugg\u00e8rent plut\u00f4t un effet \u00ab\u00a0amplificateur\u00a0\u00bb : lorsque le statut vitaminique est correct, les r\u00e8gles classiques du sommeil portent mieux leurs fruits. Nous pouvons agir sur plusieurs leviers comportementaux :<\/p>\n<ul>\n<li><strong>Environnement de sommeil<\/strong> : chambre fra\u00eeche (environ 18\u201119 ?C), silencieuse, obscure, avec une literie adapt\u00e9e. Les fabricants comme <strong>Tempur, sp\u00e9cialiste de la mousse visco\u00e9lastique<\/strong>, se sont appuy\u00e9s sur ces recommandations pour concevoir des matelas et oreillers visant \u00e0 limiter les micro\u2011r\u00e9veils li\u00e9s \u00e0 l\u2019inconfort.<\/li>\n<li><strong>Routine r\u00e9guli\u00e8re<\/strong> : horaires de coucher et de lever stables, rituel apaisant avant le sommeil (lecture, respiration lente, m\u00e9ditation guid\u00e9e), \u00e9loignement des \u00e9crans au moins une heure avant le coucher.<\/li>\n<li><strong>Mode de vie actif<\/strong> : activit\u00e9 physique r\u00e9guli\u00e8re, id\u00e9alement en ext\u00e9rieur, afin de stimuler \u00e0 la fois la synth\u00e8se de vitamine D et la pression de sommeil hom\u00e9ostatique. Les recommandations de l\u2019<strong>OMS<\/strong> pr\u00e9conisent au moins <u>150 minutes d\u2019activit\u00e9 physique mod\u00e9r\u00e9e par semaine<\/u>.<\/li>\n<li><strong>Alimentation<\/strong> : repas du soir l\u00e9ger, riche en l\u00e9gumes, en sources de tryptophane (\u0153ufs, l\u00e9gumineuses) et incluant des aliments riches en vitamine D, comme un filet de saumon ou des sardines, en association avec du magn\u00e9sium (ol\u00e9agineux, cacao peu sucr\u00e9).<\/li>\n<li><strong>R\u00e9duction de la caf\u00e9ine, de l\u2019alcool et du tabac<\/strong>, surtout en fin de journ\u00e9e, qui perturbent la structure du sommeil et aggravent les apn\u00e9es.<\/li>\n<\/ul>\n<p>Des observations cliniques rapport\u00e9es par des praticiens en <strong>m\u00e9decine du sommeil<\/strong> et en <strong>rhumatologie<\/strong> font \u00e9tat de patients carenc\u00e9s en vitamine D qui, apr\u00e8s correction de leur d\u00e9ficit, d\u00e9crivent :<\/p>\n<ul>\n<li>moins de r\u00e9veils nocturnes ;<\/li>\n<li>une meilleure sensation de r\u00e9cup\u00e9ration au r\u00e9veil ;<\/li>\n<li>une r\u00e9duction de la somnolence diurne ;<\/li>\n<li>une att\u00e9nuation de douleurs diffuses, notamment dans le contexte de <strong>fibromyalgie<\/strong>.<\/li>\n<\/ul>\n<p>Une revue parue sur un site de veille m\u00e9dicale comme <strong>Sant\u00e9 log<\/strong> a mis en avant l\u2019int\u00e9r\u00eat de combiner <u>suppl\u00e9mentation en vitamine D<\/u> et <u>am\u00e9lioration de l\u2019hygi\u00e8ne du sommeil<\/u> pour la gestion de la douleur chronique. Notre avis est que cette approche combin\u00e9e, \u00e0 faible risque, m\u00e9rite d\u2019\u00eatre discut\u00e9e avec le m\u00e9decin traitant d\u00e8s lors qu\u2019une fatigue inexpliqu\u00e9e, une insomnie persistante ou des douleurs chroniques s\u2019associent \u00e0 un mode de vie peu expos\u00e9 au soleil.<\/p>\n<p>Nous pouvons, tr\u00e8s concr\u00e8tement, engager d\u00e8s maintenant quelques changements :<\/p>\n<ul>\n<li>surveiller notre temps quotidien pass\u00e9 au grand air, surtout au milieu de la journ\u00e9e lorsque la m\u00e9t\u00e9o le permet ;<\/li>\n<li>demander un <strong>dosage sanguin de 25(OH)D<\/strong> lors d\u2019un bilan de sant\u00e9, en particulier en fin d\u2019hiver ;<\/li>\n<li>noter dans un carnet ou une application d\u00e9di\u00e9e (certaines solutions de suivi du sommeil, comme celles int\u00e9gr\u00e9es dans les montres connect\u00e9es de <strong>Garmin<\/strong> ou <strong>Apple<\/strong>, y contribuent) l\u2019\u00e9volution de la qualit\u00e9 de notre sommeil apr\u00e8s d\u2019\u00e9ventuels ajustements en vitamine D ;<\/li>\n<li>\u00e9changer avec le m\u00e9decin sur la possibilit\u00e9 d\u2019une suppl\u00e9mentation structur\u00e9e, adapt\u00e9e \u00e0 notre profil.<\/li>\n<\/ul>\n<h2>Conclusion : optimiser son sommeil gr\u00e2ce \u00e0 une vitamine D bien g\u00e9r\u00e9e<\/h2>\n<p>Nous disposons aujourd\u2019hui d\u2019un faisceau de donn\u00e9es convergentes montrant que le lien entre <strong>sommeil<\/strong> et <strong>vitamine D<\/strong> d\u00e9passe largement le cadre th\u00e9orique. Cette vitamine, longtemps cantonn\u00e9e au statut de \u00ab\u00a0vitamine des os\u00a0\u00bb, appara\u00eet comme une <u>actrice \u00e0 part enti\u00e8re du sommeil<\/u>, via ses r\u00e9cepteurs c\u00e9r\u00e9braux, son impact sur la <strong>m\u00e9latonine<\/strong>, la modulation de l\u2019<strong>inflammation<\/strong> et le soutien du <strong>syst\u00e8me immunitaire<\/strong>. Les r\u00e9cepteurs VDR pr\u00e9sents dans des zones cl\u00e9s du cerveau, les \u00e9tudes interventionnelles comme celle men\u00e9e en <strong>Iran<\/strong> sur <strong>89 participants<\/strong>, ou encore les travaux publi\u00e9s dans le <strong>Journal of Clinical Sleep Medicine<\/strong> sur la somnolence diurne, dessinent une image coh\u00e9rente : <u>un bon statut en vitamine D favorise un sommeil de meilleure qualit\u00e9<\/u>.<\/p>\n<p>\u00c0 l\u2019inverse, la carence en vitamine D, fr\u00e9quente \u00e0 l\u2019\u00e9chelle mondiale, peut contribuer \u00e0 un <strong>sommeil alt\u00e9r\u00e9<\/strong>, \u00e0 une <strong>somnolence diurne accrue<\/strong>, \u00e0 l\u2019aggravation de troubles comme l\u2019<strong>apn\u00e9e obstructive du sommeil<\/strong> et \u00e0 une d\u00e9t\u00e9rioration globale de la sant\u00e9. Nous sommes convaincus que combiner un <u>statut vitaminique optimis\u00e9<\/u> \u2013 via l\u2019exposition solaire mesur\u00e9e, l\u2019alimentation et, si besoin, la suppl\u00e9mentation raisonn\u00e9e \u2013 avec une <u>hygi\u00e8ne de sommeil rigoureuse<\/u> repr\u00e9sente une strat\u00e9gie accessible, fond\u00e9e sur des donn\u00e9es scientifiques, pour am\u00e9liorer durablement la qualit\u00e9 du sommeil et le bien\u2011\u00eatre.<\/p>\n<p>Nous vous invitons \u00e0 :<\/p>\n<ul>\n<li>aborder avec votre <strong>m\u00e9decin traitant<\/strong> ou votre <strong>sp\u00e9cialiste du sommeil<\/strong> la question d\u2019un dosage de vitamine D, surtout si vous souffrez de troubles du sommeil persistants, de fatigue chronique ou de pathologies inflammatoires ;<\/li>\n<li>r\u00e9fl\u00e9chir \u00e0 vos habitudes de lumi\u00e8re, d\u2019activit\u00e9 physique et d\u2019alimentation, en identifiant les marges de progression r\u00e9alistes ;<\/li>\n<li>partager vos exp\u00e9riences d\u2019ajustement de vitamine D et d\u2019am\u00e9lioration du sommeil, pour enrichir le retour d\u2019exp\u00e9rience collectif autour de cette hormone essentielle.<\/li>\n<\/ul>\n<p>En travaillant conjointement sur la <strong>vitamine D<\/strong>, la <strong>m\u00e9latonine<\/strong> et l\u2019<strong>hygi\u00e8ne de vie<\/strong>, nous disposons d\u2019un levier puissant, souvent sous\u2011estim\u00e9, pour reprendre la main sur nos nuits et, par ricochet, sur notre \u00e9nergie au quotidien.<\/p>\n","protected":false},"excerpt":{"rendered":"","protected":false},"author":34,"featured_media":7687,"comment_status":"open","ping_status":"open","sticky":false,"template":"","format":"standard","meta":{"_acf_changed":false,"manual_indexmenow":false,"indexmenow_id_project":0,"footnotes":""},"categories":[4523],"tags":[4762,4739,4761],"class_list":["post-7685","post","type-post","status-publish","format-standard","has-post-thumbnail","hentry","category-alimentation-et-sante-des-enfants","tag-sante-optimale","tag-sommeil","tag-vitamine-d","generate-columns","tablet-grid-50","mobile-grid-100","grid-parent","grid-25"],"acf":[],"yoast_head":"<!-- This site is optimized with the Yoast SEO Premium plugin v21.3 (Yoast SEO v25.6) - https:\/\/yoast.com\/wordpress\/plugins\/seo\/ -->\n<title>Sommeil et vitamine D : le lien essentiel pour une sant\u00e9<\/title>\n<meta name=\"description\" content=\"La vitamine D appartient au groupe des vitamines liposolubles, stock\u00e9es dans les tissus adipeux et le foie. Sur le plan biochimique, il s\u2019agit d\u2019une\" \/>\n<meta name=\"robots\" content=\"index, follow, max-snippet:-1, max-image-preview:large, max-video-preview:-1\" \/>\n<link rel=\"canonical\" href=\"https:\/\/juliedrnd.net\/blog\/alimentation-et-sante-des-enfants\/sommeil-et-vitamine-d-le-lien-essentiel-pour-une-sante-optimale\/\" \/>\n<meta property=\"og:locale\" content=\"fr_FR\" \/>\n<meta property=\"og:type\" content=\"article\" \/>\n<meta property=\"og:title\" content=\"Sommeil et vitamine D : le lien essentiel pour une sant\u00e9\" \/>\n<meta property=\"og:description\" content=\"La vitamine D appartient au groupe des vitamines liposolubles, stock\u00e9es dans les tissus adipeux et le foie. Sur le plan biochimique, il s\u2019agit d\u2019une\" \/>\n<meta property=\"og:url\" content=\"https:\/\/juliedrnd.net\/blog\/alimentation-et-sante-des-enfants\/sommeil-et-vitamine-d-le-lien-essentiel-pour-une-sante-optimale\/\" \/>\n<meta property=\"og:site_name\" content=\"juliedrnd\" \/>\n<meta property=\"og:image\" content=\"https:\/\/juliedrnd.net\/blog\/wp-content\/uploads\/2025\/12\/pag-image-693ab035e941e-scaled.png\" \/>\n\t<meta property=\"og:image:width\" content=\"1200\" \/>\n\t<meta property=\"og:image:height\" content=\"686\" \/>\n\t<meta property=\"og:image:type\" content=\"image\/png\" \/>\n<meta name=\"author\" content=\"Elodie Mazeau\" \/>\n<meta name=\"twitter:card\" content=\"summary_large_image\" \/>\n<script type=\"application\/ld+json\" class=\"yoast-schema-graph\">{\"@context\":\"https:\/\/schema.org\",\"@graph\":[{\"@type\":\"NewsArticle\",\"@id\":\"https:\/\/juliedrnd.net\/blog\/alimentation-et-sante-des-enfants\/sommeil-et-vitamine-d-le-lien-essentiel-pour-une-sante-optimale\/#article\",\"isPartOf\":{\"@id\":\"https:\/\/juliedrnd.net\/blog\/alimentation-et-sante-des-enfants\/sommeil-et-vitamine-d-le-lien-essentiel-pour-une-sante-optimale\/\"},\"author\":{\"name\":\"Elodie Mazeau\",\"@id\":\"https:\/\/juliedrnd.net\/blog\/#\/schema\/person\/3c864cdc320801e3db34b663e7e3f816\"},\"headline\":\"Sommeil et vitamine D : le lien essentiel pour une sant\u00e9 optimale\",\"datePublished\":\"2026-02-16T08:33:00+00:00\",\"dateModified\":\"2026-08-25T01:08:14+00:00\",\"mainEntityOfPage\":{\"@id\":\"https:\/\/juliedrnd.net\/blog\/alimentation-et-sante-des-enfants\/sommeil-et-vitamine-d-le-lien-essentiel-pour-une-sante-optimale\/\"},\"wordCount\":3837,\"commentCount\":0,\"publisher\":{\"@id\":\"https:\/\/juliedrnd.net\/blog\/#organization\"},\"image\":{\"@id\":\"https:\/\/juliedrnd.net\/blog\/alimentation-et-sante-des-enfants\/sommeil-et-vitamine-d-le-lien-essentiel-pour-une-sante-optimale\/#primaryimage\"},\"thumbnailUrl\":\"https:\/\/juliedrnd.net\/blog\/wp-content\/uploads\/2025\/12\/pag-image-693ab035e941e-scaled.png\",\"keywords\":[\"sante optimale\",\"sommeil\",\"vitamine d\"],\"articleSection\":[\"Alimentation et Sant\u00e9 des Enfants\"],\"inLanguage\":\"fr-FR\",\"potentialAction\":[{\"@type\":\"CommentAction\",\"name\":\"Comment\",\"target\":[\"https:\/\/juliedrnd.net\/blog\/alimentation-et-sante-des-enfants\/sommeil-et-vitamine-d-le-lien-essentiel-pour-une-sante-optimale\/#respond\"]}]},{\"@type\":\"WebPage\",\"@id\":\"https:\/\/juliedrnd.net\/blog\/alimentation-et-sante-des-enfants\/sommeil-et-vitamine-d-le-lien-essentiel-pour-une-sante-optimale\/\",\"url\":\"https:\/\/juliedrnd.net\/blog\/alimentation-et-sante-des-enfants\/sommeil-et-vitamine-d-le-lien-essentiel-pour-une-sante-optimale\/\",\"name\":\"Sommeil et vitamine D : le lien essentiel pour une sant\u00e9\",\"isPartOf\":{\"@id\":\"https:\/\/juliedrnd.net\/blog\/#website\"},\"primaryImageOfPage\":{\"@id\":\"https:\/\/juliedrnd.net\/blog\/alimentation-et-sante-des-enfants\/sommeil-et-vitamine-d-le-lien-essentiel-pour-une-sante-optimale\/#primaryimage\"},\"image\":{\"@id\":\"https:\/\/juliedrnd.net\/blog\/alimentation-et-sante-des-enfants\/sommeil-et-vitamine-d-le-lien-essentiel-pour-une-sante-optimale\/#primaryimage\"},\"thumbnailUrl\":\"https:\/\/juliedrnd.net\/blog\/wp-content\/uploads\/2025\/12\/pag-image-693ab035e941e-scaled.png\",\"datePublished\":\"2026-02-16T08:33:00+00:00\",\"dateModified\":\"2026-08-25T01:08:14+00:00\",\"description\":\"La vitamine D appartient au groupe des vitamines liposolubles, stock\u00e9es dans les tissus adipeux et le foie. Sur le plan biochimique, il s\u2019agit d\u2019une\",\"inLanguage\":\"fr-FR\",\"potentialAction\":[{\"@type\":\"ReadAction\",\"target\":[\"https:\/\/juliedrnd.net\/blog\/alimentation-et-sante-des-enfants\/sommeil-et-vitamine-d-le-lien-essentiel-pour-une-sante-optimale\/\"]}]},{\"@type\":\"ImageObject\",\"inLanguage\":\"fr-FR\",\"@id\":\"https:\/\/juliedrnd.net\/blog\/alimentation-et-sante-des-enfants\/sommeil-et-vitamine-d-le-lien-essentiel-pour-une-sante-optimale\/#primaryimage\",\"url\":\"https:\/\/juliedrnd.net\/blog\/wp-content\/uploads\/2025\/12\/pag-image-693ab035e941e-scaled.png\",\"contentUrl\":\"https:\/\/juliedrnd.net\/blog\/wp-content\/uploads\/2025\/12\/pag-image-693ab035e941e-scaled.png\",\"width\":1200,\"height\":686,\"caption\":\"Image g\u00e9n\u00e9r\u00e9e par IA optimis\u00e9e pour Google Discover\"},{\"@type\":\"WebSite\",\"@id\":\"https:\/\/juliedrnd.net\/blog\/#website\",\"url\":\"https:\/\/juliedrnd.net\/blog\/\",\"name\":\"juliedrnd.net\",\"description\":\"Vivez, cr\u00e9ez, r\u00eavez.\",\"publisher\":{\"@id\":\"https:\/\/juliedrnd.net\/blog\/#organization\"},\"alternateName\":\"Vivez, cr\u00e9ez, r\u00eavez.\",\"potentialAction\":[{\"@type\":\"SearchAction\",\"target\":{\"@type\":\"EntryPoint\",\"urlTemplate\":\"https:\/\/juliedrnd.net\/blog\/?s={search_term_string}\"},\"query-input\":{\"@type\":\"PropertyValueSpecification\",\"valueRequired\":true,\"valueName\":\"search_term_string\"}}],\"inLanguage\":\"fr-FR\"},{\"@type\":\"Organization\",\"@id\":\"https:\/\/juliedrnd.net\/blog\/#organization\",\"name\":\"Julie Drnd\",\"url\":\"https:\/\/juliedrnd.net\/blog\/\",\"logo\":{\"@type\":\"ImageObject\",\"inLanguage\":\"fr-FR\",\"@id\":\"https:\/\/juliedrnd.net\/blog\/#\/schema\/logo\/image\/\",\"url\":\"https:\/\/juliedrnd.net\/blog\/wp-content\/uploads\/2024\/12\/15.png\",\"contentUrl\":\"https:\/\/juliedrnd.net\/blog\/wp-content\/uploads\/2024\/12\/15.png\",\"width\":500,\"height\":500,\"caption\":\"Julie Drnd\"},\"image\":{\"@id\":\"https:\/\/juliedrnd.net\/blog\/#\/schema\/logo\/image\/\"}},{\"@type\":\"Person\",\"@id\":\"https:\/\/juliedrnd.net\/blog\/#\/schema\/person\/3c864cdc320801e3db34b663e7e3f816\",\"name\":\"Elodie Mazeau\",\"image\":{\"@type\":\"ImageObject\",\"inLanguage\":\"fr-FR\",\"@id\":\"https:\/\/juliedrnd.net\/blog\/#\/schema\/person\/image\/\",\"url\":\"https:\/\/juliedrnd.net\/blog\/wp-content\/uploads\/2026\/06\/persona_elodie-m-96x96.jpg\",\"contentUrl\":\"https:\/\/juliedrnd.net\/blog\/wp-content\/uploads\/2026\/06\/persona_elodie-m-96x96.jpg\",\"caption\":\"Elodie Mazeau\"},\"description\":\"J'\u00e9cris sur la parentalit\u00e9 telle qu'elle se vit vraiment, du premier biberon aux premi\u00e8res col\u00e8res. Mes sujets de pr\u00e9dilection couvrent le quotidien des familles : sommeil, alimentation, organisation, pu\u00e9riculture et ces petites gal\u00e8res que tout parent conna\u00eet. Depuis plusieurs ann\u00e9es, je m'attache \u00e0 proposer des rep\u00e8res concrets plut\u00f4t que des le\u00e7ons, parce que chaque famille trouve son propre \u00e9quilibre. Je v\u00e9rifie mes informations aupr\u00e8s de sources fiables, surtout d\u00e8s qu'on touche \u00e0 la sant\u00e9 ou \u00e0 la s\u00e9curit\u00e9 de l'enfant, et je pr\u00e9cise quand un avis professionnel s'impose. J'\u00e9vite soigneusement la culpabilisation : \u00eatre parent est d\u00e9j\u00e0 assez exigeant. Mon ton se veut complice et bienveillant, un peu comme une discussion entre parents qui se comprennent. L'id\u00e9e est d'all\u00e9ger la charge mentale en donnant des solutions simples et test\u00e9es.\",\"sameAs\":[\"https:\/\/elodiemazeau.fr\/\"],\"url\":\"https:\/\/juliedrnd.net\/blog\/auteur\/noname\/\"}]}<\/script>\n<!-- \/ Yoast SEO Premium plugin. -->","yoast_head_json":{"title":"Sommeil et vitamine D : le lien essentiel pour une sant\u00e9","description":"La vitamine D appartient au groupe des vitamines liposolubles, stock\u00e9es dans les tissus adipeux et le foie. Sur le plan biochimique, il s\u2019agit d\u2019une","robots":{"index":"index","follow":"follow","max-snippet":"max-snippet:-1","max-image-preview":"max-image-preview:large","max-video-preview":"max-video-preview:-1"},"canonical":"https:\/\/juliedrnd.net\/blog\/alimentation-et-sante-des-enfants\/sommeil-et-vitamine-d-le-lien-essentiel-pour-une-sante-optimale\/","og_locale":"fr_FR","og_type":"article","og_title":"Sommeil et vitamine D : le lien essentiel pour une sant\u00e9","og_description":"La vitamine D appartient au groupe des vitamines liposolubles, stock\u00e9es dans les tissus adipeux et le foie. Sur le plan biochimique, il s\u2019agit d\u2019une","og_url":"https:\/\/juliedrnd.net\/blog\/alimentation-et-sante-des-enfants\/sommeil-et-vitamine-d-le-lien-essentiel-pour-une-sante-optimale\/","og_site_name":"juliedrnd","og_image":[{"width":1200,"height":686,"url":"https:\/\/juliedrnd.net\/blog\/wp-content\/uploads\/2025\/12\/pag-image-693ab035e941e-scaled.png","type":"image\/png"}],"author":"Elodie Mazeau","twitter_card":"summary_large_image","schema":{"@context":"https:\/\/schema.org","@graph":[{"@type":"NewsArticle","@id":"https:\/\/juliedrnd.net\/blog\/alimentation-et-sante-des-enfants\/sommeil-et-vitamine-d-le-lien-essentiel-pour-une-sante-optimale\/#article","isPartOf":{"@id":"https:\/\/juliedrnd.net\/blog\/alimentation-et-sante-des-enfants\/sommeil-et-vitamine-d-le-lien-essentiel-pour-une-sante-optimale\/"},"author":{"name":"Elodie Mazeau","@id":"https:\/\/juliedrnd.net\/blog\/#\/schema\/person\/3c864cdc320801e3db34b663e7e3f816"},"headline":"Sommeil et vitamine D : le lien essentiel pour une sant\u00e9 optimale","datePublished":"2026-02-16T08:33:00+00:00","dateModified":"2026-08-25T01:08:14+00:00","mainEntityOfPage":{"@id":"https:\/\/juliedrnd.net\/blog\/alimentation-et-sante-des-enfants\/sommeil-et-vitamine-d-le-lien-essentiel-pour-une-sante-optimale\/"},"wordCount":3837,"commentCount":0,"publisher":{"@id":"https:\/\/juliedrnd.net\/blog\/#organization"},"image":{"@id":"https:\/\/juliedrnd.net\/blog\/alimentation-et-sante-des-enfants\/sommeil-et-vitamine-d-le-lien-essentiel-pour-une-sante-optimale\/#primaryimage"},"thumbnailUrl":"https:\/\/juliedrnd.net\/blog\/wp-content\/uploads\/2025\/12\/pag-image-693ab035e941e-scaled.png","keywords":["sante optimale","sommeil","vitamine d"],"articleSection":["Alimentation et Sant\u00e9 des Enfants"],"inLanguage":"fr-FR","potentialAction":[{"@type":"CommentAction","name":"Comment","target":["https:\/\/juliedrnd.net\/blog\/alimentation-et-sante-des-enfants\/sommeil-et-vitamine-d-le-lien-essentiel-pour-une-sante-optimale\/#respond"]}]},{"@type":"WebPage","@id":"https:\/\/juliedrnd.net\/blog\/alimentation-et-sante-des-enfants\/sommeil-et-vitamine-d-le-lien-essentiel-pour-une-sante-optimale\/","url":"https:\/\/juliedrnd.net\/blog\/alimentation-et-sante-des-enfants\/sommeil-et-vitamine-d-le-lien-essentiel-pour-une-sante-optimale\/","name":"Sommeil et vitamine D : le lien essentiel pour une sant\u00e9","isPartOf":{"@id":"https:\/\/juliedrnd.net\/blog\/#website"},"primaryImageOfPage":{"@id":"https:\/\/juliedrnd.net\/blog\/alimentation-et-sante-des-enfants\/sommeil-et-vitamine-d-le-lien-essentiel-pour-une-sante-optimale\/#primaryimage"},"image":{"@id":"https:\/\/juliedrnd.net\/blog\/alimentation-et-sante-des-enfants\/sommeil-et-vitamine-d-le-lien-essentiel-pour-une-sante-optimale\/#primaryimage"},"thumbnailUrl":"https:\/\/juliedrnd.net\/blog\/wp-content\/uploads\/2025\/12\/pag-image-693ab035e941e-scaled.png","datePublished":"2026-02-16T08:33:00+00:00","dateModified":"2026-08-25T01:08:14+00:00","description":"La vitamine D appartient au groupe des vitamines liposolubles, stock\u00e9es dans les tissus adipeux et le foie. Sur le plan biochimique, il s\u2019agit d\u2019une","inLanguage":"fr-FR","potentialAction":[{"@type":"ReadAction","target":["https:\/\/juliedrnd.net\/blog\/alimentation-et-sante-des-enfants\/sommeil-et-vitamine-d-le-lien-essentiel-pour-une-sante-optimale\/"]}]},{"@type":"ImageObject","inLanguage":"fr-FR","@id":"https:\/\/juliedrnd.net\/blog\/alimentation-et-sante-des-enfants\/sommeil-et-vitamine-d-le-lien-essentiel-pour-une-sante-optimale\/#primaryimage","url":"https:\/\/juliedrnd.net\/blog\/wp-content\/uploads\/2025\/12\/pag-image-693ab035e941e-scaled.png","contentUrl":"https:\/\/juliedrnd.net\/blog\/wp-content\/uploads\/2025\/12\/pag-image-693ab035e941e-scaled.png","width":1200,"height":686,"caption":"Image g\u00e9n\u00e9r\u00e9e par IA optimis\u00e9e pour Google Discover"},{"@type":"WebSite","@id":"https:\/\/juliedrnd.net\/blog\/#website","url":"https:\/\/juliedrnd.net\/blog\/","name":"juliedrnd.net","description":"Vivez, cr\u00e9ez, r\u00eavez.","publisher":{"@id":"https:\/\/juliedrnd.net\/blog\/#organization"},"alternateName":"Vivez, cr\u00e9ez, r\u00eavez.","potentialAction":[{"@type":"SearchAction","target":{"@type":"EntryPoint","urlTemplate":"https:\/\/juliedrnd.net\/blog\/?s={search_term_string}"},"query-input":{"@type":"PropertyValueSpecification","valueRequired":true,"valueName":"search_term_string"}}],"inLanguage":"fr-FR"},{"@type":"Organization","@id":"https:\/\/juliedrnd.net\/blog\/#organization","name":"Julie Drnd","url":"https:\/\/juliedrnd.net\/blog\/","logo":{"@type":"ImageObject","inLanguage":"fr-FR","@id":"https:\/\/juliedrnd.net\/blog\/#\/schema\/logo\/image\/","url":"https:\/\/juliedrnd.net\/blog\/wp-content\/uploads\/2024\/12\/15.png","contentUrl":"https:\/\/juliedrnd.net\/blog\/wp-content\/uploads\/2024\/12\/15.png","width":500,"height":500,"caption":"Julie Drnd"},"image":{"@id":"https:\/\/juliedrnd.net\/blog\/#\/schema\/logo\/image\/"}},{"@type":"Person","@id":"https:\/\/juliedrnd.net\/blog\/#\/schema\/person\/3c864cdc320801e3db34b663e7e3f816","name":"Elodie Mazeau","image":{"@type":"ImageObject","inLanguage":"fr-FR","@id":"https:\/\/juliedrnd.net\/blog\/#\/schema\/person\/image\/","url":"https:\/\/juliedrnd.net\/blog\/wp-content\/uploads\/2026\/06\/persona_elodie-m-96x96.jpg","contentUrl":"https:\/\/juliedrnd.net\/blog\/wp-content\/uploads\/2026\/06\/persona_elodie-m-96x96.jpg","caption":"Elodie Mazeau"},"description":"J'\u00e9cris sur la parentalit\u00e9 telle qu'elle se vit vraiment, du premier biberon aux premi\u00e8res col\u00e8res. Mes sujets de pr\u00e9dilection couvrent le quotidien des familles : sommeil, alimentation, organisation, pu\u00e9riculture et ces petites gal\u00e8res que tout parent conna\u00eet. Depuis plusieurs ann\u00e9es, je m'attache \u00e0 proposer des rep\u00e8res concrets plut\u00f4t que des le\u00e7ons, parce que chaque famille trouve son propre \u00e9quilibre. Je v\u00e9rifie mes informations aupr\u00e8s de sources fiables, surtout d\u00e8s qu'on touche \u00e0 la sant\u00e9 ou \u00e0 la s\u00e9curit\u00e9 de l'enfant, et je pr\u00e9cise quand un avis professionnel s'impose. J'\u00e9vite soigneusement la culpabilisation : \u00eatre parent est d\u00e9j\u00e0 assez exigeant. Mon ton se veut complice et bienveillant, un peu comme une discussion entre parents qui se comprennent. L'id\u00e9e est d'all\u00e9ger la charge mentale en donnant des solutions simples et test\u00e9es.","sameAs":["https:\/\/elodiemazeau.fr\/"],"url":"https:\/\/juliedrnd.net\/blog\/auteur\/noname\/"}]}},"_links":{"self":[{"href":"https:\/\/juliedrnd.net\/blog\/wp-json\/wp\/v2\/posts\/7685","targetHints":{"allow":["GET"]}}],"collection":[{"href":"https:\/\/juliedrnd.net\/blog\/wp-json\/wp\/v2\/posts"}],"about":[{"href":"https:\/\/juliedrnd.net\/blog\/wp-json\/wp\/v2\/types\/post"}],"author":[{"embeddable":true,"href":"https:\/\/juliedrnd.net\/blog\/wp-json\/wp\/v2\/users\/34"}],"replies":[{"embeddable":true,"href":"https:\/\/juliedrnd.net\/blog\/wp-json\/wp\/v2\/comments?post=7685"}],"version-history":[{"count":1,"href":"https:\/\/juliedrnd.net\/blog\/wp-json\/wp\/v2\/posts\/7685\/revisions"}],"predecessor-version":[{"id":7707,"href":"https:\/\/juliedrnd.net\/blog\/wp-json\/wp\/v2\/posts\/7685\/revisions\/7707"}],"wp:featuredmedia":[{"embeddable":true,"href":"https:\/\/juliedrnd.net\/blog\/wp-json\/wp\/v2\/media\/7687"}],"wp:attachment":[{"href":"https:\/\/juliedrnd.net\/blog\/wp-json\/wp\/v2\/media?parent=7685"}],"wp:term":[{"taxonomy":"category","embeddable":true,"href":"https:\/\/juliedrnd.net\/blog\/wp-json\/wp\/v2\/categories?post=7685"},{"taxonomy":"post_tag","embeddable":true,"href":"https:\/\/juliedrnd.net\/blog\/wp-json\/wp\/v2\/tags?post=7685"}],"curies":[{"name":"wp","href":"https:\/\/api.w.org\/{rel}","templated":true}]}}