{"id":7682,"date":"2026-02-12T09:54:00","date_gmt":"2026-02-12T08:54:00","guid":{"rendered":"https:\/\/juliedrnd.net\/blog\/?p=7682"},"modified":"2026-08-25T03:08:14","modified_gmt":"2026-08-25T01:08:14","slug":"repas-equilibres-pour-bebe-de-16-mois-conseils-pour-une-alimentation-adaptee","status":"publish","type":"post","link":"https:\/\/juliedrnd.net\/blog\/alimentation-et-sante-des-enfants\/repas-equilibres-pour-bebe-de-16-mois-conseils-pour-une-alimentation-adaptee\/","title":{"rendered":"Repas \u00e9quilibr\u00e9s pour b\u00e9b\u00e9 de 16 mois : conseils pour une alimentation adapt\u00e9e"},"content":{"rendered":"<h2>Repas B\u00e9b\u00e9 16 Mois : Guide Complet pour une Alimentation \u00c9quilibr\u00e9e<\/h2>\n<h2>\u00c0 16 mois, des repas de \u201cgrand\u201d\u2026 mais adapt\u00e9s \u00e0 b\u00e9b\u00e9<\/h2>\n<p>\nEntre <u>1 et 2 ans<\/u>, la plupart des enfants partagent une grande partie des repas de la famille, tout en conservant des besoins nutritionnels sp\u00e9cifiques, bien sup\u00e9rieurs \u00e0 ceux de l\u2019adulte rapport\u00e9s au kilo de poids corporel. Les donn\u00e9es de <strong>Sant\u00e9 publique France<\/strong> et de la plateforme <strong>1000 premiers jours<\/strong> montrent qu\u2019un enfant de 16 mois a des besoins \u00e9lev\u00e9s en <strong>fer<\/strong> (pour la pr\u00e9vention de l\u2019an\u00e9mie), en <strong>calcium<\/strong> (pour la min\u00e9ralisation osseuse) et en <strong>acides gras essentiels<\/strong>, notamment les <strong>om\u00e9ga\u20113<\/strong> n\u00e9cessaires au d\u00e9veloppement du cerveau et de la r\u00e9tine.<\/p>\n<p>\nNous voyons, en consultation p\u00e9diatrique, que les interrogations des parents sont tr\u00e8s proches, quelle que soit la r\u00e9gion, de  800\u2013900 ml\/j) est associ\u00e9e, dans les \u00e9tudes fran\u00e7aises et nord\u2011am\u00e9ricaines publi\u00e9es entre <u>2017 et 2022<\/u>, \u00e0 une r\u00e9duction de l\u2019app\u00e9tit pour les l\u00e9gumes et les f\u00e9culents, parfois \u00e0 une carence en <strong>fer<\/strong>.<\/p>\n<table border=\"1\" cellpadding=\"6\" cellspacing=\"0\">\n<tr>\n<th>Groupe d\u2019aliments<\/th>\n<th>Rep\u00e8re quantitatif moyen \u00e0 16 mois<\/th>\n<th>Remarques pratiques<\/th>\n<\/tr>\n<tr>\n<td><strong>Lait \/ laitages<\/strong><\/td>\n<td><u>Environ 500 ml\/j<\/u> (lait maternel ou lait de croissance, ou \u00e9quivalents en yaourts\/fromages blancs)<\/td>\n<td>R\u00e9partis entre matin et go\u00fbter, ou matin\/go\u00fbter\/soir en plus petite quantit\u00e9<\/td>\n<\/tr>\n<tr>\n<td><strong>Prot\u00e9ines animales<\/strong><\/td>\n<td><u>20\u201325 g\/j<\/u> de viande ou poisson ou \u00bd \u0153uf bien cuit<\/td>\n<td>Souvent au d\u00e9jeuner, pas n\u00e9cessaire d\u2019en remettre le soir si les apports sont d\u00e9j\u00e0 couverts<\/td>\n<\/tr>\n<tr>\n<td><strong>L\u00e9gumes<\/strong><\/td>\n<td><u>150\u2013200 g\/j<\/u>, r\u00e9partis sur midi et soir<\/td>\n<td>Une portion bien consomm\u00e9e apporte d\u00e9j\u00e0 beaucoup de vitamines et fibres<\/td>\n<\/tr>\n<tr>\n<td><strong>Fruits<\/strong><\/td>\n<td><u>1 \u00e0 2 portions\/j<\/u><\/td>\n<td>Compote sans sucres ajout\u00e9s, \u00bd banane, 1 petite cl\u00e9mentine, quartiers de poire m\u00fbre<\/td>\n<\/tr>\n<tr>\n<td><strong>F\u00e9culents<\/strong><\/td>\n<td>Pr\u00e9sents \u00e0 chaque repas principal, <u>moiti\u00e9 assiette f\u00e9culents \/ moiti\u00e9 l\u00e9gumes<\/u><\/td>\n<td>Environ 2\u20133 cuill\u00e8res \u00e0 soupe de f\u00e9culents cuits, ajust\u00e9s \u00e0 l\u2019app\u00e9tit<\/td>\n<\/tr>\n<tr>\n<td><strong>Mati\u00e8res grasses<\/strong><\/td>\n<td><u>1 \u00e0 2 c. \u00e0 caf\u00e9 d\u2019huile<\/u> ou petite noix de beurre par repas principal<\/td>\n<td>Privil\u00e9gier huile de colza, olive, noix, ajout\u00e9e en <strong>fin de cuisson<\/strong><\/td>\n<\/tr>\n<\/table>\n<ul>\n<li><u>Rep\u00e8res non rigides<\/u> : l\u2019app\u00e9tit varie selon la croissance, les pouss\u00e9es dentaires, les infections.<\/li>\n<li><strong>Courbe de croissance<\/strong> : excellent indicateur, \u00e0 suivre sur le carnet de sant\u00e9 avec le <strong>p\u00e9diatre<\/strong>.<\/li>\n<li><strong>Signaux de faim\/sati\u00e9t\u00e9<\/strong> : nous conseillons de les respecter, m\u00eame si la portion \u201cth\u00e9orique\u201d n\u2019est pas termin\u00e9e.<\/li>\n<\/ul>\n<h2>Recettes faciles et id\u00e9es de menus pour les repas de b\u00e9b\u00e9 de 16 mois<\/h2>\n<p>\nPour passer de la th\u00e9orie \u00e0 la pratique, nous proposons des exemples inspir\u00e9s des menus types pr\u00e9sent\u00e9s par des sites comme <strong>Doctissimo<\/strong>, <strong>Pediadoc<\/strong> ou la plateforme de recettes <strong>Cuisinez pour b\u00e9b\u00e9<\/strong>, tr\u00e8s utilis\u00e9e par les parents en France depuis <u>2018<\/u>. Ces mod\u00e8les respectent la structure \u00bd l\u00e9gumes \u2013 \u2153 f\u00e9culents, avec une portion de prot\u00e9ines et de mati\u00e8res grasses adapt\u00e9es.<\/p>\n<p>\nAu <u>petit-d\u00e9jeuner<\/u>, un sch\u00e9ma fr\u00e9quemment recommand\u00e9 associe <strong>250 ml de lait de croissance<\/strong> ou de lait maternel tir\u00e9, 3 cuill\u00e8res \u00e0 soupe de c\u00e9r\u00e9ales infantiles enrichies en fer, ou une petite tartine de pain avec un peu de beurre, et 1 fruit de saison en compote ou en petits morceaux fondants. De nombreuses familles prennent maintenant le petit-d\u00e9jeuner ensemble, et l\u2019enfant de 16 mois peut manger sa tartine de pain l\u00e9g\u00e8rement grill\u00e9e, tartin\u00e9e de beurre doux, pendant que les parents consomment leur caf\u00e9 ou leur th\u00e9.<\/p>\n<ul>\n<li><u>D\u00e9jeuner<\/u> : \u00bd assiette de <strong>l\u00e9gumes cuits<\/strong> (carotte, courgette, haricots verts) + \u2153 assiette de <strong>f\u00e9culents<\/strong> (pomme de terre, p\u00e2tes, riz, semoule), 20\u201325 g de <strong>viande<\/strong> ou <strong>poisson<\/strong> ou \u00bd \u0153uf dur, 1 c. \u00e0 caf\u00e9 d\u2019huile de colza ou d\u2019olive, 1 dessert (compote, fruit ou laitage).<\/li>\n<li><u>Go\u00fbter<\/u> : env. 200 ml de <strong>lait de croissance<\/strong> ou 1 yaourt nature, avec 1 tartine de pain ou 1 compote sans sucres ajout\u00e9s, ou des quartiers de poire bien m\u00fbre.<\/li>\n<li><u>D\u00eener<\/u> : \u00bd assiette de l\u00e9gumes cuits + \u2153 assiette de f\u00e9culents, 1 mati\u00e8re grasse en fin de cuisson, 1 produit laitier ou 1 fruit selon ce qui a \u00e9t\u00e9 propos\u00e9 le midi.<\/li>\n<\/ul>\n<p>\nPour illustrer, nous pouvons imaginer sur une journ\u00e9e d\u2019automne \u00e0 <strong>Lyon<\/strong>&nbsp;: le midi, une pur\u00e9e carotte\u2013pomme de terre avec petits morceaux de <strong>poulet fermier<\/strong> bien cuit, arros\u00e9e d\u2019un filet d\u2019huile de colza, suivie d\u2019une compote de pomme maison&nbsp;; le soir, un risotto tr\u00e8s fondant de courgettes et de <strong>poisson blanc<\/strong> \u00e9miett\u00e9 (colin), accompagn\u00e9 d\u2019un yaourt nature. Au printemps \u00e0 <strong>Bordeaux<\/strong>, un autre jour, le soir, une assiette de p\u00e2tes alphabet aux petits pois et d\u00e9s de carotte, avec un peu de fromage r\u00e2p\u00e9 pasteuris\u00e9, compl\u00e9t\u00e9e par une demi\u2011banane \u00e9cras\u00e9e. Nous conseillons de jouer sur la saisonnalit\u00e9&nbsp;: courge et patate douce en hiver, courgettes et tomates de plein champ en \u00e9t\u00e9, ce qui am\u00e9liore \u00e0 la fois le go\u00fbt, la densit\u00e9 nutritionnelle et le plaisir \u00e0 table.<\/p>\n<h2>Comment introduire de nouveaux aliments \u00e0 16 mois sans stress<\/h2>\n<p>\n\u00c0 16 mois, la <strong>diversification alimentaire<\/strong> est d\u00e9j\u00e0 bien avanc\u00e9e, la plupart des enfants ont d\u00e9couvert une grande vari\u00e9t\u00e9 de l\u00e9gumes et de fruits cuits, plusieurs sources de prot\u00e9ines, et une diversit\u00e9 de f\u00e9culents. Nous entrons dans une phase charni\u00e8re, o\u00f9 la <strong>n\u00e9ophobie alimentaire<\/strong> \u2013 c\u2019est\u2011\u00e0\u2011dire la tendance \u00e0 refuser les aliments nouveaux \u2013 commence \u00e0 se manifester progressivement, souvent entre <u>18 mois et 2 ans<\/u>, mais parfois un peu plus t\u00f4t. Les \u00e9tudes de nutrition p\u00e9diatrique men\u00e9es en <strong>Europe<\/strong> et publi\u00e9es par des \u00e9quipes comme celles des h\u00f4pitaux universitaires de <strong>Paris<\/strong> ou de <strong>Lille<\/strong> montrent qu\u2019il faut parfois proposer un aliment <u>5 \u00e0 10 fois<\/u> dans des contextes diff\u00e9rents avant qu\u2019il soit r\u00e9ellement accept\u00e9.<\/p>\n<p>\nNous recommandons une approche progressive&nbsp;: introduire un nouvel aliment en <strong>petite portion<\/strong>, l\u2019associer \u00e0 un aliment <strong>d\u00e9j\u00e0 appr\u00e9ci\u00e9<\/strong> (par exemple des p\u00e2tes avec un nouveau l\u00e9gume), et conserver une texture famili\u00e8re \u2013 pur\u00e9e lisse, pur\u00e9e \u00e9cras\u00e9e ou morceaux tendres \u2013 pour ne pas cumuler trop de nouveaut\u00e9s le m\u00eame jour. Les <strong>fruits et l\u00e9gumes<\/strong> restent la priorit\u00e9, car les donn\u00e9es de consommation publi\u00e9es par <strong>Sant\u00e9 publique France<\/strong> montrent qu\u2019une part importante des enfants de 1 \u00e0 3 ans ne consomment pas la quantit\u00e9 de l\u00e9gumes recommand\u00e9e au quotidien, parfois moins d\u2019une portion alors que les rep\u00e8res du PNNS visent au moins une portion pleine par jour \u00e0 cet \u00e2ge. Nous avons un avis tranch\u00e9 sur ce point&nbsp;: il vaut la peine de varier les modes de pr\u00e9paration d\u2019un m\u00eame l\u00e9gume \u2013 soupe \u00e9paisse, pur\u00e9e, gratin, b\u00e2tonnets r\u00f4tis au four avec un filet d\u2019huile \u2013 pour multiplier les chances de l\u2019int\u00e9grer \u00e0 l\u2019alimentation courante.<\/p>\n<ul>\n<li><u>R\u00e8gle des pr\u00e9sentations r\u00e9p\u00e9t\u00e9es<\/u> : proposer un aliment nouveau plusieurs fois, sans forcer, dans un climat serein.<\/li>\n<li><strong>Finger foods adapt\u00e9s<\/strong> : b\u00e2tonnets de carotte tr\u00e8s fondants, d\u00e9s de courgette bien cuits, morceaux de banane ou de poire, sous surveillance rapproch\u00e9e, pour encourager l\u2019<strong>autonomie<\/strong>.<\/li>\n<li><strong>Priorit\u00e9 l\u00e9gumes\/fruits<\/strong> : corriger la tendance g\u00e9n\u00e9rale \u00e0 une consommation insuffisante en France entre 1 et 3 ans.<\/li>\n<\/ul>\n<h2>Le lait et le biberon \u00e0 16 mois : quelle place dans les repas de b\u00e9b\u00e9 ?<\/h2>\n<p>\nLe <strong>lait<\/strong> reste un pilier de l\u2019alimentation entre <u>1 et 3 ans<\/u>, essentiellement pour l\u2019apport en <strong>calcium<\/strong> et en <strong>vitamine D<\/strong>. Les documents officiels comme le guide \u201c0\u20133 ans\u201d du <strong>Minist\u00e8re de la Sant\u00e9<\/strong> et les recommandations de plateformes p\u00e9diatriques telles que <strong>mpedia<\/strong> pr\u00e9conisent en moyenne <u>500 ml\/jour<\/u> de lait ou \u00e9quivalents, en tenant compte du lait maternel pour les enfants encore allait\u00e9s. Le <strong>lait de croissance<\/strong>, commercialis\u00e9 par des entreprises agroalimentaires comme <strong>Danone<\/strong> (marque <strong>Bl\u00e9dilait<\/strong>) ou <strong>Nestl\u00e9<\/strong> (marque <strong>Nidal<\/strong>), est formul\u00e9 pour \u00eatre plus riche en <strong>fer<\/strong>, en <strong>acides gras essentiels<\/strong> et en <strong>vitamine D<\/strong> que le lait de vache classique, ce qui r\u00e9duit le risque de carence en fer identifi\u00e9 chez les tout\u2011petits dans plusieurs \u00e9tudes fran\u00e7aises men\u00e9es depuis <u>2015<\/u>.<\/p>\n<p>\nNous conseillons souvent une r\u00e9partition simple&nbsp;: un biberon le matin (200\u2013250 ml) et un biberon ou un laitage au go\u00fbter, ce qui permet de garder de la place pour un vrai <strong>repas solide<\/strong> le soir. Une surconsommation de lait peut poser diff\u00e9rents probl\u00e8mes&nbsp;: diminution de l\u2019app\u00e9tit pour les l\u00e9gumes, les f\u00e9culents et les prot\u00e9ines solides, exc\u00e8s possible de prot\u00e9ines si l\u2019on cumule biberons abondants et portions g\u00e9n\u00e9reuses de viande, risque de carence en <strong>fer<\/strong> si le lait de vache remplace un <strong>lait de croissance<\/strong> ou un lait maternel sans adaptation de l\u2019ensemble du r\u00e9gime. Lorsque nous rencontrons un enfant qui r\u00e9clame du lait en continu, nous proposons souvent de renforcer la qualit\u00e9 des repas solides, de remplacer certains biberons \u201cde confort\u201d par des laitages \u00e0 la cuill\u00e8re, et de discuter avec le <strong>p\u00e9diatre<\/strong> pour ajuster au cas par cas.<\/p>\n<ul>\n<li><u>Volume cible<\/u> : env. <strong>500 ml\/j<\/strong> de lait ou \u00e9quivalents, sous forme de lait maternel, lait de croissance ou lait adapt\u00e9.<\/li>\n<li><strong>Int\u00e9r\u00eat du lait de croissance<\/strong> : enrichissement en fer, acides gras essentiels, vitamine D, par rapport au lait de vache standard.<\/li>\n<li><strong>Surconsommation<\/strong> : peut r\u00e9duire les prises de solides, et s\u2019associer \u00e0 des carences en fer.<\/li>\n<\/ul>\n<h2>Aliments \u00e0 \u00e9viter ou \u00e0 limiter chez un b\u00e9b\u00e9 de 16 mois<\/h2>\n<p>\nCertains aliments posent encore probl\u00e8me \u00e0 16 mois, soit par <strong>risque d\u2019\u00e9touffement<\/strong>, soit par exc\u00e8s de sel ou de sucres ajout\u00e9s, soit par risque microbiologique. Les guides de <strong>Sant\u00e9 publique France<\/strong> et de la <strong>Haute Autorit\u00e9 de Sant\u00e9 (HAS)<\/strong> insistent sur une vigilance prolong\u00e9e jusqu\u2019\u00e0 au moins 3 ans pour les formes \u201cdangereuses\u201d de certains aliments.<\/p>\n<p>\nNous restons particuli\u00e8rement attentifs aux aliments \u00e0 fort <u>risque d\u2019\u00e9touffement<\/u>&nbsp;: noix enti\u00e8res, cacahu\u00e8tes enti\u00e8res, amandes, graines dures, morceaux de saucisse ronds, gros morceaux crus de pomme ou de carotte, bonbons durs. Ces aliments doivent \u00eatre transform\u00e9s en formes adapt\u00e9es \u2013 poudre ou pur\u00e9e d\u2019ol\u00e9agineux, fruits et l\u00e9gumes bien cuits, morceaux taill\u00e9s dans le sens de la longueur. Sur le plan nutritionnel, nous recommandons de limiter fortement les <strong>sucres ajout\u00e9s<\/strong> (biscuits sucr\u00e9s, desserts laitiers tr\u00e8s sucr\u00e9s, sodas, jus industriels) et le <strong>sel<\/strong> suppl\u00e9mentaire (chips, soupes en sachet, charcuteries sal\u00e9es, plats cuisin\u00e9s pour adultes), car les reins de l\u2019enfant sont encore immatures, et la consommation excessive de produits sucr\u00e9s d\u00e8s cet \u00e2ge est associ\u00e9e \u00e0 un risque accru de surpoids \u00e0 l\u2019adolescence, comme le montrent des \u00e9tudes longitudinales europ\u00e9ennes publi\u00e9es apr\u00e8s <u>2020<\/u>.<\/p>\n<ul>\n<li><u>Risque d\u2019\u00e9touffement<\/u> : formes enti\u00e8res de fruits \u00e0 coque, morceaux crus trop durs, bonbons durs, saucisse ronde.<\/li>\n<li><strong>Sucres ajout\u00e9s<\/strong> : \u00e0 limiter, privil\u00e9gier fruits frais, compotes sans sucres ajout\u00e9s, yaourts nature.<\/li>\n<li><strong>Sel<\/strong> : ne pas resaler, \u00e9viter les charcuteries et plats industriels pour adultes.<\/li>\n<li><strong>Miel<\/strong> : le risque de botulisme infantile devient tr\u00e8s faible apr\u00e8s 1 an, mais beaucoup de p\u00e9diatres fran\u00e7ais restent prudents et recommandent de ne l\u2019introduire qu\u2019avec parcimonie et avis m\u00e9dical.<\/li>\n<li><strong>Poissons \u00e0 forte teneur en m\u00e9taux lourds<\/strong> : limiter les grands pr\u00e9dateurs (espadon, requin), privil\u00e9gier les petits poissons.<\/li>\n<\/ul>\n<h2>Repas du soir pour b\u00e9b\u00e9 16 mois : id\u00e9es, routine et ambiance \u00e0 table<\/h2>\n<p>\nLe <strong>repas du soir<\/strong> concentre souvent les tensions&nbsp;: fatigue accumul\u00e9e, app\u00e9tit variable, proximit\u00e9 du coucher. Nous constatons, dans les familles suivies en r\u00e9gion parisienne ou dans le Sud\u2011Ouest, que les difficult\u00e9s du soir sont fr\u00e9quentes, mais souvent am\u00e9lior\u00e9es par une routine stable. La structure recommand\u00e9e reste&nbsp;: \u00bd assiette de <strong>l\u00e9gumes cuits<\/strong>, \u2153 assiette de <strong>f\u00e9culents<\/strong>, 1 portion de <strong>mati\u00e8res grasses<\/strong>, puis 1 <strong>produit laitier<\/strong> ou 1 fruit, en alternance avec ce qui a \u00e9t\u00e9 propos\u00e9 au d\u00e9jeuner. L\u2019id\u00e9e est d\u2019offrir un repas complet mais relativement l\u00e9ger et digeste, afin de ne pas perturber le <strong>sommeil<\/strong>.<\/p>\n<p>\nNous conseillons un d\u00eener \u00e0 heure r\u00e9guli\u00e8re, dans un environnement calme, sans \u00e9crans (t\u00e9l\u00e9vision, tablette, smartphone), suivi d\u2019une transition douce vers le bain puis vers le coucher. L\u2019<strong>ambiance familiale<\/strong> a un impact r\u00e9el&nbsp;: un enfant qui mange \u00e0 table avec ses parents, observe, imite, go\u00fbte davantage. Les phrases du type \u201cfini ton assiette\u201d risquent, sur le long terme, de brouiller les signaux de sati\u00e9t\u00e9. Nous avons un avis net sur le r\u00f4le du repas du soir&nbsp;: un moment de partage et de rassasiement mod\u00e9r\u00e9, pas un d\u00e9fi ni une n\u00e9gociation permanente.<\/p>\n<ul>\n<li><u>Structure du d\u00eener<\/u> : l\u00e9gumes + f\u00e9culents, mati\u00e8res grasses, laitage ou fruit.<\/li>\n<li><strong>Id\u00e9es simples<\/strong> : soupe de l\u00e9gumes \u00e9paisse + pain bien ramolli, p\u00e2tes coquillettes aux petits l\u00e9gumes et fromage r\u00e2p\u00e9 pasteuris\u00e9, galettes de l\u00e9gumes cuites au four avec yaourt nature.<\/li>\n<li><strong>Routine du soir<\/strong> : m\u00eame horaire, pas d\u2019\u00e9cran, encha\u00eenement d\u00eener\u2013bain\u2013coucher.<\/li>\n<li><strong>Repas l\u00e9ger<\/strong> : limiter plats tr\u00e8s gras ou trop sucr\u00e9s pour pr\u00e9server le sommeil.<\/li>\n<\/ul>\n<h2>Repas compliqu\u00e9s, petit mangeur, refus des l\u00e9gumes : que faire ?<\/h2>\n<p>\nEntre <u>16 et 18 mois<\/u>, de nombreux parents rapportent des <strong>repas compliqu\u00e9s<\/strong>&nbsp;: opposition, s\u00e9lection d\u2019aliments, app\u00e9tit tr\u00e8s fluctuant. Les ressources d\u2019<strong>Harmonie Mutuelle<\/strong> ou de plateformes comme <strong>mpedia<\/strong> soulignent que ces comportements s\u2019inscrivent souvent dans une phase normale d\u2019affirmation de soi, tant que la <strong>courbe de croissance<\/strong> reste harmonieuse. Nous distinguons les \u201cpetits mangeurs\u201d au d\u00e9veloppement normal, qui grandissent r\u00e9guli\u00e8rement, des situations plus pr\u00e9occupantes o\u00f9 le poids stagne ou diminue, ou o\u00f9 des groupes entiers d\u2019aliments sont refus\u00e9s.<\/p>\n<p>\nDans la pratique, nous observons que des gestes simples am\u00e9liorent nettement la situation&nbsp;: proposer de petites portions initiales, quitte \u00e0 resservir, garder des repas relativement courts (15\u201320 minutes) mais sereins, supprimer les \u00e9crans et les distractions, \u00e9viter de remplacer syst\u00e9matiquement un repas peu consomm\u00e9 par un biberon de lait ou un dessert tr\u00e8s appr\u00e9ci\u00e9, et surtout ne pas transformer chaque repas en bras de fer. Pour les <strong>l\u00e9gumes refus\u00e9s<\/strong>, nous pr\u00e9conisons de varier les pr\u00e9sentations (soupe, pur\u00e9e, gratin, b\u00e2tonnets r\u00f4tis, m\u00e9lang\u00e9s aux p\u00e2tes), de les associer \u00e0 des aliments \u201cstars\u201d pour votre enfant, et de le laisser manipuler les aliments autant que possible. En revanche, nous recommandons une consultation rapide avec un <strong>p\u00e9diatre<\/strong> ou un m\u00e9decin g\u00e9n\u00e9raliste form\u00e9 en p\u00e9diatrie en cas de cassure nette de la courbe poids\/taille, de refus global de nombreux groupes d\u2019aliments, ou de troubles associ\u00e9s (douleurs, vomissements, difficult\u00e9s de d\u00e9glutition). L\u2019avis d\u2019un <strong>di\u00e9t\u00e9ticien sp\u00e9cialis\u00e9 p\u00e9diatrique<\/strong> ou d\u2019un <strong>orthophoniste<\/strong> peut alors s\u2019av\u00e9rer pr\u00e9cieux.<\/p>\n<ul>\n<li><u>Signes rassurants<\/u> : enfant tonique, courbes de croissance r\u00e9guli\u00e8res, app\u00e9tit variable mais globalement suffisant.<\/li>\n<li><strong>Signes d\u2019alerte<\/strong> : perte de poids, cassure de courbe, refus massif d\u2019aliments, douleurs \u00e0 la bouche, r\u00e9gurgitations importantes.<\/li>\n<li><strong>Strat\u00e9gies<\/strong> : petites portions, climat serein, pas de chantage au dessert, pr\u00e9sentation vari\u00e9e des l\u00e9gumes.<\/li>\n<\/ul>\n<h2>Suivi de la croissance, rep\u00e8res de sant\u00e9 et r\u00f4le du p\u00e9diatre<\/h2>\n<p>\nEntre 12 et 24 mois, le suivi r\u00e9gulier par un <strong>p\u00e9diatre<\/strong> ou un <strong>m\u00e9decin g\u00e9n\u00e9raliste<\/strong> form\u00e9 \u00e0 la p\u00e9diatrie reste central. Les consultations recommand\u00e9es en France \u00e0 12, 16, 18 et 24 mois, d\u00e9crites dans les textes officiels du <strong>Minist\u00e8re de la Sant\u00e9<\/strong>, permettent de mesurer le <strong>poids<\/strong>, la <strong>taille<\/strong> et le <strong>p\u00e9rim\u00e8tre cr\u00e2nien<\/strong>, puis de reporter ces donn\u00e9es sur les <strong>courbes de croissance<\/strong> du carnet de sant\u00e9 bas\u00e9es sur les r\u00e9f\u00e9rences de l\u2019<strong>Organisation Mondiale de la Sant\u00e9 (OMS)<\/strong>. Une croissance jug\u00e9e \u201charmonieuse\u201d se traduit par des courbes qui suivent \u00e0 peu pr\u00e8s la m\u00eame trajectoire, sans cassure brutale ni chute de plusieurs couloirs.<\/p>\n<p>\nCes consultations sont aussi le moment d\u2019aborder l\u2019<strong>alimentation<\/strong>, le <strong>sommeil<\/strong>, le <strong>d\u00e9veloppement psychomoteur<\/strong> (marche, langage naissant, motricit\u00e9 fine) et les vaccinations pr\u00e9vues au calendrier fran\u00e7ais, mis \u00e0 jour r\u00e9guli\u00e8rement par <strong>Sant\u00e9 publique France<\/strong>. Le <strong>p\u00e9diatre<\/strong> peut ajuster les quantit\u00e9s de <strong>lait<\/strong>, de <strong>prot\u00e9ines<\/strong> et de <strong>lipides<\/strong> aux besoins individuels de votre enfant, prescrire des compl\u00e9ments de <strong>vitamine D<\/strong> ou de <strong>fer<\/strong> si n\u00e9cessaire, rep\u00e9rer d\u2019\u00e9ventuels troubles alimentaires ou difficult\u00e9s de mastication. Nous encourageons les parents \u00e0 noter les habitudes de repas sur quelques jours avant la consultation, ainsi que les questions qu\u2019ils souhaitent aborder, afin de tirer pleinement parti de ce suivi.<\/p>\n<ul>\n<li><u>Courbes de croissance<\/u> : outil cl\u00e9 pour \u00e9valuer la qualit\u00e9 globale des apports et du d\u00e9veloppement.<\/li>\n<li><strong>Consultations 12\u201324 mois<\/strong> : bilan alimentation, sommeil, motricit\u00e9, vaccins, habitudes de repas.<\/li>\n<li><strong>R\u00f4le du parent<\/strong> : observer, consigner les habitudes de repas, signaler les difficult\u00e9s ou les inqui\u00e9tudes.<\/li>\n<\/ul>\n<h2>Conclusion : construire jour apr\u00e8s jour une alimentation saine et vari\u00e9e pour votre b\u00e9b\u00e9 de 16 mois<\/h2>\n<p>\n\u00c0 16 mois, nous pouvons r\u00e9sumer l\u2019<strong>alimentation b\u00e9b\u00e9<\/strong> autour de trois grands piliers. Le premier est l\u2019<u>\u00e9quilibre<\/u> : associer chaque jour <strong>lait<\/strong> ou produits laitiers, <strong>fruits<\/strong> et <strong>l\u00e9gumes<\/strong>, <strong>f\u00e9culents<\/strong> \u00e0 chaque repas principal, <strong>prot\u00e9ines animales<\/strong> en quantit\u00e9 ma\u00eetris\u00e9e, et <strong>mati\u00e8res grasses de qualit\u00e9<\/strong>. Le deuxi\u00e8me pilier est la <u>vari\u00e9t\u00e9<\/u> : proposer des couleurs, des saveurs, des textures diff\u00e9rentes, jouer sur les saisons, alterner les sources de prot\u00e9ines, ce qui nourrit autant la sant\u00e9 que la curiosit\u00e9 gustative. Le troisi\u00e8me pilier est la <u>r\u00e9gularit\u00e9<\/u> : structurer la journ\u00e9e en 3 repas + 1 go\u00fbter, installer des routines rassurantes, garder des horaires relativement stables.<\/p>\n<p>\nChaque enfant a son propre rythme, sa fa\u00e7on d\u2019apprivoiser les nouveaux go\u00fbts, ses journ\u00e9es avec grand app\u00e9tit et celles o\u00f9 il mange tr\u00e8s peu. Nous pensons que le plus pertinent est d\u2019observer la progression globale, la <strong>courbe de croissance<\/strong>, le niveau d\u2019\u00e9nergie et d\u2019\u00e9veil, plut\u00f4t que de se focaliser sur un repas isol\u00e9. En vous appuyant sur les rep\u00e8res chiffr\u00e9s et les id\u00e9es de menus propos\u00e9s ici, en restant \u00e0 l\u2019\u00e9coute des signaux de faim et de sati\u00e9t\u00e9 de votre enfant, et en n\u2019h\u00e9sitant pas \u00e0 solliciter l\u2019avis d\u2019un <strong>professionnel de sant\u00e9<\/strong> lorsque quelque chose vous inqui\u00e8te, vous construisez jour apr\u00e8s jour une relation sereine \u00e0 l\u2019alimentation. Pour enrichir cette exp\u00e9rience, beaucoup de parents \u00e9changent, depuis plusieurs ann\u00e9es, leurs <strong>recettes de repas b\u00e9b\u00e9 16 mois<\/strong> et leurs astuces sur des forums sp\u00e9cialis\u00e9s, des groupes <strong>Facebook<\/strong> d\u00e9di\u00e9s \u00e0 la parentalit\u00e9 ou des plateformes comme <strong>Instagram<\/strong>, cr\u00e9ant une v\u00e9ritable communaut\u00e9 autour de ces premiers repas de \u201cgrand\u201d.<\/p>\n<ul>\n<li><strong>3 piliers<\/strong> : <u>\u00e9quilibre<\/u>, <u>vari\u00e9t\u00e9<\/u>, <u>r\u00e9gularit\u00e9<\/u>.<\/li>\n<li><strong>Rep\u00e8res<\/strong> : s\u2019appuyer sur les courbes de croissance, pas sur un repas isol\u00e9.<\/li>\n<li><strong>\u00c9changes entre parents<\/strong> : recettes, id\u00e9es de menus, retours d\u2019exp\u00e9rience, pour enrichir le quotidien.<\/li>\n<\/ul>\n","protected":false},"excerpt":{"rendered":"","protected":false},"author":34,"featured_media":7684,"comment_status":"open","ping_status":"open","sticky":false,"template":"","format":"standard","meta":{"_acf_changed":false,"manual_indexmenow":false,"indexmenow_id_project":0,"footnotes":""},"categories":[4523],"tags":[4759,4758,4760],"class_list":["post-7682","post","type-post","status-publish","format-standard","has-post-thumbnail","hentry","category-alimentation-et-sante-des-enfants","tag-alimentation-16-mois","tag-repas-bebe","tag-repas-equilibre","generate-columns","tablet-grid-50","mobile-grid-100","grid-parent","grid-25"],"acf":[],"yoast_head":"<!-- This site is optimized with the Yoast SEO Premium plugin v21.3 (Yoast SEO v25.6) - https:\/\/yoast.com\/wordpress\/plugins\/seo\/ -->\n<title>Repas \u00e9quilibr\u00e9s pour b\u00e9b\u00e9 de 16 mois<\/title>\n<meta name=\"description\" content=\"Entre 1 et 2 ans, la plupart des enfants partagent une grande partie des repas de la famille, tout en conservant des besoins nutritionnels sp\u00e9cifiques\" \/>\n<meta name=\"robots\" content=\"index, follow, max-snippet:-1, max-image-preview:large, max-video-preview:-1\" \/>\n<link rel=\"canonical\" href=\"https:\/\/juliedrnd.net\/blog\/alimentation-et-sante-des-enfants\/repas-equilibres-pour-bebe-de-16-mois-conseils-pour-une-alimentation-adaptee\/\" \/>\n<meta property=\"og:locale\" content=\"fr_FR\" \/>\n<meta property=\"og:type\" content=\"article\" \/>\n<meta property=\"og:title\" content=\"Repas \u00e9quilibr\u00e9s pour b\u00e9b\u00e9 de 16 mois\" \/>\n<meta property=\"og:description\" content=\"Entre 1 et 2 ans, la plupart des enfants partagent une grande partie des repas de la famille, tout en conservant des besoins nutritionnels sp\u00e9cifiques\" \/>\n<meta property=\"og:url\" content=\"https:\/\/juliedrnd.net\/blog\/alimentation-et-sante-des-enfants\/repas-equilibres-pour-bebe-de-16-mois-conseils-pour-une-alimentation-adaptee\/\" \/>\n<meta property=\"og:site_name\" content=\"juliedrnd\" \/>\n<meta property=\"og:image\" content=\"https:\/\/juliedrnd.net\/blog\/wp-content\/uploads\/2025\/12\/pag-image-693aaf78c8b3f-scaled.png\" \/>\n\t<meta property=\"og:image:width\" content=\"1200\" \/>\n\t<meta property=\"og:image:height\" content=\"686\" \/>\n\t<meta property=\"og:image:type\" content=\"image\/png\" \/>\n<meta name=\"author\" content=\"Elodie Mazeau\" \/>\n<meta name=\"twitter:card\" content=\"summary_large_image\" \/>\n<script type=\"application\/ld+json\" class=\"yoast-schema-graph\">{\"@context\":\"https:\/\/schema.org\",\"@graph\":[{\"@type\":\"NewsArticle\",\"@id\":\"https:\/\/juliedrnd.net\/blog\/alimentation-et-sante-des-enfants\/repas-equilibres-pour-bebe-de-16-mois-conseils-pour-une-alimentation-adaptee\/#article\",\"isPartOf\":{\"@id\":\"https:\/\/juliedrnd.net\/blog\/alimentation-et-sante-des-enfants\/repas-equilibres-pour-bebe-de-16-mois-conseils-pour-une-alimentation-adaptee\/\"},\"author\":{\"name\":\"Elodie Mazeau\",\"@id\":\"https:\/\/juliedrnd.net\/blog\/#\/schema\/person\/3c864cdc320801e3db34b663e7e3f816\"},\"headline\":\"Repas \u00e9quilibr\u00e9s pour b\u00e9b\u00e9 de 16 mois : conseils pour une alimentation adapt\u00e9e\",\"datePublished\":\"2026-02-12T08:54:00+00:00\",\"dateModified\":\"2026-08-25T01:08:14+00:00\",\"mainEntityOfPage\":{\"@id\":\"https:\/\/juliedrnd.net\/blog\/alimentation-et-sante-des-enfants\/repas-equilibres-pour-bebe-de-16-mois-conseils-pour-une-alimentation-adaptee\/\"},\"wordCount\":3181,\"commentCount\":0,\"publisher\":{\"@id\":\"https:\/\/juliedrnd.net\/blog\/#organization\"},\"image\":{\"@id\":\"https:\/\/juliedrnd.net\/blog\/alimentation-et-sante-des-enfants\/repas-equilibres-pour-bebe-de-16-mois-conseils-pour-une-alimentation-adaptee\/#primaryimage\"},\"thumbnailUrl\":\"https:\/\/juliedrnd.net\/blog\/wp-content\/uploads\/2025\/12\/pag-image-693aaf78c8b3f-scaled.png\",\"keywords\":[\"alimentation 16 mois\",\"repas bebe\",\"repas equilibre\"],\"articleSection\":[\"Alimentation et Sant\u00e9 des Enfants\"],\"inLanguage\":\"fr-FR\",\"potentialAction\":[{\"@type\":\"CommentAction\",\"name\":\"Comment\",\"target\":[\"https:\/\/juliedrnd.net\/blog\/alimentation-et-sante-des-enfants\/repas-equilibres-pour-bebe-de-16-mois-conseils-pour-une-alimentation-adaptee\/#respond\"]}]},{\"@type\":\"WebPage\",\"@id\":\"https:\/\/juliedrnd.net\/blog\/alimentation-et-sante-des-enfants\/repas-equilibres-pour-bebe-de-16-mois-conseils-pour-une-alimentation-adaptee\/\",\"url\":\"https:\/\/juliedrnd.net\/blog\/alimentation-et-sante-des-enfants\/repas-equilibres-pour-bebe-de-16-mois-conseils-pour-une-alimentation-adaptee\/\",\"name\":\"Repas \u00e9quilibr\u00e9s pour b\u00e9b\u00e9 de 16 mois\",\"isPartOf\":{\"@id\":\"https:\/\/juliedrnd.net\/blog\/#website\"},\"primaryImageOfPage\":{\"@id\":\"https:\/\/juliedrnd.net\/blog\/alimentation-et-sante-des-enfants\/repas-equilibres-pour-bebe-de-16-mois-conseils-pour-une-alimentation-adaptee\/#primaryimage\"},\"image\":{\"@id\":\"https:\/\/juliedrnd.net\/blog\/alimentation-et-sante-des-enfants\/repas-equilibres-pour-bebe-de-16-mois-conseils-pour-une-alimentation-adaptee\/#primaryimage\"},\"thumbnailUrl\":\"https:\/\/juliedrnd.net\/blog\/wp-content\/uploads\/2025\/12\/pag-image-693aaf78c8b3f-scaled.png\",\"datePublished\":\"2026-02-12T08:54:00+00:00\",\"dateModified\":\"2026-08-25T01:08:14+00:00\",\"description\":\"Entre 1 et 2 ans, la plupart des enfants partagent une grande partie des repas de la famille, tout en conservant des besoins nutritionnels sp\u00e9cifiques\",\"inLanguage\":\"fr-FR\",\"potentialAction\":[{\"@type\":\"ReadAction\",\"target\":[\"https:\/\/juliedrnd.net\/blog\/alimentation-et-sante-des-enfants\/repas-equilibres-pour-bebe-de-16-mois-conseils-pour-une-alimentation-adaptee\/\"]}]},{\"@type\":\"ImageObject\",\"inLanguage\":\"fr-FR\",\"@id\":\"https:\/\/juliedrnd.net\/blog\/alimentation-et-sante-des-enfants\/repas-equilibres-pour-bebe-de-16-mois-conseils-pour-une-alimentation-adaptee\/#primaryimage\",\"url\":\"https:\/\/juliedrnd.net\/blog\/wp-content\/uploads\/2025\/12\/pag-image-693aaf78c8b3f-scaled.png\",\"contentUrl\":\"https:\/\/juliedrnd.net\/blog\/wp-content\/uploads\/2025\/12\/pag-image-693aaf78c8b3f-scaled.png\",\"width\":1200,\"height\":686,\"caption\":\"Image g\u00e9n\u00e9r\u00e9e par IA optimis\u00e9e pour Google Discover\"},{\"@type\":\"WebSite\",\"@id\":\"https:\/\/juliedrnd.net\/blog\/#website\",\"url\":\"https:\/\/juliedrnd.net\/blog\/\",\"name\":\"juliedrnd.net\",\"description\":\"Vivez, cr\u00e9ez, r\u00eavez.\",\"publisher\":{\"@id\":\"https:\/\/juliedrnd.net\/blog\/#organization\"},\"alternateName\":\"Vivez, cr\u00e9ez, r\u00eavez.\",\"potentialAction\":[{\"@type\":\"SearchAction\",\"target\":{\"@type\":\"EntryPoint\",\"urlTemplate\":\"https:\/\/juliedrnd.net\/blog\/?s={search_term_string}\"},\"query-input\":{\"@type\":\"PropertyValueSpecification\",\"valueRequired\":true,\"valueName\":\"search_term_string\"}}],\"inLanguage\":\"fr-FR\"},{\"@type\":\"Organization\",\"@id\":\"https:\/\/juliedrnd.net\/blog\/#organization\",\"name\":\"Julie Drnd\",\"url\":\"https:\/\/juliedrnd.net\/blog\/\",\"logo\":{\"@type\":\"ImageObject\",\"inLanguage\":\"fr-FR\",\"@id\":\"https:\/\/juliedrnd.net\/blog\/#\/schema\/logo\/image\/\",\"url\":\"https:\/\/juliedrnd.net\/blog\/wp-content\/uploads\/2024\/12\/15.png\",\"contentUrl\":\"https:\/\/juliedrnd.net\/blog\/wp-content\/uploads\/2024\/12\/15.png\",\"width\":500,\"height\":500,\"caption\":\"Julie Drnd\"},\"image\":{\"@id\":\"https:\/\/juliedrnd.net\/blog\/#\/schema\/logo\/image\/\"}},{\"@type\":\"Person\",\"@id\":\"https:\/\/juliedrnd.net\/blog\/#\/schema\/person\/3c864cdc320801e3db34b663e7e3f816\",\"name\":\"Elodie Mazeau\",\"image\":{\"@type\":\"ImageObject\",\"inLanguage\":\"fr-FR\",\"@id\":\"https:\/\/juliedrnd.net\/blog\/#\/schema\/person\/image\/\",\"url\":\"https:\/\/juliedrnd.net\/blog\/wp-content\/uploads\/2026\/06\/persona_elodie-m-96x96.jpg\",\"contentUrl\":\"https:\/\/juliedrnd.net\/blog\/wp-content\/uploads\/2026\/06\/persona_elodie-m-96x96.jpg\",\"caption\":\"Elodie Mazeau\"},\"description\":\"J'\u00e9cris sur la parentalit\u00e9 telle qu'elle se vit vraiment, du premier biberon aux premi\u00e8res col\u00e8res. Mes sujets de pr\u00e9dilection couvrent le quotidien des familles : sommeil, alimentation, organisation, pu\u00e9riculture et ces petites gal\u00e8res que tout parent conna\u00eet. Depuis plusieurs ann\u00e9es, je m'attache \u00e0 proposer des rep\u00e8res concrets plut\u00f4t que des le\u00e7ons, parce que chaque famille trouve son propre \u00e9quilibre. Je v\u00e9rifie mes informations aupr\u00e8s de sources fiables, surtout d\u00e8s qu'on touche \u00e0 la sant\u00e9 ou \u00e0 la s\u00e9curit\u00e9 de l'enfant, et je pr\u00e9cise quand un avis professionnel s'impose. J'\u00e9vite soigneusement la culpabilisation : \u00eatre parent est d\u00e9j\u00e0 assez exigeant. Mon ton se veut complice et bienveillant, un peu comme une discussion entre parents qui se comprennent. L'id\u00e9e est d'all\u00e9ger la charge mentale en donnant des solutions simples et test\u00e9es.\",\"sameAs\":[\"https:\/\/elodiemazeau.fr\/\"],\"url\":\"https:\/\/juliedrnd.net\/blog\/auteur\/noname\/\"}]}<\/script>\n<!-- \/ Yoast SEO Premium plugin. -->","yoast_head_json":{"title":"Repas \u00e9quilibr\u00e9s pour b\u00e9b\u00e9 de 16 mois","description":"Entre 1 et 2 ans, la plupart des enfants partagent une grande partie des repas de la famille, tout en conservant des besoins nutritionnels sp\u00e9cifiques","robots":{"index":"index","follow":"follow","max-snippet":"max-snippet:-1","max-image-preview":"max-image-preview:large","max-video-preview":"max-video-preview:-1"},"canonical":"https:\/\/juliedrnd.net\/blog\/alimentation-et-sante-des-enfants\/repas-equilibres-pour-bebe-de-16-mois-conseils-pour-une-alimentation-adaptee\/","og_locale":"fr_FR","og_type":"article","og_title":"Repas \u00e9quilibr\u00e9s pour b\u00e9b\u00e9 de 16 mois","og_description":"Entre 1 et 2 ans, la plupart des enfants partagent une grande partie des repas de la famille, tout en conservant des besoins nutritionnels sp\u00e9cifiques","og_url":"https:\/\/juliedrnd.net\/blog\/alimentation-et-sante-des-enfants\/repas-equilibres-pour-bebe-de-16-mois-conseils-pour-une-alimentation-adaptee\/","og_site_name":"juliedrnd","og_image":[{"width":1200,"height":686,"url":"https:\/\/juliedrnd.net\/blog\/wp-content\/uploads\/2025\/12\/pag-image-693aaf78c8b3f-scaled.png","type":"image\/png"}],"author":"Elodie Mazeau","twitter_card":"summary_large_image","schema":{"@context":"https:\/\/schema.org","@graph":[{"@type":"NewsArticle","@id":"https:\/\/juliedrnd.net\/blog\/alimentation-et-sante-des-enfants\/repas-equilibres-pour-bebe-de-16-mois-conseils-pour-une-alimentation-adaptee\/#article","isPartOf":{"@id":"https:\/\/juliedrnd.net\/blog\/alimentation-et-sante-des-enfants\/repas-equilibres-pour-bebe-de-16-mois-conseils-pour-une-alimentation-adaptee\/"},"author":{"name":"Elodie Mazeau","@id":"https:\/\/juliedrnd.net\/blog\/#\/schema\/person\/3c864cdc320801e3db34b663e7e3f816"},"headline":"Repas \u00e9quilibr\u00e9s pour b\u00e9b\u00e9 de 16 mois : conseils pour une alimentation adapt\u00e9e","datePublished":"2026-02-12T08:54:00+00:00","dateModified":"2026-08-25T01:08:14+00:00","mainEntityOfPage":{"@id":"https:\/\/juliedrnd.net\/blog\/alimentation-et-sante-des-enfants\/repas-equilibres-pour-bebe-de-16-mois-conseils-pour-une-alimentation-adaptee\/"},"wordCount":3181,"commentCount":0,"publisher":{"@id":"https:\/\/juliedrnd.net\/blog\/#organization"},"image":{"@id":"https:\/\/juliedrnd.net\/blog\/alimentation-et-sante-des-enfants\/repas-equilibres-pour-bebe-de-16-mois-conseils-pour-une-alimentation-adaptee\/#primaryimage"},"thumbnailUrl":"https:\/\/juliedrnd.net\/blog\/wp-content\/uploads\/2025\/12\/pag-image-693aaf78c8b3f-scaled.png","keywords":["alimentation 16 mois","repas bebe","repas equilibre"],"articleSection":["Alimentation et Sant\u00e9 des Enfants"],"inLanguage":"fr-FR","potentialAction":[{"@type":"CommentAction","name":"Comment","target":["https:\/\/juliedrnd.net\/blog\/alimentation-et-sante-des-enfants\/repas-equilibres-pour-bebe-de-16-mois-conseils-pour-une-alimentation-adaptee\/#respond"]}]},{"@type":"WebPage","@id":"https:\/\/juliedrnd.net\/blog\/alimentation-et-sante-des-enfants\/repas-equilibres-pour-bebe-de-16-mois-conseils-pour-une-alimentation-adaptee\/","url":"https:\/\/juliedrnd.net\/blog\/alimentation-et-sante-des-enfants\/repas-equilibres-pour-bebe-de-16-mois-conseils-pour-une-alimentation-adaptee\/","name":"Repas \u00e9quilibr\u00e9s pour b\u00e9b\u00e9 de 16 mois","isPartOf":{"@id":"https:\/\/juliedrnd.net\/blog\/#website"},"primaryImageOfPage":{"@id":"https:\/\/juliedrnd.net\/blog\/alimentation-et-sante-des-enfants\/repas-equilibres-pour-bebe-de-16-mois-conseils-pour-une-alimentation-adaptee\/#primaryimage"},"image":{"@id":"https:\/\/juliedrnd.net\/blog\/alimentation-et-sante-des-enfants\/repas-equilibres-pour-bebe-de-16-mois-conseils-pour-une-alimentation-adaptee\/#primaryimage"},"thumbnailUrl":"https:\/\/juliedrnd.net\/blog\/wp-content\/uploads\/2025\/12\/pag-image-693aaf78c8b3f-scaled.png","datePublished":"2026-02-12T08:54:00+00:00","dateModified":"2026-08-25T01:08:14+00:00","description":"Entre 1 et 2 ans, la plupart des enfants partagent une grande partie des repas de la famille, tout en conservant des besoins nutritionnels sp\u00e9cifiques","inLanguage":"fr-FR","potentialAction":[{"@type":"ReadAction","target":["https:\/\/juliedrnd.net\/blog\/alimentation-et-sante-des-enfants\/repas-equilibres-pour-bebe-de-16-mois-conseils-pour-une-alimentation-adaptee\/"]}]},{"@type":"ImageObject","inLanguage":"fr-FR","@id":"https:\/\/juliedrnd.net\/blog\/alimentation-et-sante-des-enfants\/repas-equilibres-pour-bebe-de-16-mois-conseils-pour-une-alimentation-adaptee\/#primaryimage","url":"https:\/\/juliedrnd.net\/blog\/wp-content\/uploads\/2025\/12\/pag-image-693aaf78c8b3f-scaled.png","contentUrl":"https:\/\/juliedrnd.net\/blog\/wp-content\/uploads\/2025\/12\/pag-image-693aaf78c8b3f-scaled.png","width":1200,"height":686,"caption":"Image g\u00e9n\u00e9r\u00e9e par IA optimis\u00e9e pour Google Discover"},{"@type":"WebSite","@id":"https:\/\/juliedrnd.net\/blog\/#website","url":"https:\/\/juliedrnd.net\/blog\/","name":"juliedrnd.net","description":"Vivez, cr\u00e9ez, r\u00eavez.","publisher":{"@id":"https:\/\/juliedrnd.net\/blog\/#organization"},"alternateName":"Vivez, cr\u00e9ez, r\u00eavez.","potentialAction":[{"@type":"SearchAction","target":{"@type":"EntryPoint","urlTemplate":"https:\/\/juliedrnd.net\/blog\/?s={search_term_string}"},"query-input":{"@type":"PropertyValueSpecification","valueRequired":true,"valueName":"search_term_string"}}],"inLanguage":"fr-FR"},{"@type":"Organization","@id":"https:\/\/juliedrnd.net\/blog\/#organization","name":"Julie Drnd","url":"https:\/\/juliedrnd.net\/blog\/","logo":{"@type":"ImageObject","inLanguage":"fr-FR","@id":"https:\/\/juliedrnd.net\/blog\/#\/schema\/logo\/image\/","url":"https:\/\/juliedrnd.net\/blog\/wp-content\/uploads\/2024\/12\/15.png","contentUrl":"https:\/\/juliedrnd.net\/blog\/wp-content\/uploads\/2024\/12\/15.png","width":500,"height":500,"caption":"Julie Drnd"},"image":{"@id":"https:\/\/juliedrnd.net\/blog\/#\/schema\/logo\/image\/"}},{"@type":"Person","@id":"https:\/\/juliedrnd.net\/blog\/#\/schema\/person\/3c864cdc320801e3db34b663e7e3f816","name":"Elodie Mazeau","image":{"@type":"ImageObject","inLanguage":"fr-FR","@id":"https:\/\/juliedrnd.net\/blog\/#\/schema\/person\/image\/","url":"https:\/\/juliedrnd.net\/blog\/wp-content\/uploads\/2026\/06\/persona_elodie-m-96x96.jpg","contentUrl":"https:\/\/juliedrnd.net\/blog\/wp-content\/uploads\/2026\/06\/persona_elodie-m-96x96.jpg","caption":"Elodie Mazeau"},"description":"J'\u00e9cris sur la parentalit\u00e9 telle qu'elle se vit vraiment, du premier biberon aux premi\u00e8res col\u00e8res. Mes sujets de pr\u00e9dilection couvrent le quotidien des familles : sommeil, alimentation, organisation, pu\u00e9riculture et ces petites gal\u00e8res que tout parent conna\u00eet. Depuis plusieurs ann\u00e9es, je m'attache \u00e0 proposer des rep\u00e8res concrets plut\u00f4t que des le\u00e7ons, parce que chaque famille trouve son propre \u00e9quilibre. Je v\u00e9rifie mes informations aupr\u00e8s de sources fiables, surtout d\u00e8s qu'on touche \u00e0 la sant\u00e9 ou \u00e0 la s\u00e9curit\u00e9 de l'enfant, et je pr\u00e9cise quand un avis professionnel s'impose. J'\u00e9vite soigneusement la culpabilisation : \u00eatre parent est d\u00e9j\u00e0 assez exigeant. Mon ton se veut complice et bienveillant, un peu comme une discussion entre parents qui se comprennent. L'id\u00e9e est d'all\u00e9ger la charge mentale en donnant des solutions simples et test\u00e9es.","sameAs":["https:\/\/elodiemazeau.fr\/"],"url":"https:\/\/juliedrnd.net\/blog\/auteur\/noname\/"}]}},"_links":{"self":[{"href":"https:\/\/juliedrnd.net\/blog\/wp-json\/wp\/v2\/posts\/7682","targetHints":{"allow":["GET"]}}],"collection":[{"href":"https:\/\/juliedrnd.net\/blog\/wp-json\/wp\/v2\/posts"}],"about":[{"href":"https:\/\/juliedrnd.net\/blog\/wp-json\/wp\/v2\/types\/post"}],"author":[{"embeddable":true,"href":"https:\/\/juliedrnd.net\/blog\/wp-json\/wp\/v2\/users\/34"}],"replies":[{"embeddable":true,"href":"https:\/\/juliedrnd.net\/blog\/wp-json\/wp\/v2\/comments?post=7682"}],"version-history":[{"count":1,"href":"https:\/\/juliedrnd.net\/blog\/wp-json\/wp\/v2\/posts\/7682\/revisions"}],"predecessor-version":[{"id":7706,"href":"https:\/\/juliedrnd.net\/blog\/wp-json\/wp\/v2\/posts\/7682\/revisions\/7706"}],"wp:featuredmedia":[{"embeddable":true,"href":"https:\/\/juliedrnd.net\/blog\/wp-json\/wp\/v2\/media\/7684"}],"wp:attachment":[{"href":"https:\/\/juliedrnd.net\/blog\/wp-json\/wp\/v2\/media?parent=7682"}],"wp:term":[{"taxonomy":"category","embeddable":true,"href":"https:\/\/juliedrnd.net\/blog\/wp-json\/wp\/v2\/categories?post=7682"},{"taxonomy":"post_tag","embeddable":true,"href":"https:\/\/juliedrnd.net\/blog\/wp-json\/wp\/v2\/tags?post=7682"}],"curies":[{"name":"wp","href":"https:\/\/api.w.org\/{rel}","templated":true}]}}