{"id":7676,"date":"2026-02-05T09:30:00","date_gmt":"2026-02-05T08:30:00","guid":{"rendered":"https:\/\/juliedrnd.net\/blog\/?p=7676"},"modified":"2026-08-25T03:08:14","modified_gmt":"2026-08-25T01:08:14","slug":"recette-bebe-9-mois-idees-nutritives-pour-varier-ses-repas","status":"publish","type":"post","link":"https:\/\/juliedrnd.net\/blog\/alimentation-et-sante-des-enfants\/recette-bebe-9-mois-idees-nutritives-pour-varier-ses-repas\/","title":{"rendered":"Recette b\u00e9b\u00e9 9 mois : id\u00e9es nutritives pour varier ses repas"},"content":{"rendered":"<h2>Recette b\u00e9b\u00e9 9 mois<\/h2>\n<h2>Recettes b\u00e9b\u00e9 9 mois, une nouvelle \u00e9tape cl\u00e9 de la diversification<\/h2>\n<p>\n\u00c0 9 mois, la <strong>diversification alimentaire<\/strong> est d\u00e9j\u00e0 bien entam\u00e9e, b\u00e9b\u00e9 a souvent d\u00e9couvert plusieurs l\u00e9gumes (carotte, courgette, haricots verts\u2026), quelques fruits, certains f\u00e9culents et les premi\u00e8res prot\u00e9ines animales. Les donn\u00e9es publi\u00e9es en 2023 par <strong>Babybio<\/strong>, marque bio fran\u00e7aise sp\u00e9cialis\u00e9e dans les aliments infantiles, indiquent qu\u2019entre 8 et 9 mois, les b\u00e9b\u00e9s consomment une part croissante de repas solides tout en gardant le lait comme base nutritionnelle principale. Nous nous situons donc \u00e0 une phase charni\u00e8re o\u00f9 l\u2019on structure mieux les journ\u00e9es : petit-d\u00e9jeuner lact\u00e9, d\u00e9jeuner sal\u00e9 complet, go\u00fbter fruit\u00e9 et lact\u00e9, d\u00eener \u00e0 base de l\u00e9gumes et f\u00e9culents.\n<\/p>\n<ul>\n<li>Augmentation du nombre de <strong>repas solides<\/strong> (2 \u00e0 3 par jour).<\/li>\n<li>Introduction de <strong>textures plus \u00e9paisses<\/strong> et de <strong>petits morceaux fondants<\/strong>.<\/li>\n<li>\u00c9largissement \u00e0 presque tous les <strong>l\u00e9gumes<\/strong> et une grande vari\u00e9t\u00e9 de <strong>fruits<\/strong>.<\/li>\n<li>Pr\u00e9sence de <strong>f\u00e9culents<\/strong> (pomme de terre, riz, p\u00e2tes, semoule, quinoa\u2026).<\/li>\n<li>Apport r\u00e9gulier de <strong>prot\u00e9ines animales ou v\u00e9g\u00e9tales<\/strong> le midi.<\/li>\n<\/ul>\n<p>\nNous consid\u00e9rons que proposer des <strong>recettes b\u00e9b\u00e9 9 mois<\/strong> bien construites est un levier concret pour rassurer les parents, r\u00e9duire les risques de carences et encourager le plaisir de manger. Notre avis est clair : plus les parents disposent d\u2019exemples pr\u00e9cis de <strong>repas b\u00e9b\u00e9 9 mois<\/strong> et de combinaisons alimentaires s\u00e9curis\u00e9es, plus la diversification se d\u00e9roule sereinement, avec moins de tensions autour des quantit\u00e9s et des refus.\n<\/p>\n<h2>Les besoins nutritionnels d\u2019un b\u00e9b\u00e9 de 9 mois<\/h2>\n<p>\n\u00c0 9 mois, le <u>lait reste la base de l\u2019alimentation<\/u>, qu\u2019il s\u2019agisse de <strong>lait maternel<\/strong> ou de <strong>pr\u00e9paration infantile 2e \u00e2ge<\/strong>. Les rep\u00e8res utilis\u00e9s par des sites comme <strong>mpedia.fr<\/strong> et par des di\u00e9t\u00e9ticiennes p\u00e9diatriques collaborant avec <strong>Les Petits Culott\u00e9s, marque fran\u00e7aise de couches \u00e9cologiques<\/strong>, indiquent que les b\u00e9b\u00e9s de 6 \u00e0 9 mois consomment souvent entre <u>500 et 700 ml de lait par jour<\/u>, r\u00e9partis en 2 \u00e0 3 prises, auxquelles s\u2019ajoutent les repas solides. Les quantit\u00e9s de pur\u00e9e par repas se situent, selon plusieurs menus types publi\u00e9s en 2022 et 2023, entre <u>120 et 200 g de pr\u00e9paration<\/u> pour un repas sal\u00e9 complet.\n<\/p>\n<ul>\n<li><strong>Structure d\u2019un repas sal\u00e9 type<\/strong> : environ 2\/3 de l\u00e9gumes, 1\/3 de f\u00e9culents.<\/li>\n<li><strong>Prot\u00e9ines le midi<\/strong> : 10 \u00e0 15 g\/jour, soit 2 petites cuill\u00e8res \u00e0 caf\u00e9 de viande ou poisson, ou 1\/4 \u00e0 1\/3 d\u2019<strong>\u0153uf dur<\/strong>.<\/li>\n<li><strong>Lipides<\/strong> : 1 \u00e0 2 cuill\u00e8res \u00e0 caf\u00e9 d\u2019<strong>huile v\u00e9g\u00e9tale<\/strong> (colza, olive, tournesol) pour l\u2019apport en acides gras essentiels, notamment pour le <u>d\u00e9veloppement c\u00e9r\u00e9bral<\/u>.<\/li>\n<\/ul>\n<p>\nNous insistons sur la densit\u00e9 nutritionnelle : \u00e0 9 mois, b\u00e9b\u00e9 a besoin de <strong>fer<\/strong> (viande rouge, poisson, l\u00e9gumineuses comme les lentilles), de <strong>vitamines<\/strong> et d\u2019<strong>antioxydants<\/strong> issus des l\u00e9gumes color\u00e9s (carotte, potimarron, \u00e9pinards, brocoli) et des fruits (pomme, poire, banane, fruits exotiques bien tol\u00e9r\u00e9s), ainsi que de <strong>glucides complexes<\/strong> (pomme de terre, riz, p\u00e2tes, quinoa, semoule). Pour vous projeter, un <u>menu type b\u00e9b\u00e9 9 mois sur une journ\u00e9e<\/u>, inspir\u00e9 des grilles de l\u2019<strong>H\u00f4pital des Enfants des H\u00f4pitaux Universitaires de Gen\u00e8ve<\/strong> en 2021, peut ressembler \u00e0 ceci :\n<\/p>\n<ul>\n<li><strong>Matin<\/strong> : t\u00e9t\u00e9e ou biberon (150\u2013240 ml) + \u00e9ventuellement quelques cuiller\u00e9es de c\u00e9r\u00e9ales infantiles sans sucres ajout\u00e9s.<\/li>\n<li><strong>Midi<\/strong> : 150\u2013180 g de pur\u00e9e l\u00e9gumes\/f\u00e9culents + 10\u201315 g de prot\u00e9ines + 1 cuill\u00e8re \u00e0 caf\u00e9 d\u2019huile v\u00e9g\u00e9tale + 1 petite compote sans sucres ajout\u00e9s.<\/li>\n<li><strong>Go\u00fbter<\/strong> : lait (150\u2013210 ml) + 1 fruit frais bien m\u00fbr ou compote.<\/li>\n<li><strong>Soir<\/strong> : 130\u2013150 g de pur\u00e9e l\u00e9gumes\/f\u00e9culents + lait (selon l\u2019app\u00e9tit).<\/li>\n<\/ul>\n<h2>Textures et s\u00e9curit\u00e9 alimentaire \u00e0 9 mois<\/h2>\n<p>\nAutour de 9 mois, nous passons progressivement de la pur\u00e9e parfaitement lisse \u00e0 des <strong>textures moulin\u00e9es ou \u00e9cras\u00e9es<\/strong>, avec de <strong>petits morceaux tr\u00e8s fondants<\/strong>. Des sites comme <strong>Cuisinez pour b\u00e9b\u00e9<\/strong>, cr\u00e9\u00e9s par des di\u00e9t\u00e9ticiennes p\u00e9diatriques en France, recommandent des pur\u00e9es \u00e9paissies, des l\u00e9gumes cuits vapeur puis \u00e9cras\u00e9s \u00e0 la fourchette, des petites p\u00e2tes alphabet ou perles tr\u00e8s cuites, de la semoule fine, du riz bien cuit, ainsi que des boulettes de viande ou de l\u00e9gumes extr\u00eamement tendres. L\u2019objectif est de stimuler la <u>mastication et la motricit\u00e9 bucco-faciale<\/u>, tout en garantissant la s\u00e9curit\u00e9.\n<\/p>\n<ul>\n<li><strong>Textures conseill\u00e9es<\/strong> : pur\u00e9es \u00e9paisses, l\u00e9gumes \u00e9cras\u00e9s, p\u00e2tes tr\u00e8s cuites, croquettes tr\u00e8s fondantes.<\/li>\n<li><strong>Aliments DME adapt\u00e9s<\/strong> : b\u00e2tonnets de carotte ultra fondante, fleurettes de brocoli tr\u00e8s cuites, quartiers de patate douce r\u00f4tie tr\u00e8s tendre.<\/li>\n<li><strong>Surveillance<\/strong> : b\u00e9b\u00e9 reste assis droit, toujours sous votre regard lorsqu\u2019il mange.<\/li>\n<\/ul>\n<p>\nLa <strong>Diversification Men\u00e9e par l\u2019Enfant (DME)<\/strong>, popularis\u00e9e en France par des auteures comme <strong>Christine Zalejski<\/strong>, fondatrice de <strong>Cuisine de b\u00e9b\u00e9<\/strong>, permet de proposer d\u2019embl\u00e9e des morceaux adapt\u00e9s, que b\u00e9b\u00e9 saisit avec ses mains. \u00c0 9 mois, certaines <strong>recettes repas b\u00e9b\u00e9 9 mois<\/strong> s\u2019y pr\u00eatent bien : croquettes de lentilles corail tr\u00e8s molles, boulettes de poisson et pommes de terre, l\u00e9gumes en b\u00e2tonnets cuits \u00e0 c\u0153ur. Nous jugeons indispensable de rappeler les r\u00e8gles de s\u00e9curit\u00e9 : \u00e9viter <u>tout aliment dur, rond ou glissant<\/u> (noix enti\u00e8res, cacahu\u00e8tes, grains de raisin entiers, morceaux de carotte crue) jusqu\u2019\u00e0 au moins 4 ans, couper les aliments potentiellement risqu\u00e9s en petits morceaux ou en lamelles, rester pr\u00e9sent et disponible pendant le repas. La vari\u00e9t\u00e9 des textures, d\u00e8s cette tranche d\u2019\u00e2ge, contribue \u00e0 r\u00e9duire les risques de n\u00e9ophobie alimentaire plus tard, ce que confirment plusieurs \u00e9tudes fran\u00e7aises publi\u00e9es entre 2017 et 2022 sur la diversification pr\u00e9coce.\n<\/p>\n<h2>Recettes sal\u00e9es aux l\u00e9gumes pour b\u00e9b\u00e9 de 9 mois<\/h2>\n<p>\nLa p\u00e9riode 8\u20139 mois est id\u00e9ale pour intensifier la place des <strong>l\u00e9gumes<\/strong> dans les repas. Selon les recommandations mises en avant par <strong>Babybio<\/strong> en 2023, \u00e0 9 mois il n\u2019y a pratiquement plus de restriction sur les l\u00e9gumes : courgette, carotte, aubergine, tomate bien cuite, brocoli, chou-fleur, poireau, c\u00e9leri, potiron, potimarron, navet, endive, betterave cuite\u2026 La seule vigilance porte sur la texture et l\u2019absence de morceaux fibreux difficiles \u00e0 g\u00e9rer. Nous conseillons d\u2019alterner l\u00e9gumes doux (carotte, patate douce, courgette) et saveurs plus marqu\u00e9es (\u00e9pinards, c\u00e9leri, poireau) pour \u00e9largir le r\u00e9pertoire gustatif.\n<\/p>\n<ul>\n<li><strong>Objectif<\/strong> : exposer b\u00e9b\u00e9 \u00e0 une grande diversit\u00e9 de go\u00fbts avant 1 an.<\/li>\n<li><strong>Organisation<\/strong> : cuisiner des bases de pur\u00e9es de l\u00e9gumes, puis y ajouter f\u00e9culents et prot\u00e9ines.<\/li>\n<li><strong>Int\u00e9r\u00eat<\/strong> : renforcer l\u2019apport en fibres, vitamines A, C, K et folates.<\/li>\n<\/ul>\n<p>\nNotre avis est que le \u00ab\u00a0c\u0153ur\u00a0\u00bb d\u2019un <strong>repas b\u00e9b\u00e9 9 mois<\/strong> doit rester le l\u00e9gume, les f\u00e9culents et les prot\u00e9ines venant en compl\u00e9ment pour l\u2019\u00e9nergie et la construction tissulaire. En pratique, cela se traduit par des assiettes majoritairement vertes, orange ou jaunes, o\u00f9 la couleur du l\u00e9gume domine visuellement, y compris lorsque l\u2019on adapte le plat pour les parents.\n<\/p>\n<h2>Pur\u00e9es et velout\u00e9s de l\u00e9gumes simples<\/h2>\n<p>\nLes <strong>pur\u00e9es b\u00e9b\u00e9 9 mois<\/strong> bas\u00e9es sur 1 ou 2 l\u00e9gumes associ\u00e9s \u00e0 un f\u00e9culent restent la base du d\u00e9jeuner et du d\u00eener. L\u2019approche utilis\u00e9e par <strong>Bl\u00e9dina, acteur majeur de la nutrition infantile en France<\/strong>, pour ses recettes \u00ab\u00a0maison inspir\u00e9es\u00a0\u00bb est transposable \u00e0 votre cuisine : l\u00e9gumes cuits \u00e0 la vapeur ou \u00e0 l\u2019eau, ajout d\u2019un f\u00e9culent cuit s\u00e9par\u00e9ment, mixage ou \u00e9crasement, puis ajout de 1 cuill\u00e8re \u00e0 caf\u00e9 d\u2019huile v\u00e9g\u00e9tale en fin de pr\u00e9paration.\n<\/p>\n<ul>\n<li><strong>Pur\u00e9e carotte \u2013 patate douce<\/strong> : carotte et patate douce cuites vapeur, mix\u00e9es, avec un peu d\u2019eau de cuisson ou de lait infantile pour ajuster la texture.<\/li>\n<li><strong>Velout\u00e9 courgette \u2013 petits pois<\/strong> : courgettes \u00e9p\u00e9pin\u00e9es et petits pois cuits, mix\u00e9s tr\u00e8s finement avec une petite portion de pomme de terre ou de riz bien cuit.<\/li>\n<li><strong>Pur\u00e9e pomme de terre \u2013 brocoli<\/strong> : fleurettes de brocoli et pomme de terre, tr\u00e8s cuits, \u00e9cras\u00e9s \u00e0 la fourchette pour introduire de l\u00e9gers morceaux.<\/li>\n<li><strong>Pur\u00e9e potimarron \u2013 riz<\/strong> : potimarron cuit avec une petite poign\u00e9e de riz blanc, mix\u00e9s ensemble pour obtenir une texture onctueuse.<\/li>\n<\/ul>\n<p>\nLes portions recommand\u00e9es se situent, d\u2019apr\u00e8s les formats de petits pots de 190 g commercialis\u00e9s par des marques comme <strong>Babybio<\/strong> et <strong>Good Go\u00fbt<\/strong> en 2022, autour de <u>150 g de pur\u00e9e le midi<\/u> et <u>130\u2013150 g le soir<\/u>, \u00e0 ajuster \u00e0 l\u2019app\u00e9tit. Nous conseillons de proposer une texture un peu plus \u00e9paisse qu\u2019aux d\u00e9buts de la diversification, tout en restant homog\u00e8ne, puis, semaine apr\u00e8s semaine, d\u2019\u00e9craser \u00e0 la fourchette une part de la pur\u00e9e pour offrir quelques petits morceaux tr\u00e8s tendres.\n<\/p>\n<h2>Recettes avec prot\u00e9ines animales adapt\u00e9es \u00e0 9 mois<\/h2>\n<p>\nLes <strong>prot\u00e9ines animales<\/strong> (viande, poisson, \u0153uf) contribuent \u00e0 l\u2019apport en <strong>fer h\u00e9minique<\/strong>, en <strong>vitamine B12<\/strong> et en <strong>acides amin\u00e9s essentiels<\/strong>. Selon les rep\u00e8res diffus\u00e9s par des plateformes comme <strong>Et maman tu deviendras<\/strong> ou <strong>Les Petits Culott\u00e9s<\/strong>, la quantit\u00e9 quotidienne de prot\u00e9ines solides recommand\u00e9e entre 8 et 12 mois est g\u00e9n\u00e9ralement d\u2019environ <u>10 \u00e0 15 g par jour<\/u>, souvent donn\u00e9e le midi uniquement. Ces 10\u201315 g correspondent \u00e0 une petite portion de 2 cuill\u00e8res \u00e0 caf\u00e9 rases de viande ou de poisson mix\u00e9s, ou environ 1\/4 \u00e0 1\/3 d\u2019<strong>\u0153uf dur<\/strong>.\n<\/p>\n<ul>\n<li><strong>Pur\u00e9e pomme de terre \u2013 cabillaud<\/strong> : cabillaud ultra frais ou surgel\u00e9, cuit \u00e0 la vapeur, m\u00e9lang\u00e9 \u00e0 une pur\u00e9e pomme de terre et carotte.<\/li>\n<li><strong>Pur\u00e9e carotte \u2013 poulet<\/strong> : blanc de poulet bien cuit et mix\u00e9 tr\u00e8s finement avec carotte et semoule fine.<\/li>\n<li><strong>Gratin de p\u00e2tes aux brocolis sp\u00e9cial b\u00e9b\u00e9<\/strong>, inspir\u00e9 de recettes <strong>Bl\u00e9dina<\/strong> : p\u00e2tes alphabet tr\u00e8s cuites, brocolis mix\u00e9s, une touche de lait infantile.<\/li>\n<li><strong>Pur\u00e9e d\u2019aubergine \u2013 viande hach\u00e9e<\/strong> : aubergine pel\u00e9e et cuite longuement, associ\u00e9e \u00e0 une toute petite portion de b\u0153uf hach\u00e9 tr\u00e8s bien cuit, mix\u00e9 finement.<\/li>\n<\/ul>\n<p>\nNous recommandons fortement d\u2019<u>adapter les plats familiaux<\/u> pour gagner du temps, comme un pot-au-feu cuisin\u00e9 sans sel, une soupe de l\u00e9gumes maison, un mijot\u00e9 de poulet aux carottes. La m\u00e9thode est simple : vous pr\u00e9parez le plat pour tout le monde, vous pr\u00e9levez une part avant ajout de sel, de bouillon cube ou de sauces industrielles, vous mixez pour b\u00e9b\u00e9, vous ajustez la texture avec un peu de lait infantile ou d\u2019eau de cuisson, puis vous ajoutez la mati\u00e8re grasse adapt\u00e9e. Cette approche, d\u00e9j\u00e0 mise en avant par des sites comme <strong>Cuisinez pour b\u00e9b\u00e9<\/strong> et <strong>Cooking for my baby<\/strong>, favorise une alimentation coh\u00e9rente au sein de la famille et une meilleure acceptation des go\u00fbts, puisque b\u00e9b\u00e9 per\u00e7oit des saveurs proches de celles du repas des parents.\n<\/p>\n<h2>Prot\u00e9ines v\u00e9g\u00e9tales et recettes alternatives<\/h2>\n<p>\nLes <strong>prot\u00e9ines v\u00e9g\u00e9tales<\/strong> occupent une place croissante dans l\u2019<strong>alimentation b\u00e9b\u00e9 9 mois<\/strong>, notamment dans les familles v\u00e9g\u00e9tariennes ou flexitariennes. Les entit\u00e9s comme <strong>Babybio<\/strong> et <strong>Cuisinez pour b\u00e9b\u00e9<\/strong> ont d\u00e9velopp\u00e9 depuis 2020 plusieurs recettes \u00e0 base de <strong>lentilles corail<\/strong>, <strong>pois chiches<\/strong>, <strong>tofu soyeux<\/strong> ou <strong>quinoa<\/strong>, qui montrent qu\u2019il est tout \u00e0 fait possible de couvrir les besoins prote\u00efques de b\u00e9b\u00e9 en alternant animaux et v\u00e9g\u00e9taux.\n<\/p>\n<ul>\n<li><strong>Pur\u00e9e patate douce \u2013 lentilles corail<\/strong> : lentilles corail bien rinc\u00e9es, cuites longuement jusqu\u2019\u00e0 \u00eatre tr\u00e8s fondantes, mix\u00e9es avec patate douce.<\/li>\n<li><strong>Croquettes chou-fleur \u2013 lentilles corail<\/strong> (parents-b\u00e9b\u00e9) : m\u00e9lange chou-fleur cuit, lentilles corail et une petite quantit\u00e9 de farine, form\u00e9 en croquettes tr\u00e8s moelleuses.<\/li>\n<li><strong>Pur\u00e9e pois chiches \u2013 carotte<\/strong> : pois chiches en bocal bien rinc\u00e9s, mix\u00e9s tr\u00e8s finement avec carotte, jamais entiers pour \u00e9viter tout risque d\u2019\u00e9touffement.<\/li>\n<li><strong>Tofu soyeux mix\u00e9 aux l\u00e9gumes<\/strong> : tofu soyeux nature, mix\u00e9 avec courgette et riz bien cuit pour une texture cr\u00e9meuse.<\/li>\n<\/ul>\n<p>\nNous jugeons ces recettes particuli\u00e8rement int\u00e9ressantes pour diversifier les apports en fibres, magn\u00e9sium et prot\u00e9ines tout en exposant b\u00e9b\u00e9 \u00e0 de nouvelles textures. La vigilance concerne la <u>quantit\u00e9 totale de prot\u00e9ines sur la journ\u00e9e<\/u> : qu\u2019elles soient animales ou v\u00e9g\u00e9tales, elles s\u2019additionnent. Les familles v\u00e9g\u00e9tariennes ont tout int\u00e9r\u00eat \u00e0 se faire accompagner par un ou une <strong>di\u00e9t\u00e9ticien(ne) sp\u00e9cialis\u00e9(e) en p\u00e9diatrie<\/strong>, notamment dans les grandes villes comme <strong>Paris<\/strong>, <strong>Lyon<\/strong> ou <strong>Toulouse<\/strong>, afin d\u2019\u00e9viter les d\u00e9ficits en fer et en vitamine B12.\n<\/p>\n<h2>Compotes et desserts adapt\u00e9s pour b\u00e9b\u00e9 de 9 mois<\/h2>\n<p>\nLe go\u00fbter et le dessert jouent un r\u00f4le structurant dans l\u2019<strong>alimentation b\u00e9b\u00e9 9 mois<\/strong>. Ils apportent principalement des <strong>fruits<\/strong>, sous forme de compotes ou de fruits frais tr\u00e8s m\u00fbrs, parfois associ\u00e9s \u00e0 un laitage. Les recommandations mises en avant par des marques comme <strong>Babybio<\/strong> ou <strong>Hipp Biologique<\/strong> depuis 2021 insistent sur l\u2019absence de <u>sucres ajout\u00e9s<\/u> dans les compotes destin\u00e9es aux moins de 12 mois. Nous encourageons les compotes maison, tr\u00e8s simples \u00e0 r\u00e9aliser, \u00e0 base de fruits de saison.\n<\/p>\n<ul>\n<li><strong>R\u00f4le du go\u00fbter<\/strong> : couvrir une partie des besoins en vitamines C et en fibres solubles.<\/li>\n<li><strong>Formes possibles<\/strong> : compotes, fruits vapeur, fruits cuits au four, fruits tr\u00e8s m\u00fbrs \u00e9cras\u00e9s.<\/li>\n<li><strong>Laitages<\/strong> : yaourt nature sp\u00e9cial b\u00e9b\u00e9, lait infantile utilis\u00e9 en dessert.<\/li>\n<\/ul>\n<p>\nLes fruits peuvent \u00eatre pr\u00e9sent\u00e9s seuls ou combin\u00e9s entre eux, avec une \u00e9pice douce (cannelle, vanille naturelle, cardamome tr\u00e8s l\u00e9g\u00e8re), tout en veillant \u00e0 ne pas saler ni sucrer. Nous constatons que cette \u00e9tape du go\u00fbter est souvent un moment de partage cocr\u00e9atif, o\u00f9 les parents testent des duos originaux inspir\u00e9s des gammes vendues par les grandes enseignes de petits pots.\n<\/p>\n<h2>Id\u00e9es de compotes maison<\/h2>\n<p>\nLes compotes maison ont l\u2019avantage de contr\u00f4ler \u00e0 la fois la qualit\u00e9 des ingr\u00e9dients et la texture. Des sites comme <strong>Cuisine de b\u00e9b\u00e9<\/strong> ou <strong>Cuisinez pour b\u00e9b\u00e9<\/strong> publient de nombreuses recettes valid\u00e9es par des di\u00e9t\u00e9ticiennes, qui peuvent servir de base. Le principe est constant : fruits \u00e9pluch\u00e9s, \u00e9p\u00e9pin\u00e9s, cuits \u00e0 la vapeur ou \u00e0 l\u2019\u00e9touff\u00e9e, puis mix\u00e9s plus ou moins finement selon les capacit\u00e9s de mastication de b\u00e9b\u00e9.\n<\/p>\n<ul>\n<li><strong>Compote pomme \u2013 poire<\/strong> : pommes et poires de <strong>Loire-Atlantique<\/strong> ou de <strong>Provence<\/strong>, cuites doucement, mix\u00e9es lisses ou tr\u00e8s l\u00e9g\u00e8rement textur\u00e9es.<\/li>\n<li><strong>Compote pomme \u2013 figue<\/strong>, inspir\u00e9e d\u2019une recette <strong>Cuisine de b\u00e9b\u00e9<\/strong> : figues fra\u00eeches ou s\u00e8ches r\u00e9hydrat\u00e9es, associ\u00e9es \u00e0 la pomme.<\/li>\n<li><strong>Mangue \u2013 banane<\/strong> : mangue bien m\u00fbre, banane \u00e9cras\u00e9e \u00e0 la fourchette, parfois sans cuisson si la texture est parfaitement fondante.<\/li>\n<li><strong>Pomme \u2013 poire \u2013 noisettes<\/strong> : noisettes finement mix\u00e9es, introduites uniquement si l\u2019allerg\u00e8ne a d\u00e9j\u00e0 \u00e9t\u00e9 test\u00e9 sans r\u00e9action.<\/li>\n<\/ul>\n<p>\nNous aimons recommander des petits desserts inspir\u00e9s des marques industrielles mais revisit\u00e9s maison : un <strong>riz au lait \u00e0 la vanille<\/strong> pr\u00e9par\u00e9 avec du lait infantile, une cr\u00e8me de semoule \u00e0 la poire et cannelle, un entremets tr\u00e8s simple \u00e0 base de lait infantile \u00e9paissi et compote. Ces pr\u00e9parations doivent rester occasionnelles et int\u00e9gr\u00e9es \u00e0 l\u2019\u00e9quilibre global de la journ\u00e9e.\n<\/p>\n<h2>Go\u00fbters et desserts lact\u00e9s<\/h2>\n<p>\nLes <strong>recettes b\u00e9b\u00e9 9 mois<\/strong> qui associent fruit et laitage permettent de concilier plaisir et apport en <strong>calcium<\/strong> et en <strong>prot\u00e9ines laiti\u00e8res<\/strong>. Le march\u00e9 fran\u00e7ais propose depuis plusieurs ann\u00e9es des yaourts \u00ab\u00a0sp\u00e9cial b\u00e9b\u00e9\u00a0\u00bb (d\u00e8s 6 ou 8 mois) chez des marques comme <strong>Danone<\/strong> ou <strong>Hipp Biologique<\/strong>, mais il est tout \u00e0 fait possible de composer ses propres m\u00e9langes maison.\n<\/p>\n<ul>\n<li><strong>Yaourt nature sp\u00e9cial b\u00e9b\u00e9 + pur\u00e9e de banane<\/strong> : banane bien m\u00fbre \u00e9cras\u00e9e, m\u00e9lang\u00e9e \u00e0 un yaourt non sucr\u00e9.<\/li>\n<li><strong>Cr\u00e8me de banane au lait infantile<\/strong>, tr\u00e8s en vogue sur <strong>Cuisinez pour b\u00e9b\u00e9<\/strong> : banane mix\u00e9e avec du lait infantile \u00e9paissi par des c\u00e9r\u00e9ales.<\/li>\n<li><strong>Lassis mangue au lait infantile<\/strong> : lait infantile, mangue mix\u00e9e, \u00e9ventuellement une pointe de vanille.<\/li>\n<li><strong>Riz au lait ou semoule au lait adapt\u00e9s<\/strong> : portions mod\u00e9r\u00e9es, textures tr\u00e8s fondantes.<\/li>\n<\/ul>\n<p>\nLes recommandations issues des menus types p\u00e9diatriques sugg\u00e8rent qu\u2019un go\u00fbter comprend souvent <u>150\u2013210 ml de lait maternel ou infantile<\/u> associ\u00e9s \u00e0 <u>un fruit ou une compote<\/u>. Nous conseillons de choisir des produits laitiers non sucr\u00e9s, non aromatis\u00e9s, et de miser sur les fruits ou les \u00e9pices douces pour amener la saveur. Cette approche limite le risque d\u2019accoutumance pr\u00e9coce au go\u00fbt sucr\u00e9 ajout\u00e9.\n<\/p>\n<h2>Int\u00e9gration des f\u00e9culents dans les repas de b\u00e9b\u00e9<\/h2>\n<p>\nLes <strong>f\u00e9culents<\/strong> occupent une place centrale dans les <strong>repas b\u00e9b\u00e9 9 mois<\/strong>, car ils apportent l\u2019\u00e9nergie n\u00e9cessaire entre les repas. Les guides \u00e9dit\u00e9s par <strong>Babybio<\/strong>, <strong>Bl\u00e9dina<\/strong> et les h\u00f4pitaux p\u00e9diatriques insistent sur la pr\u00e9sence de f\u00e9culents midi et soir d\u00e8s la fin du premier semestre de vie. Nous parlons ici de pomme de terre, riz, p\u00e2tes, semoule, boulgour, polenta, quinoa, mais aussi de <strong>l\u00e9gumineuses<\/strong> bien cuites et mix\u00e9es (lentilles, pois chiches).\n<\/p>\n<ul>\n<li><strong>Proportions conseill\u00e9es<\/strong> : environ 1\/3 de f\u00e9culents pour 2\/3 de l\u00e9gumes, avec une possible \u00e9volution vers 1\/2\u20131\/2 selon l\u2019app\u00e9tit.<\/li>\n<li><strong>Textures<\/strong> : toujours tr\u00e8s bien cuites, fondantes, parfois mix\u00e9es, parfois juste \u00e9cras\u00e9es.<\/li>\n<li><strong>Vari\u00e9t\u00e9<\/strong> : alterner f\u00e9culents classiques et options plus riches en fibres (quinoa, l\u00e9gumineuses).<\/li>\n<\/ul>\n<p>\nNous sommes favorables \u00e0 une alternance r\u00e9guli\u00e8re entre c\u00e9r\u00e9ales traditionnelles (pomme de terre, riz, p\u00e2tes) et sources plus originales (quinoa, polenta, millet, sarrasin), car cela permet d\u2019apporter une <u>diversit\u00e9 de profils en acides amin\u00e9s et min\u00e9raux<\/u>. Cette strat\u00e9gie rejoint les messages de sant\u00e9 publique relay\u00e9s par les programmes nationaux comme le <strong>Programme National Nutrition Sant\u00e9 (PNNS)<\/strong> en France.\n<\/p>\n<h2>Exemples concrets de recettes avec f\u00e9culents<\/h2>\n<p>\nPour illustrer l\u2019int\u00e9gration des f\u00e9culents, nous reprenons la logique propos\u00e9e par plusieurs menus hebdomadaires publi\u00e9s en 2022 sur des blogs sp\u00e9cialis\u00e9s, en adaptant les textures \u00e0 9 mois. Les recettes suivantes sont facilement compatibles avec les repas des parents, \u00e0 condition d\u2019ajuster l\u2019assaisonnement.\n<\/p>\n<ul>\n<li><strong>Pur\u00e9e pomme de terre \u2013 carotte<\/strong> : base classique, tr\u00e8s onctueuse, \u00e0 laquelle vous ajoutez une petite portion de poulet ou de poisson le midi.<\/li>\n<li><strong>Polenta cr\u00e9meuse \u00e0 la courgette<\/strong> : polenta cuite longuement dans de l\u2019eau, courgettes tr\u00e8s fondantes, le tout mix\u00e9 avec une cuill\u00e8re d\u2019huile d\u2019olive.<\/li>\n<li><strong>Riz bien cuit aux petits l\u00e9gumes<\/strong> : riz blanc cuit dans un bouillon de l\u00e9gumes sans sel, m\u00e9lang\u00e9 \u00e0 courgettes et carottes mix\u00e9es.<\/li>\n<li><strong>P\u00e2tes alphabet aux l\u00e9gumes moulin\u00e9s<\/strong> : p\u00e2tes alphabet ou perles, tr\u00e8s cuites, servies avec une pur\u00e9e de tomates douces et carottes.<\/li>\n<li><strong>Semoule fine aux courgettes et poulet<\/strong> : semoule cuite, courgettes mix\u00e9es, une noisette de poulet tr\u00e8s bien hach\u00e9.<\/li>\n<\/ul>\n<p>\nLes <strong>c\u00e9r\u00e9ales infantiles<\/strong>, commercialis\u00e9es par des marques comme <strong>Gallia<\/strong>, <strong>Guigoz<\/strong> ou <strong>Bl\u00e9dina<\/strong>, peuvent \u00e9paissir le biberon du matin ou du soir, ou enrichir une pur\u00e9e ou une compote. Les fabricants indiquent des doses pr\u00e9cises sur les bo\u00eetes, \u00e0 respecter, pour \u00e9viter un apport calorique excessif ou une texture trop \u00e9paisse qui fatiguerait la succion. Nous avons un avis nuanc\u00e9 sur ces produits : utiles ponctuellement, ils ne sont pas indispensables si l\u2019alimentation solide est d\u00e9j\u00e0 bien diversifi\u00e9e.\n<\/p>\n<h2>Diversification alimentaire et introduction des allerg\u00e8nes \u00e0 9 mois<\/h2>\n<p>\n\u00c0 9 mois, la plupart des <strong>aliments potentiellement allerg\u00e8nes<\/strong> peuvent \u00eatre introduits, en accord avec les recommandations europ\u00e9ennes mises \u00e0 jour apr\u00e8s 2015, qui encouragent une introduction <u>pr\u00e9coce et contr\u00f4l\u00e9e<\/u> des allerg\u00e8nes pour r\u00e9duire le risque d\u2019allergies. Cela concerne le <strong>gluten<\/strong> (p\u00e2tes, pain, semoule de bl\u00e9), l\u2019<strong>\u0153uf<\/strong>, le <strong>poisson<\/strong>, les <strong>produits laitiers<\/strong> adapt\u00e9s, voire certaines <strong>fruits \u00e0 coque<\/strong> sous forme de poudre tr\u00e8s fine ou pur\u00e9e lisse.\n<\/p>\n<ul>\n<li><strong>M\u00e9thode<\/strong> : introduire un seul aliment nouveau \u00e0 la fois, dans une <strong>recette repas b\u00e9b\u00e9 9 mois<\/strong>, et observer sur 48\u201372 heures.<\/li>\n<li><strong>Observation<\/strong> : surveiller \u00e9ruptions, diarrh\u00e9es, vomissements, toux ou difficult\u00e9s respiratoires.<\/li>\n<li><strong>Suivi m\u00e9dical<\/strong> : en cas d\u2019ant\u00e9c\u00e9dents familiaux d\u2019allergies, travailler en lien avec le p\u00e9diatre ou un allergologue.<\/li>\n<\/ul>\n<p>\nPour le gluten, les recommandations relay\u00e9es par les <strong>H\u00f4pitaux Universitaires de Gen\u00e8ve<\/strong> proposent d\u2019introduire progressivement <u>petites p\u00e2tes, semoule fine, pain tr\u00e8s mou<\/u> dans les pur\u00e9es. Pour les l\u00e9gumineuses, on peut imaginer de petits steaks v\u00e9g\u00e9taux de lentilles corail, des falafels de chou-fleur ultra tendres, des b\u00e2tonnets de pur\u00e9e de petits pois \u00e0 la menthe. Nous insistons sur la r\u00e9p\u00e9tition et la vari\u00e9t\u00e9 : proposer plusieurs fois un aliment que b\u00e9b\u00e9 semble refuser au d\u00e9but, sous diff\u00e9rentes formes, contribue \u00e0 limiter la n\u00e9ophobie alimentaire \u00e0 partir de 2\u20133 ans, ph\u00e9nom\u00e8ne largement document\u00e9 par des \u00e9quipes de recherche en nutrition infantile \u00e0 <strong>l\u2019INRAE<\/strong> en France.\n<\/p>\n<h2>Recettes b\u00e9b\u00e9 9 mois \u00e0 partager avec toute la famille<\/h2>\n<p>\nCuisiner <strong>une seule recette pour b\u00e9b\u00e9 et parents<\/strong> puis moduler la texture est une strat\u00e9gie \u00e0 la fois \u00e9cologique et pragmatique. Des sites comme <strong>Cooking for my baby<\/strong>, cr\u00e9\u00e9 \u00e0 <strong>Lyon<\/strong>, ou <strong>Cuisinez pour b\u00e9b\u00e9<\/strong> proposent depuis 2018 des recettes \u00ab\u00a0parents-b\u00e9b\u00e9\u00a0\u00bb : un plat familial principal, dans lequel on isole une portion avant assaisonnement pour la mixer pour b\u00e9b\u00e9.\n<\/p>\n<ul>\n<li><strong>Soupe de l\u00e9gumes familiale<\/strong> : carotte, poireau, pomme de terre, courgette, cuits ensemble, une part mix\u00e9e tr\u00e8s finement pour b\u00e9b\u00e9, le reste pour les adultes.<\/li>\n<li><strong>Gratin de p\u00e2tes aux brocolis<\/strong> : brocolis vapeur, p\u00e2tes coquillettes, une partie r\u00e9serv\u00e9e sans fromage sal\u00e9, mix\u00e9e avec un peu de lait infantile pour b\u00e9b\u00e9.<\/li>\n<li><strong>Risotto au potimarron<\/strong> : base de riz arborio, potimarron, bouillon sans sel pour tous, texture plus liquide et mix\u00e9e partiellement pour b\u00e9b\u00e9.<\/li>\n<li><strong>Boulettes de viande ou v\u00e9g\u00e9tariennes<\/strong> : boulettes tr\u00e8s tendres, servies enti\u00e8res pour les parents, \u00e9cras\u00e9es ou mix\u00e9es dans la pur\u00e9e pour b\u00e9b\u00e9.<\/li>\n<\/ul>\n<p>\nNotre conviction est que ce mod\u00e8le renforce la dimension sociale des repas : b\u00e9b\u00e9 observe vos gestes, vos r\u00e9actions, per\u00e7oit que vous mangez la m\u00eame chose que lui. Cette imitation favorise l\u2019acceptation des aliments, ce que corroborent plusieurs enqu\u00eates observationnelles conduites en Europe du Nord entre 2019 et 2022. D\u2019un point de vue pratique, pr\u00e9parer un plat central puis adapter la texture r\u00e9duit aussi nettement la charge mentale li\u00e9e aux menus s\u00e9par\u00e9s.\n<\/p>\n<h2>Organisation pratique : menus types et batch cooking<\/h2>\n<p>\nLa question de l\u2019<strong>organisation des repas b\u00e9b\u00e9 9 mois<\/strong> sur la semaine revient souvent lors des consultations de p\u00e9diatrie et dans les communaut\u00e9s de parents sur des plateformes comme <strong>Doctissimo<\/strong> ou les groupes Facebook de parents francophones. Les p\u00e9diatres et di\u00e9t\u00e9ticiennes recommandent de maintenir une structure de repas stable, tout en variant les aliments.\n<\/p>\n<ul>\n<li><strong>Menu type 1<\/strong> :<br \/>\n    matin biberon + c\u00e9r\u00e9ales,<br \/>\n    midi pur\u00e9e carotte\u2013pomme de terre\u2013poulet + compote pomme,<br \/>\n    go\u00fbter lait + banane \u00e9cras\u00e9e,<br \/>\n    soir pur\u00e9e courgette\u2013riz + lait.<\/li>\n<li><strong>Menu type 2<\/strong> :<br \/>\n    matin t\u00e9t\u00e9e,<br \/>\n    midi pur\u00e9e potimarron\u2013quinoa\u2013cabillaud + compote poire,<br \/>\n    go\u00fbter yaourt b\u00e9b\u00e9 + pur\u00e9e de fraise cuite,<br \/>\n    soir pur\u00e9e brocoli\u2013pomme de terre + lait.<\/li>\n<li><strong>Menu type 3<\/strong> :<br \/>\n    matin biberon,<br \/>\n    midi pur\u00e9e lentilles corail\u2013patate douce + compote mangue\u2013pomme,<br \/>\n    go\u00fbter lait + compote pomme\u2013figue,<br \/>\n    soir soupe de l\u00e9gumes vari\u00e9s + c\u00e9r\u00e9ales infantiles.<\/li>\n<\/ul>\n<p>\nLe <strong>batch cooking pour b\u00e9b\u00e9<\/strong>, concept largement popularis\u00e9 en 2020\u20132023 sur Instagram et dans des livres de cuisine famille, consiste \u00e0 pr\u00e9parer en une fois plusieurs bases de pur\u00e9es de l\u00e9gumes, des portions de f\u00e9culents (riz, p\u00e2tes, semoule) et des petites quantit\u00e9s de prot\u00e9ines d\u00e9j\u00e0 cuites, puis \u00e0 congeler le tout en gla\u00e7ons ou en portions individuelles. En semaine, vous assemblez rapidement : <u>1 l\u00e9gume + 1 f\u00e9culent + 1 prot\u00e9ine + 1 mati\u00e8re grasse + 1 fruit<\/u>. Cette m\u00e9thode, test\u00e9e et approuv\u00e9e par de nombreux parents actifs, permet de proposer des <strong>repas b\u00e9b\u00e9 9 mois<\/strong> vari\u00e9s sans devoir cuisiner chaque soir au dernier moment.\n<\/p>\n<h2>Signaux de sati\u00e9t\u00e9, app\u00e9tit et adaptation des quantit\u00e9s<\/h2>\n<p>\nLa question \u00ab\u00a0est-ce que mon b\u00e9b\u00e9 mange assez ?\u00a0\u00bb revient tr\u00e8s fr\u00e9quemment, y compris lors des consultations de suivi r\u00e9alis\u00e9es dans des cabinets de p\u00e9diatrie \u00e0 <strong>Paris<\/strong>, <strong>Marseille<\/strong> ou <strong>Lille<\/strong>. Les rep\u00e8res chiffr\u00e9s (120\u2013200 g de pur\u00e9e, 10\u201315 g de prot\u00e9ines, 150\u2013210 ml de lait) restent des <u>moyennes indicatives<\/u>, non des objectifs \u00e0 atteindre absolument \u00e0 chaque repas. L\u2019app\u00e9tit varie selon les enfants, les jours, les \u00e9pisodes de pouss\u00e9e dentaire ou de petite infection ORL.\n<\/p>\n<ul>\n<li><strong>Signaux de sati\u00e9t\u00e9<\/strong> : b\u00e9b\u00e9 d\u00e9tourne la t\u00eate, ferme la bouche, repousse la cuill\u00e8re, joue avec la nourriture, ralentit franchement le rythme.<\/li>\n<li><strong>Signaux de faim<\/strong> : agitation \u00e0 l\u2019approche du repas, gestes vers la cuill\u00e8re, ouverture de la bouche, pleurs caract\u00e9ristiques.<\/li>\n<li><strong>Suivi m\u00e9dical<\/strong> : courbes de poids et de taille surveill\u00e9es par le p\u00e9diatre, \u00e9valuations r\u00e9alis\u00e9es lors des visites programm\u00e9es du 9e ou 10e mois.<\/li>\n<\/ul>\n<p>\nNous estimons essentiel de <u>respecter la faim de b\u00e9b\u00e9<\/u> : ne pas le forcer \u00e0 finir son assiette, mais maintenir des horaires de repas r\u00e9guliers. La croissance harmonieuse, l\u2019\u00e9tat g\u00e9n\u00e9ral (\u00e9veil, tonus) et le suivi m\u00e9dical constituent les indicateurs les plus fiables de l\u2019ad\u00e9quation de l\u2019<strong>alimentation b\u00e9b\u00e9 9 mois<\/strong>. Si les courbes sont satisfaisantes et que le p\u00e9diatre est rassur\u00e9, il n\u2019y a pas lieu d\u2019augmenter syst\u00e9matiquement les quantit\u00e9s face \u00e0 un enfant qui refuse quelques cuill\u00e9r\u00e9es.\n<\/p>\n<h2>Conclusion : Nourrir son b\u00e9b\u00e9 de 9 mois avec confiance, vari\u00e9t\u00e9 et plaisir<\/h2>\n<p>\n\u00c0 9 mois, b\u00e9b\u00e9 a besoin de <strong>repas vari\u00e9s et \u00e9quilibr\u00e9s<\/strong>, riches en l\u00e9gumes, fruits, f\u00e9culents et prot\u00e9ines de qualit\u00e9, avec des textures plus \u00e9paisses et des morceaux fondants qui soutiennent le d\u00e9veloppement de sa mastication. Les exemples de <strong>recettes b\u00e9b\u00e9 9 mois<\/strong> que nous avons d\u00e9taill\u00e9s \u2014 pur\u00e9es de l\u00e9gumes, plats avec prot\u00e9ines animales ou v\u00e9g\u00e9tales, compotes maison, desserts lact\u00e9s, plats familiaux adapt\u00e9s \u2014 montrent qu\u2019il est possible de concilier rigueur nutritionnelle et plaisir culinaire.\n<\/p>\n<ul>\n<li><strong>Varier largement<\/strong> l\u00e9gumes, fruits, f\u00e9culents et textures.<\/li>\n<li><strong>Respecter<\/strong> les rep\u00e8res de prot\u00e9ines, lipides et quantit\u00e9s de lait.<\/li>\n<li><strong>Introduire progressivement<\/strong> les allerg\u00e8nes, en lien avec le p\u00e9diatre si besoin.<\/li>\n<li><strong>Cuisiner pour toute la famille<\/strong>, puis adapter les textures et l\u2019assaisonnement.<\/li>\n<li><strong>Observer les signaux de faim et de sati\u00e9t\u00e9<\/strong> plut\u00f4t que de se focaliser uniquement sur les grammes.<\/li>\n<\/ul>\n<p>\nNous vous encourageons \u00e0 vous inspirer de ces <strong>id\u00e9es repas b\u00e9b\u00e9<\/strong>, \u00e0 tester, ajuster, et surtout \u00e0 vous appuyer sur le suivi de votre enfant par son ou sa p\u00e9diatre. Partager vos recettes, vos r\u00e9ussites et vos questionnements avec d\u2019autres parents \u2014 que ce soit dans des ateliers, sur les r\u00e9seaux sociaux ou au sein d\u2019associations locales \u2014 contribue \u00e0 cr\u00e9er une dynamique d\u2019entraide pr\u00e9cieuse autour de la <u>diversification alimentaire<\/u> et \u00e0 nourrir votre b\u00e9b\u00e9 de 9 mois avec confiance, vari\u00e9t\u00e9 et plaisir.<\/p>\n","protected":false},"excerpt":{"rendered":"","protected":false},"author":34,"featured_media":7678,"comment_status":"open","ping_status":"open","sticky":false,"template":"","format":"standard","meta":{"_acf_changed":false,"manual_indexmenow":false,"indexmenow_id_project":0,"footnotes":""},"categories":[4523],"tags":[4753,4721,4755],"class_list":["post-7676","post","type-post","status-publish","format-standard","has-post-thumbnail","hentry","category-alimentation-et-sante-des-enfants","tag-diversification-alimentaire","tag-recette-bebe","tag-repas-9-mois","generate-columns","tablet-grid-50","mobile-grid-100","grid-parent","grid-25"],"acf":[],"yoast_head":"<!-- This site is optimized with the Yoast SEO Premium plugin v21.3 (Yoast SEO v25.6) - https:\/\/yoast.com\/wordpress\/plugins\/seo\/ -->\n<title>Recette b\u00e9b\u00e9 9 mois : id\u00e9es nutritives et repas vari\u00e9s<\/title>\n<meta name=\"description\" content=\"\u00c0 9 mois, la diversification alimentaire est d\u00e9j\u00e0 bien entam\u00e9e, b\u00e9b\u00e9 a souvent d\u00e9couvert plusieurs l\u00e9gumes (carotte, courgette, haricots verts\u2026), quelques\" \/>\n<meta name=\"robots\" content=\"index, follow, max-snippet:-1, max-image-preview:large, max-video-preview:-1\" \/>\n<link rel=\"canonical\" href=\"https:\/\/juliedrnd.net\/blog\/alimentation-et-sante-des-enfants\/recette-bebe-9-mois-idees-nutritives-pour-varier-ses-repas\/\" \/>\n<meta property=\"og:locale\" content=\"fr_FR\" \/>\n<meta property=\"og:type\" content=\"article\" \/>\n<meta property=\"og:title\" content=\"Recette b\u00e9b\u00e9 9 mois : id\u00e9es nutritives et repas vari\u00e9s\" \/>\n<meta property=\"og:description\" content=\"\u00c0 9 mois, la diversification alimentaire est d\u00e9j\u00e0 bien entam\u00e9e, b\u00e9b\u00e9 a souvent d\u00e9couvert plusieurs l\u00e9gumes (carotte, courgette, haricots verts\u2026), quelques\" \/>\n<meta property=\"og:url\" content=\"https:\/\/juliedrnd.net\/blog\/alimentation-et-sante-des-enfants\/recette-bebe-9-mois-idees-nutritives-pour-varier-ses-repas\/\" \/>\n<meta property=\"og:site_name\" content=\"juliedrnd\" \/>\n<meta property=\"og:image\" content=\"https:\/\/juliedrnd.net\/blog\/wp-content\/uploads\/2025\/12\/pag-image-693aae3c11937-scaled.png\" \/>\n\t<meta property=\"og:image:width\" content=\"1200\" \/>\n\t<meta property=\"og:image:height\" content=\"686\" \/>\n\t<meta property=\"og:image:type\" content=\"image\/png\" \/>\n<meta name=\"author\" content=\"Elodie Mazeau\" \/>\n<meta name=\"twitter:card\" content=\"summary_large_image\" \/>\n<script type=\"application\/ld+json\" class=\"yoast-schema-graph\">{\"@context\":\"https:\/\/schema.org\",\"@graph\":[{\"@type\":\"NewsArticle\",\"@id\":\"https:\/\/juliedrnd.net\/blog\/alimentation-et-sante-des-enfants\/recette-bebe-9-mois-idees-nutritives-pour-varier-ses-repas\/#article\",\"isPartOf\":{\"@id\":\"https:\/\/juliedrnd.net\/blog\/alimentation-et-sante-des-enfants\/recette-bebe-9-mois-idees-nutritives-pour-varier-ses-repas\/\"},\"author\":{\"name\":\"Elodie Mazeau\",\"@id\":\"https:\/\/juliedrnd.net\/blog\/#\/schema\/person\/3c864cdc320801e3db34b663e7e3f816\"},\"headline\":\"Recette b\u00e9b\u00e9 9 mois : id\u00e9es nutritives pour varier ses repas\",\"datePublished\":\"2026-02-05T08:30:00+00:00\",\"dateModified\":\"2026-08-25T01:08:14+00:00\",\"mainEntityOfPage\":{\"@id\":\"https:\/\/juliedrnd.net\/blog\/alimentation-et-sante-des-enfants\/recette-bebe-9-mois-idees-nutritives-pour-varier-ses-repas\/\"},\"wordCount\":4530,\"commentCount\":0,\"publisher\":{\"@id\":\"https:\/\/juliedrnd.net\/blog\/#organization\"},\"image\":{\"@id\":\"https:\/\/juliedrnd.net\/blog\/alimentation-et-sante-des-enfants\/recette-bebe-9-mois-idees-nutritives-pour-varier-ses-repas\/#primaryimage\"},\"thumbnailUrl\":\"https:\/\/juliedrnd.net\/blog\/wp-content\/uploads\/2025\/12\/pag-image-693aae3c11937-scaled.png\",\"keywords\":[\"diversification alimentaire\",\"recette bebe\",\"repas 9 mois\"],\"articleSection\":[\"Alimentation et Sant\u00e9 des Enfants\"],\"inLanguage\":\"fr-FR\",\"potentialAction\":[{\"@type\":\"CommentAction\",\"name\":\"Comment\",\"target\":[\"https:\/\/juliedrnd.net\/blog\/alimentation-et-sante-des-enfants\/recette-bebe-9-mois-idees-nutritives-pour-varier-ses-repas\/#respond\"]}]},{\"@type\":\"WebPage\",\"@id\":\"https:\/\/juliedrnd.net\/blog\/alimentation-et-sante-des-enfants\/recette-bebe-9-mois-idees-nutritives-pour-varier-ses-repas\/\",\"url\":\"https:\/\/juliedrnd.net\/blog\/alimentation-et-sante-des-enfants\/recette-bebe-9-mois-idees-nutritives-pour-varier-ses-repas\/\",\"name\":\"Recette b\u00e9b\u00e9 9 mois : id\u00e9es nutritives et repas vari\u00e9s\",\"isPartOf\":{\"@id\":\"https:\/\/juliedrnd.net\/blog\/#website\"},\"primaryImageOfPage\":{\"@id\":\"https:\/\/juliedrnd.net\/blog\/alimentation-et-sante-des-enfants\/recette-bebe-9-mois-idees-nutritives-pour-varier-ses-repas\/#primaryimage\"},\"image\":{\"@id\":\"https:\/\/juliedrnd.net\/blog\/alimentation-et-sante-des-enfants\/recette-bebe-9-mois-idees-nutritives-pour-varier-ses-repas\/#primaryimage\"},\"thumbnailUrl\":\"https:\/\/juliedrnd.net\/blog\/wp-content\/uploads\/2025\/12\/pag-image-693aae3c11937-scaled.png\",\"datePublished\":\"2026-02-05T08:30:00+00:00\",\"dateModified\":\"2026-08-25T01:08:14+00:00\",\"description\":\"\u00c0 9 mois, la diversification alimentaire est d\u00e9j\u00e0 bien entam\u00e9e, b\u00e9b\u00e9 a souvent d\u00e9couvert plusieurs l\u00e9gumes (carotte, courgette, haricots verts\u2026), quelques\",\"inLanguage\":\"fr-FR\",\"potentialAction\":[{\"@type\":\"ReadAction\",\"target\":[\"https:\/\/juliedrnd.net\/blog\/alimentation-et-sante-des-enfants\/recette-bebe-9-mois-idees-nutritives-pour-varier-ses-repas\/\"]}]},{\"@type\":\"ImageObject\",\"inLanguage\":\"fr-FR\",\"@id\":\"https:\/\/juliedrnd.net\/blog\/alimentation-et-sante-des-enfants\/recette-bebe-9-mois-idees-nutritives-pour-varier-ses-repas\/#primaryimage\",\"url\":\"https:\/\/juliedrnd.net\/blog\/wp-content\/uploads\/2025\/12\/pag-image-693aae3c11937-scaled.png\",\"contentUrl\":\"https:\/\/juliedrnd.net\/blog\/wp-content\/uploads\/2025\/12\/pag-image-693aae3c11937-scaled.png\",\"width\":1200,\"height\":686,\"caption\":\"Image g\u00e9n\u00e9r\u00e9e par IA optimis\u00e9e pour Google Discover\"},{\"@type\":\"WebSite\",\"@id\":\"https:\/\/juliedrnd.net\/blog\/#website\",\"url\":\"https:\/\/juliedrnd.net\/blog\/\",\"name\":\"juliedrnd.net\",\"description\":\"Vivez, cr\u00e9ez, r\u00eavez.\",\"publisher\":{\"@id\":\"https:\/\/juliedrnd.net\/blog\/#organization\"},\"alternateName\":\"Vivez, cr\u00e9ez, r\u00eavez.\",\"potentialAction\":[{\"@type\":\"SearchAction\",\"target\":{\"@type\":\"EntryPoint\",\"urlTemplate\":\"https:\/\/juliedrnd.net\/blog\/?s={search_term_string}\"},\"query-input\":{\"@type\":\"PropertyValueSpecification\",\"valueRequired\":true,\"valueName\":\"search_term_string\"}}],\"inLanguage\":\"fr-FR\"},{\"@type\":\"Organization\",\"@id\":\"https:\/\/juliedrnd.net\/blog\/#organization\",\"name\":\"Julie Drnd\",\"url\":\"https:\/\/juliedrnd.net\/blog\/\",\"logo\":{\"@type\":\"ImageObject\",\"inLanguage\":\"fr-FR\",\"@id\":\"https:\/\/juliedrnd.net\/blog\/#\/schema\/logo\/image\/\",\"url\":\"https:\/\/juliedrnd.net\/blog\/wp-content\/uploads\/2024\/12\/15.png\",\"contentUrl\":\"https:\/\/juliedrnd.net\/blog\/wp-content\/uploads\/2024\/12\/15.png\",\"width\":500,\"height\":500,\"caption\":\"Julie Drnd\"},\"image\":{\"@id\":\"https:\/\/juliedrnd.net\/blog\/#\/schema\/logo\/image\/\"}},{\"@type\":\"Person\",\"@id\":\"https:\/\/juliedrnd.net\/blog\/#\/schema\/person\/3c864cdc320801e3db34b663e7e3f816\",\"name\":\"Elodie Mazeau\",\"image\":{\"@type\":\"ImageObject\",\"inLanguage\":\"fr-FR\",\"@id\":\"https:\/\/juliedrnd.net\/blog\/#\/schema\/person\/image\/\",\"url\":\"https:\/\/juliedrnd.net\/blog\/wp-content\/uploads\/2026\/06\/persona_elodie-m-96x96.jpg\",\"contentUrl\":\"https:\/\/juliedrnd.net\/blog\/wp-content\/uploads\/2026\/06\/persona_elodie-m-96x96.jpg\",\"caption\":\"Elodie Mazeau\"},\"description\":\"J'\u00e9cris sur la parentalit\u00e9 telle qu'elle se vit vraiment, du premier biberon aux premi\u00e8res col\u00e8res. Mes sujets de pr\u00e9dilection couvrent le quotidien des familles : sommeil, alimentation, organisation, pu\u00e9riculture et ces petites gal\u00e8res que tout parent conna\u00eet. Depuis plusieurs ann\u00e9es, je m'attache \u00e0 proposer des rep\u00e8res concrets plut\u00f4t que des le\u00e7ons, parce que chaque famille trouve son propre \u00e9quilibre. Je v\u00e9rifie mes informations aupr\u00e8s de sources fiables, surtout d\u00e8s qu'on touche \u00e0 la sant\u00e9 ou \u00e0 la s\u00e9curit\u00e9 de l'enfant, et je pr\u00e9cise quand un avis professionnel s'impose. J'\u00e9vite soigneusement la culpabilisation : \u00eatre parent est d\u00e9j\u00e0 assez exigeant. Mon ton se veut complice et bienveillant, un peu comme une discussion entre parents qui se comprennent. L'id\u00e9e est d'all\u00e9ger la charge mentale en donnant des solutions simples et test\u00e9es.\",\"sameAs\":[\"https:\/\/elodiemazeau.fr\/\"],\"url\":\"https:\/\/juliedrnd.net\/blog\/auteur\/noname\/\"}]}<\/script>\n<!-- \/ Yoast SEO Premium plugin. -->","yoast_head_json":{"title":"Recette b\u00e9b\u00e9 9 mois : id\u00e9es nutritives et repas vari\u00e9s","description":"\u00c0 9 mois, la diversification alimentaire est d\u00e9j\u00e0 bien entam\u00e9e, b\u00e9b\u00e9 a souvent d\u00e9couvert plusieurs l\u00e9gumes (carotte, courgette, haricots verts\u2026), quelques","robots":{"index":"index","follow":"follow","max-snippet":"max-snippet:-1","max-image-preview":"max-image-preview:large","max-video-preview":"max-video-preview:-1"},"canonical":"https:\/\/juliedrnd.net\/blog\/alimentation-et-sante-des-enfants\/recette-bebe-9-mois-idees-nutritives-pour-varier-ses-repas\/","og_locale":"fr_FR","og_type":"article","og_title":"Recette b\u00e9b\u00e9 9 mois : id\u00e9es nutritives et repas vari\u00e9s","og_description":"\u00c0 9 mois, la diversification alimentaire est d\u00e9j\u00e0 bien entam\u00e9e, b\u00e9b\u00e9 a souvent d\u00e9couvert plusieurs l\u00e9gumes (carotte, courgette, haricots verts\u2026), quelques","og_url":"https:\/\/juliedrnd.net\/blog\/alimentation-et-sante-des-enfants\/recette-bebe-9-mois-idees-nutritives-pour-varier-ses-repas\/","og_site_name":"juliedrnd","og_image":[{"width":1200,"height":686,"url":"https:\/\/juliedrnd.net\/blog\/wp-content\/uploads\/2025\/12\/pag-image-693aae3c11937-scaled.png","type":"image\/png"}],"author":"Elodie Mazeau","twitter_card":"summary_large_image","schema":{"@context":"https:\/\/schema.org","@graph":[{"@type":"NewsArticle","@id":"https:\/\/juliedrnd.net\/blog\/alimentation-et-sante-des-enfants\/recette-bebe-9-mois-idees-nutritives-pour-varier-ses-repas\/#article","isPartOf":{"@id":"https:\/\/juliedrnd.net\/blog\/alimentation-et-sante-des-enfants\/recette-bebe-9-mois-idees-nutritives-pour-varier-ses-repas\/"},"author":{"name":"Elodie Mazeau","@id":"https:\/\/juliedrnd.net\/blog\/#\/schema\/person\/3c864cdc320801e3db34b663e7e3f816"},"headline":"Recette b\u00e9b\u00e9 9 mois : id\u00e9es nutritives pour varier ses repas","datePublished":"2026-02-05T08:30:00+00:00","dateModified":"2026-08-25T01:08:14+00:00","mainEntityOfPage":{"@id":"https:\/\/juliedrnd.net\/blog\/alimentation-et-sante-des-enfants\/recette-bebe-9-mois-idees-nutritives-pour-varier-ses-repas\/"},"wordCount":4530,"commentCount":0,"publisher":{"@id":"https:\/\/juliedrnd.net\/blog\/#organization"},"image":{"@id":"https:\/\/juliedrnd.net\/blog\/alimentation-et-sante-des-enfants\/recette-bebe-9-mois-idees-nutritives-pour-varier-ses-repas\/#primaryimage"},"thumbnailUrl":"https:\/\/juliedrnd.net\/blog\/wp-content\/uploads\/2025\/12\/pag-image-693aae3c11937-scaled.png","keywords":["diversification alimentaire","recette bebe","repas 9 mois"],"articleSection":["Alimentation et Sant\u00e9 des Enfants"],"inLanguage":"fr-FR","potentialAction":[{"@type":"CommentAction","name":"Comment","target":["https:\/\/juliedrnd.net\/blog\/alimentation-et-sante-des-enfants\/recette-bebe-9-mois-idees-nutritives-pour-varier-ses-repas\/#respond"]}]},{"@type":"WebPage","@id":"https:\/\/juliedrnd.net\/blog\/alimentation-et-sante-des-enfants\/recette-bebe-9-mois-idees-nutritives-pour-varier-ses-repas\/","url":"https:\/\/juliedrnd.net\/blog\/alimentation-et-sante-des-enfants\/recette-bebe-9-mois-idees-nutritives-pour-varier-ses-repas\/","name":"Recette b\u00e9b\u00e9 9 mois : id\u00e9es nutritives et repas vari\u00e9s","isPartOf":{"@id":"https:\/\/juliedrnd.net\/blog\/#website"},"primaryImageOfPage":{"@id":"https:\/\/juliedrnd.net\/blog\/alimentation-et-sante-des-enfants\/recette-bebe-9-mois-idees-nutritives-pour-varier-ses-repas\/#primaryimage"},"image":{"@id":"https:\/\/juliedrnd.net\/blog\/alimentation-et-sante-des-enfants\/recette-bebe-9-mois-idees-nutritives-pour-varier-ses-repas\/#primaryimage"},"thumbnailUrl":"https:\/\/juliedrnd.net\/blog\/wp-content\/uploads\/2025\/12\/pag-image-693aae3c11937-scaled.png","datePublished":"2026-02-05T08:30:00+00:00","dateModified":"2026-08-25T01:08:14+00:00","description":"\u00c0 9 mois, la diversification alimentaire est d\u00e9j\u00e0 bien entam\u00e9e, b\u00e9b\u00e9 a souvent d\u00e9couvert plusieurs l\u00e9gumes (carotte, courgette, haricots verts\u2026), quelques","inLanguage":"fr-FR","potentialAction":[{"@type":"ReadAction","target":["https:\/\/juliedrnd.net\/blog\/alimentation-et-sante-des-enfants\/recette-bebe-9-mois-idees-nutritives-pour-varier-ses-repas\/"]}]},{"@type":"ImageObject","inLanguage":"fr-FR","@id":"https:\/\/juliedrnd.net\/blog\/alimentation-et-sante-des-enfants\/recette-bebe-9-mois-idees-nutritives-pour-varier-ses-repas\/#primaryimage","url":"https:\/\/juliedrnd.net\/blog\/wp-content\/uploads\/2025\/12\/pag-image-693aae3c11937-scaled.png","contentUrl":"https:\/\/juliedrnd.net\/blog\/wp-content\/uploads\/2025\/12\/pag-image-693aae3c11937-scaled.png","width":1200,"height":686,"caption":"Image g\u00e9n\u00e9r\u00e9e par IA optimis\u00e9e pour Google Discover"},{"@type":"WebSite","@id":"https:\/\/juliedrnd.net\/blog\/#website","url":"https:\/\/juliedrnd.net\/blog\/","name":"juliedrnd.net","description":"Vivez, cr\u00e9ez, r\u00eavez.","publisher":{"@id":"https:\/\/juliedrnd.net\/blog\/#organization"},"alternateName":"Vivez, cr\u00e9ez, r\u00eavez.","potentialAction":[{"@type":"SearchAction","target":{"@type":"EntryPoint","urlTemplate":"https:\/\/juliedrnd.net\/blog\/?s={search_term_string}"},"query-input":{"@type":"PropertyValueSpecification","valueRequired":true,"valueName":"search_term_string"}}],"inLanguage":"fr-FR"},{"@type":"Organization","@id":"https:\/\/juliedrnd.net\/blog\/#organization","name":"Julie Drnd","url":"https:\/\/juliedrnd.net\/blog\/","logo":{"@type":"ImageObject","inLanguage":"fr-FR","@id":"https:\/\/juliedrnd.net\/blog\/#\/schema\/logo\/image\/","url":"https:\/\/juliedrnd.net\/blog\/wp-content\/uploads\/2024\/12\/15.png","contentUrl":"https:\/\/juliedrnd.net\/blog\/wp-content\/uploads\/2024\/12\/15.png","width":500,"height":500,"caption":"Julie Drnd"},"image":{"@id":"https:\/\/juliedrnd.net\/blog\/#\/schema\/logo\/image\/"}},{"@type":"Person","@id":"https:\/\/juliedrnd.net\/blog\/#\/schema\/person\/3c864cdc320801e3db34b663e7e3f816","name":"Elodie Mazeau","image":{"@type":"ImageObject","inLanguage":"fr-FR","@id":"https:\/\/juliedrnd.net\/blog\/#\/schema\/person\/image\/","url":"https:\/\/juliedrnd.net\/blog\/wp-content\/uploads\/2026\/06\/persona_elodie-m-96x96.jpg","contentUrl":"https:\/\/juliedrnd.net\/blog\/wp-content\/uploads\/2026\/06\/persona_elodie-m-96x96.jpg","caption":"Elodie Mazeau"},"description":"J'\u00e9cris sur la parentalit\u00e9 telle qu'elle se vit vraiment, du premier biberon aux premi\u00e8res col\u00e8res. Mes sujets de pr\u00e9dilection couvrent le quotidien des familles : sommeil, alimentation, organisation, pu\u00e9riculture et ces petites gal\u00e8res que tout parent conna\u00eet. Depuis plusieurs ann\u00e9es, je m'attache \u00e0 proposer des rep\u00e8res concrets plut\u00f4t que des le\u00e7ons, parce que chaque famille trouve son propre \u00e9quilibre. Je v\u00e9rifie mes informations aupr\u00e8s de sources fiables, surtout d\u00e8s qu'on touche \u00e0 la sant\u00e9 ou \u00e0 la s\u00e9curit\u00e9 de l'enfant, et je pr\u00e9cise quand un avis professionnel s'impose. J'\u00e9vite soigneusement la culpabilisation : \u00eatre parent est d\u00e9j\u00e0 assez exigeant. Mon ton se veut complice et bienveillant, un peu comme une discussion entre parents qui se comprennent. L'id\u00e9e est d'all\u00e9ger la charge mentale en donnant des solutions simples et test\u00e9es.","sameAs":["https:\/\/elodiemazeau.fr\/"],"url":"https:\/\/juliedrnd.net\/blog\/auteur\/noname\/"}]}},"_links":{"self":[{"href":"https:\/\/juliedrnd.net\/blog\/wp-json\/wp\/v2\/posts\/7676","targetHints":{"allow":["GET"]}}],"collection":[{"href":"https:\/\/juliedrnd.net\/blog\/wp-json\/wp\/v2\/posts"}],"about":[{"href":"https:\/\/juliedrnd.net\/blog\/wp-json\/wp\/v2\/types\/post"}],"author":[{"embeddable":true,"href":"https:\/\/juliedrnd.net\/blog\/wp-json\/wp\/v2\/users\/34"}],"replies":[{"embeddable":true,"href":"https:\/\/juliedrnd.net\/blog\/wp-json\/wp\/v2\/comments?post=7676"}],"version-history":[{"count":1,"href":"https:\/\/juliedrnd.net\/blog\/wp-json\/wp\/v2\/posts\/7676\/revisions"}],"predecessor-version":[{"id":7704,"href":"https:\/\/juliedrnd.net\/blog\/wp-json\/wp\/v2\/posts\/7676\/revisions\/7704"}],"wp:featuredmedia":[{"embeddable":true,"href":"https:\/\/juliedrnd.net\/blog\/wp-json\/wp\/v2\/media\/7678"}],"wp:attachment":[{"href":"https:\/\/juliedrnd.net\/blog\/wp-json\/wp\/v2\/media?parent=7676"}],"wp:term":[{"taxonomy":"category","embeddable":true,"href":"https:\/\/juliedrnd.net\/blog\/wp-json\/wp\/v2\/categories?post=7676"},{"taxonomy":"post_tag","embeddable":true,"href":"https:\/\/juliedrnd.net\/blog\/wp-json\/wp\/v2\/tags?post=7676"}],"curies":[{"name":"wp","href":"https:\/\/api.w.org\/{rel}","templated":true}]}}