{"id":7658,"date":"2026-01-15T09:40:00","date_gmt":"2026-01-15T08:40:00","guid":{"rendered":"https:\/\/juliedrnd.net\/blog\/?p=7658"},"modified":"2026-08-25T03:08:14","modified_gmt":"2026-08-25T01:08:14","slug":"comment-accompagner-et-securiser-les-premiers-pas-de-bebe-lors-de-la-marche","status":"publish","type":"post","link":"https:\/\/juliedrnd.net\/blog\/developpement-de-lenfant\/comment-accompagner-et-securiser-les-premiers-pas-de-bebe-lors-de-la-marche\/","title":{"rendered":"Comment accompagner et s\u00e9curiser les premiers pas de b\u00e9b\u00e9 lors de la marche"},"content":{"rendered":"<div style=\"background: linear-gradient(135deg, #f5f7fa 0%, #e9ecef 100%);border-left: 4px solid #0073aa;padding: 15px 20px;margin: 0 0 25px 0;border-radius: 0 8px 8px 0\">\n<p style=\"margin: 0;font-size: 14px;color: #0073aa;font-weight: 600;text-transform: uppercase;letter-spacing: 1px;margin-bottom: 10px\">\ud83d\udccb En bref<\/p>\n<ul style=\"margin: 0;padding-left: 20px;list-style-type: none\">\n<li style=\"margin: 5px 0;color: #333;font-size: 15px;line-height: 1.5;position: relative;padding-left: 15px\"><span style=\"position: absolute;left: 0;color: #0073aa\">\u25b8<\/span> La marche d\u00e9pend de la maturation de la motricit\u00e9 globale, qui inclut le contr\u00f4le de la t\u00eate, l&#039;assise et les d\u00e9placements. Chaque b\u00e9b\u00e9 progresse \u00e0 son rythme, avec une &quot;fen\u00eatre de d\u00e9veloppement&quot; flexible pour l&#039;acquisition des comp\u00e9tences. Le d\u00e9veloppement moteur favorise \u00e9galement l&#039;exploration cognitive et la confiance en soi.<\/li>\n<\/ul>\n<\/div>\n<h2>Marche b\u00e9b\u00e9 : comprendre, accompagner et s\u00e9curiser les premiers pas<\/h2>\n<h2>Comprendre la motricit\u00e9 globale avant la marche b\u00e9b\u00e9<\/h2>\n<p>\nLa marche s\u2019inscrit dans le cadre plus large de la <strong>motricit\u00e9 globale<\/strong>, c\u2019est-\u00e0-dire l\u2019ensemble des mouvements impliquant la t\u00eate, le tronc et les membres. \u00c0 la diff\u00e9rence de la <strong>motricit\u00e9 fine<\/strong>, centr\u00e9e sur les gestes pr\u00e9cis des mains et des doigts (saisir un cube, tourner une page, empiler des blocs), la motricit\u00e9 globale vise l\u2019axe corporel, l\u2019\u00e9quilibre et les d\u00e9placements. <u>La marche d\u00e9pend prioritairement de la maturation de la motricit\u00e9 globale<\/u>, qui repose elle-m\u00eame sur la maturation du <strong>syst\u00e8me nerveux central<\/strong> et sur le renforcement musculaire progressif. Les p\u00e9diatres de centres hospitaliers comme le <strong>CHU de Toulouse<\/strong> et l\u2019<strong>H\u00f4pital Necker-Enfants malades<\/strong> d\u00e9crivent une s\u00e9quence relativement stable : contr\u00f4le de la t\u00eate vers 3\u20134 mois, retournements entre 4 et 6 mois, assise autonome entre 6 et 9 mois, puis formes de d\u00e9placement au sol (ramper, quatre pattes) avant la station debout.<\/p>\n<p>\nChaque <strong>b\u00e9b\u00e9<\/strong> suit toutefois son propre rythme, ce que confirment les grandes cohortes de suivi en population g\u00e9n\u00e9rale, men\u00e9es en <strong>France<\/strong> et au <strong>Qu\u00e9bec<\/strong> depuis les ann\u00e9es 2010. Nous parlons d\u00e9sormais de <u>\u00ab\u00a0fen\u00eatre de d\u00e9veloppement\u00a0\u00bb plut\u00f4t que d\u2019\u00e2ge fixe<\/u> : par exemple, le retournement peut appara\u00eetre entre 4 et 7 mois sans traduire un retard, tant que la <strong>progression<\/strong> des comp\u00e9tences reste r\u00e9guli\u00e8re. La mise en mouvement du corps nourrit en parall\u00e8le le <strong>d\u00e9veloppement cognitif<\/strong> : un nourrisson qui se d\u00e9place explore davantage son environnement, m\u00e9morise l\u2019agencement de l\u2019espace, affine sa perception du risque, et renforce sa <strong>confiance en lui<\/strong>. Des travaux de recherche publi\u00e9s entre 2018 et 2022 par des \u00e9quipes de neuropsychologie \u00e0 <strong>Londres<\/strong> et <strong>Boston<\/strong> montrent qu\u2019une augmentation des possibilit\u00e9s de d\u00e9placement est associ\u00e9e \u00e0 une meilleure construction des rep\u00e8res spatiaux, et \u00e0 une plus grande initiative dans le jeu.<\/p>\n<ul>\n<li><strong>Motricit\u00e9 globale<\/strong> : mouvements du tronc, de la t\u00eate et des membres, base de la marche.<\/li>\n<li><strong>Motricit\u00e9 fine<\/strong> : manipulations pr\u00e9cises des mains, d\u00e9veloppement parall\u00e8le mais distinct.<\/li>\n<li><u>Fen\u00eatre de d\u00e9veloppement<\/u> : p\u00e9riode flexible o\u00f9 une comp\u00e9tence peut appara\u00eetre sans qu\u2019un d\u00e9calage soit forc\u00e9ment pathologique.<\/li>\n<\/ul>\n<h2>Les grandes \u00e9tapes de la marche b\u00e9b\u00e9, de l\u2019assise \u00e0 la marche autonome<\/h2>\n<p>\nLes donn\u00e9es issues de plateformes de parentalit\u00e9 comme <strong>Na\u00eetre et grandir<\/strong> au <strong>Canada<\/strong> et de r\u00e9seaux de cr\u00e8ches priv\u00e9s en <strong>\u00cele-de-France<\/strong> convergent vers une <strong>chronologie chiffr\u00e9e<\/strong> utile \u00e0 garder en t\u00eate, toujours avec des marges. Autour de <u>6 \u00e0 9 mois<\/u>, l\u2019enfant parvient \u00e0 \u00ab\u00a0tenir assis\u00a0\u00bb sans soutien sur de courtes p\u00e9riodes, ce qui traduit un renforcement du dos et du tronc. Entre <u>6 et 9 mois<\/u>, beaucoup de nourrissons commencent un <strong>rampement<\/strong> au sol : ils avancent sur le ventre en s\u2019aidant des bras puis des jambes. Cette phase am\u00e9liore la coordination droite\/gauche et la perception de la distance. La <strong>marche \u00e0 quatre pattes<\/strong> appara\u00eet fr\u00e9quemment entre <u>7 et 10 mois<\/u>, avec une variabilit\u00e9 marqu\u00e9e : certaines \u00e9tudes longitudinales men\u00e9es \u00e0 <strong>Copenhague<\/strong> montrent qu\u2019environ <u>10 \u00e0 15&nbsp;%<\/u> des enfants ne passent jamais par le \u00ab\u00a04 pattes\u00a0\u00bb, et adoptent d\u2019autres modes de d\u00e9placement (sur les fesses, en glissant) sans anomalie neurologique.<\/p>\n<p>\nVers <u>8\u201310 mois<\/u>, la <strong>station debout avec appuis<\/strong> se met en place : le b\u00e9b\u00e9 se hisse en s\u2019agrippant aux barreaux du lit, \u00e0 un canap\u00e9 ou \u00e0 une table basse, puis reste debout quelques secondes. Cette \u00e9tape mobilise un <strong>travail d\u2019\u00e9quilibre<\/strong> intense et un renforcement des muscles des jambes, des hanches et du tronc. Entre <u>10 et 11 mois<\/u>, nombreux sont les enfants qui engagent une \u00ab\u00a0marche lat\u00e9rale\u00a0\u00bb le long des meubles, en glissant les pieds et en choisissant de nouvelles prises avec les mains. Autour de <u>11\u201312 mois<\/u>, surviennent souvent les premiers pas avec appui : tenue par une ou deux mains d\u2019un adulte, pouss\u00e9e d\u2019un chariot de marche stable ou d\u2019une caisse lest\u00e9e. Les <u>premiers pas sans aide<\/u> se situent statistiquement autour de <u>12 mois<\/u>, avec une fourchette large de <u>9 \u00e0 15 mois<\/u>. La d\u00e9marche typique est reconnaissable : jambes \u00e9cart\u00e9es, bras relev\u00e9s fa\u00e7on \u00ab\u00a0ailes d\u2019avion\u00a0\u00bb, pas courts et saccad\u00e9s. Vers <u>18 mois<\/u>, une grande majorit\u00e9 d\u2019enfants marche de fa\u00e7on plus stable, jambes moins \u00e9cart\u00e9es, bras moins sollicit\u00e9s. Entre <u>18 et 24 mois<\/u>, ils commencent \u00e0 courir, \u00e0 monter quelques marches, et \u00e0 franchir de petits obstacles.<\/p>\n<ul>\n<li><strong>6\u20139 mois<\/strong> : assise autonome, pr\u00e9paration de la station debout.<\/li>\n<li><strong>7\u201310 mois<\/strong> : rampement et marche \u00e0 quatre pattes, renforcement de la coordination.<\/li>\n<li><strong>9\u201315 mois<\/strong> : premiers pas sans aide dans la majorit\u00e9 des cas.<\/li>\n<li><u>Au-del\u00e0 de 18 mois sans d\u00e9placement debout<\/u> : indication \u00e0 solliciter un avis m\u00e9dical.<\/li>\n<\/ul>\n<h2>Les facteurs qui influencent le d\u00e9veloppement de la marche b\u00e9b\u00e9<\/h2>\n<p>\nLorsque nous comparons deux enfants du m\u00eame \u00e2ge, la diff\u00e9rence de rythme interroge souvent, alors qu\u2019elle traduit le plus souvent une combinaison de facteurs <strong>biologiques<\/strong>, <strong>environnementaux<\/strong> et li\u00e9s \u00e0 l\u2019<strong>encouragement parental<\/strong>. Sur le plan biologique, le <strong>gabarit<\/strong>, la <strong>tonicit\u00e9 musculaire<\/strong> et les <strong>ant\u00e9c\u00e9dents familiaux<\/strong> jouent un r\u00f4le. Des \u00e9quipes de recherche en p\u00e9diatrie en <strong>Suisse<\/strong> et en <strong>Allemagne<\/strong> ont montr\u00e9 qu\u2019un enfant tr\u00e8s grand ou avec un poids \u00e9lev\u00e9 pour l\u2019\u00e2ge peut prendre un peu plus de temps \u00e0 stabiliser son centre de gravit\u00e9, sans anomalie. La <u>pr\u00e9maturit\u00e9<\/u>, surtout lorsqu\u2019elle survient avant 34 semaines, expose \u00e0 un d\u00e9calage temporel de plusieurs semaines \u00e0 plusieurs mois sur l\u2019acquisition de la marche, \u00e9valu\u00e9 sur l\u2019<strong>\u00e2ge corrig\u00e9<\/strong>. Les ant\u00e9c\u00e9dents de \u00ab\u00a0marche tardive\u00a0\u00bb chez les parents, rapport\u00e9s \u00e0 la consultation, orientent souvent vers une variabilit\u00e9 familiale plut\u00f4t que vers un trouble.<\/p>\n<p>\nL\u2019<strong>environnement domestique<\/strong> constitue un levier majeur. Un appartement exigu, encombr\u00e9, avec peu de surfaces stables \u00e0 hauteur du b\u00e9b\u00e9, offre moins d\u2019opportunit\u00e9s de se lever et de se d\u00e9placer qu\u2019un logement d\u00e9gag\u00e9, \u00e9quip\u00e9 de tapis fermes et de meubles robustes. Les grandes cr\u00e8ches de r\u00e9seaux comme <strong>people&amp;baby<\/strong> ou les structures municipales de <strong>Lille<\/strong> et <strong>Bordeaux<\/strong> montrent, dans leurs rapports internes, que des enfants expos\u00e9s chaque jour \u00e0 des espaces ouverts, \u00e0 du mat\u00e9riel de motricit\u00e9 (blocs, plans inclin\u00e9s, tunnels) et \u00e0 une alternance de temps au sol et de d\u00e9placements, investissent souvent la marche de mani\u00e8re plus pr\u00e9coce et plus confiante. \u00c0 l\u2019inverse, un temps prolong\u00e9 dans des \u00e9quipements restrictifs (transat, cosy, balancelle) r\u00e9duit le temps d\u2019exp\u00e9rimentation au sol. L\u2019<strong>encouragement<\/strong> parental, verbal et gestuel, compte aussi : f\u00e9licitations, regards soutenants, posture d\u2019adulte \u00e0 hauteur de l\u2019enfant, jeux de d\u00e9placement partag\u00e9s. Sur le plan culturel, des travaux men\u00e9s en <strong>Afrique de l\u2019Ouest<\/strong> et en <strong>Europe du Nord<\/strong> montrent des diff\u00e9rences de pratiques (portage, mises au sol, sollicitations corporelles) qui influencent l\u00e9g\u00e8rement la chronologie, sans impact n\u00e9gatif \u00e0 long terme d\u00e8s lors que l\u2019enfant reste stimul\u00e9 et soutenu.<\/p>\n<ul>\n<li><strong>Facteurs biologiques<\/strong> : gabarit, histoire familiale, pr\u00e9maturit\u00e9, tonicit\u00e9 musculaire.<\/li>\n<li><strong>Facteurs environnementaux<\/strong> : espace disponible, qualit\u00e9 des sols, pr\u00e9sence de meubles stables.<\/li>\n<li><strong>Facteurs relationnels<\/strong> : encouragements, disponibilit\u00e9 \u00e9motionnelle, libert\u00e9 d\u2019exploration.<\/li>\n<\/ul>\n<h2>Signes que b\u00e9b\u00e9 est pr\u00eat \u00e0 marcher et rep\u00e8res pour les parents<\/h2>\n<p>\n\u00c0 mesure que l\u2019enfant approche de ses premiers pas, plusieurs <strong>signes concrets<\/strong> indiquent que la marche se pr\u00e9pare. Sur le plan moteur, l\u2019enfant se l\u00e8ve seul en s\u2019agrippant aux meubles, se maintient debout quelques secondes sans soutien, commence \u00e0 rel\u00e2cher une main, puis les deux, et se d\u00e9place lat\u00e9ralement le long des appuis. Nous observons parfois de petites tentatives d\u2019avanc\u00e9e en l\u00e2chant bri\u00e8vement la table avant de se rattraper. Sur le plan <strong>cognitif et \u00e9motionnel<\/strong>, la curiosit\u00e9 pour ce qui se situe hors de port\u00e9e augmente nettement, de m\u00eame que l\u2019envie de rejoindre des fr\u00e8res et s\u0153urs plus grands, ou un parent qui se tient \u00e0 distance. Une certaine frustration \u00e9merge lorsque l\u2019enfant ne parvient pas \u00e0 atteindre sa cible, ce qui t\u00e9moigne d\u2019une motivation forte \u00e0 \u00e9tendre son rayon d\u2019action. <u>La combinaison de ces indices constitue un excellent marqueur de pr\u00e9paration \u00e0 la marche<\/u>.<\/p>\n<p>\nNous invitons les parents \u00e0 se rassurer lorsqu\u2019ils observent une <strong>progression r\u00e9guli\u00e8re<\/strong>, m\u00eame mod\u00e9r\u00e9e, des acquisitions motrices : meilleure stabilit\u00e9 en assise, r\u00e9p\u00e9tition des lev\u00e9es et des assises, diversification des modes de d\u00e9placement (roul\u00e9, ramper, quatre pattes, d\u00e9placement lat\u00e9ral). Nous conseillons en revanche de demander un avis professionnel lorsque certains seuils sont franchis : absence totale de station debout avec appui apr\u00e8s <u>15\u201316 mois<\/u>, absence de marche autonome vers <u>18 mois<\/u>, asym\u00e9trie nette (une jambe beaucoup moins utilis\u00e9e), chutes tr\u00e8s fr\u00e9quentes persistant au-del\u00e0 de quelques semaines d\u2019apprentissage, ou impression de rigidit\u00e9 ou au contraire de grande mollesse musculaire. Un <strong>p\u00e9diatre<\/strong>, un <strong>m\u00e9decin g\u00e9n\u00e9raliste<\/strong> form\u00e9 \u00e0 la p\u00e9diatrie, un <strong>kin\u00e9sith\u00e9rapeute p\u00e9diatrique<\/strong> ou un <strong>psychomotricien<\/strong> peuvent alors r\u00e9aliser une \u00e9valuation d\u00e9taill\u00e9e.<\/p>\n<ul>\n<li><u>Signes de pr\u00e9paration<\/u> : se l\u00e8ve seul, reste debout, l\u00e2che une main, se d\u00e9place lat\u00e9ralement.<\/li>\n<li><strong>Rep\u00e8res d\u2019alerte<\/strong> : pas d\u2019appui debout apr\u00e8s 16 mois, pas de marche vers 18 mois, asym\u00e9tries nettes.<\/li>\n<li><strong>Professionnels ressources<\/strong> : p\u00e9diatre, kin\u00e9sith\u00e9rapeute sp\u00e9cialis\u00e9, psychomotricien.<\/li>\n<\/ul>\n<h2>Conseils pratiques pour encourager la marche b\u00e9b\u00e9 en douceur<\/h2>\n<p>\nPour soutenir l\u2019acquisition de la marche, les recommandations convergent vers la cr\u00e9ation d\u2019un <strong>espace de jeu au sol<\/strong> vaste et s\u00e9curis\u00e9. Un tapis ferme mais confortable, pos\u00e9 sur un sol stable (parquet, carrelage non glissant) permet \u00e0 l\u2019enfant de se retourner, ramper, se mettre \u00e0 quatre pattes, puis se lever sans risque excessif. Des meubles bas et stables, comme des tables de salon massives ou des bancs, servent de supports fiables. Nous conseillons d\u2019\u00e9viter les petites tables l\u00e9g\u00e8res ou les chaises instables qui peuvent basculer. Des jeux sp\u00e9cifiques renforcent l\u2019<strong>\u00e9quilibre<\/strong> : se mettre en face de l\u2019enfant et l\u2019inviter \u00e0 venir vers nous, placer un objet tr\u00e8s motivant (un livre sonore, un jouet lumineux) \u00e0 une courte distance, organiser des jeux de \u00ab\u00a0va-et-vient\u00a0\u00bb entre deux adultes espac\u00e9s de quelques pas, ce que les \u00e9quipes \u00e9ducatives de cr\u00e8ches \u00e0 <strong>Nantes<\/strong> ou <strong>Marseille<\/strong> utilisent largement.<\/p>\n<p>\nSur le plan musculaire, laisser le b\u00e9b\u00e9 se lever et s\u2019asseoir autant de fois que n\u00e9cessaire, en s\u2019agrippant aux meubles, renforce efficacement les cha\u00eenes musculaires utiles \u00e0 la marche. Nous appr\u00e9cions, quand le d\u00e9veloppement est harmonieux, les <strong>chariots de marche stables<\/strong> ou les caisses lest\u00e9es \u00e0 pousser, qui sollicitent l\u2019extension de hanche et de genou tout en entra\u00eenant l\u2019anticipation du d\u00e9s\u00e9quilibre vers l\u2019avant. Pour les pieds, les recommandations de soci\u00e9t\u00e9s comme l\u2019<strong>Association Fran\u00e7aise de Podologie<\/strong> vont vers une alternance entre <u>pieds nus<\/u> et <strong>chaussons souples<\/strong> \u00e0 la maison, afin de stimuler la <strong>proprioception plantaire<\/strong>. Nous insistons sur la posture de l\u2019adulte : plut\u00f4t que de tirer l\u2019enfant vers l\u2019avant par les bras, ce qui peut cr\u00e9er des tensions aux \u00e9paules et une d\u00e9marche artificielle, nous pr\u00e9conisons de se placer un peu en retrait, bras tendus vers lui, pour qu\u2019il initie lui-m\u00eame l\u2019avanc\u00e9e. \u00c0 nos yeux, le meilleur \u00ab\u00a0entra\u00eenement\u00a0\u00bb reste le <strong>jeu libre<\/strong> dans un environnement s\u00e9curis\u00e9, sans exercices impos\u00e9s ni rythme forc\u00e9.<\/p>\n<ul>\n<li><strong>Espace au sol<\/strong> : tapis ferme, zone d\u00e9gag\u00e9e, meubles stables \u00e0 hauteur de l\u2019enfant.<\/li>\n<li><strong>Jeux d\u2019\u00e9quilibre<\/strong> : va-et-vient entre adultes, objets motivants \u00e0 courte distance.<\/li>\n<li><u>Pieds nus ou chaussons souples<\/u> : favorisent les appuis et la proprioception.<\/li>\n<\/ul>\n<h2>S\u00e9curit\u00e9 et environnement pour un b\u00e9b\u00e9 qui commence \u00e0 marcher<\/h2>\n<p>\nLorsque l\u2019enfant entre dans la phase de d\u00e9placement debout, la <strong>s\u00e9curit\u00e9 domestique<\/strong> devient un axe central. Les services de pr\u00e9vention comme ceux de <strong>Sant\u00e9 publique France<\/strong> ou de l\u2019<strong>Institut national de sant\u00e9 publique du Qu\u00e9bec (INSPQ)<\/strong> rappellent que les chutes repr\u00e9sentent une part significative des accidents domestiques chez les moins de 2 ans, avec un pic entre 12 et 18 mois. Nous recommandons l\u2019installation de <strong>barri\u00e8res de s\u00e9curit\u00e9<\/strong> en haut et en bas des escaliers, de <strong>caches-prises<\/strong>, et de protections d\u2019angles sur les meubles bas. Les fen\u00eatres, surtout au-del\u00e0 du premier \u00e9tage dans des villes denses comme <strong>Paris<\/strong> ou <strong>Bruxelles<\/strong>, doivent \u00eatre bloqu\u00e9es avec des dispositifs homologu\u00e9s. Les produits m\u00e9nagers, m\u00e9dicaments, objets coupants ou fragiles sont rang\u00e9s en hauteur ou dans des placards ferm\u00e9s. La gestion des chutes ne vise pas \u00e0 les supprimer totalement, ce qui serait illusoire, mais \u00e0 en <u>limiter la gravit\u00e9<\/u> : tapis amortissants dans les zones de jeu, \u00e9viction des petits tapis qui se replient et provoquent des glissades, choix de sols non glissants.<\/p>\n<p>\nLa <strong>tenue vestimentaire<\/strong> doit autoriser une grande libert\u00e9 de mouvement : pantalons souples, bodies non trop serr\u00e9s, absence de v\u00eatements longs qui tra\u00eenent au sol. Les chaussettes avec semelles antid\u00e9rapantes sont utiles sur parquet lisse, alors que les chaussettes simples augmentent le risque de glissade. Une <u>surveillance rapproch\u00e9e<\/u> reste n\u00e9cessaire, surtout pr\u00e8s des escaliers, des meubles instables ou des surfaces dures comme le carrelage, les chemin\u00e9es en pierre ou les bords de table massifs. Nous insistons sur les \u00ab\u00a0risques invisibles\u00a0\u00bb : petites pi\u00e8ces pouvant \u00eatre port\u00e9es \u00e0 la bouche lorsqu\u2019il explore debout, nappes qu\u2019il peut tirer, c\u00e2bles \u00e9lectriques au sol, sacs plastiques accessibles. Une v\u00e9rification syst\u00e9matique de l\u2019appartement ou de la maison \u00e0 hauteur de l\u2019enfant offre souvent des surprises et permet des ajustements pertinents.<\/p>\n<ul>\n<li><strong>Am\u00e9nagement s\u00e9curis\u00e9<\/strong> : barri\u00e8res d\u2019escalier, caches-prises, protections d\u2019angles, fen\u00eatres bloqu\u00e9es.<\/li>\n<li><strong>Gestion des chutes<\/strong> : tapis, suppression des petits tapis glissants, sols adapt\u00e9s.<\/li>\n<li><u>Surveillance active<\/u> : surtout pr\u00e8s des escaliers, fen\u00eatres, surfaces dures.<\/li>\n<\/ul>\n<h2>Objets, trotteurs et accessoires de marche b\u00e9b\u00e9 : utiles ou \u00e0 \u00e9viter ?<\/h2>\n<p>\nLes <strong>accessoires de marche<\/strong> suscitent de nombreuses interrogations, et nous estimons utile de nous appuyer sur les positions officielles des autorit\u00e9s de sant\u00e9. Les <strong>trotteurs \u00ab\u00a0youpala\u00a0\u00bb<\/strong>, tr\u00e8s utilis\u00e9s dans les ann\u00e9es 1990 et 2000, sont clairement d\u00e9conseill\u00e9s par la <strong>Haute Autorit\u00e9 de Sant\u00e9 (HAS)<\/strong> en France et l\u2019<strong>American Academy of Pediatrics<\/strong> depuis plus de dix ans. Les \u00e9tudes montrent un risque accru de chutes dans les escaliers, de renversements, et de collisions, ainsi qu\u2019une mise en charge non physiologique sur la pointe des pieds, avec une posture en extension qui ne correspond pas \u00e0 la marche naturelle. Plusieurs rapports signalent que ces dispositifs ne font pas marcher plus t\u00f4t, et peuvent au contraire perturber certaines acquisitions motrices. \u00c0 notre avis, l\u2019usage de ces trotteurs n\u2019apporte aucun b\u00e9n\u00e9fice justifiant les risques.<\/p>\n<p>\nLes <strong>chariots de marche<\/strong> et pousseurs pr\u00e9sentent un profil plus nuanc\u00e9. Les mod\u00e8les <u>stables, lourds, \u00e0 base large et munis d\u2019un syst\u00e8me de frein ou de r\u00e9sistance<\/u> peuvent accompagner utilement la transition vers la marche, en particulier dans les structures de petite enfance bien encadr\u00e9es. Nous recommandons de v\u00e9rifier la hauteur de la poign\u00e9e, qui doit se situer autour du bas du thorax de l\u2019enfant, ainsi que la vitesse de roulement. Les <strong>porteurs<\/strong> (v\u00e9hicules \u00e0 enfourcher), comme les petites voitures ou les animaux \u00e0 roulettes vendus par des marques de jouets reconnues, stimulent l\u2019<strong>\u00e9quilibre<\/strong> et la coordination, sans remplacer la marche debout. Nous appr\u00e9cions, pour enrichir l\u2019environnement, les <strong>tapis de motricit\u00e9<\/strong>, blocs en mousse denses, cubes \u00e0 empiler, et meubles bas et robustes. Pour les <strong>chaussures de marche b\u00e9b\u00e9<\/strong>, les podologues recommandent, depuis les ann\u00e9es 2015\u20132020, de favoriser pieds nus ou chaussons souples en int\u00e9rieur, et des chaussures dites \u00ab\u00a0premiers pas\u00a0\u00bb l\u00e9g\u00e8res, souples en flexion, \u00e0 tige basse et bien ajust\u00e9es, uniquement pour l\u2019ext\u00e9rieur. <u>La chaussure prot\u00e8ge, elle ne fait pas marcher plus vite<\/u>, et nous privil\u00e9gions les mod\u00e8les qui respectent le mouvement naturel du pied.<\/p>\n<ul>\n<li><strong>Trotteurs youpala<\/strong> : d\u00e9conseill\u00e9s pour des raisons de s\u00e9curit\u00e9 et de posture.<\/li>\n<li><strong>Chariots de marche stables<\/strong> : utiles si base large, frein, poign\u00e9e adapt\u00e9e.<\/li>\n<li><strong>Chaussures premiers pas<\/strong> : souples, l\u00e9g\u00e8res, utilis\u00e9es surtout dehors.<\/li>\n<\/ul>\n<h2>Les erreurs courantes \u00e0 \u00e9viter lorsque l\u2019on encourage la marche b\u00e9b\u00e9<\/h2>\n<p>\nDans notre pratique d\u2019analyse des pratiques parentales, nous observons des erreurs r\u00e9currentes qui partent d\u2019une bonne intention mais peuvent g\u00eaner le <strong>d\u00e9veloppement harmonieux<\/strong> de la marche. L\u2019une des plus fr\u00e9quentes consiste \u00e0 vouloir faire marcher un enfant trop t\u00f4t, en le mettant debout alors qu\u2019il ne se l\u00e8ve pas encore seul, ou en le tirant vers l\u2019avant sous les bras. Cette m\u00e9thode cr\u00e9e une marche artificielle, sollicite mal les cha\u00eenes musculaires, et peut provoquer fatigue, tensions et perte de confiance. Une autre d\u00e9rive r\u00e9side dans la <strong>comparaison syst\u00e9matique<\/strong> avec d\u2019autres enfants, dans la fratrie ou dans l\u2019entourage. Les \u00e9tudes sur le stress parental, men\u00e9es en <strong>Royaume-Uni<\/strong> et en <strong>France<\/strong>, montrent que ces comparaisons augmentent l\u2019anxi\u00e9t\u00e9 des parents et, indirectement, la pression sur l\u2019enfant, qui peut \u00eatre sur-sollicit\u00e9 ou frein\u00e9 dans ses initiatives libres.<\/p>\n<p>\nNous soulignons aussi l\u2019utilisation du <strong>trotteur<\/strong> comme solution suppos\u00e9e \u00ab\u00a0miracle\u00a0\u00bb, alors que les donn\u00e9es de s\u00e9curit\u00e9 l\u2019incriminent clairement. Une autre erreur consiste \u00e0 sur-r\u00e9agir aux chutes : cris, gestes spectaculaires, anxi\u00e9t\u00e9 manifeste. Ces r\u00e9actions renforcent la peur de tomber et peuvent conduire l\u2019enfant \u00e0 limiter ses tentatives. \u00c0 l\u2019autre extr\u00eame, laisser un b\u00e9b\u00e9 de longs moments dans des dispositifs restrictifs (transat, si\u00e8ge auto hors trajet, parc tr\u00e8s \u00e9troit), au d\u00e9triment du temps au sol, limite fortement ses opportunit\u00e9s d\u2019apprentissage moteur. Enfin, n\u00e9gliger certains <u>signaux d\u2019alerte<\/u> (retards moteurs importants, asym\u00e9tries, absence d\u2019int\u00e9r\u00eat pour la station debout au-del\u00e0 d\u2019un certain \u00e2ge) retarde l\u2019acc\u00e8s \u00e0 des prises en charge qui, initi\u00e9es t\u00f4t, sont souvent tr\u00e8s efficaces. Nous encourageons une attitude interm\u00e9diaire : soutien, observation, libert\u00e9 de mouvement, et recours pr\u00e9coce aux professionnels en cas de doute persistant.<\/p>\n<ul>\n<li><strong>Erreur fr\u00e9quente<\/strong> : faire marcher l\u2019enfant avant qu\u2019il ne se l\u00e8ve seul.<\/li>\n<li><strong>Comparaison<\/strong> : source de stress pour les parents et de pression pour l\u2019enfant.<\/li>\n<li><u>Oubli de consultation<\/u> malgr\u00e9 des signaux d\u2019alerte clairs.<\/li>\n<\/ul>\n<h2>Cas particuliers, retards de marche et quand consulter<\/h2>\n<p>\nLes p\u00e9diatres d\u00e9finissent g\u00e9n\u00e9ralement un <u>\u00ab retard de marche \u00bb<\/u> comme une absence de marche autonome au-del\u00e0 de <strong>18 mois<\/strong>, voire <strong>20 mois<\/strong> selon certains r\u00e9f\u00e9rentiels, en tenant compte de l\u2019ensemble du <strong>d\u00e9veloppement moteur<\/strong>. L\u2019enjeu est de distinguer un simple d\u00e9calage li\u00e9 \u00e0 la variabilit\u00e9 individuelle d\u2019un retard li\u00e9 \u00e0 une pathologie sous-jacente. Des centres d\u2019\u00e9valuation du d\u00e9veloppement, comme ceux rattach\u00e9s au <strong>CHU de Lille<\/strong> ou au <strong>CHU de Strasbourg<\/strong>, s\u2019attachent \u00e0 observer l\u2019ensemble du profil de l\u2019enfant : tonicit\u00e9, qualit\u00e9 des appuis, sym\u00e9trie des mouvements, langage, interaction sociale. Des signes qui doivent alerter comprennent une absence d\u2019appui sur les jambes lorsqu\u2019on met l\u2019enfant debout, une <strong>hypotonie<\/strong> (impression de grande mollesse) ou au contraire une <strong>hypertonie<\/strong> (raideur marqu\u00e9e), une asym\u00e9trie persistante (toujours le m\u00eame c\u00f4t\u00e9 pour se retourner, s\u2019asseoir ou se lever), une absence d\u2019exploration au sol, ou encore des r\u00e9gressions, comme la perte de comp\u00e9tences pr\u00e9c\u00e9demment acquises.<\/p>\n<p>\nFace \u00e0 ces situations, nous recommandons sans r\u00e9serve de solliciter un <strong>p\u00e9diatre<\/strong> ou un <strong>m\u00e9decin g\u00e9n\u00e9raliste<\/strong>, qui peut orienter vers un <strong>kin\u00e9sith\u00e9rapeute sp\u00e9cialis\u00e9 en p\u00e9diatrie<\/strong>, un <strong>psychomotricien<\/strong>, voire un centre sp\u00e9cialis\u00e9 dans les troubles neuromoteurs. Les donn\u00e9es recueillies sur plus de dix ans, dans plusieurs pays europ\u00e9ens, montrent qu\u2019une <u>prise en charge pr\u00e9coce<\/u> (avant 2 ans) am\u00e9liore nettement la qualit\u00e9 des acquisitions ult\u00e9rieures, sans viser la performance mais un <strong>d\u00e9veloppement global harmonieux<\/strong>. \u00c0 nos yeux, consulter n\u2019est jamais un aveu d\u2019\u00e9chec, mais un moyen d\u2019obtenir un regard expert et des pistes concr\u00e8tes pour accompagner l\u2019enfant dans son propre rythme.<\/p>\n<ul>\n<li><strong>Retard de marche<\/strong> : marche autonome absente apr\u00e8s 18\u201320 mois selon les r\u00e9f\u00e9rentiels.<\/li>\n<li><strong>Signes d\u2019alerte<\/strong> : pas d\u2019appui, hypotonie\/hypertonie, asym\u00e9tries, r\u00e9gressions.<\/li>\n<li><u>Prise en charge pr\u00e9coce<\/u> : associ\u00e9e \u00e0 de meilleurs progr\u00e8s fonctionnels.<\/li>\n<\/ul>\n<h2>T\u00e9moignages, exemples concrets et sc\u00e9narios de progression<\/h2>\n<p>\nPour illustrer la diversit\u00e9 des parcours, les \u00e9tudes longitudinales conduites entre 2015 et 2023 dans plusieurs villes europ\u00e9ennes et nord-am\u00e9ricaines d\u00e9crivent des trajectoires typiques. Un premier sc\u00e9nario concerne un enfant qui marche t\u00f4t, vers <strong>10 mois<\/strong> : assise stable vers 6 mois, quatre pattes actif \u00e0 7 mois, station debout solide \u00e0 8 mois, marche lat\u00e9rale \u00e0 9 mois, premiers pas autonomes \u00e0 10 mois. Ce profil se rencontre dans environ <u>10&nbsp;% des cas<\/u>, souvent dans des familles o\u00f9 l\u2019un des parents a lui-m\u00eame march\u00e9 pr\u00e9cocement, avec un environnement riche en stimulations motrices (jardin, grand salon d\u00e9gag\u00e9, fr\u00e9quentation r\u00e9guli\u00e8re d\u2019un relais petite enfance). Un deuxi\u00e8me sc\u00e9nario d\u00e9crit un enfant dans la moyenne : premiers pas autonomes \u00e0 <strong>12\u201313 mois<\/strong>, apr\u00e8s un rampement \u00e0 7 mois, un quatre pattes dynamique \u00e0 8\u20139 mois, et une longue phase de d\u00e9placement le long des meubles. Les statistiques issues de r\u00e9seaux de cr\u00e8ches en <strong>\u00cele-de-France<\/strong> estiment que pr\u00e8s de <u>50\u201355&nbsp;%<\/u> des enfants entrent dans cette cat\u00e9gorie.<\/p>\n<p>\nUn troisi\u00e8me sc\u00e9nario concerne un enfant qui marche plus tard, autour de <strong>17\u201318 mois<\/strong>, sans pathologie. Dans ces cas, nous retrouvons souvent une marche \u00e0 quatre pattes prolong\u00e9e (jusqu\u2019\u00e0 14\u201315 mois), un temp\u00e9rament plus prudent, ou un environnement plus restreint en termes d\u2019espace disponible. Les parents rapportent parfois qu\u2019eux-m\u00eames ont march\u00e9 vers 16\u201317 mois, ce qui souligne le r\u00f4le des ant\u00e9c\u00e9dents familiaux. Les donn\u00e9es globales issues de cohortes nationales indiquent qu\u2019environ <u>15 \u00e0 20&nbsp;%<\/u> des enfants marchent au-del\u00e0 de 15 mois, tout en restant dans les limites de la variabilit\u00e9 normale. Nous encourageons les lecteurs \u00e0 se concentrer sur <u>la dynamique de progression<\/u> et sur le plaisir de voir leur enfant explorer, plut\u00f4t que sur l\u2019\u00e2ge exact du premier pas. Pour nous, l\u2019enjeu central reste la qualit\u00e9 du parcours, la s\u00e9curit\u00e9 et le bien-\u00eatre, bien plus que la performance chronologique.<\/p>\n<ul>\n<li><strong>Marche pr\u00e9coce<\/strong> : environ 10&nbsp;% des enfants marchent vers 10 mois.<\/li>\n<li><strong>Marche \u00ab\u00a0moyenne\u00a0\u00bb<\/strong> : pr\u00e8s de 50\u201355&nbsp;% autour de 12\u201313 mois.<\/li>\n<li><u>Marche plus tardive sans pathologie<\/u> : 15\u201320&nbsp;% au-del\u00e0 de 15 mois, avec progression r\u00e9guli\u00e8re.<\/li>\n<\/ul>\n<h2>Conclusion : accompagner votre b\u00e9b\u00e9 vers ses premiers pas avec confiance et bienveillance<\/h2>\n<p>\nLa marche b\u00e9b\u00e9 repr\u00e9sente une s\u00e9quence passionnante, fa\u00e7onn\u00e9e par la <strong>motricit\u00e9 globale<\/strong>, l\u2019<strong>environnement<\/strong>, l\u2019<strong>encouragement<\/strong> et la personnalit\u00e9 propre de l\u2019enfant. Les donn\u00e9es issues de la recherche p\u00e9diatrique en <strong>Europe<\/strong> et en <strong>Am\u00e9rique du Nord<\/strong> montrent une variabilit\u00e9 large, tout en confirmant que la plupart des nourrissons acqui\u00e8rent la marche autonome entre <u>9 et 18 mois<\/u>, avec des parcours tr\u00e8s divers. Nous d\u00e9fendons une approche centr\u00e9e sur un <strong>environnement s\u00e9curis\u00e9<\/strong>, une <strong>motricit\u00e9 libre au sol<\/strong> et un accompagnement bas\u00e9 sur la patience, l\u2019observation et la confiance. Les <strong>conseils pratiques<\/strong> pr\u00e9sent\u00e9s, les rep\u00e8res d\u2019alerte et la mise en garde contre certaines <strong>erreurs<\/strong> courantes constituent des outils concrets pour soutenir un <strong>d\u00e9veloppement<\/strong> sain de la marche et de l\u2019<strong>\u00e9quilibre<\/strong>.<\/p>\n<p>\nNous invitons chaque parent \u00e0 partager ses exp\u00e9riences avec les professionnels de confiance qui l\u2019entourent, \u00e0 poser des questions lors des consultations, et \u00e0 solliciter un avis m\u00e9dical d\u00e8s qu\u2019un doute s\u2019installe sur le rythme de progression de son enfant. En gardant \u00e0 l\u2019esprit que <u>chaque b\u00e9b\u00e9 trace sa propre trajectoire motrice<\/u>, nous pouvons accompagner ces premiers pas avec s\u00e9r\u00e9nit\u00e9, fiert\u00e9 et bienveillance, en offrant \u00e0 l\u2019enfant les meilleures conditions pour explorer le monde sur ses deux jambes.<\/p>\n","protected":false},"excerpt":{"rendered":"","protected":false},"author":34,"featured_media":7660,"comment_status":"open","ping_status":"open","sticky":false,"template":"","format":"standard","meta":{"_acf_changed":false,"manual_indexmenow":false,"indexmenow_id_project":0,"footnotes":""},"categories":[4521],"tags":[4742,4744,4743],"class_list":["post-7658","post","type-post","status-publish","format-standard","has-post-thumbnail","hentry","category-developpement-de-lenfant","tag-marche-bebe","tag-premiers-pas","tag-securite-bebe","generate-columns","tablet-grid-50","mobile-grid-100","grid-parent","grid-25"],"acf":[],"yoast_head":"<!-- This site is optimized with the Yoast SEO Premium plugin v21.3 (Yoast SEO v25.6) - https:\/\/yoast.com\/wordpress\/plugins\/seo\/ -->\n<title>Comment accompagner et s\u00e9curiser les premiers pas de b\u00e9b\u00e9<\/title>\n<meta name=\"description\" content=\"La marche s\u2019inscrit dans le cadre plus large de la motricit\u00e9 globale, c\u2019est-\u00e0-dire l\u2019ensemble des mouvements impliquant la t\u00eate, le tronc et les membres\" \/>\n<meta name=\"robots\" content=\"index, follow, max-snippet:-1, max-image-preview:large, max-video-preview:-1\" \/>\n<link rel=\"canonical\" href=\"https:\/\/juliedrnd.net\/blog\/developpement-de-lenfant\/comment-accompagner-et-securiser-les-premiers-pas-de-bebe-lors-de-la-marche\/\" \/>\n<meta property=\"og:locale\" content=\"fr_FR\" \/>\n<meta property=\"og:type\" content=\"article\" \/>\n<meta property=\"og:title\" content=\"Comment accompagner et s\u00e9curiser les premiers pas de b\u00e9b\u00e9\" \/>\n<meta property=\"og:description\" content=\"La marche s\u2019inscrit dans le cadre plus large de la motricit\u00e9 globale, c\u2019est-\u00e0-dire l\u2019ensemble des mouvements impliquant la t\u00eate, le tronc et les membres\" \/>\n<meta property=\"og:url\" content=\"https:\/\/juliedrnd.net\/blog\/developpement-de-lenfant\/comment-accompagner-et-securiser-les-premiers-pas-de-bebe-lors-de-la-marche\/\" \/>\n<meta property=\"og:site_name\" content=\"juliedrnd\" \/>\n<meta property=\"og:image\" content=\"https:\/\/juliedrnd.net\/blog\/wp-content\/uploads\/2025\/12\/pag-image-693aa88f51f8c-scaled.png\" \/>\n\t<meta property=\"og:image:width\" content=\"1200\" \/>\n\t<meta property=\"og:image:height\" content=\"686\" \/>\n\t<meta property=\"og:image:type\" content=\"image\/png\" \/>\n<meta name=\"author\" content=\"Elodie Mazeau\" \/>\n<meta name=\"twitter:card\" content=\"summary_large_image\" \/>\n<script type=\"application\/ld+json\" class=\"yoast-schema-graph\">{\"@context\":\"https:\/\/schema.org\",\"@graph\":[{\"@type\":\"NewsArticle\",\"@id\":\"https:\/\/juliedrnd.net\/blog\/developpement-de-lenfant\/comment-accompagner-et-securiser-les-premiers-pas-de-bebe-lors-de-la-marche\/#article\",\"isPartOf\":{\"@id\":\"https:\/\/juliedrnd.net\/blog\/developpement-de-lenfant\/comment-accompagner-et-securiser-les-premiers-pas-de-bebe-lors-de-la-marche\/\"},\"author\":{\"name\":\"Elodie Mazeau\",\"@id\":\"https:\/\/juliedrnd.net\/blog\/#\/schema\/person\/3c864cdc320801e3db34b663e7e3f816\"},\"headline\":\"Comment accompagner et s\u00e9curiser les premiers pas de b\u00e9b\u00e9 lors de la marche\",\"datePublished\":\"2026-01-15T08:40:00+00:00\",\"dateModified\":\"2026-08-25T01:08:14+00:00\",\"mainEntityOfPage\":{\"@id\":\"https:\/\/juliedrnd.net\/blog\/developpement-de-lenfant\/comment-accompagner-et-securiser-les-premiers-pas-de-bebe-lors-de-la-marche\/\"},\"wordCount\":4075,\"commentCount\":0,\"publisher\":{\"@id\":\"https:\/\/juliedrnd.net\/blog\/#organization\"},\"image\":{\"@id\":\"https:\/\/juliedrnd.net\/blog\/developpement-de-lenfant\/comment-accompagner-et-securiser-les-premiers-pas-de-bebe-lors-de-la-marche\/#primaryimage\"},\"thumbnailUrl\":\"https:\/\/juliedrnd.net\/blog\/wp-content\/uploads\/2025\/12\/pag-image-693aa88f51f8c-scaled.png\",\"keywords\":[\"marche bebe\",\"premiers pas\",\"securite bebe\"],\"articleSection\":[\"D\u00e9veloppement de l'Enfant\"],\"inLanguage\":\"fr-FR\",\"potentialAction\":[{\"@type\":\"CommentAction\",\"name\":\"Comment\",\"target\":[\"https:\/\/juliedrnd.net\/blog\/developpement-de-lenfant\/comment-accompagner-et-securiser-les-premiers-pas-de-bebe-lors-de-la-marche\/#respond\"]}]},{\"@type\":\"WebPage\",\"@id\":\"https:\/\/juliedrnd.net\/blog\/developpement-de-lenfant\/comment-accompagner-et-securiser-les-premiers-pas-de-bebe-lors-de-la-marche\/\",\"url\":\"https:\/\/juliedrnd.net\/blog\/developpement-de-lenfant\/comment-accompagner-et-securiser-les-premiers-pas-de-bebe-lors-de-la-marche\/\",\"name\":\"Comment accompagner et s\u00e9curiser les premiers pas de b\u00e9b\u00e9\",\"isPartOf\":{\"@id\":\"https:\/\/juliedrnd.net\/blog\/#website\"},\"primaryImageOfPage\":{\"@id\":\"https:\/\/juliedrnd.net\/blog\/developpement-de-lenfant\/comment-accompagner-et-securiser-les-premiers-pas-de-bebe-lors-de-la-marche\/#primaryimage\"},\"image\":{\"@id\":\"https:\/\/juliedrnd.net\/blog\/developpement-de-lenfant\/comment-accompagner-et-securiser-les-premiers-pas-de-bebe-lors-de-la-marche\/#primaryimage\"},\"thumbnailUrl\":\"https:\/\/juliedrnd.net\/blog\/wp-content\/uploads\/2025\/12\/pag-image-693aa88f51f8c-scaled.png\",\"datePublished\":\"2026-01-15T08:40:00+00:00\",\"dateModified\":\"2026-08-25T01:08:14+00:00\",\"description\":\"La marche s\u2019inscrit dans le cadre plus large de la motricit\u00e9 globale, c\u2019est-\u00e0-dire l\u2019ensemble des mouvements impliquant la t\u00eate, le tronc et les membres\",\"inLanguage\":\"fr-FR\",\"potentialAction\":[{\"@type\":\"ReadAction\",\"target\":[\"https:\/\/juliedrnd.net\/blog\/developpement-de-lenfant\/comment-accompagner-et-securiser-les-premiers-pas-de-bebe-lors-de-la-marche\/\"]}]},{\"@type\":\"ImageObject\",\"inLanguage\":\"fr-FR\",\"@id\":\"https:\/\/juliedrnd.net\/blog\/developpement-de-lenfant\/comment-accompagner-et-securiser-les-premiers-pas-de-bebe-lors-de-la-marche\/#primaryimage\",\"url\":\"https:\/\/juliedrnd.net\/blog\/wp-content\/uploads\/2025\/12\/pag-image-693aa88f51f8c-scaled.png\",\"contentUrl\":\"https:\/\/juliedrnd.net\/blog\/wp-content\/uploads\/2025\/12\/pag-image-693aa88f51f8c-scaled.png\",\"width\":1200,\"height\":686,\"caption\":\"Image g\u00e9n\u00e9r\u00e9e par IA optimis\u00e9e pour Google Discover\"},{\"@type\":\"WebSite\",\"@id\":\"https:\/\/juliedrnd.net\/blog\/#website\",\"url\":\"https:\/\/juliedrnd.net\/blog\/\",\"name\":\"juliedrnd.net\",\"description\":\"Vivez, cr\u00e9ez, r\u00eavez.\",\"publisher\":{\"@id\":\"https:\/\/juliedrnd.net\/blog\/#organization\"},\"alternateName\":\"Vivez, cr\u00e9ez, r\u00eavez.\",\"potentialAction\":[{\"@type\":\"SearchAction\",\"target\":{\"@type\":\"EntryPoint\",\"urlTemplate\":\"https:\/\/juliedrnd.net\/blog\/?s={search_term_string}\"},\"query-input\":{\"@type\":\"PropertyValueSpecification\",\"valueRequired\":true,\"valueName\":\"search_term_string\"}}],\"inLanguage\":\"fr-FR\"},{\"@type\":\"Organization\",\"@id\":\"https:\/\/juliedrnd.net\/blog\/#organization\",\"name\":\"Julie Drnd\",\"url\":\"https:\/\/juliedrnd.net\/blog\/\",\"logo\":{\"@type\":\"ImageObject\",\"inLanguage\":\"fr-FR\",\"@id\":\"https:\/\/juliedrnd.net\/blog\/#\/schema\/logo\/image\/\",\"url\":\"https:\/\/juliedrnd.net\/blog\/wp-content\/uploads\/2024\/12\/15.png\",\"contentUrl\":\"https:\/\/juliedrnd.net\/blog\/wp-content\/uploads\/2024\/12\/15.png\",\"width\":500,\"height\":500,\"caption\":\"Julie Drnd\"},\"image\":{\"@id\":\"https:\/\/juliedrnd.net\/blog\/#\/schema\/logo\/image\/\"}},{\"@type\":\"Person\",\"@id\":\"https:\/\/juliedrnd.net\/blog\/#\/schema\/person\/3c864cdc320801e3db34b663e7e3f816\",\"name\":\"Elodie Mazeau\",\"image\":{\"@type\":\"ImageObject\",\"inLanguage\":\"fr-FR\",\"@id\":\"https:\/\/juliedrnd.net\/blog\/#\/schema\/person\/image\/\",\"url\":\"https:\/\/juliedrnd.net\/blog\/wp-content\/uploads\/2026\/06\/persona_elodie-m-96x96.jpg\",\"contentUrl\":\"https:\/\/juliedrnd.net\/blog\/wp-content\/uploads\/2026\/06\/persona_elodie-m-96x96.jpg\",\"caption\":\"Elodie Mazeau\"},\"description\":\"J'\u00e9cris sur la parentalit\u00e9 telle qu'elle se vit vraiment, du premier biberon aux premi\u00e8res col\u00e8res. Mes sujets de pr\u00e9dilection couvrent le quotidien des familles : sommeil, alimentation, organisation, pu\u00e9riculture et ces petites gal\u00e8res que tout parent conna\u00eet. Depuis plusieurs ann\u00e9es, je m'attache \u00e0 proposer des rep\u00e8res concrets plut\u00f4t que des le\u00e7ons, parce que chaque famille trouve son propre \u00e9quilibre. Je v\u00e9rifie mes informations aupr\u00e8s de sources fiables, surtout d\u00e8s qu'on touche \u00e0 la sant\u00e9 ou \u00e0 la s\u00e9curit\u00e9 de l'enfant, et je pr\u00e9cise quand un avis professionnel s'impose. J'\u00e9vite soigneusement la culpabilisation : \u00eatre parent est d\u00e9j\u00e0 assez exigeant. Mon ton se veut complice et bienveillant, un peu comme une discussion entre parents qui se comprennent. L'id\u00e9e est d'all\u00e9ger la charge mentale en donnant des solutions simples et test\u00e9es.\",\"sameAs\":[\"https:\/\/elodiemazeau.fr\/\"],\"url\":\"https:\/\/juliedrnd.net\/blog\/auteur\/noname\/\"}]}<\/script>\n<!-- \/ Yoast SEO Premium plugin. -->","yoast_head_json":{"title":"Comment accompagner et s\u00e9curiser les premiers pas de b\u00e9b\u00e9","description":"La marche s\u2019inscrit dans le cadre plus large de la motricit\u00e9 globale, c\u2019est-\u00e0-dire l\u2019ensemble des mouvements impliquant la t\u00eate, le tronc et les membres","robots":{"index":"index","follow":"follow","max-snippet":"max-snippet:-1","max-image-preview":"max-image-preview:large","max-video-preview":"max-video-preview:-1"},"canonical":"https:\/\/juliedrnd.net\/blog\/developpement-de-lenfant\/comment-accompagner-et-securiser-les-premiers-pas-de-bebe-lors-de-la-marche\/","og_locale":"fr_FR","og_type":"article","og_title":"Comment accompagner et s\u00e9curiser les premiers pas de b\u00e9b\u00e9","og_description":"La marche s\u2019inscrit dans le cadre plus large de la motricit\u00e9 globale, c\u2019est-\u00e0-dire l\u2019ensemble des mouvements impliquant la t\u00eate, le tronc et les membres","og_url":"https:\/\/juliedrnd.net\/blog\/developpement-de-lenfant\/comment-accompagner-et-securiser-les-premiers-pas-de-bebe-lors-de-la-marche\/","og_site_name":"juliedrnd","og_image":[{"width":1200,"height":686,"url":"https:\/\/juliedrnd.net\/blog\/wp-content\/uploads\/2025\/12\/pag-image-693aa88f51f8c-scaled.png","type":"image\/png"}],"author":"Elodie Mazeau","twitter_card":"summary_large_image","schema":{"@context":"https:\/\/schema.org","@graph":[{"@type":"NewsArticle","@id":"https:\/\/juliedrnd.net\/blog\/developpement-de-lenfant\/comment-accompagner-et-securiser-les-premiers-pas-de-bebe-lors-de-la-marche\/#article","isPartOf":{"@id":"https:\/\/juliedrnd.net\/blog\/developpement-de-lenfant\/comment-accompagner-et-securiser-les-premiers-pas-de-bebe-lors-de-la-marche\/"},"author":{"name":"Elodie Mazeau","@id":"https:\/\/juliedrnd.net\/blog\/#\/schema\/person\/3c864cdc320801e3db34b663e7e3f816"},"headline":"Comment accompagner et s\u00e9curiser les premiers pas de b\u00e9b\u00e9 lors de la marche","datePublished":"2026-01-15T08:40:00+00:00","dateModified":"2026-08-25T01:08:14+00:00","mainEntityOfPage":{"@id":"https:\/\/juliedrnd.net\/blog\/developpement-de-lenfant\/comment-accompagner-et-securiser-les-premiers-pas-de-bebe-lors-de-la-marche\/"},"wordCount":4075,"commentCount":0,"publisher":{"@id":"https:\/\/juliedrnd.net\/blog\/#organization"},"image":{"@id":"https:\/\/juliedrnd.net\/blog\/developpement-de-lenfant\/comment-accompagner-et-securiser-les-premiers-pas-de-bebe-lors-de-la-marche\/#primaryimage"},"thumbnailUrl":"https:\/\/juliedrnd.net\/blog\/wp-content\/uploads\/2025\/12\/pag-image-693aa88f51f8c-scaled.png","keywords":["marche bebe","premiers pas","securite bebe"],"articleSection":["D\u00e9veloppement de l'Enfant"],"inLanguage":"fr-FR","potentialAction":[{"@type":"CommentAction","name":"Comment","target":["https:\/\/juliedrnd.net\/blog\/developpement-de-lenfant\/comment-accompagner-et-securiser-les-premiers-pas-de-bebe-lors-de-la-marche\/#respond"]}]},{"@type":"WebPage","@id":"https:\/\/juliedrnd.net\/blog\/developpement-de-lenfant\/comment-accompagner-et-securiser-les-premiers-pas-de-bebe-lors-de-la-marche\/","url":"https:\/\/juliedrnd.net\/blog\/developpement-de-lenfant\/comment-accompagner-et-securiser-les-premiers-pas-de-bebe-lors-de-la-marche\/","name":"Comment accompagner et s\u00e9curiser les premiers pas de b\u00e9b\u00e9","isPartOf":{"@id":"https:\/\/juliedrnd.net\/blog\/#website"},"primaryImageOfPage":{"@id":"https:\/\/juliedrnd.net\/blog\/developpement-de-lenfant\/comment-accompagner-et-securiser-les-premiers-pas-de-bebe-lors-de-la-marche\/#primaryimage"},"image":{"@id":"https:\/\/juliedrnd.net\/blog\/developpement-de-lenfant\/comment-accompagner-et-securiser-les-premiers-pas-de-bebe-lors-de-la-marche\/#primaryimage"},"thumbnailUrl":"https:\/\/juliedrnd.net\/blog\/wp-content\/uploads\/2025\/12\/pag-image-693aa88f51f8c-scaled.png","datePublished":"2026-01-15T08:40:00+00:00","dateModified":"2026-08-25T01:08:14+00:00","description":"La marche s\u2019inscrit dans le cadre plus large de la motricit\u00e9 globale, c\u2019est-\u00e0-dire l\u2019ensemble des mouvements impliquant la t\u00eate, le tronc et les membres","inLanguage":"fr-FR","potentialAction":[{"@type":"ReadAction","target":["https:\/\/juliedrnd.net\/blog\/developpement-de-lenfant\/comment-accompagner-et-securiser-les-premiers-pas-de-bebe-lors-de-la-marche\/"]}]},{"@type":"ImageObject","inLanguage":"fr-FR","@id":"https:\/\/juliedrnd.net\/blog\/developpement-de-lenfant\/comment-accompagner-et-securiser-les-premiers-pas-de-bebe-lors-de-la-marche\/#primaryimage","url":"https:\/\/juliedrnd.net\/blog\/wp-content\/uploads\/2025\/12\/pag-image-693aa88f51f8c-scaled.png","contentUrl":"https:\/\/juliedrnd.net\/blog\/wp-content\/uploads\/2025\/12\/pag-image-693aa88f51f8c-scaled.png","width":1200,"height":686,"caption":"Image g\u00e9n\u00e9r\u00e9e par IA optimis\u00e9e pour Google Discover"},{"@type":"WebSite","@id":"https:\/\/juliedrnd.net\/blog\/#website","url":"https:\/\/juliedrnd.net\/blog\/","name":"juliedrnd.net","description":"Vivez, cr\u00e9ez, r\u00eavez.","publisher":{"@id":"https:\/\/juliedrnd.net\/blog\/#organization"},"alternateName":"Vivez, cr\u00e9ez, r\u00eavez.","potentialAction":[{"@type":"SearchAction","target":{"@type":"EntryPoint","urlTemplate":"https:\/\/juliedrnd.net\/blog\/?s={search_term_string}"},"query-input":{"@type":"PropertyValueSpecification","valueRequired":true,"valueName":"search_term_string"}}],"inLanguage":"fr-FR"},{"@type":"Organization","@id":"https:\/\/juliedrnd.net\/blog\/#organization","name":"Julie Drnd","url":"https:\/\/juliedrnd.net\/blog\/","logo":{"@type":"ImageObject","inLanguage":"fr-FR","@id":"https:\/\/juliedrnd.net\/blog\/#\/schema\/logo\/image\/","url":"https:\/\/juliedrnd.net\/blog\/wp-content\/uploads\/2024\/12\/15.png","contentUrl":"https:\/\/juliedrnd.net\/blog\/wp-content\/uploads\/2024\/12\/15.png","width":500,"height":500,"caption":"Julie Drnd"},"image":{"@id":"https:\/\/juliedrnd.net\/blog\/#\/schema\/logo\/image\/"}},{"@type":"Person","@id":"https:\/\/juliedrnd.net\/blog\/#\/schema\/person\/3c864cdc320801e3db34b663e7e3f816","name":"Elodie Mazeau","image":{"@type":"ImageObject","inLanguage":"fr-FR","@id":"https:\/\/juliedrnd.net\/blog\/#\/schema\/person\/image\/","url":"https:\/\/juliedrnd.net\/blog\/wp-content\/uploads\/2026\/06\/persona_elodie-m-96x96.jpg","contentUrl":"https:\/\/juliedrnd.net\/blog\/wp-content\/uploads\/2026\/06\/persona_elodie-m-96x96.jpg","caption":"Elodie Mazeau"},"description":"J'\u00e9cris sur la parentalit\u00e9 telle qu'elle se vit vraiment, du premier biberon aux premi\u00e8res col\u00e8res. Mes sujets de pr\u00e9dilection couvrent le quotidien des familles : sommeil, alimentation, organisation, pu\u00e9riculture et ces petites gal\u00e8res que tout parent conna\u00eet. Depuis plusieurs ann\u00e9es, je m'attache \u00e0 proposer des rep\u00e8res concrets plut\u00f4t que des le\u00e7ons, parce que chaque famille trouve son propre \u00e9quilibre. Je v\u00e9rifie mes informations aupr\u00e8s de sources fiables, surtout d\u00e8s qu'on touche \u00e0 la sant\u00e9 ou \u00e0 la s\u00e9curit\u00e9 de l'enfant, et je pr\u00e9cise quand un avis professionnel s'impose. J'\u00e9vite soigneusement la culpabilisation : \u00eatre parent est d\u00e9j\u00e0 assez exigeant. Mon ton se veut complice et bienveillant, un peu comme une discussion entre parents qui se comprennent. L'id\u00e9e est d'all\u00e9ger la charge mentale en donnant des solutions simples et test\u00e9es.","sameAs":["https:\/\/elodiemazeau.fr\/"],"url":"https:\/\/juliedrnd.net\/blog\/auteur\/noname\/"}]}},"_links":{"self":[{"href":"https:\/\/juliedrnd.net\/blog\/wp-json\/wp\/v2\/posts\/7658","targetHints":{"allow":["GET"]}}],"collection":[{"href":"https:\/\/juliedrnd.net\/blog\/wp-json\/wp\/v2\/posts"}],"about":[{"href":"https:\/\/juliedrnd.net\/blog\/wp-json\/wp\/v2\/types\/post"}],"author":[{"embeddable":true,"href":"https:\/\/juliedrnd.net\/blog\/wp-json\/wp\/v2\/users\/34"}],"replies":[{"embeddable":true,"href":"https:\/\/juliedrnd.net\/blog\/wp-json\/wp\/v2\/comments?post=7658"}],"version-history":[{"count":1,"href":"https:\/\/juliedrnd.net\/blog\/wp-json\/wp\/v2\/posts\/7658\/revisions"}],"predecessor-version":[{"id":7697,"href":"https:\/\/juliedrnd.net\/blog\/wp-json\/wp\/v2\/posts\/7658\/revisions\/7697"}],"wp:featuredmedia":[{"embeddable":true,"href":"https:\/\/juliedrnd.net\/blog\/wp-json\/wp\/v2\/media\/7660"}],"wp:attachment":[{"href":"https:\/\/juliedrnd.net\/blog\/wp-json\/wp\/v2\/media?parent=7658"}],"wp:term":[{"taxonomy":"category","embeddable":true,"href":"https:\/\/juliedrnd.net\/blog\/wp-json\/wp\/v2\/categories?post=7658"},{"taxonomy":"post_tag","embeddable":true,"href":"https:\/\/juliedrnd.net\/blog\/wp-json\/wp\/v2\/tags?post=7658"}],"curies":[{"name":"wp","href":"https:\/\/api.w.org\/{rel}","templated":true}]}}