{"id":7655,"date":"2026-01-12T09:27:00","date_gmt":"2026-01-12T08:27:00","guid":{"rendered":"https:\/\/juliedrnd.net\/blog\/?p=7655"},"modified":"2026-08-25T02:59:20","modified_gmt":"2026-08-25T00:59:20","slug":"le-train-du-sommeil-comprendre-et-optimiser-vos-cycles-nocturnes","status":"publish","type":"post","link":"https:\/\/juliedrnd.net\/blog\/developpement-de-lenfant\/le-train-du-sommeil-comprendre-et-optimiser-vos-cycles-nocturnes\/","title":{"rendered":"Le train du sommeil : comprendre et optimiser vos cycles nocturnes"},"content":{"rendered":"<div style=\"background: linear-gradient(135deg, #f5f7fa 0%, #e9ecef 100%);border-left: 4px solid #0073aa;padding: 15px 20px;margin: 0 0 25px 0;border-radius: 0 8px 8px 0\">\n<p style=\"margin: 0;font-size: 14px;color: #0073aa;font-weight: 600;text-transform: uppercase;letter-spacing: 1px;margin-bottom: 10px\">\ud83d\udccb En bref<\/p>\n<ul style=\"margin: 0;padding-left: 20px;list-style-type: none\">\n<li style=\"margin: 5px 0;color: #333;font-size: 15px;line-height: 1.5;position: relative;padding-left: 15px\"><span style=\"position: absolute;left: 0;color: #0073aa\">\u25b8<\/span> Le train du sommeil comprend 4 \u00e0 6 cycles de 90 \u00e0 110 minutes, incluant des phases de sommeil lent et paradoxal. Les micro-r\u00e9veils sont normaux, mais une fragmentation nuit \u00e0 la r\u00e9cup\u00e9ration. Un sommeil insuffisant augmente les risques de maladies graves.<\/li>\n<\/ul>\n<\/div>\n<h2>Comprendre le Train du Sommeil : Optimiser Votre Nuit pour un Sommeil R\u00e9parateur<\/h2>\n<h2>Qu&rsquo;est-ce que le Train du Sommeil et comment s&rsquo;organisent les cycles nocturnes ?<\/h2>\n<p>Le <u>train du sommeil<\/u> d\u00e9signe un <strong>cycle de sommeil complet<\/strong>, c\u2019est-\u00e0-dire la succession structur\u00e9e des diff\u00e9rents stades, de l\u2019<strong>endormissement<\/strong> au <strong>sommeil paradoxal<\/strong>. Les \u00e9quipes de recherche de l\u2019<strong>Inserm<\/strong> et du <strong>CHUV de Lausanne<\/strong> d\u00e9crivent un sommeil organis\u00e9 en <u>3 \u00e0 6 cycles de 60 \u00e0 120 minutes<\/u>, la valeur la plus fr\u00e9quente se situant autour de <strong>90 \u00e0 110 minutes<\/strong> chez l\u2019adulte en bonne sant\u00e9. Chaque cycle comporte :<\/p>\n<ul>\n<li>Une phase d\u2019<strong>endormissement<\/strong> et de <strong>sommeil lent l\u00e9ger<\/strong> (stades <strong>N1<\/strong> et <strong>N2<\/strong>).<\/li>\n<li>Une phase de <strong>sommeil lent profond<\/strong> (stade <strong>N3<\/strong>), la plus r\u00e9paratrice physiquement.<\/li>\n<li>Une phase de <strong>sommeil paradoxal<\/strong> (<strong>REM<\/strong>, pour <strong>Rapid Eye Movement<\/strong>), marqu\u00e9e par les <strong>r\u00eaves<\/strong> et une forte activit\u00e9 c\u00e9r\u00e9brale.<\/li>\n<\/ul>\n<p>Chez un adulte de 30 ans r\u00e9sidant \u00e0 <strong>Lyon, France<\/strong>, allant se coucher vers 23 h, nous observons en moyenne <u>4 \u00e0 6 cycles successifs<\/u> : le premier se termine vers 0 h 30 \u2013 1 h, puis les suivants se succ\u00e8dent jusqu\u2019\u00e0 6\u20137 h du matin. Les donn\u00e9es de l\u2019<strong>Inserm<\/strong> et de la plateforme <strong>Sommeil &amp; Sant\u00e9<\/strong> indiquent qu\u2019un cycle est d\u2019autant plus efficace qu\u2019il reste <u>continu, sans \u00e9veils prolong\u00e9s<\/u>. Les <strong>micro-r\u00e9veils<\/strong>, souvent de quelques secondes, sont physiologiques entre les cycles, nous n\u2019en gardons aucun souvenir tant qu\u2019ils restent brefs.<\/p>\n<p>Nous insistons sur un point : le <strong>sommeil<\/strong> n\u2019est pas un luxe, mais une <u>fonction vitale<\/u> au m\u00eame titre que la respiration. Des \u00e9tudes longitudinales men\u00e9es par l\u2019<strong>Universit\u00e9 de Pittsburgh<\/strong> et l\u2019<strong>Universit\u00e9 Paris Cit\u00e9<\/strong> montrent qu\u2019un sommeil chroniquement insuffisant (moins de 6 h par nuit sur plusieurs ann\u00e9es) augmente le risque de <strong>diab\u00e8te de type 2<\/strong>, de <strong>hypertension art\u00e9rielle<\/strong> et de troubles de l\u2019<strong>humeur<\/strong> de l\u2019ordre de <u>20 \u00e0 40 %<\/u>. Notre avis est clair : comprendre son \u201chorloge\u201d et respecter les <strong>trains du sommeil<\/strong> constitue l\u2019un des piliers de la pr\u00e9vention en sant\u00e9.<\/p>\n<ul>\n<li>Un adulte en bonne sant\u00e9 r\u00e9alise <u>4 \u00e0 6 cycles<\/u> de <strong>90\u2013110 minutes<\/strong>.<\/li>\n<li>Les <strong>micro-r\u00e9veils<\/strong> entre les cycles sont physiologiques.<\/li>\n<li>La fragmentation r\u00e9p\u00e9t\u00e9e des cycles nuit \u00e0 la <strong>r\u00e9cup\u00e9ration physique et mentale<\/strong>.<\/li>\n<\/ul>\n<h2>Diff\u00e9rences entre sommeil lent et sommeil paradoxal<\/h2>\n<p>Les sp\u00e9cialistes du sommeil, comme le <strong>Pr Pierre-Herv\u00e9 Luppi<\/strong>, neurobiologiste au <strong>Centre de recherche en neurosciences de Lyon<\/strong>, distinguent deux grandes cat\u00e9gories de <strong>phases de sommeil<\/strong> : le <strong>sommeil lent<\/strong> et le <strong>sommeil paradoxal<\/strong>. Le <u>sommeil lent<\/u>, subdivis\u00e9 en <strong>N1<\/strong>, <strong>N2<\/strong> et <strong>N3<\/strong>, repr\u00e9sente la majeure partie de la nuit :<\/p>\n<ul>\n<li><strong>N1 \u2013 endormissement<\/strong> : transition \u00e9veil\u2013sommeil, tr\u00e8s courte, autour de <u>5 \u00e0 10 minutes<\/u>.<\/li>\n<li><strong>N2 \u2013 sommeil l\u00e9ger<\/strong> : environ <u>50 \u00e0 60 % du temps total de sommeil<\/u>, r\u00f4le de stabilisation et de pr\u00e9paration au profond.<\/li>\n<li><strong>N3 \u2013 sommeil lent profond<\/strong> : entre <u>16 et 25 %<\/u> du temps de sommeil chez l\u2019adulte, avec pr\u00e9dominance en d\u00e9but de nuit.<\/li>\n<\/ul>\n<p>Au cours du <strong>sommeil lent profond<\/strong>, les ondes c\u00e9r\u00e9brales de type <strong>delta<\/strong> dominent, la fr\u00e9quence cardiaque chute, la tension art\u00e9rielle diminue, la temp\u00e9rature corporelle baisse. C\u2019est <u>la phase de r\u00e9cup\u00e9ration physique maximale<\/u> : s\u00e9cr\u00e9tion d\u2019<strong>hormone de croissance<\/strong> par l\u2019<strong>hypophyse<\/strong>, stimulation de l\u2019<strong>immunit\u00e9<\/strong>, \u201cnettoyage\u201d m\u00e9tabolique du cerveau via le <strong>syst\u00e8me glymphatique<\/strong>, comme l\u2019ont montr\u00e9 les \u00e9quipes de l\u2019<strong>Universit\u00e9 de Rochester<\/strong> en 2013. Chez l\u2019enfant, ces p\u00e9riodes de sommeil profond sont \u00e9troitement li\u00e9es \u00e0 la croissance somatique, avec un pic de s\u00e9cr\u00e9tion de <strong>GH<\/strong> (Growth Hormone) en d\u00e9but de nuit.<\/p>\n<p>Le <strong>sommeil paradoxal<\/strong>, d\u00e9crit pour la premi\u00e8re fois par <strong>Michel Jouvet, neurologue \u00e0 Lyon<\/strong> dans les ann\u00e9es 1950, se caract\u00e9rise par une <u>activit\u00e9 c\u00e9r\u00e9brale proche de l\u2019\u00e9veil<\/u>, des mouvements oculaires rapides, un rel\u00e2chement musculaire quasi complet et des <strong>r\u00eaves<\/strong> souvent narratifs. Il repr\u00e9sente en moyenne <u>20 \u00e0 25 % du temps de sommeil<\/u> chez l\u2019adulte. De nombreuses \u00e9tudes, notamment celles de l\u2019<strong>Universit\u00e9 Harvard<\/strong> et de l\u2019<strong>Universit\u00e9 de Montr\u00e9al<\/strong>, l\u2019associent \u00e0 :<\/p>\n<ul>\n<li>La <strong>consolidation de la m\u00e9moire<\/strong>, en particulier \u00e9motionnelle et proc\u00e9durale.<\/li>\n<li>Les processus d\u2019<strong>apprentissage<\/strong> (langues, gestes moteurs, comp\u00e9tences cognitives).<\/li>\n<li>La r\u00e9gulation de l\u2019<strong>\u00e9quilibre \u00e9motionnel<\/strong> et la pr\u00e9vention des troubles anxieux.<\/li>\n<\/ul>\n<p>La r\u00e9partition de ces phases \u00e9volue selon l\u2019\u00e2ge : chez le <strong>nouveau-n\u00e9<\/strong>, les cycles durent autour de <u>50 \u00e0 70 minutes<\/u>, avec une proportion de sommeil paradoxal pouvant atteindre <u>40 \u00e0 50 %<\/u>. \u00c0 partir de l\u2019adolescence, les cycles s\u2019allongent progressivement jusqu\u2019aux <u>90\u2013120 minutes<\/u> de l\u2019adulte. Notre avis : viser un \u00e9quilibre entre <strong>sommeil l\u00e9ger<\/strong>, <strong>profond<\/strong> et <strong>paradoxal<\/strong>, plut\u00f4t que de se focaliser uniquement sur la dur\u00e9e totale, constitue un objectif plus pertinent pour parler de <strong>sommeil de qualit\u00e9<\/strong>.<\/p>\n<ul>\n<li><u>Sommeil lent profond<\/u> : axe <strong>r\u00e9cup\u00e9ration physique<\/strong>, immunit\u00e9, croissance.<\/li>\n<li><u>Sommeil paradoxal<\/u> : axe <strong>m\u00e9moire<\/strong>, \u00e9motions, cr\u00e9ativit\u00e9.<\/li>\n<li>L\u2019\u00e9quilibre des deux conditionne la sensation de <strong>sommeil r\u00e9parateur<\/strong> au r\u00e9veil.<\/li>\n<\/ul>\n<h2>Comment le sommeil des enfants perturbe celui des parents<\/h2>\n<p>La naissance d\u2019un <strong>enfant<\/strong> modifie brutalement le <strong>train du sommeil<\/strong> familial. Les travaux men\u00e9s par l\u2019<strong>Universit\u00e9 de Warwick<\/strong> en <strong>2019<\/strong> sur plus de <u>4 600 parents en Allemagne<\/u> ont montr\u00e9 qu\u2019au cours des six ann\u00e9es suivant une naissance, la <strong>dur\u00e9e du sommeil<\/strong> maternel diminue en moyenne de <u>40 \u00e0 60 minutes par nuit<\/u>, avec une baisse de la satisfaction de sommeil particuli\u00e8rement marqu\u00e9e les deux premi\u00e8res ann\u00e9es. Les nourrissons pr\u00e9sentent :<\/p>\n<ul>\n<li>Des <strong>cycles de sommeil<\/strong> plus courts, environ <u>30 \u00e0 50 minutes<\/u> les premiers mois, puis <u>50 \u00e0 70 minutes<\/u> vers 6\u20139 mois.<\/li>\n<li>Une alternance diff\u00e9rente entre <strong>sommeil calme<\/strong> et <strong>sommeil agit\u00e9<\/strong>, \u00e9quivalents simplifi\u00e9s de notre sommeil lent et paradoxal.<\/li>\n<li>De nombreux \u00e9veils nocturnes, souvent <u>toutes les 2 \u00e0 3 heures<\/u> au d\u00e9but.<\/li>\n<\/ul>\n<p>Ces \u00e9veils sont consid\u00e9r\u00e9s par des p\u00e9diatres comme le <strong>Dr Marie Thirion<\/strong>, sp\u00e9cialiste du sommeil de l\u2019enfant en <strong>\u00cele-de-France<\/strong>, comme <u>adaptatifs et protecteurs<\/u> : ils permettent au b\u00e9b\u00e9 de signaler ses besoins vitaux (faim, inconfort, temp\u00e9rature, besoin de contact). Pour les parents, la cons\u00e9quence est une <strong>fragmentation massive des cycles<\/strong>, une r\u00e9duction du sommeil profond et un d\u00e9ficit cumul\u00e9 susceptible de majorer irritabilit\u00e9, troubles de l\u2019<strong>attention<\/strong> et baisse de la performance professionnelle.<\/p>\n<p>Nous recommandons de structurer progressivement le <strong>rythme de sommeil familial<\/strong> via :<\/p>\n<ul>\n<li>Des <strong>rep\u00e8res de coucher<\/strong> stables : heure de coucher coh\u00e9rente, rituel pr\u00e9visible (bain, histoire, c\u00e2lin).<\/li>\n<li>Des routines d\u2019<strong>endormissement autonome<\/strong> adapt\u00e9es \u00e0 l\u2019\u00e2ge, pour limiter l\u2019association exclusive \u201cbras\/sein\/biberon = dormir\u201d.<\/li>\n<li>Une <u>r\u00e9partition des levers nocturnes<\/u> entre les deux parents quand c\u2019est possible, afin de pr\u00e9server certaines nuits compl\u00e8tes \u00e0 chacun.<\/li>\n<li>L\u2019utilisation raisonn\u00e9e d\u2019outils comme les <strong>bruits blancs<\/strong> ou les <strong>veilleuses \u00e0 intensit\u00e9 r\u00e9glable<\/strong> pour stabiliser les r\u00e9veils nocturnes.<\/li>\n<\/ul>\n<p>Notre avis est nuanc\u00e9 : chercher \u00e0 \u201ccaler\u201d imm\u00e9diatement le b\u00e9b\u00e9 sur un rythme strictement adulte n\u2019a pas de base scientifique solide et peut g\u00e9n\u00e9rer du stress. En revanche, accompagner progressivement la maturation de ses cycles, tout en prot\u00e9geant le sommeil des parents avec une organisation r\u00e9aliste, s\u2019av\u00e8re beaucoup plus efficace \u00e0 moyen terme.<\/p>\n<h2>Erreurs fr\u00e9quentes qui perturbent le train du sommeil<\/h2>\n<p>Notre exp\u00e9rience \u00e9ditoriale en sant\u00e9, combin\u00e9e aux donn\u00e9es d\u2019organismes comme <strong>Sant\u00e9 publique France<\/strong> et la <strong>Fondation Vaincre l\u2019Insomnie<\/strong>, montre que plusieurs comportements courants sabotent les <strong>cycles de sommeil<\/strong>. Les principaux sont :<\/p>\n<ul>\n<li><strong>Heure de coucher trop tardive ou tr\u00e8s fluctuante<\/strong> : d\u00e9calage chronique de l\u2019horloge interne, augmentation du \u201cjet lag social\u201d.<\/li>\n<li><strong>Exposition aux \u00e9crans<\/strong> (smartphone, tablette, TV) dans l\u2019heure pr\u00e9c\u00e9dant le coucher : la lumi\u00e8re bleue inhibe la s\u00e9cr\u00e9tion de <strong>m\u00e9latonine<\/strong>, retardant l\u2019<strong>endormissement<\/strong>.<\/li>\n<li><strong>Consommation de stimulants<\/strong> (caf\u00e9ine, nicotine, boissons \u00e9nergisantes) apr\u00e8s 16\u201317 h : allongement de la latence d\u2019endormissement, augmentation des r\u00e9veils.<\/li>\n<li><strong>Siestes tardives ou trop longues<\/strong> : r\u00e9duction de la pression de sommeil le soir.<\/li>\n<li><strong>Manque de r\u00e9gularit\u00e9<\/strong> dans les heures de lever : d\u00e9r\u00e8glement du <strong>rythme circadien<\/strong>.<\/li>\n<\/ul>\n<p>Les donn\u00e9es de l\u2019<strong>enqu\u00eate CoviPrev 2021<\/strong> pilot\u00e9e par <strong>Sant\u00e9 publique France<\/strong> indiquent que <u>pr\u00e8s de 40 % des Fran\u00e7ais dorment moins de 6 h par nuit<\/u>, et qu\u2019environ <u>20 % rapportent des troubles du sommeil persistants<\/u>. Une \u00e9tude men\u00e9e en <strong>2022<\/strong> par <strong>l\u2019Universit\u00e9 de Bordeaux<\/strong> montre que les adultes passent en moyenne <u>1 h 30 \u00e0 2 h<\/u> sur un \u00e9cran apr\u00e8s 21 h, ce qui retarde le d\u00e9but du premier <strong>train du sommeil<\/strong>. Rater les signaux de somnolence \u2013 b\u00e2illements, yeux qui piquent, baisse de la vigilance \u2013 revient \u00e0 laisser partir le \u201cbon\u201d train, obligeant l\u2019organisme \u00e0 patienter jusqu\u2019au cycle suivant, parfois 60 \u00e0 90 minutes plus tard.<\/p>\n<p>Pour stabiliser les <strong>cycles<\/strong>, nous pr\u00e9conisons des mesures simples mais constantes :<\/p>\n<ul>\n<li>Fixer une <u>heure de lever stable 7 jours sur 7<\/u>, afin d\u2019ancrer l\u2019horloge biologique.<\/li>\n<li>Limiter les \u00e9crans <strong>au moins 60 minutes<\/strong> avant le coucher, ou utiliser un filtre \u201clumi\u00e8re chaude\u201d avec prudence.<\/li>\n<li>R\u00e9server la caf\u00e9ine aux heures matinales, en \u00e9vitant caf\u00e9s et sodas caf\u00e9in\u00e9s apr\u00e8s 16 h.<\/li>\n<li>Programmer d\u2019\u00e9ventuelles siestes courtes (<u>15 \u00e0 25 minutes<\/u>) avant 15 h.<\/li>\n<li>Mettre en place un <strong>rituel de calme<\/strong> : lecture papier, \u00e9tirements doux, lumi\u00e8res tamis\u00e9es.<\/li>\n<\/ul>\n<h2>Outils concrets et techniques pour optimiser vos nuits<\/h2>\n<p>Nous constatons une mont\u00e9e en puissance des solutions d\u00e9di\u00e9es au <strong>sommeil<\/strong>, allant des techniques de <strong>m\u00e9ditation<\/strong> aux technologies de suivi. Les approches non m\u00e9dicamenteuses restent la premi\u00e8re ligne, soutenues par la <strong>Haute Autorit\u00e9 de Sant\u00e9 (HAS)<\/strong>. Concernant les techniques de relaxation, plusieurs m\u00e9thodes d\u00e9montrent une efficacit\u00e9 sur la r\u00e9duction de la latence d\u2019endormissement :<\/p>\n<ul>\n<li><strong>Coh\u00e9rence cardiaque<\/strong> (pratique 3\u20136\u20135 popularis\u00e9e par le <strong>Dr David O\u2019Hare<\/strong>) : 3 fois par jour, 6 respirations par minute, pendant 5 minutes.<\/li>\n<li><strong>Respiration 4-7-8<\/strong>, utilis\u00e9e en <strong>m\u00e9decine du sommeil<\/strong> aux <strong>\u00c9tats-Unis<\/strong>, pour diminuer l\u2019<strong>hyperactivit\u00e9 mentale<\/strong> au coucher.<\/li>\n<li><strong>Relaxation musculaire progressive<\/strong> de <strong>Jacobson<\/strong> : contraction\u2013rel\u00e2chement successifs de grands groupes musculaires.<\/li>\n<li><strong>M\u00e9ditation guid\u00e9e<\/strong> ou visualisation du \u201c<u>train du sommeil<\/u>\u201d, consistant \u00e0 imaginer les diff\u00e9rents wagons qui se succ\u00e8dent et \u00e0 \u201cmonter\u201d consciemment dans le premier.<\/li>\n<\/ul>\n<p>Le march\u00e9 des applications de suivi du sommeil a fortement progress\u00e9 : en <strong>2023<\/strong>, des plateformes comme <strong>Sleep Cycle<\/strong>, <strong>Calm<\/strong> ou <strong>Headspace<\/strong> revendiquent chacune plusieurs <u>dizaines de millions d\u2019utilisateurs<\/u> dans le monde. Les montres connect\u00e9es de <strong>Apple (Apple Watch Series 9)<\/strong>, <strong>Garmin<\/strong> ou <strong>Fitbit (Fitbit Sense 2)<\/strong> enregistrent la dur\u00e9e des phases <strong>l\u00e9ger\/profond\/paradoxal<\/strong> gr\u00e2ce \u00e0 l\u2019<strong>actim\u00e9trie<\/strong> et au suivi de la <strong>variabilit\u00e9 de la fr\u00e9quence cardiaque<\/strong>. Nous y voyons des outils utiles pour prendre conscience de ses habitudes, mais pas des dispositifs de diagnostic, qui reste du ressort de centres sp\u00e9cialis\u00e9s comme le <strong>Centre du Sommeil de l\u2019H\u00f4pital H\u00f4tel-Dieu \u00e0 Paris<\/strong>.<\/p>\n<p>L\u2019<strong>environnement de sommeil<\/strong> joue un r\u00f4le majeur sur la stabilit\u00e9 des <strong>cycles nocturnes<\/strong>. Les recommandations convergent vers :<\/p>\n<ul>\n<li>Une chambre \u00e0 <u>18\u201319 ?C<\/u>, avec une literie adapt\u00e9e \u00e0 votre morphologie (matelas de soutien moyen \u00e0 ferme pour la majorit\u00e9 des adultes).<\/li>\n<li>Une obscurit\u00e9 suffisante, \u00e9ventuellement renforc\u00e9e par des <strong>masques de nuit<\/strong> ou des <strong>rideaux occultants<\/strong>.<\/li>\n<li>Une r\u00e9duction des nuisances sonores, parfois aid\u00e9e par des <strong>bruits blancs<\/strong> ou des enceintes d\u00e9di\u00e9es comme celles de <strong>Marpac<\/strong> ou <strong>LectroFan<\/strong>.<\/li>\n<li>Pour le b\u00e9b\u00e9, l\u2019usage de <strong>veilleuses \u00e0 faible intensit\u00e9<\/strong>, \u00e9vitant les lumi\u00e8res bleues trop puissantes.<\/li>\n<\/ul>\n<p>\u00c0 nos yeux, la priorit\u00e9 consiste \u00e0 combiner ajustements comportementaux, environnement apaisant et, en second lieu seulement, support technologique. Les objets connect\u00e9s peuvent encourager une meilleure hygi\u00e8ne de sommeil, \u00e0 condition de ne pas g\u00e9n\u00e9rer d\u2019<strong>anxi\u00e9t\u00e9 de performance<\/strong> (\u201csleep tracking obsession\u201d).<\/p>\n<h2>R\u00f4le de l&rsquo;alimentation et de l&rsquo;exercice physique dans la qualit\u00e9 du sommeil<\/h2>\n<p>Le lien entre <strong>alimentation<\/strong>, <strong>activit\u00e9 physique<\/strong> et <strong>train du sommeil<\/strong> est largement document\u00e9. Des travaux publi\u00e9s dans la revue <strong>Sleep Medicine<\/strong> montrent qu\u2019un repas du soir lourd, riche en graisses satur\u00e9es, augmente la latence d\u2019endormissement et fragmentent le sommeil. \u00c0 l\u2019inverse, un d\u00eener l\u00e9ger, pris <u>2 \u00e0 3 heures avant le coucher<\/u>, favorise l\u2019<strong>endormissement<\/strong>. Les nutriments \u00e0 privil\u00e9gier sont :<\/p>\n<ul>\n<li>Les aliments riches en <strong>tryptophane<\/strong> (pr\u00e9curseur de la s\u00e9rotonine, puis de la m\u00e9latonine) : laitages, \u0153ufs, dinde, graines de courge.<\/li>\n<li>Les sources de <strong>magn\u00e9sium<\/strong> (r\u00f4le sur la d\u00e9tente musculaire) : amandes, noix de cajou, l\u00e9gumineuses.<\/li>\n<li>Les glucides complexes \u00e0 index glyc\u00e9mique mod\u00e9r\u00e9 : riz complet, quinoa, l\u00e9gumes, qui stabilisent la glyc\u00e9mie nocturne.<\/li>\n<\/ul>\n<p>Les boissons alcoolis\u00e9es, souvent per\u00e7ues comme des \u201caides au sommeil\u201d, r\u00e9duisent certes la latence d\u2019endormissement, mais diminuent la proportion de <strong>sommeil paradoxal<\/strong> et augmentent les \u00e9veils en seconde partie de nuit. Les recommandations de l\u2019<strong>Organisation mondiale de la sant\u00e9 (OMS)<\/strong> encouragent \u00e0 limiter <u>l\u2019alcool en soir\u00e9e<\/u> pour pr\u00e9server l\u2019architecture du sommeil. Nous partageons cette position : miser sur l\u2019alcool pour \u201cdormir mieux\u201d est un tr\u00e8s mauvais calcul physiologique.<\/p>\n<p>C\u00f4t\u00e9 <strong>activit\u00e9 physique<\/strong>, les m\u00e9ta-analyses men\u00e9es par l\u2019<strong>Universit\u00e9 de Stanford<\/strong> et l\u2019<strong>American College of Sports Medicine (ACSM)<\/strong> convergent : pratiquer <u>au moins 30 minutes d\u2019exercice d\u2019intensit\u00e9 mod\u00e9r\u00e9e<\/u> (marche rapide, v\u00e9lo, natation) <u>3 \u00e0 5 fois par semaine<\/u> am\u00e9liore de mani\u00e8re significative la dur\u00e9e de <strong>sommeil lent profond<\/strong> et la qualit\u00e9 subjective du sommeil. Plusieurs essais contr\u00f4l\u00e9s randomis\u00e9s rapportent :<\/p>\n<ul>\n<li>Une r\u00e9duction de la latence d\u2019endormissement de <u>15 \u00e0 30 minutes<\/u> en moyenne.<\/li>\n<li>Une augmentation de la dur\u00e9e totale de sommeil de <u>30 \u00e0 60 minutes<\/u>.<\/li>\n<li>Une baisse des r\u00e9veils nocturnes chez les personnes souffrant d\u2019<strong>insomnie chronique<\/strong>.<\/li>\n<\/ul>\n<p>En revanche, une s\u00e9ance tr\u00e8s intense (type <strong>CrossFit<\/strong> ou HIIT) r\u00e9alis\u00e9e apr\u00e8s <u>21 h<\/u> peut activer le <strong>syst\u00e8me nerveux sympathique<\/strong> et retarder le premier <strong>train du sommeil<\/strong>. Nous pr\u00e9conisons de placer les efforts soutenus en d\u00e9but ou milieu d\u2019apr\u00e8s-midi, et de r\u00e9server la soir\u00e9e \u00e0 des activit\u00e9s plus calmes comme le yoga doux ou la marche tranquille.<\/p>\n<h2>T\u00e9moignages et \u00e9tudes de cas sur le r\u00e9\u00e9quilibrage du train du sommeil<\/h2>\n<p>Pour rendre ces recommandations concr\u00e8tes, plusieurs cas document\u00e9s dans la litt\u00e9rature et les programmes hospitaliers de type <strong>consultation du sommeil<\/strong> montrent comment agir sur les <strong>phases de sommeil<\/strong> transforme la vie quotidienne. Nous pouvons citer :<\/p>\n<ul>\n<li>Une jeune m\u00e8re de 32 ans, habitant <strong>Toulouse<\/strong>, suivie au <strong>Centre du Sommeil du CHU de Toulouse<\/strong>, qui rapportait des nuits morcel\u00e9es avec son b\u00e9b\u00e9 de 5 mois, un temps de sommeil estim\u00e9 \u00e0 <u>4 h 30<\/u> et une fatigue s\u00e9v\u00e8re. La mise en place de rituels r\u00e9guliers pour le coucher du b\u00e9b\u00e9, l\u2019introduction de bruits blancs, et une organisation de relais nocturnes avec le partenaire ont permis, en <u>8 semaines<\/u>, d\u2019augmenter sa dur\u00e9e de sommeil \u00e0 <u>6 h 45<\/u> en moyenne, avec une remont\u00e9e nette de son score sur l\u2019<strong>\u00e9chelle de somnolence d\u2019Epworth<\/strong>.<\/li>\n<li>Un homme de 45 ans, cadre \u00e0 <strong>La D\u00e9fense<\/strong> \u00e0 <strong>Paris<\/strong>, souffrant d\u2019<strong>insomnie d\u2019endormissement<\/strong> et consultant un centre priv\u00e9 de m\u00e9decine du sommeil en <strong>2022<\/strong>. Son suivi d\u2019actim\u00e9trie montrait un coucher variable entre 23 h et 2 h du matin, plus de <u>2 h 30 d\u2019\u00e9cran<\/u> chaque soir et une consommation \u00e9lev\u00e9e de caf\u00e9ine. Apr\u00e8s mise en place d\u2019une routine fixe (extinction des \u00e9crans \u00e0 22 h, lecture, coh\u00e9rence cardiaque, heure de lever stable \u00e0 7 h), son temps d\u2019endormissement est pass\u00e9 de <u>90 minutes \u00e0 20\u201325 minutes<\/u> en <u>6 semaines<\/u>, avec une am\u00e9lioration marqu\u00e9e de la concentration diurne.<\/li>\n<li>Un adolescent de 16 ans suivi par le <strong>Centre hospitalier universitaire de Lausanne (CHUV)<\/strong>, utilisant jeux vid\u00e9o et r\u00e9seaux sociaux jusqu\u2019\u00e0 1\u20132 h du matin, avec une dette de sommeil estim\u00e9e \u00e0 <u>10 heures par semaine<\/u>. Apr\u00e8s un programme structur\u00e9 de r\u00e9duction progressive des \u00e9crans, coupl\u00e9 \u00e0 la pratique r\u00e9guli\u00e8re de <strong>football<\/strong> trois fois par semaine en fin d\u2019apr\u00e8s-midi, la dur\u00e9e de <strong>sommeil profond<\/strong> mesur\u00e9e par actim\u00e9trie a augment\u00e9 de <u>20 %<\/u>, et ses r\u00e9sultats scolaires se sont redress\u00e9s sur un trimestre.<\/li>\n<\/ul>\n<p>Ces cas illustrent un point que nous d\u00e9fendons : r\u00e9\u00e9quilibrer le <strong>train du sommeil<\/strong> ne passe pas par une solution unique, mais par une combinaison finement ajust\u00e9e d\u2019horaires, d\u2019<strong>hygi\u00e8ne de vie<\/strong> et de gestion des \u00e9crans. Les b\u00e9n\u00e9fices se mesurent sur la <u>dur\u00e9e du sommeil<\/u>, la proportion de sommeil <strong>l\u00e9ger<\/strong> et <strong>profond<\/strong>, l\u2019\u00e9nergie diurne, l\u2019<strong>humeur<\/strong> et la capacit\u00e9 de concentration \u00e0 l\u2019\u00e9cole ou au travail.<\/p>\n<h2>Vers un sommeil r\u00e9parateur et \u00e9quilibr\u00e9<\/h2>\n<p>La m\u00e9taphore du <strong>train du sommeil<\/strong> nous aide \u00e0 visualiser l\u2019organisation de nos <strong>nuits<\/strong> en <strong>cycles successifs<\/strong>. Chaque train comprend des wagons de <strong>sommeil lent l\u00e9ger<\/strong>, de <strong>profond<\/strong> et de <strong>paradoxal<\/strong>, et ces trains s\u2019encha\u00eenent 3 \u00e0 6 fois au cours de la nuit. Respecter notre <strong>rythme biologique<\/strong> suppose de monter \u00e0 bord au moment o\u00f9 les signaux de somnolence apparaissent, de prot\u00e9ger les phases de <u>sommeil lent profond<\/u> et de <u>sommeil paradoxal<\/u> des interruptions inutiles, et de stabiliser nos horaires.<\/p>\n<ul>\n<li>Observer les signaux internes (b\u00e2illements, lourdeur des paupi\u00e8res, baisse de vigilance) pour ne pas rater le \u201cbon\u201d train.<\/li>\n<li>Soigner l\u2019<strong>hygi\u00e8ne du sommeil<\/strong> : lumi\u00e8re, \u00e9crans, caf\u00e9ine, r\u00e9gularit\u00e9.<\/li>\n<li>Adapter l\u2019organisation familiale lorsque des <strong>enfants<\/strong> ou des horaires atypiques perturbent les cycles.<\/li>\n<li>Tester progressivement des <strong>techniques de relaxation<\/strong>, des ajustements alimentaires et un programme d\u2019<strong>activit\u00e9 physique<\/strong> r\u00e9gulier.<\/li>\n<\/ul>\n<p>\u00c0 nos yeux, le meilleur point de d\u00e9part consiste \u00e0 choisir un <u>lever fixe<\/u>, \u00e0 avancer l\u2019extinction des \u00e9crans, puis \u00e0 introduire une routine d\u2019<strong>endormissement<\/strong> qui vous ressemble r\u00e9ellement. Les ajustements r\u00e9alis\u00e9s sur quelques semaines permettent rarement de transformer toutes les nuits, mais ils modifient durablement la trajectoire de votre <strong>sommeil<\/strong>. Partager ces connaissances avec votre entourage, en particulier avec les <strong>jeunes parents<\/strong> ou les adolescents tr\u00e8s connect\u00e9s, contribue \u00e0 diffuser une culture du <strong>sommeil r\u00e9parateur<\/strong> au m\u00eame titre que celle de l\u2019<strong>alimentation saine<\/strong> ou de l\u2019<strong>activit\u00e9 physique<\/strong>.<\/p>\n<p class=\"ressources-officielles\"><strong>Ressources officielles :<\/strong> <a href=\"https:\/\/www.aphp.fr\" rel=\"nofollow noopener\" target=\"_blank\">Service des pathologies du sommeil | H\u00f4pitaux Universitaires Piti\u00e9\u2011Salp\u00eatri\u00e8re<\/a><\/p>\n","protected":false},"excerpt":{"rendered":"","protected":false},"author":34,"featured_media":7657,"comment_status":"open","ping_status":"open","sticky":false,"template":"","format":"standard","meta":{"_acf_changed":false,"manual_indexmenow":false,"indexmenow_id_project":0,"footnotes":""},"categories":[4521],"tags":[4740,4741,4739],"class_list":["post-7655","post","type-post","status-publish","format-standard","has-post-thumbnail","hentry","category-developpement-de-lenfant","tag-cycles-de-sommeil","tag-hygiene-du-sommeil","tag-sommeil","generate-columns","tablet-grid-50","mobile-grid-100","grid-parent","grid-25"],"acf":[],"yoast_head":"<!-- This site is optimized with the Yoast SEO Premium plugin v21.3 (Yoast SEO v25.6) - https:\/\/yoast.com\/wordpress\/plugins\/seo\/ -->\n<title>Le train du sommeil : comprendre et optimiser vos cycles<\/title>\n<meta name=\"description\" content=\"Le train du sommeil d\u00e9signe un cycle de sommeil complet, c\u2019est-\u00e0-dire la succession structur\u00e9e des diff\u00e9rents stades, de l\u2019endormissement au sommeil\" \/>\n<meta name=\"robots\" content=\"index, follow, max-snippet:-1, max-image-preview:large, max-video-preview:-1\" \/>\n<link rel=\"canonical\" href=\"https:\/\/juliedrnd.net\/blog\/developpement-de-lenfant\/le-train-du-sommeil-comprendre-et-optimiser-vos-cycles-nocturnes\/\" \/>\n<meta property=\"og:locale\" content=\"fr_FR\" \/>\n<meta property=\"og:type\" content=\"article\" \/>\n<meta property=\"og:title\" content=\"Le train du sommeil : comprendre et optimiser vos cycles\" \/>\n<meta property=\"og:description\" content=\"Le train du sommeil d\u00e9signe un cycle de sommeil complet, c\u2019est-\u00e0-dire la succession structur\u00e9e des diff\u00e9rents stades, de l\u2019endormissement au sommeil\" \/>\n<meta property=\"og:url\" content=\"https:\/\/juliedrnd.net\/blog\/developpement-de-lenfant\/le-train-du-sommeil-comprendre-et-optimiser-vos-cycles-nocturnes\/\" \/>\n<meta property=\"og:site_name\" content=\"juliedrnd\" \/>\n<meta property=\"og:image\" content=\"https:\/\/juliedrnd.net\/blog\/wp-content\/uploads\/2025\/12\/pag-image-693aa7b93d640-scaled.png\" \/>\n\t<meta property=\"og:image:width\" content=\"1200\" \/>\n\t<meta property=\"og:image:height\" content=\"686\" \/>\n\t<meta property=\"og:image:type\" content=\"image\/png\" \/>\n<meta name=\"author\" content=\"Elodie Mazeau\" \/>\n<meta name=\"twitter:card\" content=\"summary_large_image\" \/>\n<script type=\"application\/ld+json\" class=\"yoast-schema-graph\">{\"@context\":\"https:\/\/schema.org\",\"@graph\":[{\"@type\":\"NewsArticle\",\"@id\":\"https:\/\/juliedrnd.net\/blog\/developpement-de-lenfant\/le-train-du-sommeil-comprendre-et-optimiser-vos-cycles-nocturnes\/#article\",\"isPartOf\":{\"@id\":\"https:\/\/juliedrnd.net\/blog\/developpement-de-lenfant\/le-train-du-sommeil-comprendre-et-optimiser-vos-cycles-nocturnes\/\"},\"author\":{\"name\":\"Elodie Mazeau\",\"@id\":\"https:\/\/juliedrnd.net\/blog\/#\/schema\/person\/3c864cdc320801e3db34b663e7e3f816\"},\"headline\":\"Le train du sommeil : comprendre et optimiser vos cycles nocturnes\",\"datePublished\":\"2026-01-12T08:27:00+00:00\",\"dateModified\":\"2026-08-25T00:59:20+00:00\",\"mainEntityOfPage\":{\"@id\":\"https:\/\/juliedrnd.net\/blog\/developpement-de-lenfant\/le-train-du-sommeil-comprendre-et-optimiser-vos-cycles-nocturnes\/\"},\"wordCount\":3023,\"commentCount\":0,\"publisher\":{\"@id\":\"https:\/\/juliedrnd.net\/blog\/#organization\"},\"image\":{\"@id\":\"https:\/\/juliedrnd.net\/blog\/developpement-de-lenfant\/le-train-du-sommeil-comprendre-et-optimiser-vos-cycles-nocturnes\/#primaryimage\"},\"thumbnailUrl\":\"https:\/\/juliedrnd.net\/blog\/wp-content\/uploads\/2025\/12\/pag-image-693aa7b93d640-scaled.png\",\"keywords\":[\"cycles de sommeil\",\"hygiene du sommeil\",\"sommeil\"],\"articleSection\":[\"D\u00e9veloppement de l'Enfant\"],\"inLanguage\":\"fr-FR\",\"potentialAction\":[{\"@type\":\"CommentAction\",\"name\":\"Comment\",\"target\":[\"https:\/\/juliedrnd.net\/blog\/developpement-de-lenfant\/le-train-du-sommeil-comprendre-et-optimiser-vos-cycles-nocturnes\/#respond\"]}]},{\"@type\":\"WebPage\",\"@id\":\"https:\/\/juliedrnd.net\/blog\/developpement-de-lenfant\/le-train-du-sommeil-comprendre-et-optimiser-vos-cycles-nocturnes\/\",\"url\":\"https:\/\/juliedrnd.net\/blog\/developpement-de-lenfant\/le-train-du-sommeil-comprendre-et-optimiser-vos-cycles-nocturnes\/\",\"name\":\"Le train du sommeil : comprendre et optimiser vos cycles\",\"isPartOf\":{\"@id\":\"https:\/\/juliedrnd.net\/blog\/#website\"},\"primaryImageOfPage\":{\"@id\":\"https:\/\/juliedrnd.net\/blog\/developpement-de-lenfant\/le-train-du-sommeil-comprendre-et-optimiser-vos-cycles-nocturnes\/#primaryimage\"},\"image\":{\"@id\":\"https:\/\/juliedrnd.net\/blog\/developpement-de-lenfant\/le-train-du-sommeil-comprendre-et-optimiser-vos-cycles-nocturnes\/#primaryimage\"},\"thumbnailUrl\":\"https:\/\/juliedrnd.net\/blog\/wp-content\/uploads\/2025\/12\/pag-image-693aa7b93d640-scaled.png\",\"datePublished\":\"2026-01-12T08:27:00+00:00\",\"dateModified\":\"2026-08-25T00:59:20+00:00\",\"description\":\"Le train du sommeil d\u00e9signe un cycle de sommeil complet, c\u2019est-\u00e0-dire la succession structur\u00e9e des diff\u00e9rents stades, de l\u2019endormissement au sommeil\",\"inLanguage\":\"fr-FR\",\"potentialAction\":[{\"@type\":\"ReadAction\",\"target\":[\"https:\/\/juliedrnd.net\/blog\/developpement-de-lenfant\/le-train-du-sommeil-comprendre-et-optimiser-vos-cycles-nocturnes\/\"]}]},{\"@type\":\"ImageObject\",\"inLanguage\":\"fr-FR\",\"@id\":\"https:\/\/juliedrnd.net\/blog\/developpement-de-lenfant\/le-train-du-sommeil-comprendre-et-optimiser-vos-cycles-nocturnes\/#primaryimage\",\"url\":\"https:\/\/juliedrnd.net\/blog\/wp-content\/uploads\/2025\/12\/pag-image-693aa7b93d640-scaled.png\",\"contentUrl\":\"https:\/\/juliedrnd.net\/blog\/wp-content\/uploads\/2025\/12\/pag-image-693aa7b93d640-scaled.png\",\"width\":1200,\"height\":686,\"caption\":\"Image g\u00e9n\u00e9r\u00e9e par IA optimis\u00e9e pour Google Discover\"},{\"@type\":\"WebSite\",\"@id\":\"https:\/\/juliedrnd.net\/blog\/#website\",\"url\":\"https:\/\/juliedrnd.net\/blog\/\",\"name\":\"juliedrnd.net\",\"description\":\"Vivez, cr\u00e9ez, r\u00eavez.\",\"publisher\":{\"@id\":\"https:\/\/juliedrnd.net\/blog\/#organization\"},\"alternateName\":\"Vivez, cr\u00e9ez, r\u00eavez.\",\"potentialAction\":[{\"@type\":\"SearchAction\",\"target\":{\"@type\":\"EntryPoint\",\"urlTemplate\":\"https:\/\/juliedrnd.net\/blog\/?s={search_term_string}\"},\"query-input\":{\"@type\":\"PropertyValueSpecification\",\"valueRequired\":true,\"valueName\":\"search_term_string\"}}],\"inLanguage\":\"fr-FR\"},{\"@type\":\"Organization\",\"@id\":\"https:\/\/juliedrnd.net\/blog\/#organization\",\"name\":\"Julie Drnd\",\"url\":\"https:\/\/juliedrnd.net\/blog\/\",\"logo\":{\"@type\":\"ImageObject\",\"inLanguage\":\"fr-FR\",\"@id\":\"https:\/\/juliedrnd.net\/blog\/#\/schema\/logo\/image\/\",\"url\":\"https:\/\/juliedrnd.net\/blog\/wp-content\/uploads\/2024\/12\/15.png\",\"contentUrl\":\"https:\/\/juliedrnd.net\/blog\/wp-content\/uploads\/2024\/12\/15.png\",\"width\":500,\"height\":500,\"caption\":\"Julie Drnd\"},\"image\":{\"@id\":\"https:\/\/juliedrnd.net\/blog\/#\/schema\/logo\/image\/\"}},{\"@type\":\"Person\",\"@id\":\"https:\/\/juliedrnd.net\/blog\/#\/schema\/person\/3c864cdc320801e3db34b663e7e3f816\",\"name\":\"Elodie Mazeau\",\"image\":{\"@type\":\"ImageObject\",\"inLanguage\":\"fr-FR\",\"@id\":\"https:\/\/juliedrnd.net\/blog\/#\/schema\/person\/image\/\",\"url\":\"https:\/\/juliedrnd.net\/blog\/wp-content\/uploads\/2026\/06\/persona_elodie-m-96x96.jpg\",\"contentUrl\":\"https:\/\/juliedrnd.net\/blog\/wp-content\/uploads\/2026\/06\/persona_elodie-m-96x96.jpg\",\"caption\":\"Elodie Mazeau\"},\"description\":\"J'\u00e9cris sur la parentalit\u00e9 telle qu'elle se vit vraiment, du premier biberon aux premi\u00e8res col\u00e8res. Mes sujets de pr\u00e9dilection couvrent le quotidien des familles : sommeil, alimentation, organisation, pu\u00e9riculture et ces petites gal\u00e8res que tout parent conna\u00eet. Depuis plusieurs ann\u00e9es, je m'attache \u00e0 proposer des rep\u00e8res concrets plut\u00f4t que des le\u00e7ons, parce que chaque famille trouve son propre \u00e9quilibre. Je v\u00e9rifie mes informations aupr\u00e8s de sources fiables, surtout d\u00e8s qu'on touche \u00e0 la sant\u00e9 ou \u00e0 la s\u00e9curit\u00e9 de l'enfant, et je pr\u00e9cise quand un avis professionnel s'impose. J'\u00e9vite soigneusement la culpabilisation : \u00eatre parent est d\u00e9j\u00e0 assez exigeant. Mon ton se veut complice et bienveillant, un peu comme une discussion entre parents qui se comprennent. L'id\u00e9e est d'all\u00e9ger la charge mentale en donnant des solutions simples et test\u00e9es.\",\"sameAs\":[\"https:\/\/elodiemazeau.fr\/\"],\"url\":\"https:\/\/juliedrnd.net\/blog\/auteur\/noname\/\"}]}<\/script>\n<!-- \/ Yoast SEO Premium plugin. -->","yoast_head_json":{"title":"Le train du sommeil : comprendre et optimiser vos cycles","description":"Le train du sommeil d\u00e9signe un cycle de sommeil complet, c\u2019est-\u00e0-dire la succession structur\u00e9e des diff\u00e9rents stades, de l\u2019endormissement au sommeil","robots":{"index":"index","follow":"follow","max-snippet":"max-snippet:-1","max-image-preview":"max-image-preview:large","max-video-preview":"max-video-preview:-1"},"canonical":"https:\/\/juliedrnd.net\/blog\/developpement-de-lenfant\/le-train-du-sommeil-comprendre-et-optimiser-vos-cycles-nocturnes\/","og_locale":"fr_FR","og_type":"article","og_title":"Le train du sommeil : comprendre et optimiser vos cycles","og_description":"Le train du sommeil d\u00e9signe un cycle de sommeil complet, c\u2019est-\u00e0-dire la succession structur\u00e9e des diff\u00e9rents stades, de l\u2019endormissement au sommeil","og_url":"https:\/\/juliedrnd.net\/blog\/developpement-de-lenfant\/le-train-du-sommeil-comprendre-et-optimiser-vos-cycles-nocturnes\/","og_site_name":"juliedrnd","og_image":[{"width":1200,"height":686,"url":"https:\/\/juliedrnd.net\/blog\/wp-content\/uploads\/2025\/12\/pag-image-693aa7b93d640-scaled.png","type":"image\/png"}],"author":"Elodie Mazeau","twitter_card":"summary_large_image","schema":{"@context":"https:\/\/schema.org","@graph":[{"@type":"NewsArticle","@id":"https:\/\/juliedrnd.net\/blog\/developpement-de-lenfant\/le-train-du-sommeil-comprendre-et-optimiser-vos-cycles-nocturnes\/#article","isPartOf":{"@id":"https:\/\/juliedrnd.net\/blog\/developpement-de-lenfant\/le-train-du-sommeil-comprendre-et-optimiser-vos-cycles-nocturnes\/"},"author":{"name":"Elodie Mazeau","@id":"https:\/\/juliedrnd.net\/blog\/#\/schema\/person\/3c864cdc320801e3db34b663e7e3f816"},"headline":"Le train du sommeil : comprendre et optimiser vos cycles nocturnes","datePublished":"2026-01-12T08:27:00+00:00","dateModified":"2026-08-25T00:59:20+00:00","mainEntityOfPage":{"@id":"https:\/\/juliedrnd.net\/blog\/developpement-de-lenfant\/le-train-du-sommeil-comprendre-et-optimiser-vos-cycles-nocturnes\/"},"wordCount":3023,"commentCount":0,"publisher":{"@id":"https:\/\/juliedrnd.net\/blog\/#organization"},"image":{"@id":"https:\/\/juliedrnd.net\/blog\/developpement-de-lenfant\/le-train-du-sommeil-comprendre-et-optimiser-vos-cycles-nocturnes\/#primaryimage"},"thumbnailUrl":"https:\/\/juliedrnd.net\/blog\/wp-content\/uploads\/2025\/12\/pag-image-693aa7b93d640-scaled.png","keywords":["cycles de sommeil","hygiene du sommeil","sommeil"],"articleSection":["D\u00e9veloppement de l'Enfant"],"inLanguage":"fr-FR","potentialAction":[{"@type":"CommentAction","name":"Comment","target":["https:\/\/juliedrnd.net\/blog\/developpement-de-lenfant\/le-train-du-sommeil-comprendre-et-optimiser-vos-cycles-nocturnes\/#respond"]}]},{"@type":"WebPage","@id":"https:\/\/juliedrnd.net\/blog\/developpement-de-lenfant\/le-train-du-sommeil-comprendre-et-optimiser-vos-cycles-nocturnes\/","url":"https:\/\/juliedrnd.net\/blog\/developpement-de-lenfant\/le-train-du-sommeil-comprendre-et-optimiser-vos-cycles-nocturnes\/","name":"Le train du sommeil : comprendre et optimiser vos cycles","isPartOf":{"@id":"https:\/\/juliedrnd.net\/blog\/#website"},"primaryImageOfPage":{"@id":"https:\/\/juliedrnd.net\/blog\/developpement-de-lenfant\/le-train-du-sommeil-comprendre-et-optimiser-vos-cycles-nocturnes\/#primaryimage"},"image":{"@id":"https:\/\/juliedrnd.net\/blog\/developpement-de-lenfant\/le-train-du-sommeil-comprendre-et-optimiser-vos-cycles-nocturnes\/#primaryimage"},"thumbnailUrl":"https:\/\/juliedrnd.net\/blog\/wp-content\/uploads\/2025\/12\/pag-image-693aa7b93d640-scaled.png","datePublished":"2026-01-12T08:27:00+00:00","dateModified":"2026-08-25T00:59:20+00:00","description":"Le train du sommeil d\u00e9signe un cycle de sommeil complet, c\u2019est-\u00e0-dire la succession structur\u00e9e des diff\u00e9rents stades, de l\u2019endormissement au sommeil","inLanguage":"fr-FR","potentialAction":[{"@type":"ReadAction","target":["https:\/\/juliedrnd.net\/blog\/developpement-de-lenfant\/le-train-du-sommeil-comprendre-et-optimiser-vos-cycles-nocturnes\/"]}]},{"@type":"ImageObject","inLanguage":"fr-FR","@id":"https:\/\/juliedrnd.net\/blog\/developpement-de-lenfant\/le-train-du-sommeil-comprendre-et-optimiser-vos-cycles-nocturnes\/#primaryimage","url":"https:\/\/juliedrnd.net\/blog\/wp-content\/uploads\/2025\/12\/pag-image-693aa7b93d640-scaled.png","contentUrl":"https:\/\/juliedrnd.net\/blog\/wp-content\/uploads\/2025\/12\/pag-image-693aa7b93d640-scaled.png","width":1200,"height":686,"caption":"Image g\u00e9n\u00e9r\u00e9e par IA optimis\u00e9e pour Google Discover"},{"@type":"WebSite","@id":"https:\/\/juliedrnd.net\/blog\/#website","url":"https:\/\/juliedrnd.net\/blog\/","name":"juliedrnd.net","description":"Vivez, cr\u00e9ez, r\u00eavez.","publisher":{"@id":"https:\/\/juliedrnd.net\/blog\/#organization"},"alternateName":"Vivez, cr\u00e9ez, r\u00eavez.","potentialAction":[{"@type":"SearchAction","target":{"@type":"EntryPoint","urlTemplate":"https:\/\/juliedrnd.net\/blog\/?s={search_term_string}"},"query-input":{"@type":"PropertyValueSpecification","valueRequired":true,"valueName":"search_term_string"}}],"inLanguage":"fr-FR"},{"@type":"Organization","@id":"https:\/\/juliedrnd.net\/blog\/#organization","name":"Julie Drnd","url":"https:\/\/juliedrnd.net\/blog\/","logo":{"@type":"ImageObject","inLanguage":"fr-FR","@id":"https:\/\/juliedrnd.net\/blog\/#\/schema\/logo\/image\/","url":"https:\/\/juliedrnd.net\/blog\/wp-content\/uploads\/2024\/12\/15.png","contentUrl":"https:\/\/juliedrnd.net\/blog\/wp-content\/uploads\/2024\/12\/15.png","width":500,"height":500,"caption":"Julie Drnd"},"image":{"@id":"https:\/\/juliedrnd.net\/blog\/#\/schema\/logo\/image\/"}},{"@type":"Person","@id":"https:\/\/juliedrnd.net\/blog\/#\/schema\/person\/3c864cdc320801e3db34b663e7e3f816","name":"Elodie Mazeau","image":{"@type":"ImageObject","inLanguage":"fr-FR","@id":"https:\/\/juliedrnd.net\/blog\/#\/schema\/person\/image\/","url":"https:\/\/juliedrnd.net\/blog\/wp-content\/uploads\/2026\/06\/persona_elodie-m-96x96.jpg","contentUrl":"https:\/\/juliedrnd.net\/blog\/wp-content\/uploads\/2026\/06\/persona_elodie-m-96x96.jpg","caption":"Elodie Mazeau"},"description":"J'\u00e9cris sur la parentalit\u00e9 telle qu'elle se vit vraiment, du premier biberon aux premi\u00e8res col\u00e8res. Mes sujets de pr\u00e9dilection couvrent le quotidien des familles : sommeil, alimentation, organisation, pu\u00e9riculture et ces petites gal\u00e8res que tout parent conna\u00eet. Depuis plusieurs ann\u00e9es, je m'attache \u00e0 proposer des rep\u00e8res concrets plut\u00f4t que des le\u00e7ons, parce que chaque famille trouve son propre \u00e9quilibre. Je v\u00e9rifie mes informations aupr\u00e8s de sources fiables, surtout d\u00e8s qu'on touche \u00e0 la sant\u00e9 ou \u00e0 la s\u00e9curit\u00e9 de l'enfant, et je pr\u00e9cise quand un avis professionnel s'impose. J'\u00e9vite soigneusement la culpabilisation : \u00eatre parent est d\u00e9j\u00e0 assez exigeant. Mon ton se veut complice et bienveillant, un peu comme une discussion entre parents qui se comprennent. L'id\u00e9e est d'all\u00e9ger la charge mentale en donnant des solutions simples et test\u00e9es.","sameAs":["https:\/\/elodiemazeau.fr\/"],"url":"https:\/\/juliedrnd.net\/blog\/auteur\/noname\/"}]}},"_links":{"self":[{"href":"https:\/\/juliedrnd.net\/blog\/wp-json\/wp\/v2\/posts\/7655","targetHints":{"allow":["GET"]}}],"collection":[{"href":"https:\/\/juliedrnd.net\/blog\/wp-json\/wp\/v2\/posts"}],"about":[{"href":"https:\/\/juliedrnd.net\/blog\/wp-json\/wp\/v2\/types\/post"}],"author":[{"embeddable":true,"href":"https:\/\/juliedrnd.net\/blog\/wp-json\/wp\/v2\/users\/34"}],"replies":[{"embeddable":true,"href":"https:\/\/juliedrnd.net\/blog\/wp-json\/wp\/v2\/comments?post=7655"}],"version-history":[{"count":1,"href":"https:\/\/juliedrnd.net\/blog\/wp-json\/wp\/v2\/posts\/7655\/revisions"}],"predecessor-version":[{"id":7696,"href":"https:\/\/juliedrnd.net\/blog\/wp-json\/wp\/v2\/posts\/7655\/revisions\/7696"}],"wp:featuredmedia":[{"embeddable":true,"href":"https:\/\/juliedrnd.net\/blog\/wp-json\/wp\/v2\/media\/7657"}],"wp:attachment":[{"href":"https:\/\/juliedrnd.net\/blog\/wp-json\/wp\/v2\/media?parent=7655"}],"wp:term":[{"taxonomy":"category","embeddable":true,"href":"https:\/\/juliedrnd.net\/blog\/wp-json\/wp\/v2\/categories?post=7655"},{"taxonomy":"post_tag","embeddable":true,"href":"https:\/\/juliedrnd.net\/blog\/wp-json\/wp\/v2\/tags?post=7655"}],"curies":[{"name":"wp","href":"https:\/\/api.w.org\/{rel}","templated":true}]}}