{"id":7652,"date":"2026-01-08T09:26:00","date_gmt":"2026-01-08T08:26:00","guid":{"rendered":"https:\/\/juliedrnd.net\/blog\/?p=7652"},"modified":"2026-08-25T03:08:14","modified_gmt":"2026-08-25T01:08:14","slug":"regression-du-sommeil-chez-les-bebes-causes-symptomes-et-solutions-efficaces","status":"publish","type":"post","link":"https:\/\/juliedrnd.net\/blog\/developpement-de-lenfant\/regression-du-sommeil-chez-les-bebes-causes-symptomes-et-solutions-efficaces\/","title":{"rendered":"R\u00e9gression du sommeil chez les b\u00e9b\u00e9s : causes, sympt\u00f4mes et solutions efficaces"},"content":{"rendered":"<div style=\"background: linear-gradient(135deg, #f5f7fa 0%, #e9ecef 100%);border-left: 4px solid #0073aa;padding: 15px 20px;margin: 0 0 25px 0;border-radius: 0 8px 8px 0\">\n<p style=\"margin: 0;font-size: 14px;color: #0073aa;font-weight: 600;text-transform: uppercase;letter-spacing: 1px;margin-bottom: 10px\">\ud83d\udccb En bref<\/p>\n<ul style=\"margin: 0;padding-left: 20px;list-style-type: none\">\n<li style=\"margin: 5px 0;color: #333;font-size: 15px;line-height: 1.5;position: relative;padding-left: 15px\"><span style=\"position: absolute;left: 0;color: #0073aa\">\u25b8<\/span> La r\u00e9gression du sommeil chez les b\u00e9b\u00e9s est un ph\u00e9nom\u00e8ne fr\u00e9quent, li\u00e9 \u00e0 la maturation du cerveau et aux nouvelles comp\u00e9tences. Elle se manifeste par des changements temporaires des habitudes de sommeil, souvent source de stress pour les parents. Une routine structur\u00e9e et une hygi\u00e8ne de sommeil adapt\u00e9e peuvent aider \u00e0 traverser cette phase sans panique.<\/li>\n<\/ul>\n<\/div>\n<h2>Comprendre la r\u00e9gression du sommeil chez les b\u00e9b\u00e9s : Causes, Sympt\u00f4mes et Solutions<\/h2>\n<h2>Pourquoi la r\u00e9gression du sommeil inqui\u00e8te autant les parents ?<\/h2>\n<p>\nLorsque les nuits se d\u00e9litent apr\u00e8s quelques semaines plus paisibles, beaucoup de parents ont l\u2019impression de \u00ab\u00a0tout perdre\u00a0\u00bb et se demandent s\u2019ils ont mal agi ou \u00ab\u00a0cass\u00e9\u00a0\u00bb quelque chose dans l\u2019apprentissage du sommeil. Les enqu\u00eates men\u00e9es par des laboratoires comme <strong>Institut Ipsos, Paris<\/strong>, en collaboration avec des marques de pu\u00e9riculture en <strong>2021<\/strong>, montrent que plus de <u>70&nbsp;% des parents d\u2019enfants de moins de 2 ans<\/u> citent le sommeil comme leur source de stress num\u00e9ro un, devant l\u2019alimentation. Nous observons aussi un recours croissant aux consultations sp\u00e9cialis\u00e9es, tant en ville (p\u00e9diatres, psychologues) que via des plateformes de t\u00e9l\u00e9m\u00e9decine comme <strong>Doctolib<\/strong> ou <strong>Qare<\/strong>, signe que le sujet n\u2019est ni anecdotique ni marginal.<\/p>\n<p>\nNous rappelons que la <u>r\u00e9gression du sommeil<\/u> est un ph\u00e9nom\u00e8ne <strong>fr\u00e9quent<\/strong>, <strong>physiologique<\/strong> dans la majorit\u00e9 des cas, et intimement li\u00e9 \u00e0 la maturation du cerveau, \u00e0 l\u2019\u00e9mergence de nouvelles comp\u00e9tences motrices et \u00e0 la vie \u00e9motionnelle tr\u00e8s intense des tout\u2011petits. Notre avis est clair : lorsque ces \u00e9pisodes sont bien compris et accompagn\u00e9s avec une <strong>routine structur\u00e9e<\/strong>, une <strong>hygi\u00e8ne de sommeil adapt\u00e9e<\/strong> et une <strong>r\u00e9assurance constante<\/strong>, ils deviennent des passages, certes \u00e9prouvants, mais transitoires, qui n\u2019augurent pas d\u2019un \u00ab\u00a0mauvais dormeur \u00e0 vie\u00a0\u00bb.<\/p>\n<ul>\n<li><u>Message cl\u00e9<\/u> : une r\u00e9gression du sommeil n\u2019est pas un \u00e9chec \u00e9ducatif, mais le reflet d\u2019un cerveau qui se r\u00e9organise et d\u2019un enfant qui grandit vite.<\/li>\n<li><strong>Enjeu<\/strong> : limiter l\u2019\u00e9puisement parental, pr\u00e9venir la surm\u00e9dicalisation et rep\u00e9rer les rares situations qui n\u00e9cessitent une \u00e9valuation approfondie.<\/li>\n<\/ul>\n<h2>Qu\u2019est-ce que la r\u00e9gression du sommeil chez le b\u00e9b\u00e9&nbsp;?<\/h2>\n<p>\nNous d\u00e9finissons la <strong>r\u00e9gression du sommeil b\u00e9b\u00e9<\/strong> comme un <u>changement soudain, significatif et temporaire<\/u> des habitudes de sommeil, survenant apr\u00e8s une p\u00e9riode d\u2019au moins quelques semaines de relative stabilit\u00e9. Concr\u00e8tement, un nourrisson qui s\u2019endormait sans trop de difficult\u00e9 et se r\u00e9veillait une \u00e0 deux fois par nuit commence, en quelques jours, \u00e0 se r\u00e9veiller beaucoup plus souvent, \u00e0 lutter contre le coucher, \u00e0 r\u00e9duire ses siestes ou \u00e0 r\u00e9clamer davantage de contact physique, parfois uniquement pour se rendormir dans les bras. <\/p>\n<p>\nCette phase donne une impression de <strong>retour en arri\u00e8re<\/strong> : un b\u00e9b\u00e9 qui \u00ab\u00a0faisait ses nuits\u00a0\u00bb, au sens commun du terme, recommence \u00e0 r\u00e9clamer plusieurs t\u00e9t\u00e9es nocturnes, pleure lorsque l\u2019adulte quitte la chambre, ou n\u2019arrive plus \u00e0 se rendormir seul lors des micro\u2011r\u00e9veils naturels entre deux cycles. La dur\u00e9e typique se situe entre <u>quelques jours et 2 \u00e0 6 semaines<\/u>, avec un retour progressif \u00e0 un sommeil plus apais\u00e9, surtout si les rep\u00e8res de coucher restent coh\u00e9rents. Nous distinguons ici :<\/p>\n<ul>\n<li>une <strong>r\u00e9gression normale<\/strong> : li\u00e9e aux \u00e9tapes de d\u00e9veloppement, \u00e0 un changement environnemental ponctuel, limit\u00e9e dans le temps, sans alt\u00e9ration majeure de l\u2019\u00e9tat g\u00e9n\u00e9ral ;<\/li>\n<li>un <strong>trouble du sommeil durable<\/strong> : insomnies persistantes depuis plusieurs mois, <strong>apn\u00e9es du sommeil<\/strong>, <strong>ronflements s\u00e9v\u00e8res<\/strong>, <strong>terreurs nocturnes fr\u00e9quentes<\/strong>, ou troubles respiratoires nocturnes, qui n\u00e9cessitent une \u00e9valuation par un <strong>p\u00e9diatre<\/strong> ou un sp\u00e9cialiste (pneumologue p\u00e9diatrique, ORL, centre du sommeil).<\/li>\n<\/ul>\n<p>\nPour vous aider, nous proposons une grille de lecture simplifi\u00e9e :<\/p>\n<ul>\n<li><strong>R\u00e9gression d\u00e9veloppementale<\/strong> : d\u00e9but brutal, dur\u00e9e inf\u00e9rieure \u00e0 6 semaines, contexte de nouvelle comp\u00e9tence (se retourner, ramper, marcher) ou d\u2019angoisse de s\u00e9paration, b\u00e9b\u00e9 globalement en bonne sant\u00e9 la journ\u00e9e.<\/li>\n<li><strong>Habitude acquise<\/strong> : r\u00e9veils fr\u00e9quents mais stables depuis longtemps, apaisement uniquement par un comportement pr\u00e9cis (t\u00e9t\u00e9e syst\u00e9matique, bercement prolong\u00e9), pas de pic clairement datable.<\/li>\n<li><strong>Probl\u00e8me m\u00e9dical<\/strong> : fi\u00e8vre, vomissements, toux persistante, respirations bruyantes, courbe de poids qui stagne, \u00e9tat g\u00e9n\u00e9ral alt\u00e9r\u00e9.<\/li>\n<\/ul>\n<h2>\u00c0 quels \u00e2ges la r\u00e9gression du sommeil appara\u00eet\u2011elle le plus souvent&nbsp;?<\/h2>\n<p>\nLes \u00e2ges le plus souvent \u00e9voqu\u00e9s par les parents pour ces phases de sommeil perturb\u00e9 se situent autour de <u>4 mois<\/u>, <u>6\u20138 mois<\/u>, <u>9\u201310 mois<\/u>, <u>12 mois<\/u>, puis entre <u>18 mois et 2 ans<\/u>. Ces jalons correspondent \u00e0 de v\u00e9ritables \u00ab\u00a0explosions\u00a0\u00bb de comp\u00e9tences motrices et cognitives.<\/p>\n<p>\nNous observons par exemple :<\/p>\n<ul>\n<li><strong>\u00c0 4 mois<\/strong> : passage du sommeil de <strong>nouveau\u2011n\u00e9<\/strong>, tr\u00e8s morcel\u00e9 et domin\u00e9 par le sommeil agit\u00e9, \u00e0 des cycles plus proches de ceux de l\u2019adulte, avec des r\u00e9veils entre les cycles et une <u>hypersensibilit\u00e9 au bruit et \u00e0 la lumi\u00e8re<\/u>. Beaucoup de parents d\u00e9crivent \u00e0 cet \u00e2ge des r\u00e9veils bien plus fr\u00e9quents qu\u2019au cours des semaines pr\u00e9c\u00e9dentes.<\/li>\n<li><strong>Vers 6\u20138 mois<\/strong> : apparition de l\u2019<strong>angoisse de s\u00e9paration<\/strong>, acquisition de la position assise et du d\u00e9placement (ramper, pivot), \u00e9veil cognitif majeur avec meilleure compr\u00e9hension du langage, ce qui rend l\u2019endormissement plus difficile.<\/li>\n<li><strong>Autour de 9\u201310 mois<\/strong> : mise debout, exploration du lit comme un terrain de jeu, sollicitations accrues de la pr\u00e9sence parentale.<\/li>\n<li><strong>\u00c0 12 mois<\/strong> : marche autonome, gain d\u2019autonomie, parfois d\u00e9but de la transition de <u>2 siestes \u00e0 1 sieste<\/u>, ce qui d\u00e9s\u00e9quilibre le rythme.<\/li>\n<li><strong>Entre 18 mois et 2 ans<\/strong> : explosion du <strong>langage<\/strong>, affirmation de soi, cauchemars, peurs du noir, arriv\u00e9e fr\u00e9quente d\u2019un cadet, ce qui modifie profond\u00e9ment la dynamique familiale.<\/li>\n<\/ul>\n<p>\nDes t\u00e9moignages publi\u00e9s sur les blogs d\u2019<strong>ergoth\u00e9rapeutes<\/strong> et de <strong>consultantes en sommeil<\/strong>, en <strong>\u00cele\u2011de\u2011France<\/strong>, en <strong>Qu\u00e9bec<\/strong> ou en <strong>Suisse romande<\/strong>, montrent des profils r\u00e9currents : par exemple, un b\u00e9b\u00e9 de 8 mois \u00e0 <strong>Lyon<\/strong> qui se met debout dans son lit d\u00e8s qu\u2019on le couche et se r\u00e9veille 4 \u00e0 5 fois par nuit pendant trois semaines, ou un enfant de 20 mois \u00e0 <strong>Bruxelles<\/strong> qui hurle au moment du coucher depuis la naissance de sa petite s\u0153ur, tout en pr\u00e9sentant des nuits plut\u00f4t calmes auparavant.<\/p>\n<h2>Les principales causes de la r\u00e9gression du sommeil chez les b\u00e9b\u00e9s<\/h2>\n<p>\nLes travaux en <strong>neurosciences du d\u00e9veloppement<\/strong>, men\u00e9s notamment par l\u2019<strong>INSERM<\/strong> en <strong>France<\/strong> et par le <strong>National Institutes of Health (NIH)<\/strong> aux <strong>\u00c9tats\u2011Unis<\/strong>, confirment qu\u2019une grande partie des r\u00e9gressions trouve son origine dans des facteurs biologiques et psychologiques, amplifi\u00e9s par l\u2019environnement. Nous distinguons plusieurs cat\u00e9gories de causes, souvent intriqu\u00e9es.<\/p>\n<ul>\n<li><strong>Causes d\u00e9veloppementales<\/strong> : pouss\u00e9es de croissance, besoins \u00e9nerg\u00e9tiques accrus entra\u00eenant une demande de t\u00e9t\u00e9es ou biberons suppl\u00e9mentaires la nuit ; acquisitions motrices (se retourner, ramper, se lever, marcher) que le b\u00e9b\u00e9 \u00ab\u00a0r\u00e9p\u00e8te\u00a0\u00bb inconsciemment au moment du coucher ; maturation du <strong>syst\u00e8me nerveux central<\/strong> qui modifie l\u2019architecture des cycles de sommeil, notamment autour de 4 mois.<\/li>\n<li><strong>Causes \u00e9motionnelles<\/strong> : <strong>angoisse de s\u00e9paration<\/strong> vers 8\u20139 mois, puis vers 18 mois, lorsque l\u2019enfant comprend que le parent peut s\u2019\u00e9loigner physiquement mais ne ma\u00eetrise pas encore la notion d\u2019absence temporaire ; besoin intensifi\u00e9 de r\u00e9assurance, surtout en cas de reprise du travail d\u2019un parent ou de passage en cr\u00e8che.<\/li>\n<li><strong>Causes physiques<\/strong> : pouss\u00e9es dentaires, reflux gastro\u2011\u0153sophagien, otites, infections ORL, troubles digestifs b\u00e9nins qui fragmentent le sommeil ; maladies aigu\u00ebs n\u00e9cessitant une consultation, surtout si les sympt\u00f4mes s\u2019accompagnent de fi\u00e8vre ou de difficult\u00e9s respiratoires.<\/li>\n<li><strong>Causes environnementales<\/strong> : d\u00e9m\u00e9nagement, entr\u00e9e en <strong>cr\u00e8che<\/strong>, changement de mode de garde, voyage, vacances, cohabitation ponctuelle chez les grands\u2011parents, arriv\u00e9e d\u2019un fr\u00e8re ou d\u2019une s\u0153ur, modification de la <strong>routine de sommeil<\/strong> ou des horaires parentaux.<\/li>\n<\/ul>\n<p>\nPour structurer l\u2019analyse, nous recommandons une <u>check\u2011list des causes possibles<\/u> :<\/p>\n<ul>\n<li><strong>Avez\u2011vous observ\u00e9 r\u00e9cemment une nouvelle comp\u00e9tence motrice&nbsp;?<\/strong> (b\u00e9b\u00e9 qui se retourne partout, commence \u00e0 se lever dans le lit, marche en se tenant aux meubles).<\/li>\n<li><strong>Y a\u2011t\u2011il eu un \u00e9v\u00e9nement de vie marquant&nbsp;?<\/strong> (reprise du travail en janvier 2024, entr\u00e9e en cr\u00e8che \u00e0 <strong>Bordeaux<\/strong>, arriv\u00e9e d\u2019un nouveau\u2011n\u00e9 \u00e0 la maison).<\/li>\n<li><strong>Des signes physiques vous inqui\u00e8tent\u2011ils&nbsp;?<\/strong> (fi\u00e8vre, toux nocive, perte d\u2019app\u00e9tit, vomissements, selles tr\u00e8s modifi\u00e9es).<\/li>\n<li><strong>Les habitudes de coucher ont\u2011elles \u00e9t\u00e9 fortement modifi\u00e9es&nbsp;?<\/strong> (coucher beaucoup plus tard pendant les vacances d\u2019\u00e9t\u00e9 en <strong>Occitanie<\/strong>, co\u2011dodo improvis\u00e9 pendant un voyage \u00e0 l\u2019\u00e9tranger).<\/li>\n<\/ul>\n<h2>Sympt\u00f4mes typiques et signaux d\u2019alerte \u00e0 ne pas n\u00e9gliger<\/h2>\n<p>\nUne r\u00e9gression se manifeste le plus souvent par :<\/p>\n<ul>\n<li><strong>Augmentation franche des r\u00e9veils nocturnes<\/strong> chez un b\u00e9b\u00e9 qui dormait mieux auparavant.<\/li>\n<li><strong>Difficult\u00e9s d\u2019endormissement<\/strong> : pleurs au coucher, besoin d\u2019\u00eatre berc\u00e9 ou port\u00e9 plus longtemps, refus du lit.<\/li>\n<li><strong>Siestes plus courtes ou chaotiques<\/strong>, voire refus complet des siestes sur plusieurs jours.<\/li>\n<li><strong>Besoin accru de proximit\u00e9<\/strong> : pleurs d\u00e8s que le parent quitte la pi\u00e8ce, demande de bras ou de t\u00e9t\u00e9es nocturnes retrouv\u00e9es apr\u00e8s une p\u00e9riode d\u2019arr\u00eat.<\/li>\n<li><strong>Irritabilit\u00e9 diurne<\/strong>, b\u00e2illements fr\u00e9quents, frottement des yeux, signes nets de fatigue combin\u00e9s \u00e0 un refus apparent du sommeil.<\/li>\n<\/ul>\n<p>\nCertains <u>signaux doivent faire penser \u00e0 autre chose qu\u2019une simple r\u00e9gression<\/u> :<\/p>\n<ul>\n<li><strong>Fi\u00e8vre persistante<\/strong>, vomissements r\u00e9p\u00e9t\u00e9s, diarrh\u00e9e, douleurs manifestes au toucher d\u2019une zone (oreille, ventre, gorge).<\/li>\n<li><strong>Ronflements intenses<\/strong>, pauses respiratoires observ\u00e9es, sueurs nocturnes abondantes, coloration bleut\u00e9e autour de la bouche.<\/li>\n<li><strong>Perte de poids<\/strong>, refus de s\u2019alimenter, grande apathie la journ\u00e9e.<\/li>\n<\/ul>\n<p>\nNous conseillons, dans ces situations, de consulter rapidement un <strong>p\u00e9diatre<\/strong>, un <strong>m\u00e9decin g\u00e9n\u00e9raliste form\u00e9 en p\u00e9diatrie<\/strong> ou un service d\u2019urgences p\u00e9diatriques, surtout si l\u2019enfant a moins de 3 mois ou si les signes respiratoires sont marqu\u00e9s. Notre avis est net : il vaut mieux une consultation rassurante de trop qu\u2019un retard diagnostique sur une pathologie comme une bronchiolite ou une otite s\u00e9v\u00e8re.<\/p>\n<h2>Le r\u00f4le central des habitudes et de l\u2019hygi\u00e8ne de sommeil<\/h2>\n<p>\nLes donn\u00e9es issues de la <strong>National Sleep Foundation<\/strong> aux <strong>\u00c9tats\u2011Unis<\/strong> et de la <strong>British Sleep Society<\/strong> au <strong>Royaume\u2011Uni<\/strong> convergent : les enfants ayant une <strong>routine de coucher coh\u00e9rente<\/strong> r\u00e9cup\u00e8rent plus vite apr\u00e8s une phase de r\u00e9gression que ceux dont les rep\u00e8res varient d\u2019un soir \u00e0 l\u2019autre. Une <u>routine de sommeil<\/u> efficace se caract\u00e9rise par une heure de coucher relativement stable, une s\u00e9quence r\u00e9p\u00e9titive et pr\u00e9visible (toilette, histoire, c\u00e2lin, chanson) et un environnement constant.<\/p>\n<ul>\n<li><strong>Hygi\u00e8ne de sommeil<\/strong> : chambre calme, assez sombre, temp\u00e9rature autour de 18\u201320&nbsp;?C, bruit de fond ma\u00eetris\u00e9 ; exposition \u00e0 la lumi\u00e8re naturelle en journ\u00e9e et diminution progressive des stimulations le soir ; absence d\u2019\u00e9crans pour l\u2019enfant, et id\u00e9alement pour les adultes dans la m\u00eame pi\u00e8ce, au moins une heure avant le coucher.<\/li>\n<li><strong>Associations de sommeil<\/strong> : nous faisons la diff\u00e9rence entre des <u>associations aidantes<\/u> (doudou, rituel verbal, musique douce toujours identique) et des <u>associations contraignantes<\/u>, tr\u00e8s co\u00fbteuses pour les parents (endormissement uniquement au sein, en voiture, en poussette, ou avec la pr\u00e9sence constante d\u2019un adulte allong\u00e9 \u00e0 c\u00f4t\u00e9).<\/li>\n<\/ul>\n<p>\nLes techniques de <strong>mise au lit progressive<\/strong> \u2014 utilis\u00e9es par des sp\u00e9cialistes comme <strong>Dr. Richard Ferber, neurologue et expert du sommeil \u00e0 Boston<\/strong>, ou adapt\u00e9es de mani\u00e8re plus douce par des consultantes francophones \u2014 consistent \u00e0 coucher le b\u00e9b\u00e9 \u00e9veill\u00e9 mais calme, \u00e0 rester pr\u00e8s de lui un temps, puis \u00e0 r\u00e9duire progressivement la dur\u00e9e et l\u2019intensit\u00e9 de la pr\u00e9sence, tout en maintenant des signaux verbaux rassurants. \u00c0 notre sens, il ne s\u2019agit pas de \u00ab\u00a0dressage\u00a0\u00bb, mais d\u2019un <u>apprentissage progressif de l\u2019auto\u2011apaisement<\/u>, ajust\u00e9 \u00e0 l\u2019\u00e2ge, au temp\u00e9rament de l\u2019enfant et au style \u00e9ducatif de la famille.<\/p>\n<h2>Conseils pratiques pour g\u00e9rer la r\u00e9gression du sommeil au quotidien<\/h2>\n<p>\nLorsque la fatigue est l\u00e0, nous avons besoin de solutions concr\u00e8tes, pas de grands principes th\u00e9oriques. Plusieurs leviers simples reviennent r\u00e9guli\u00e8rement.<\/p>\n<ul>\n<li><strong>Ajuster le rythme veille\u2013sommeil<\/strong> : adapter la dur\u00e9e des siestes \u00e0 l\u2019\u00e2ge (par exemple, autour de 3 \u00e0 4 heures de siestes cumul\u00e9es \u00e0 6 mois, puis 2 \u00e0 3 heures vers 12 mois), \u00e9viter les siestes tr\u00e8s tardives qui d\u00e9calent l\u2019endormissement, observer les signes de fatigue (regard qui se perd, frottement du nez, agitation soudaine) pour cibler la bonne fen\u00eatre de coucher.<\/li>\n<li><strong>Cr\u00e9er un environnement apaisant<\/strong> : obscurit\u00e9 l\u00e9g\u00e8re ou totale selon la sensibilit\u00e9 de l\u2019enfant, possibilit\u00e9 de bruit blanc, diminution des jeux physiques intenses dans l\u2019heure qui pr\u00e9c\u00e8de le coucher, maintien du m\u00eame lieu de sommeil autant que possible pendant la phase sensible.<\/li>\n<li><strong>Techniques de r\u00e9assurance<\/strong> : portage, peau \u00e0 peau, c\u00e2lins prolong\u00e9s, r\u00e9ponses gradu\u00e9es aux pleurs en distinguant la plainte de fatigue du cri de douleur, paroles r\u00e9p\u00e9titives et calmes ( Nous sommes l\u00e0, tu es en s\u00e9curit\u00e9 ?), \u00e9ventuellement pr\u00e9sence assise \u00e0 c\u00f4t\u00e9 du lit le temps de la phase aigu\u00eb.<\/li>\n<li><strong>Adapter les t\u00e9t\u00e9es et biberons nocturnes<\/strong> : accepter que, lors d\u2019une pouss\u00e9e de croissance ou d\u2019une maladie b\u00e9nigne, un b\u00e9b\u00e9 qui avait espac\u00e9 ses prises revienne temporairement \u00e0 davantage de repas de nuit ; une fois la phase pass\u00e9e, r\u00e9duire progressivement la dur\u00e9e ou le volume des t\u00e9t\u00e9es nocturnes, ou espacer les r\u00e9veils alimentaires, en fonction de l\u2019avis du <strong>p\u00e9diatre<\/strong>.<\/li>\n<li><strong>Limiter l\u2019\u00e9puisement parental<\/strong> : se relayer la nuit quand cela est possible, am\u00e9nager des plages de r\u00e9cup\u00e9ration pour le parent le plus sollicit\u00e9 (sieste en journ\u00e9e, coucher plus t\u00f4t), accepter des solutions transitoires comme un co\u2011dodo s\u00e9curis\u00e9 (en respectant les recommandations d\u2019organismes comme la <strong>Haute Autorit\u00e9 de Sant\u00e9<\/strong> en <strong>France<\/strong> ou l\u2019<strong>American Academy of Pediatrics<\/strong>), utiliser un matelas au sol dans la chambre de b\u00e9b\u00e9 lors des pics de r\u00e9veils.<\/li>\n<\/ul>\n<p>\nUn cas concret typique : un b\u00e9b\u00e9 de 4 mois \u00e0 <strong>Marseille<\/strong> se r\u00e9veille toutes les 2 heures. Nous pouvons, d\u00e8s ce soir, v\u00e9rifier la temp\u00e9rature de la chambre, assombrir davantage, avancer l\u2019heure du coucher de 30 minutes, proposer un rituel tr\u00e8s court mais stable (change, c\u00e2lin, petite phrase r\u00e9p\u00e9t\u00e9e), limiter les interactions ludiques lors des r\u00e9veils nocturnes, et, si la prise de poids est bonne, tenter d\u2019espacer progressivement l\u2019une des t\u00e9t\u00e9es de nuit sur plusieurs jours.<\/p>\n<h2>Strat\u00e9gies cibl\u00e9es par \u00e2ge : 4, 8, 12 mois et au\u2011del\u00e0<\/h2>\n<p>\nLes besoins d\u2019un b\u00e9b\u00e9 de 4 mois et ceux d\u2019un enfant de 20 mois ne sont pas comparables. Voici des rep\u00e8res pratiques par tranche d\u2019\u00e2ge. Ce sont des pistes d\u2019organisation, pas des recommandations m\u00e9dicales&nbsp;: en cas de doute, c\u2019est le m\u00e9decin ou le p\u00e9diatre qui tranche.<\/p>\n<ul>\n<li><strong>\u00c0 4 mois<\/strong> : expliquer que le cerveau r\u00e9organise ses cycles de sommeil, ce qui augmente les micro\u2011r\u00e9veils. Nous conseillons de mettre en place une premi\u00e8re vraie routine : coucher \u00e0 heure assez r\u00e9guli\u00e8re, bain ou toilette calme, lumi\u00e8re tamis\u00e9e, chanson r\u00e9currente. Les siestes peuvent encore \u00eatre nombreuses (3 \u00e0 4 par jour), mais nous \u00e9vitons les endormissements syst\u00e9matiques en mouvement (balade en voiture, poussette) quand cela devient le seul moyen de dormir.<\/li>\n<li><strong>\u00c0 8\u20139 mois<\/strong> : travailler sur l\u2019angoisse de s\u00e9paration \u00e0 travers des jeux de \u00ab\u00a0coucou\u2011cach\u00e9\u00a0\u00bb, des mini s\u00e9parations s\u00e9curis\u00e9es en journ\u00e9e, des rituels d\u2019au revoir tr\u00e8s clairs \u00e0 la cr\u00e8che, un temps de qualit\u00e9 avant le coucher (lecture courte, c\u00e2lins sans \u00e9cran ni t\u00e9l\u00e9phone). Nous conseillons de pr\u00e9venir verbalement l\u2019enfant quand nous quittons la pi\u00e8ce, m\u00eame s\u2019il ne comprend pas encore tous les mots.<\/li>\n<li><strong>\u00c0 12 mois<\/strong> : encadrer l\u2019exploration motrice avec suffisamment de temps de jeu actif en journ\u00e9e pour limiter le besoin de se lever constamment dans le lit, ajuster les siestes (deux siestes plus courtes, ou d\u00e9but de passage \u00e0 une seule sieste apr\u00e8s le d\u00e9jeuner), tout en \u00e9vitant la sur\u2011fatigue qui fragmente les nuits.<\/li>\n<li><strong>Apr\u00e8s 18 mois<\/strong> : prendre en compte l\u2019opposition, les cauchemars et les peurs du noir, introduire des routines symboliques (choix du livre, extinction de la lumi\u00e8re par l\u2019enfant, discussion tr\u00e8s br\u00e8ve sur la journ\u00e9e et le lendemain), rassurer face aux images mentales plus riches qui peuvent nourrir des peurs nouvelles.<\/li>\n<\/ul>\n<h2>Quand consulter un p\u00e9diatre ou un sp\u00e9cialiste du sommeil&nbsp;?<\/h2>\n<p>\nCette d\u00e9marche est l\u00e9gitime, surtout lorsqu\u2019une r\u00e9gression dure ou s\u2019accompagne de signes d\u2019alerte. Nous recommandons de consulter sans attendre si :<\/p>\n<ul>\n<li>les troubles du sommeil sont associ\u00e9s \u00e0 des sympt\u00f4mes physiques (fi\u00e8vre sup\u00e9rieure \u00e0 38,5&nbsp;?C, vomissements r\u00e9p\u00e9t\u00e9s, diarrh\u00e9e, toux g\u00eanante, difficult\u00e9s respiratoires, douleur manifeste) ;<\/li>\n<li>des <strong>ronflements importants<\/strong>, pauses respiratoires observ\u00e9es, \u00e9veils en sursaut avec respiration haletante, sueurs nocturnes abondantes sont not\u00e9s r\u00e9guli\u00e8rement ;<\/li>\n<li>la r\u00e9gression se prolonge au\u2011del\u00e0 de 6 semaines sans aucune am\u00e9lioration, malgr\u00e9 des ajustements raisonn\u00e9s de l\u2019hygi\u00e8ne de sommeil, une fois les facteurs contextuels pris en compte.<\/li>\n<\/ul>\n<p>\nLes professionnels mobilisables sont :<\/p>\n<ul>\n<li>le <strong>p\u00e9diatre<\/strong> ou le m\u00e9decin traitant, en premi\u00e8re intention, pour exclure une pathologie organique (reflux s\u00e9v\u00e8re, apn\u00e9es du sommeil, allergie, infection) ;<\/li>\n<li>un <strong>consultant en sommeil de l\u2019enfant<\/strong> form\u00e9, un <strong>psychologue sp\u00e9cialis\u00e9 en p\u00e9rinatalit\u00e9<\/strong>, ou des structures de soutien \u00e0 la parentalit\u00e9 (maisons des 1000 premiers jours, PMI en <strong>France<\/strong>) pour un accompagnement comportemental et \u00e9motionnel ;<\/li>\n<li>\u00e9ventuellement un <strong>centre du sommeil p\u00e9diatrique<\/strong> dans un CHU (comme \u00e0 <strong>H\u00f4pital Necker-Enfants Malades, Paris<\/strong>, ou au <strong>CHU de Lille<\/strong>) pour les situations complexes.<\/li>\n<\/ul>\n<p>\nPour pr\u00e9parer la consultation, nous pr\u00e9conisons de tenir pendant quelques jours un <u>carnet de sommeil<\/u> : heures de coucher, dur\u00e9e d\u2019endormissement, nombre et dur\u00e9e des r\u00e9veils, siestes, apports alimentaires, \u00e9v\u00e9nements particuliers. Noter les changements r\u00e9cents (entr\u00e9e en cr\u00e8che en septembre, retour au travail en mi\u2011temps, d\u00e9m\u00e9nagement) aide le professionnel \u00e0 interpr\u00e9ter la situation et \u00e0 proposer des ajustements r\u00e9alistes.<\/p>\n<h2>Conclusion : Rassurer, d\u00e9culpabiliser et encourager \u00e0 l\u2019action<\/h2>\n<p>\nLa <strong>r\u00e9gression du sommeil<\/strong> chez le b\u00e9b\u00e9 est, dans la grande majorit\u00e9 des cas, une <u>phase normale et temporaire<\/u>, intimement li\u00e9e \u00e0 la maturation du cerveau, \u00e0 l\u2019essor des comp\u00e9tences motrices et \u00e0 la vie \u00e9motionnelle intense des tout\u2011petits. Nous pensons qu\u2019en comprenant les <strong>causes<\/strong>, en reconnaissant les <strong>sympt\u00f4mes typiques<\/strong> et en s\u2019appuyant sur des <strong>habitudes de sommeil coh\u00e9rentes<\/strong>, les parents peuvent traverser ces \u00e9pisodes avec plus de s\u00e9r\u00e9nit\u00e9, m\u00eame si la fatigue reste r\u00e9elle.<\/p>\n<ul>\n<li><strong>Compr\u00e9hension<\/strong> : identifier les \u00e2ges cl\u00e9s, les facteurs d\u00e9clenchants, distinguer une r\u00e9gression d\u2019un trouble m\u00e9dical.<\/li>\n<li><strong>Action<\/strong> : structurer une routine de coucher, ajuster les siestes, cr\u00e9er un environnement apaisant, se relayer pour limiter l\u2019\u00e9puisement.<\/li>\n<li><strong>Soutien<\/strong> : consulter un professionnel sans h\u00e9sitation quand l\u2019inqui\u00e9tude grandit, partager ses difficult\u00e9s avec l\u2019entourage, recourir \u00e0 des ressources fiables.<\/li>\n<\/ul>\n<p>\nNous vous encourageons \u00e0 partager cet article avec d\u2019autres parents confront\u00e9s aux <strong>r\u00e9veils nocturnes<\/strong>, \u00e0 aborder vos questions avec un <strong>p\u00e9diatre<\/strong>, une <strong>sage\u2011femme<\/strong> ou un <strong>sp\u00e9cialiste du sommeil<\/strong>, et \u00e0 utiliser, lorsque le site qui h\u00e9berge ce contenu le propose, une fiche pratique r\u00e9capitulative ou un guide de <strong>rituel de coucher<\/strong> adapt\u00e9 \u00e0 l\u2019\u00e2ge de votre enfant. Le sommeil des b\u00e9b\u00e9s n\u2019est pas lin\u00e9aire, mais avec des rep\u00e8res solides, nous pouvons transformer ces r\u00e9gressions apparentes en \u00e9tapes franchies vers un sommeil plus autonome et plus paisible.<\/p>\n","protected":false},"excerpt":{"rendered":"","protected":false},"author":34,"featured_media":7654,"comment_status":"open","ping_status":"open","sticky":false,"template":"","format":"standard","meta":{"_acf_changed":false,"manual_indexmenow":false,"indexmenow_id_project":0,"footnotes":""},"categories":[4521],"tags":[4737,4738,4736],"class_list":["post-7652","post","type-post","status-publish","format-standard","has-post-thumbnail","hentry","category-developpement-de-lenfant","tag-bebe-sommeil","tag-conseils-parents","tag-regression-sommeil","generate-columns","tablet-grid-50","mobile-grid-100","grid-parent","grid-25"],"acf":[],"yoast_head":"<!-- This site is optimized with the Yoast SEO Premium plugin v21.3 (Yoast SEO v25.6) - https:\/\/yoast.com\/wordpress\/plugins\/seo\/ -->\n<title>R\u00e9gression du sommeil chez les b\u00e9b\u00e9s<\/title>\n<meta name=\"description\" content=\"Lorsque les nuits se d\u00e9litent apr\u00e8s quelques semaines plus paisibles, beaucoup de parents ont l\u2019impression de tout perdre ? et se demandent s\u2019ils ont mal\" \/>\n<meta name=\"robots\" content=\"index, follow, max-snippet:-1, max-image-preview:large, max-video-preview:-1\" \/>\n<link rel=\"canonical\" href=\"https:\/\/juliedrnd.net\/blog\/developpement-de-lenfant\/regression-du-sommeil-chez-les-bebes-causes-symptomes-et-solutions-efficaces\/\" \/>\n<meta property=\"og:locale\" content=\"fr_FR\" \/>\n<meta property=\"og:type\" content=\"article\" \/>\n<meta property=\"og:title\" content=\"R\u00e9gression du sommeil chez les b\u00e9b\u00e9s\" \/>\n<meta property=\"og:description\" content=\"Lorsque les nuits se d\u00e9litent apr\u00e8s quelques semaines plus paisibles, beaucoup de parents ont l\u2019impression de tout perdre ? et se demandent s\u2019ils ont mal\" \/>\n<meta property=\"og:url\" content=\"https:\/\/juliedrnd.net\/blog\/developpement-de-lenfant\/regression-du-sommeil-chez-les-bebes-causes-symptomes-et-solutions-efficaces\/\" \/>\n<meta property=\"og:site_name\" content=\"juliedrnd\" \/>\n<meta property=\"og:image\" content=\"https:\/\/juliedrnd.net\/blog\/wp-content\/uploads\/2025\/12\/pag-image-693aa6fdce3cc-scaled.png\" \/>\n\t<meta property=\"og:image:width\" content=\"1200\" \/>\n\t<meta property=\"og:image:height\" content=\"686\" \/>\n\t<meta property=\"og:image:type\" content=\"image\/png\" \/>\n<meta name=\"author\" content=\"Elodie Mazeau\" \/>\n<meta name=\"twitter:card\" content=\"summary_large_image\" \/>\n<script type=\"application\/ld+json\" class=\"yoast-schema-graph\">{\"@context\":\"https:\/\/schema.org\",\"@graph\":[{\"@type\":\"NewsArticle\",\"@id\":\"https:\/\/juliedrnd.net\/blog\/developpement-de-lenfant\/regression-du-sommeil-chez-les-bebes-causes-symptomes-et-solutions-efficaces\/#article\",\"isPartOf\":{\"@id\":\"https:\/\/juliedrnd.net\/blog\/developpement-de-lenfant\/regression-du-sommeil-chez-les-bebes-causes-symptomes-et-solutions-efficaces\/\"},\"author\":{\"name\":\"Elodie Mazeau\",\"@id\":\"https:\/\/juliedrnd.net\/blog\/#\/schema\/person\/3c864cdc320801e3db34b663e7e3f816\"},\"headline\":\"R\u00e9gression du sommeil chez les b\u00e9b\u00e9s : causes, sympt\u00f4mes et solutions efficaces\",\"datePublished\":\"2026-01-08T08:26:00+00:00\",\"dateModified\":\"2026-08-25T01:08:14+00:00\",\"mainEntityOfPage\":{\"@id\":\"https:\/\/juliedrnd.net\/blog\/developpement-de-lenfant\/regression-du-sommeil-chez-les-bebes-causes-symptomes-et-solutions-efficaces\/\"},\"wordCount\":3334,\"commentCount\":0,\"publisher\":{\"@id\":\"https:\/\/juliedrnd.net\/blog\/#organization\"},\"image\":{\"@id\":\"https:\/\/juliedrnd.net\/blog\/developpement-de-lenfant\/regression-du-sommeil-chez-les-bebes-causes-symptomes-et-solutions-efficaces\/#primaryimage\"},\"thumbnailUrl\":\"https:\/\/juliedrnd.net\/blog\/wp-content\/uploads\/2025\/12\/pag-image-693aa6fdce3cc-scaled.png\",\"keywords\":[\"bebe sommeil\",\"conseils parents\",\"regression sommeil\"],\"articleSection\":[\"D\u00e9veloppement de l'Enfant\"],\"inLanguage\":\"fr-FR\",\"potentialAction\":[{\"@type\":\"CommentAction\",\"name\":\"Comment\",\"target\":[\"https:\/\/juliedrnd.net\/blog\/developpement-de-lenfant\/regression-du-sommeil-chez-les-bebes-causes-symptomes-et-solutions-efficaces\/#respond\"]}]},{\"@type\":\"WebPage\",\"@id\":\"https:\/\/juliedrnd.net\/blog\/developpement-de-lenfant\/regression-du-sommeil-chez-les-bebes-causes-symptomes-et-solutions-efficaces\/\",\"url\":\"https:\/\/juliedrnd.net\/blog\/developpement-de-lenfant\/regression-du-sommeil-chez-les-bebes-causes-symptomes-et-solutions-efficaces\/\",\"name\":\"R\u00e9gression du sommeil chez les b\u00e9b\u00e9s\",\"isPartOf\":{\"@id\":\"https:\/\/juliedrnd.net\/blog\/#website\"},\"primaryImageOfPage\":{\"@id\":\"https:\/\/juliedrnd.net\/blog\/developpement-de-lenfant\/regression-du-sommeil-chez-les-bebes-causes-symptomes-et-solutions-efficaces\/#primaryimage\"},\"image\":{\"@id\":\"https:\/\/juliedrnd.net\/blog\/developpement-de-lenfant\/regression-du-sommeil-chez-les-bebes-causes-symptomes-et-solutions-efficaces\/#primaryimage\"},\"thumbnailUrl\":\"https:\/\/juliedrnd.net\/blog\/wp-content\/uploads\/2025\/12\/pag-image-693aa6fdce3cc-scaled.png\",\"datePublished\":\"2026-01-08T08:26:00+00:00\",\"dateModified\":\"2026-08-25T01:08:14+00:00\",\"description\":\"Lorsque les nuits se d\u00e9litent apr\u00e8s quelques semaines plus paisibles, beaucoup de parents ont l\u2019impression de tout perdre ? et se demandent s\u2019ils ont mal\",\"inLanguage\":\"fr-FR\",\"potentialAction\":[{\"@type\":\"ReadAction\",\"target\":[\"https:\/\/juliedrnd.net\/blog\/developpement-de-lenfant\/regression-du-sommeil-chez-les-bebes-causes-symptomes-et-solutions-efficaces\/\"]}]},{\"@type\":\"ImageObject\",\"inLanguage\":\"fr-FR\",\"@id\":\"https:\/\/juliedrnd.net\/blog\/developpement-de-lenfant\/regression-du-sommeil-chez-les-bebes-causes-symptomes-et-solutions-efficaces\/#primaryimage\",\"url\":\"https:\/\/juliedrnd.net\/blog\/wp-content\/uploads\/2025\/12\/pag-image-693aa6fdce3cc-scaled.png\",\"contentUrl\":\"https:\/\/juliedrnd.net\/blog\/wp-content\/uploads\/2025\/12\/pag-image-693aa6fdce3cc-scaled.png\",\"width\":1200,\"height\":686,\"caption\":\"Image g\u00e9n\u00e9r\u00e9e par IA optimis\u00e9e pour Google Discover\"},{\"@type\":\"WebSite\",\"@id\":\"https:\/\/juliedrnd.net\/blog\/#website\",\"url\":\"https:\/\/juliedrnd.net\/blog\/\",\"name\":\"juliedrnd.net\",\"description\":\"Vivez, cr\u00e9ez, r\u00eavez.\",\"publisher\":{\"@id\":\"https:\/\/juliedrnd.net\/blog\/#organization\"},\"alternateName\":\"Vivez, cr\u00e9ez, r\u00eavez.\",\"potentialAction\":[{\"@type\":\"SearchAction\",\"target\":{\"@type\":\"EntryPoint\",\"urlTemplate\":\"https:\/\/juliedrnd.net\/blog\/?s={search_term_string}\"},\"query-input\":{\"@type\":\"PropertyValueSpecification\",\"valueRequired\":true,\"valueName\":\"search_term_string\"}}],\"inLanguage\":\"fr-FR\"},{\"@type\":\"Organization\",\"@id\":\"https:\/\/juliedrnd.net\/blog\/#organization\",\"name\":\"Julie Drnd\",\"url\":\"https:\/\/juliedrnd.net\/blog\/\",\"logo\":{\"@type\":\"ImageObject\",\"inLanguage\":\"fr-FR\",\"@id\":\"https:\/\/juliedrnd.net\/blog\/#\/schema\/logo\/image\/\",\"url\":\"https:\/\/juliedrnd.net\/blog\/wp-content\/uploads\/2024\/12\/15.png\",\"contentUrl\":\"https:\/\/juliedrnd.net\/blog\/wp-content\/uploads\/2024\/12\/15.png\",\"width\":500,\"height\":500,\"caption\":\"Julie Drnd\"},\"image\":{\"@id\":\"https:\/\/juliedrnd.net\/blog\/#\/schema\/logo\/image\/\"}},{\"@type\":\"Person\",\"@id\":\"https:\/\/juliedrnd.net\/blog\/#\/schema\/person\/3c864cdc320801e3db34b663e7e3f816\",\"name\":\"Elodie Mazeau\",\"image\":{\"@type\":\"ImageObject\",\"inLanguage\":\"fr-FR\",\"@id\":\"https:\/\/juliedrnd.net\/blog\/#\/schema\/person\/image\/\",\"url\":\"https:\/\/juliedrnd.net\/blog\/wp-content\/uploads\/2026\/06\/persona_elodie-m-96x96.jpg\",\"contentUrl\":\"https:\/\/juliedrnd.net\/blog\/wp-content\/uploads\/2026\/06\/persona_elodie-m-96x96.jpg\",\"caption\":\"Elodie Mazeau\"},\"description\":\"J'\u00e9cris sur la parentalit\u00e9 telle qu'elle se vit vraiment, du premier biberon aux premi\u00e8res col\u00e8res. Mes sujets de pr\u00e9dilection couvrent le quotidien des familles : sommeil, alimentation, organisation, pu\u00e9riculture et ces petites gal\u00e8res que tout parent conna\u00eet. Depuis plusieurs ann\u00e9es, je m'attache \u00e0 proposer des rep\u00e8res concrets plut\u00f4t que des le\u00e7ons, parce que chaque famille trouve son propre \u00e9quilibre. Je v\u00e9rifie mes informations aupr\u00e8s de sources fiables, surtout d\u00e8s qu'on touche \u00e0 la sant\u00e9 ou \u00e0 la s\u00e9curit\u00e9 de l'enfant, et je pr\u00e9cise quand un avis professionnel s'impose. J'\u00e9vite soigneusement la culpabilisation : \u00eatre parent est d\u00e9j\u00e0 assez exigeant. Mon ton se veut complice et bienveillant, un peu comme une discussion entre parents qui se comprennent. L'id\u00e9e est d'all\u00e9ger la charge mentale en donnant des solutions simples et test\u00e9es.\",\"sameAs\":[\"https:\/\/elodiemazeau.fr\/\"],\"url\":\"https:\/\/juliedrnd.net\/blog\/auteur\/noname\/\"}]}<\/script>\n<!-- \/ Yoast SEO Premium plugin. -->","yoast_head_json":{"title":"R\u00e9gression du sommeil chez les b\u00e9b\u00e9s","description":"Lorsque les nuits se d\u00e9litent apr\u00e8s quelques semaines plus paisibles, beaucoup de parents ont l\u2019impression de tout perdre ? et se demandent s\u2019ils ont mal","robots":{"index":"index","follow":"follow","max-snippet":"max-snippet:-1","max-image-preview":"max-image-preview:large","max-video-preview":"max-video-preview:-1"},"canonical":"https:\/\/juliedrnd.net\/blog\/developpement-de-lenfant\/regression-du-sommeil-chez-les-bebes-causes-symptomes-et-solutions-efficaces\/","og_locale":"fr_FR","og_type":"article","og_title":"R\u00e9gression du sommeil chez les b\u00e9b\u00e9s","og_description":"Lorsque les nuits se d\u00e9litent apr\u00e8s quelques semaines plus paisibles, beaucoup de parents ont l\u2019impression de tout perdre ? et se demandent s\u2019ils ont mal","og_url":"https:\/\/juliedrnd.net\/blog\/developpement-de-lenfant\/regression-du-sommeil-chez-les-bebes-causes-symptomes-et-solutions-efficaces\/","og_site_name":"juliedrnd","og_image":[{"width":1200,"height":686,"url":"https:\/\/juliedrnd.net\/blog\/wp-content\/uploads\/2025\/12\/pag-image-693aa6fdce3cc-scaled.png","type":"image\/png"}],"author":"Elodie Mazeau","twitter_card":"summary_large_image","schema":{"@context":"https:\/\/schema.org","@graph":[{"@type":"NewsArticle","@id":"https:\/\/juliedrnd.net\/blog\/developpement-de-lenfant\/regression-du-sommeil-chez-les-bebes-causes-symptomes-et-solutions-efficaces\/#article","isPartOf":{"@id":"https:\/\/juliedrnd.net\/blog\/developpement-de-lenfant\/regression-du-sommeil-chez-les-bebes-causes-symptomes-et-solutions-efficaces\/"},"author":{"name":"Elodie Mazeau","@id":"https:\/\/juliedrnd.net\/blog\/#\/schema\/person\/3c864cdc320801e3db34b663e7e3f816"},"headline":"R\u00e9gression du sommeil chez les b\u00e9b\u00e9s : causes, sympt\u00f4mes et solutions efficaces","datePublished":"2026-01-08T08:26:00+00:00","dateModified":"2026-08-25T01:08:14+00:00","mainEntityOfPage":{"@id":"https:\/\/juliedrnd.net\/blog\/developpement-de-lenfant\/regression-du-sommeil-chez-les-bebes-causes-symptomes-et-solutions-efficaces\/"},"wordCount":3334,"commentCount":0,"publisher":{"@id":"https:\/\/juliedrnd.net\/blog\/#organization"},"image":{"@id":"https:\/\/juliedrnd.net\/blog\/developpement-de-lenfant\/regression-du-sommeil-chez-les-bebes-causes-symptomes-et-solutions-efficaces\/#primaryimage"},"thumbnailUrl":"https:\/\/juliedrnd.net\/blog\/wp-content\/uploads\/2025\/12\/pag-image-693aa6fdce3cc-scaled.png","keywords":["bebe sommeil","conseils parents","regression sommeil"],"articleSection":["D\u00e9veloppement de l'Enfant"],"inLanguage":"fr-FR","potentialAction":[{"@type":"CommentAction","name":"Comment","target":["https:\/\/juliedrnd.net\/blog\/developpement-de-lenfant\/regression-du-sommeil-chez-les-bebes-causes-symptomes-et-solutions-efficaces\/#respond"]}]},{"@type":"WebPage","@id":"https:\/\/juliedrnd.net\/blog\/developpement-de-lenfant\/regression-du-sommeil-chez-les-bebes-causes-symptomes-et-solutions-efficaces\/","url":"https:\/\/juliedrnd.net\/blog\/developpement-de-lenfant\/regression-du-sommeil-chez-les-bebes-causes-symptomes-et-solutions-efficaces\/","name":"R\u00e9gression du sommeil chez les b\u00e9b\u00e9s","isPartOf":{"@id":"https:\/\/juliedrnd.net\/blog\/#website"},"primaryImageOfPage":{"@id":"https:\/\/juliedrnd.net\/blog\/developpement-de-lenfant\/regression-du-sommeil-chez-les-bebes-causes-symptomes-et-solutions-efficaces\/#primaryimage"},"image":{"@id":"https:\/\/juliedrnd.net\/blog\/developpement-de-lenfant\/regression-du-sommeil-chez-les-bebes-causes-symptomes-et-solutions-efficaces\/#primaryimage"},"thumbnailUrl":"https:\/\/juliedrnd.net\/blog\/wp-content\/uploads\/2025\/12\/pag-image-693aa6fdce3cc-scaled.png","datePublished":"2026-01-08T08:26:00+00:00","dateModified":"2026-08-25T01:08:14+00:00","description":"Lorsque les nuits se d\u00e9litent apr\u00e8s quelques semaines plus paisibles, beaucoup de parents ont l\u2019impression de tout perdre ? et se demandent s\u2019ils ont mal","inLanguage":"fr-FR","potentialAction":[{"@type":"ReadAction","target":["https:\/\/juliedrnd.net\/blog\/developpement-de-lenfant\/regression-du-sommeil-chez-les-bebes-causes-symptomes-et-solutions-efficaces\/"]}]},{"@type":"ImageObject","inLanguage":"fr-FR","@id":"https:\/\/juliedrnd.net\/blog\/developpement-de-lenfant\/regression-du-sommeil-chez-les-bebes-causes-symptomes-et-solutions-efficaces\/#primaryimage","url":"https:\/\/juliedrnd.net\/blog\/wp-content\/uploads\/2025\/12\/pag-image-693aa6fdce3cc-scaled.png","contentUrl":"https:\/\/juliedrnd.net\/blog\/wp-content\/uploads\/2025\/12\/pag-image-693aa6fdce3cc-scaled.png","width":1200,"height":686,"caption":"Image g\u00e9n\u00e9r\u00e9e par IA optimis\u00e9e pour Google Discover"},{"@type":"WebSite","@id":"https:\/\/juliedrnd.net\/blog\/#website","url":"https:\/\/juliedrnd.net\/blog\/","name":"juliedrnd.net","description":"Vivez, cr\u00e9ez, r\u00eavez.","publisher":{"@id":"https:\/\/juliedrnd.net\/blog\/#organization"},"alternateName":"Vivez, cr\u00e9ez, r\u00eavez.","potentialAction":[{"@type":"SearchAction","target":{"@type":"EntryPoint","urlTemplate":"https:\/\/juliedrnd.net\/blog\/?s={search_term_string}"},"query-input":{"@type":"PropertyValueSpecification","valueRequired":true,"valueName":"search_term_string"}}],"inLanguage":"fr-FR"},{"@type":"Organization","@id":"https:\/\/juliedrnd.net\/blog\/#organization","name":"Julie Drnd","url":"https:\/\/juliedrnd.net\/blog\/","logo":{"@type":"ImageObject","inLanguage":"fr-FR","@id":"https:\/\/juliedrnd.net\/blog\/#\/schema\/logo\/image\/","url":"https:\/\/juliedrnd.net\/blog\/wp-content\/uploads\/2024\/12\/15.png","contentUrl":"https:\/\/juliedrnd.net\/blog\/wp-content\/uploads\/2024\/12\/15.png","width":500,"height":500,"caption":"Julie Drnd"},"image":{"@id":"https:\/\/juliedrnd.net\/blog\/#\/schema\/logo\/image\/"}},{"@type":"Person","@id":"https:\/\/juliedrnd.net\/blog\/#\/schema\/person\/3c864cdc320801e3db34b663e7e3f816","name":"Elodie Mazeau","image":{"@type":"ImageObject","inLanguage":"fr-FR","@id":"https:\/\/juliedrnd.net\/blog\/#\/schema\/person\/image\/","url":"https:\/\/juliedrnd.net\/blog\/wp-content\/uploads\/2026\/06\/persona_elodie-m-96x96.jpg","contentUrl":"https:\/\/juliedrnd.net\/blog\/wp-content\/uploads\/2026\/06\/persona_elodie-m-96x96.jpg","caption":"Elodie Mazeau"},"description":"J'\u00e9cris sur la parentalit\u00e9 telle qu'elle se vit vraiment, du premier biberon aux premi\u00e8res col\u00e8res. Mes sujets de pr\u00e9dilection couvrent le quotidien des familles : sommeil, alimentation, organisation, pu\u00e9riculture et ces petites gal\u00e8res que tout parent conna\u00eet. Depuis plusieurs ann\u00e9es, je m'attache \u00e0 proposer des rep\u00e8res concrets plut\u00f4t que des le\u00e7ons, parce que chaque famille trouve son propre \u00e9quilibre. Je v\u00e9rifie mes informations aupr\u00e8s de sources fiables, surtout d\u00e8s qu'on touche \u00e0 la sant\u00e9 ou \u00e0 la s\u00e9curit\u00e9 de l'enfant, et je pr\u00e9cise quand un avis professionnel s'impose. J'\u00e9vite soigneusement la culpabilisation : \u00eatre parent est d\u00e9j\u00e0 assez exigeant. Mon ton se veut complice et bienveillant, un peu comme une discussion entre parents qui se comprennent. L'id\u00e9e est d'all\u00e9ger la charge mentale en donnant des solutions simples et test\u00e9es.","sameAs":["https:\/\/elodiemazeau.fr\/"],"url":"https:\/\/juliedrnd.net\/blog\/auteur\/noname\/"}]}},"_links":{"self":[{"href":"https:\/\/juliedrnd.net\/blog\/wp-json\/wp\/v2\/posts\/7652","targetHints":{"allow":["GET"]}}],"collection":[{"href":"https:\/\/juliedrnd.net\/blog\/wp-json\/wp\/v2\/posts"}],"about":[{"href":"https:\/\/juliedrnd.net\/blog\/wp-json\/wp\/v2\/types\/post"}],"author":[{"embeddable":true,"href":"https:\/\/juliedrnd.net\/blog\/wp-json\/wp\/v2\/users\/34"}],"replies":[{"embeddable":true,"href":"https:\/\/juliedrnd.net\/blog\/wp-json\/wp\/v2\/comments?post=7652"}],"version-history":[{"count":1,"href":"https:\/\/juliedrnd.net\/blog\/wp-json\/wp\/v2\/posts\/7652\/revisions"}],"predecessor-version":[{"id":7695,"href":"https:\/\/juliedrnd.net\/blog\/wp-json\/wp\/v2\/posts\/7652\/revisions\/7695"}],"wp:featuredmedia":[{"embeddable":true,"href":"https:\/\/juliedrnd.net\/blog\/wp-json\/wp\/v2\/media\/7654"}],"wp:attachment":[{"href":"https:\/\/juliedrnd.net\/blog\/wp-json\/wp\/v2\/media?parent=7652"}],"wp:term":[{"taxonomy":"category","embeddable":true,"href":"https:\/\/juliedrnd.net\/blog\/wp-json\/wp\/v2\/categories?post=7652"},{"taxonomy":"post_tag","embeddable":true,"href":"https:\/\/juliedrnd.net\/blog\/wp-json\/wp\/v2\/tags?post=7652"}],"curies":[{"name":"wp","href":"https:\/\/api.w.org\/{rel}","templated":true}]}}