{"id":7649,"date":"2026-01-05T09:00:00","date_gmt":"2026-01-05T08:00:00","guid":{"rendered":"https:\/\/juliedrnd.net\/blog\/?p=7649"},"modified":"2026-08-25T02:59:20","modified_gmt":"2026-08-25T00:59:20","slug":"allergie-aux-crevettes-symptomes-causes-et-conseils-pour-la-reconnaitre","status":"publish","type":"post","link":"https:\/\/juliedrnd.net\/blog\/alimentation-et-sante-des-enfants\/allergie-aux-crevettes-symptomes-causes-et-conseils-pour-la-reconnaitre\/","title":{"rendered":"Allergie aux crevettes : sympt\u00f4mes, causes et conseils pour la reconna\u00eetre"},"content":{"rendered":"<div style=\"background: linear-gradient(135deg, #f5f7fa 0%, #e9ecef 100%);border-left: 4px solid #0073aa;padding: 15px 20px;margin: 0 0 25px 0;border-radius: 0 8px 8px 0\">\n<p style=\"margin: 0;font-size: 14px;color: #0073aa;font-weight: 600;text-transform: uppercase;letter-spacing: 1px;margin-bottom: 10px\">En bref<\/p>\n<ul style=\"margin: 0;padding-left: 20px;list-style-type: none\">\n<li style=\"margin: 5px 0;color: #333;font-size: 15px;line-height: 1.5;position: relative;padding-left: 15px\"><span style=\"position: absolute;left: 0;color: #0073aa\">\u25b8<\/span> L&#039;allergie aux crevettes est une r\u00e9action immunitaire qui provoque des manifestations <strong>imm\u00e9diates<\/strong> apr\u00e8s l&#039;ingestion&nbsp;: cutan\u00e9es, digestives, respiratoires, jusqu&#039;au choc anaphylactique. Elle se diagnostique chez un m\u00e9decin, jamais soi-m\u00eame. En cas de g\u00eane respiratoire brutale ou de malaise&nbsp;: adr\u00e9naline auto-injectable si elle a \u00e9t\u00e9 prescrite, puis <strong>15<\/strong> ou <strong>112<\/strong>.<\/li>\n<\/ul>\n<\/div>\n<div style=\"background:#fff4f4;border:1px solid #e0b4b4;border-left:5px solid #c0392b;padding:14px 18px;margin:0 0 25px 0;border-radius:0 6px 6px 0\">\n<p style=\"margin:0;font-size:15px;line-height:1.55\"><strong>Cet article est un article d&#039;information de parents, pas un avis m\u00e9dical.<\/strong> Il ne remplace ni une consultation, ni un diagnostic. Les allergies aux crustac\u00e9s peuvent provoquer des r\u00e9actions graves&nbsp;: seul un m\u00e9decin, si possible un allergologue, peut confirmer une allergie et prescrire une conduite \u00e0 tenir.<\/p>\n<\/div>\n<h2>Qu&#039;est-ce que l&#039;allergie aux crevettes&nbsp;?<\/h2>\n<p>La crevette est un crustac\u00e9. Une <strong>allergie alimentaire<\/strong> est, selon l&#039;Assurance Maladie, \u00ab&nbsp;un ensemble de r\u00e9actions immunitaires anormales, survenant apr\u00e8s l&#039;ingestion d&#039;un aliment particulier&nbsp;\u00bb. \u00c0 la diff\u00e9rence d&#039;une intol\u00e9rance, qui rel\u00e8ve de la digestion, l&#039;allergie met en jeu le syst\u00e8me immunitaire et provoque des \u00ab&nbsp;manifestations imm\u00e9diates apr\u00e8s l&#039;ingestion&nbsp;\u00bb (<a href=\"https:\/\/www.ameli.fr\/assure\/sante\/themes\/allergie-alimentaire\/definition-symptomes\" rel=\"nofollow noopener\" target=\"_blank\">ameli.fr<\/a>).<\/p>\n<p>Les poissons, crustac\u00e9s et mollusques figurent parmi les allerg\u00e8nes alimentaires les plus fr\u00e9quemment en cause chez l&#039;adulte, aux c\u00f4t\u00e9s de certains fruits, du gluten, du soja, du c\u00e9leri, de la moutarde, du s\u00e9same ou du lupin. L&#039;Assurance Maladie pr\u00e9cise que la fr\u00e9quence des allergies alimentaires \u00ab&nbsp;est mal \u00e9valu\u00e9e, mais elle toucherait 6&nbsp;% des enfants, et plus de 3&nbsp;% des adultes&nbsp;\u00bb \u2014 tous aliments confondus. <strong>Nous ne publions pas de chiffre de pr\u00e9valence propre \u00e0 la crevette&nbsp;: il n&#039;en existe pas de source officielle fran\u00e7aise.<\/strong><\/p>\n<h2>Les sympt\u00f4mes d&#039;une allergie aux crevettes<\/h2>\n<p>Les manifestations d\u00e9crites par l&#039;Assurance Maladie pour une allergie alimentaire se retrouvent ici. Elles apparaissent de fa\u00e7on imm\u00e9diate apr\u00e8s l&#039;ingestion&nbsp;:<\/p>\n<ul>\n<li><strong>Peau et yeux<\/strong>&nbsp;: \u00e9ruption cutan\u00e9e, d\u00e9mangeaisons (prurit), urticaire aigu localis\u00e9 ou g\u00e9n\u00e9ralis\u00e9, ecz\u00e9ma, rougeur des yeux, conjonctivite allergique, ecz\u00e9ma des paupi\u00e8res.<\/li>\n<li><strong>Bouche et gorge<\/strong>&nbsp;: syndrome oral, avec des d\u00e9mangeaisons au niveau du palais et de la gorge.<\/li>\n<li><strong>Digestif<\/strong>&nbsp;: douleurs abdominales, naus\u00e9es, vomissements, diarrh\u00e9e.<\/li>\n<li><strong>ORL et respiratoire<\/strong>&nbsp;: rhinite, toux, voire crises d&#039;asthme.<\/li>\n<\/ul>\n<p>L&#039;Assurance Maladie signale aussi des formes graves&nbsp;: \u00ab&nbsp;un \u0153d\u00e8me pharyng\u00e9 ou laryng\u00e9 (aussi appel\u00e9 \u0153d\u00e8me de Quincke)&nbsp;; une crise d&#039;asthme importante&nbsp;; un choc anaphylactique&nbsp;\u00bb. Le choc anaphylactique associe des signes respiratoires, cutan\u00e9s et cardio-vasculaires et \u00ab&nbsp;demande un traitement d&#039;urgence adapt\u00e9, \u00e0 savoir une injection intramusculaire d&#039;adr\u00e9naline&nbsp;[\u2026] et une hospitalisation&nbsp;\u00bb.<\/p>\n<p><strong>Ne minimisez jamais une r\u00e9action respiratoire.<\/strong> Une g\u00eane \u00e0 respirer, une voix qui change, une sensation de gorge qui se ferme, un malaise&nbsp;: ce sont des signes d&#039;urgence, pas des d\u00e9sagr\u00e9ments \u00e0 surveiller \u00e0 la maison.<\/p>\n<h2>Comment le diagnostic se fait-il&nbsp;?<\/h2>\n<p>Le diagnostic est un acte m\u00e9dical. L&#039;auto-diagnostic, comme les tests d&#039;\u00ab&nbsp;intol\u00e9rance alimentaire&nbsp;\u00bb vendus en ligne, ne permet pas de conclure. La d\u00e9marche d\u00e9crite par l&#039;Assurance Maladie (<a href=\"https:\/\/www.ameli.fr\/assure\/sante\/themes\/allergie-alimentaire\/que-faire-consultation-medicale\" rel=\"nofollow noopener\" target=\"_blank\">ameli.fr<\/a>) s&#039;appuie sur&nbsp;:<\/p>\n<ul>\n<li><strong>L&#039;interrogatoire m\u00e9dical<\/strong>&nbsp;: quel aliment, quel d\u00e9lai, quels signes, quels ant\u00e9c\u00e9dents.<\/li>\n<li><strong>Les prick-tests<\/strong>&nbsp;: le m\u00e9decin d\u00e9pose une goutte de chaque allerg\u00e8ne suspect\u00e9 sur la peau et pique \u00e0 travers la goutte. \u00ab&nbsp;La r\u00e9action provoqu\u00e9e est \u00e9valu\u00e9e au bout de 15 minutes en mesurant la rougeur et le gonflement qui en r\u00e9sultent (papule rouge).&nbsp;\u00bb Un t\u00e9moin n\u00e9gatif est r\u00e9alis\u00e9 en parall\u00e8le. Ces tests peuvent \u00eatre utilis\u00e9s chez le jeune enfant.<\/li>\n<li><strong>Le dosage sanguin des IgE sp\u00e9cifiques<\/strong>, non syst\u00e9matique, quand le prick-test n&#039;est pas r\u00e9alisable.<\/li>\n<li><strong>Le test de provocation orale<\/strong>, en cas de doute persistant, \u00ab&nbsp;effectu\u00e9 en milieu hospitalier&nbsp;\u00bb en raison du risque de choc anaphylactique.<\/li>\n<\/ul>\n<h2>Traitement et vie quotidienne<\/h2>\n<p>Il n&#039;existe pas de traitement qui fasse dispara\u00eetre une allergie alimentaire \u00e0 la demande. L&#039;Assurance Maladie rappelle que \u00ab&nbsp;la suppression de l&#039;exposition \u00e0 l&#039;allerg\u00e8ne en cause est n\u00e9cessaire pour \u00e9viter la r\u00e9cidive des manifestations allergiques&nbsp;\u00bb, et mentionne la d\u00e9sensibilisation comme une option qui \u00ab&nbsp;rend la personne tol\u00e9rante \u00e0 l&#039;allerg\u00e8ne&nbsp;\u00bb (<a href=\"https:\/\/www.ameli.fr\/assure\/sante\/themes\/allergie\/traitement-allergie\" rel=\"nofollow noopener\" target=\"_blank\">ameli.fr<\/a>). Ce qui est adapt\u00e9 \u00e0 votre situation se d\u00e9cide avec votre m\u00e9decin, pas sur internet.<\/p>\n<h3>En cas de r\u00e9action grave<\/h3>\n<p>Si un kit d&#039;urgence a \u00e9t\u00e9 prescrit&nbsp;: \u00ab&nbsp;Cette trousse contient une dose auto-injectable d&#039;adr\u00e9naline&nbsp;[\u2026]. Elle s&#039;utilise en cas de choc anaphylactique, sans attendre les secours.&nbsp;\u00bb Le geste d\u00e9crit par l&#039;Assurance Maladie&nbsp;: \u00ab&nbsp;positionner le stylo sur le bord ext\u00e9rieur de votre cuisse. Maintenez ensuite une pression sur le bouton d\u00e9clencheur pendant dix secondes.&nbsp;\u00bb Une prise en charge hospitali\u00e8re reste n\u00e9cessaire apr\u00e8s toute injection.<\/p>\n<p><strong>Num\u00e9ros d&#039;urgence&nbsp;: Samu 15 &middot; Pompiers 18 &middot; Appel d&#039;urgence europ\u00e9en 112.<\/strong> Ces num\u00e9ros sont gratuits et joignables depuis un t\u00e9l\u00e9phone m\u00eame bloqu\u00e9 ou sans cr\u00e9dit.<\/p>\n<h3>\u00c0 l&#039;\u00e9cole et \u00e0 la cr\u00e8che<\/h3>\n<p>Pour un enfant, l&#039;Assurance Maladie d\u00e9crit le <strong>projet d&#039;accueil individualis\u00e9 (PAI)<\/strong>&nbsp;: \u00ab&nbsp;vous pouvez confier une trousse d&#039;urgence \u00e0 son \u00e9tablissement. Elle sera accompagn\u00e9e d&#039;un protocole de soins pr\u00e9d\u00e9fini en cas de choc anaphylactique.&nbsp;\u00bb Ce document est \u00e9labor\u00e9 \u00e0 la demande de la famille, avec le directeur de la structure d&#039;accueil et le m\u00e9decin scolaire.<\/p>\n<h2>Lire les \u00e9tiquettes&nbsp;: les crustac\u00e9s sont un allerg\u00e8ne \u00e0 d\u00e9claration obligatoire<\/h2>\n<p>C&#039;est le point le plus concret au quotidien. En Europe, \u00ab&nbsp;l&#039;\u00e9tiquetage des aliments pr\u00e9-emball\u00e9s doit signaler le ou les allerg\u00e8nes pr\u00e9sents suivants&nbsp;: c\u00e9r\u00e9ales contenant du gluten, <strong>crustac\u00e9s<\/strong>, \u0153uf, poisson, arachide, soja, lait, fruits \u00e0 coque, c\u00e9leri, moutarde, s\u00e9same, sulfites, lupin et mollusques&nbsp;\u00bb. Ces allerg\u00e8nes \u00ab&nbsp;figurent sur la liste des ingr\u00e9dients et sont mis en \u00e9vidence (en gras, soulign\u00e9 ou en italique)&nbsp;\u00bb.<\/p>\n<p>Concr\u00e8tement, la crevette peut se cacher l\u00e0 o\u00f9 on ne la lit pas&nbsp;: bouillons, sauces, raviolis, plats pr\u00e9par\u00e9s, surimi, m\u00e9langes d&#039;\u00e9pices pour fruits de mer. La contamination crois\u00e9e en cuisine (m\u00eame grill, m\u00eame huile de friture, m\u00eame planche) n&#039;appara\u00eet sur aucune \u00e9tiquette&nbsp;: elle se demande, oralement, au restaurant.<\/p>\n<p>Quant aux autres crustac\u00e9s \u2014 crabe, homard, langoustine, \u00e9crevisse \u2014 <strong>c&#039;est l&#039;allergologue qui dit s&#039;ils doivent \u00eatre \u00e9vit\u00e9s eux aussi<\/strong>. Nous ne trancherons pas \u00e0 sa place&nbsp;: cela d\u00e9pend du bilan de chaque personne.<\/p>\n<h2>O\u00f9 s&#039;informer ensuite<\/h2>\n<p>Deux ressources fran\u00e7aises s\u00e9rieuses&nbsp;: la <a href=\"https:\/\/sfa.lesallergies.fr\" rel=\"nofollow noopener\" target=\"_blank\">Soci\u00e9t\u00e9 Fran\u00e7aise d&#039;Allergologie<\/a>, soci\u00e9t\u00e9 savante des allergologues, et <a href=\"https:\/\/allergodiet.org\" rel=\"nofollow noopener\" target=\"_blank\">AllergoDiet<\/a>, son groupe de travail de di\u00e9t\u00e9ticiens-nutritionnistes, pour les questions d&#039;\u00e9viction alimentaire au quotidien.<\/p>\n<p><em>Sources&nbsp;: Assurance Maladie (ameli.fr) \u2014 \u00ab&nbsp;Allergie alimentaire&nbsp;: d\u00e9finition et sympt\u00f4mes&nbsp;\u00bb, \u00ab&nbsp;Allergie alimentaire&nbsp;: la consultation m\u00e9dicale et les mesures au quotidien&nbsp;\u00bb, \u00ab&nbsp;Traitement de l&#039;allergie&nbsp;\u00bb, consult\u00e9es le 25 ao\u00fbt 2026.<\/em><\/p>\n","protected":false},"excerpt":{"rendered":"","protected":false},"author":34,"featured_media":7651,"comment_status":"open","ping_status":"open","sticky":false,"template":"","format":"standard","meta":{"_acf_changed":false,"manual_indexmenow":false,"indexmenow_id_project":0,"footnotes":""},"categories":[4523],"tags":[4733,4735,4734],"class_list":["post-7649","post","type-post","status-publish","format-standard","has-post-thumbnail","hentry","category-alimentation-et-sante-des-enfants","tag-allergie-crevette","tag-allergie-crustaces","tag-symptomes-allergie","generate-columns","tablet-grid-50","mobile-grid-100","grid-parent","grid-25"],"acf":[],"yoast_head":"<!-- This site is optimized with the Yoast SEO Premium plugin v21.3 (Yoast SEO v25.6) - https:\/\/yoast.com\/wordpress\/plugins\/seo\/ -->\n<title>Allergie aux crevettes : sympt\u00f4mes, causes et conseils<\/title>\n<meta name=\"description\" content=\"Allergie aux crevettes : sympt\u00f4mes imm\u00e9diats, diagnostic chez l&#039;allergologue, conduite \u00e0 tenir en cas de r\u00e9action grave et \u00e9tiquetage. Sources ameli.fr.\" \/>\n<meta name=\"robots\" content=\"index, follow, max-snippet:-1, max-image-preview:large, max-video-preview:-1\" \/>\n<link rel=\"canonical\" href=\"https:\/\/juliedrnd.net\/blog\/alimentation-et-sante-des-enfants\/allergie-aux-crevettes-symptomes-causes-et-conseils-pour-la-reconnaitre\/\" \/>\n<meta property=\"og:locale\" content=\"fr_FR\" \/>\n<meta property=\"og:type\" content=\"article\" \/>\n<meta property=\"og:title\" content=\"Allergie aux crevettes : sympt\u00f4mes, causes et conseils\" \/>\n<meta property=\"og:description\" content=\"Allergie aux crevettes : sympt\u00f4mes imm\u00e9diats, diagnostic chez l&#039;allergologue, conduite \u00e0 tenir en cas de r\u00e9action grave et \u00e9tiquetage. Sources ameli.fr.\" \/>\n<meta property=\"og:url\" content=\"https:\/\/juliedrnd.net\/blog\/alimentation-et-sante-des-enfants\/allergie-aux-crevettes-symptomes-causes-et-conseils-pour-la-reconnaitre\/\" \/>\n<meta property=\"og:site_name\" content=\"juliedrnd\" \/>\n<meta property=\"og:image\" content=\"https:\/\/juliedrnd.net\/blog\/wp-content\/uploads\/2025\/12\/pag-image-693aa56b0f59c-scaled.png\" \/>\n\t<meta property=\"og:image:width\" content=\"1200\" \/>\n\t<meta property=\"og:image:height\" content=\"686\" \/>\n\t<meta property=\"og:image:type\" content=\"image\/png\" \/>\n<meta name=\"author\" content=\"Elodie Mazeau\" \/>\n<meta name=\"twitter:card\" content=\"summary_large_image\" \/>\n<script type=\"application\/ld+json\" class=\"yoast-schema-graph\">{\"@context\":\"https:\/\/schema.org\",\"@graph\":[{\"@type\":\"NewsArticle\",\"@id\":\"https:\/\/juliedrnd.net\/blog\/alimentation-et-sante-des-enfants\/allergie-aux-crevettes-symptomes-causes-et-conseils-pour-la-reconnaitre\/#article\",\"isPartOf\":{\"@id\":\"https:\/\/juliedrnd.net\/blog\/alimentation-et-sante-des-enfants\/allergie-aux-crevettes-symptomes-causes-et-conseils-pour-la-reconnaitre\/\"},\"author\":{\"name\":\"Elodie Mazeau\",\"@id\":\"https:\/\/juliedrnd.net\/blog\/#\/schema\/person\/3c864cdc320801e3db34b663e7e3f816\"},\"headline\":\"Allergie aux crevettes : sympt\u00f4mes, causes et conseils pour la reconna\u00eetre\",\"datePublished\":\"2026-01-05T08:00:00+00:00\",\"dateModified\":\"2026-08-25T00:59:20+00:00\",\"mainEntityOfPage\":{\"@id\":\"https:\/\/juliedrnd.net\/blog\/alimentation-et-sante-des-enfants\/allergie-aux-crevettes-symptomes-causes-et-conseils-pour-la-reconnaitre\/\"},\"wordCount\":1226,\"commentCount\":0,\"publisher\":{\"@id\":\"https:\/\/juliedrnd.net\/blog\/#organization\"},\"image\":{\"@id\":\"https:\/\/juliedrnd.net\/blog\/alimentation-et-sante-des-enfants\/allergie-aux-crevettes-symptomes-causes-et-conseils-pour-la-reconnaitre\/#primaryimage\"},\"thumbnailUrl\":\"https:\/\/juliedrnd.net\/blog\/wp-content\/uploads\/2025\/12\/pag-image-693aa56b0f59c-scaled.png\",\"keywords\":[\"allergie crevette\",\"allergie crustaces\",\"symptomes allergie\"],\"articleSection\":[\"Alimentation et Sant\u00e9 des Enfants\"],\"inLanguage\":\"fr-FR\",\"potentialAction\":[{\"@type\":\"CommentAction\",\"name\":\"Comment\",\"target\":[\"https:\/\/juliedrnd.net\/blog\/alimentation-et-sante-des-enfants\/allergie-aux-crevettes-symptomes-causes-et-conseils-pour-la-reconnaitre\/#respond\"]}]},{\"@type\":\"WebPage\",\"@id\":\"https:\/\/juliedrnd.net\/blog\/alimentation-et-sante-des-enfants\/allergie-aux-crevettes-symptomes-causes-et-conseils-pour-la-reconnaitre\/\",\"url\":\"https:\/\/juliedrnd.net\/blog\/alimentation-et-sante-des-enfants\/allergie-aux-crevettes-symptomes-causes-et-conseils-pour-la-reconnaitre\/\",\"name\":\"Allergie aux crevettes : sympt\u00f4mes, causes et conseils\",\"isPartOf\":{\"@id\":\"https:\/\/juliedrnd.net\/blog\/#website\"},\"primaryImageOfPage\":{\"@id\":\"https:\/\/juliedrnd.net\/blog\/alimentation-et-sante-des-enfants\/allergie-aux-crevettes-symptomes-causes-et-conseils-pour-la-reconnaitre\/#primaryimage\"},\"image\":{\"@id\":\"https:\/\/juliedrnd.net\/blog\/alimentation-et-sante-des-enfants\/allergie-aux-crevettes-symptomes-causes-et-conseils-pour-la-reconnaitre\/#primaryimage\"},\"thumbnailUrl\":\"https:\/\/juliedrnd.net\/blog\/wp-content\/uploads\/2025\/12\/pag-image-693aa56b0f59c-scaled.png\",\"datePublished\":\"2026-01-05T08:00:00+00:00\",\"dateModified\":\"2026-08-25T00:59:20+00:00\",\"description\":\"Allergie aux crevettes : sympt\u00f4mes imm\u00e9diats, diagnostic chez l'allergologue, conduite \u00e0 tenir en cas de r\u00e9action grave et \u00e9tiquetage. Sources ameli.fr.\",\"inLanguage\":\"fr-FR\",\"potentialAction\":[{\"@type\":\"ReadAction\",\"target\":[\"https:\/\/juliedrnd.net\/blog\/alimentation-et-sante-des-enfants\/allergie-aux-crevettes-symptomes-causes-et-conseils-pour-la-reconnaitre\/\"]}]},{\"@type\":\"ImageObject\",\"inLanguage\":\"fr-FR\",\"@id\":\"https:\/\/juliedrnd.net\/blog\/alimentation-et-sante-des-enfants\/allergie-aux-crevettes-symptomes-causes-et-conseils-pour-la-reconnaitre\/#primaryimage\",\"url\":\"https:\/\/juliedrnd.net\/blog\/wp-content\/uploads\/2025\/12\/pag-image-693aa56b0f59c-scaled.png\",\"contentUrl\":\"https:\/\/juliedrnd.net\/blog\/wp-content\/uploads\/2025\/12\/pag-image-693aa56b0f59c-scaled.png\",\"width\":1200,\"height\":686,\"caption\":\"Image g\u00e9n\u00e9r\u00e9e par IA optimis\u00e9e pour Google Discover\"},{\"@type\":\"WebSite\",\"@id\":\"https:\/\/juliedrnd.net\/blog\/#website\",\"url\":\"https:\/\/juliedrnd.net\/blog\/\",\"name\":\"juliedrnd.net\",\"description\":\"Vivez, cr\u00e9ez, r\u00eavez.\",\"publisher\":{\"@id\":\"https:\/\/juliedrnd.net\/blog\/#organization\"},\"alternateName\":\"Vivez, cr\u00e9ez, r\u00eavez.\",\"potentialAction\":[{\"@type\":\"SearchAction\",\"target\":{\"@type\":\"EntryPoint\",\"urlTemplate\":\"https:\/\/juliedrnd.net\/blog\/?s={search_term_string}\"},\"query-input\":{\"@type\":\"PropertyValueSpecification\",\"valueRequired\":true,\"valueName\":\"search_term_string\"}}],\"inLanguage\":\"fr-FR\"},{\"@type\":\"Organization\",\"@id\":\"https:\/\/juliedrnd.net\/blog\/#organization\",\"name\":\"Julie Drnd\",\"url\":\"https:\/\/juliedrnd.net\/blog\/\",\"logo\":{\"@type\":\"ImageObject\",\"inLanguage\":\"fr-FR\",\"@id\":\"https:\/\/juliedrnd.net\/blog\/#\/schema\/logo\/image\/\",\"url\":\"https:\/\/juliedrnd.net\/blog\/wp-content\/uploads\/2024\/12\/15.png\",\"contentUrl\":\"https:\/\/juliedrnd.net\/blog\/wp-content\/uploads\/2024\/12\/15.png\",\"width\":500,\"height\":500,\"caption\":\"Julie Drnd\"},\"image\":{\"@id\":\"https:\/\/juliedrnd.net\/blog\/#\/schema\/logo\/image\/\"}},{\"@type\":\"Person\",\"@id\":\"https:\/\/juliedrnd.net\/blog\/#\/schema\/person\/3c864cdc320801e3db34b663e7e3f816\",\"name\":\"Elodie Mazeau\",\"image\":{\"@type\":\"ImageObject\",\"inLanguage\":\"fr-FR\",\"@id\":\"https:\/\/juliedrnd.net\/blog\/#\/schema\/person\/image\/\",\"url\":\"https:\/\/juliedrnd.net\/blog\/wp-content\/uploads\/2026\/06\/persona_elodie-m-96x96.jpg\",\"contentUrl\":\"https:\/\/juliedrnd.net\/blog\/wp-content\/uploads\/2026\/06\/persona_elodie-m-96x96.jpg\",\"caption\":\"Elodie Mazeau\"},\"description\":\"J'\u00e9cris sur la parentalit\u00e9 telle qu'elle se vit vraiment, du premier biberon aux premi\u00e8res col\u00e8res. Mes sujets de pr\u00e9dilection couvrent le quotidien des familles : sommeil, alimentation, organisation, pu\u00e9riculture et ces petites gal\u00e8res que tout parent conna\u00eet. Depuis plusieurs ann\u00e9es, je m'attache \u00e0 proposer des rep\u00e8res concrets plut\u00f4t que des le\u00e7ons, parce que chaque famille trouve son propre \u00e9quilibre. Je v\u00e9rifie mes informations aupr\u00e8s de sources fiables, surtout d\u00e8s qu'on touche \u00e0 la sant\u00e9 ou \u00e0 la s\u00e9curit\u00e9 de l'enfant, et je pr\u00e9cise quand un avis professionnel s'impose. J'\u00e9vite soigneusement la culpabilisation : \u00eatre parent est d\u00e9j\u00e0 assez exigeant. Mon ton se veut complice et bienveillant, un peu comme une discussion entre parents qui se comprennent. L'id\u00e9e est d'all\u00e9ger la charge mentale en donnant des solutions simples et test\u00e9es.\",\"sameAs\":[\"https:\/\/elodiemazeau.fr\/\"],\"url\":\"https:\/\/juliedrnd.net\/blog\/auteur\/noname\/\"}]}<\/script>\n<!-- \/ Yoast SEO Premium plugin. -->","yoast_head_json":{"title":"Allergie aux crevettes : sympt\u00f4mes, causes et conseils","description":"Allergie aux crevettes : sympt\u00f4mes imm\u00e9diats, diagnostic chez l'allergologue, conduite \u00e0 tenir en cas de r\u00e9action grave et \u00e9tiquetage. Sources ameli.fr.","robots":{"index":"index","follow":"follow","max-snippet":"max-snippet:-1","max-image-preview":"max-image-preview:large","max-video-preview":"max-video-preview:-1"},"canonical":"https:\/\/juliedrnd.net\/blog\/alimentation-et-sante-des-enfants\/allergie-aux-crevettes-symptomes-causes-et-conseils-pour-la-reconnaitre\/","og_locale":"fr_FR","og_type":"article","og_title":"Allergie aux crevettes : sympt\u00f4mes, causes et conseils","og_description":"Allergie aux crevettes : sympt\u00f4mes imm\u00e9diats, diagnostic chez l'allergologue, conduite \u00e0 tenir en cas de r\u00e9action grave et \u00e9tiquetage. Sources ameli.fr.","og_url":"https:\/\/juliedrnd.net\/blog\/alimentation-et-sante-des-enfants\/allergie-aux-crevettes-symptomes-causes-et-conseils-pour-la-reconnaitre\/","og_site_name":"juliedrnd","og_image":[{"width":1200,"height":686,"url":"https:\/\/juliedrnd.net\/blog\/wp-content\/uploads\/2025\/12\/pag-image-693aa56b0f59c-scaled.png","type":"image\/png"}],"author":"Elodie Mazeau","twitter_card":"summary_large_image","schema":{"@context":"https:\/\/schema.org","@graph":[{"@type":"NewsArticle","@id":"https:\/\/juliedrnd.net\/blog\/alimentation-et-sante-des-enfants\/allergie-aux-crevettes-symptomes-causes-et-conseils-pour-la-reconnaitre\/#article","isPartOf":{"@id":"https:\/\/juliedrnd.net\/blog\/alimentation-et-sante-des-enfants\/allergie-aux-crevettes-symptomes-causes-et-conseils-pour-la-reconnaitre\/"},"author":{"name":"Elodie Mazeau","@id":"https:\/\/juliedrnd.net\/blog\/#\/schema\/person\/3c864cdc320801e3db34b663e7e3f816"},"headline":"Allergie aux crevettes : sympt\u00f4mes, causes et conseils pour la reconna\u00eetre","datePublished":"2026-01-05T08:00:00+00:00","dateModified":"2026-08-25T00:59:20+00:00","mainEntityOfPage":{"@id":"https:\/\/juliedrnd.net\/blog\/alimentation-et-sante-des-enfants\/allergie-aux-crevettes-symptomes-causes-et-conseils-pour-la-reconnaitre\/"},"wordCount":1226,"commentCount":0,"publisher":{"@id":"https:\/\/juliedrnd.net\/blog\/#organization"},"image":{"@id":"https:\/\/juliedrnd.net\/blog\/alimentation-et-sante-des-enfants\/allergie-aux-crevettes-symptomes-causes-et-conseils-pour-la-reconnaitre\/#primaryimage"},"thumbnailUrl":"https:\/\/juliedrnd.net\/blog\/wp-content\/uploads\/2025\/12\/pag-image-693aa56b0f59c-scaled.png","keywords":["allergie crevette","allergie crustaces","symptomes allergie"],"articleSection":["Alimentation et Sant\u00e9 des Enfants"],"inLanguage":"fr-FR","potentialAction":[{"@type":"CommentAction","name":"Comment","target":["https:\/\/juliedrnd.net\/blog\/alimentation-et-sante-des-enfants\/allergie-aux-crevettes-symptomes-causes-et-conseils-pour-la-reconnaitre\/#respond"]}]},{"@type":"WebPage","@id":"https:\/\/juliedrnd.net\/blog\/alimentation-et-sante-des-enfants\/allergie-aux-crevettes-symptomes-causes-et-conseils-pour-la-reconnaitre\/","url":"https:\/\/juliedrnd.net\/blog\/alimentation-et-sante-des-enfants\/allergie-aux-crevettes-symptomes-causes-et-conseils-pour-la-reconnaitre\/","name":"Allergie aux crevettes : sympt\u00f4mes, causes et conseils","isPartOf":{"@id":"https:\/\/juliedrnd.net\/blog\/#website"},"primaryImageOfPage":{"@id":"https:\/\/juliedrnd.net\/blog\/alimentation-et-sante-des-enfants\/allergie-aux-crevettes-symptomes-causes-et-conseils-pour-la-reconnaitre\/#primaryimage"},"image":{"@id":"https:\/\/juliedrnd.net\/blog\/alimentation-et-sante-des-enfants\/allergie-aux-crevettes-symptomes-causes-et-conseils-pour-la-reconnaitre\/#primaryimage"},"thumbnailUrl":"https:\/\/juliedrnd.net\/blog\/wp-content\/uploads\/2025\/12\/pag-image-693aa56b0f59c-scaled.png","datePublished":"2026-01-05T08:00:00+00:00","dateModified":"2026-08-25T00:59:20+00:00","description":"Allergie aux crevettes : sympt\u00f4mes imm\u00e9diats, diagnostic chez l'allergologue, conduite \u00e0 tenir en cas de r\u00e9action grave et \u00e9tiquetage. Sources ameli.fr.","inLanguage":"fr-FR","potentialAction":[{"@type":"ReadAction","target":["https:\/\/juliedrnd.net\/blog\/alimentation-et-sante-des-enfants\/allergie-aux-crevettes-symptomes-causes-et-conseils-pour-la-reconnaitre\/"]}]},{"@type":"ImageObject","inLanguage":"fr-FR","@id":"https:\/\/juliedrnd.net\/blog\/alimentation-et-sante-des-enfants\/allergie-aux-crevettes-symptomes-causes-et-conseils-pour-la-reconnaitre\/#primaryimage","url":"https:\/\/juliedrnd.net\/blog\/wp-content\/uploads\/2025\/12\/pag-image-693aa56b0f59c-scaled.png","contentUrl":"https:\/\/juliedrnd.net\/blog\/wp-content\/uploads\/2025\/12\/pag-image-693aa56b0f59c-scaled.png","width":1200,"height":686,"caption":"Image g\u00e9n\u00e9r\u00e9e par IA optimis\u00e9e pour Google Discover"},{"@type":"WebSite","@id":"https:\/\/juliedrnd.net\/blog\/#website","url":"https:\/\/juliedrnd.net\/blog\/","name":"juliedrnd.net","description":"Vivez, cr\u00e9ez, r\u00eavez.","publisher":{"@id":"https:\/\/juliedrnd.net\/blog\/#organization"},"alternateName":"Vivez, cr\u00e9ez, r\u00eavez.","potentialAction":[{"@type":"SearchAction","target":{"@type":"EntryPoint","urlTemplate":"https:\/\/juliedrnd.net\/blog\/?s={search_term_string}"},"query-input":{"@type":"PropertyValueSpecification","valueRequired":true,"valueName":"search_term_string"}}],"inLanguage":"fr-FR"},{"@type":"Organization","@id":"https:\/\/juliedrnd.net\/blog\/#organization","name":"Julie Drnd","url":"https:\/\/juliedrnd.net\/blog\/","logo":{"@type":"ImageObject","inLanguage":"fr-FR","@id":"https:\/\/juliedrnd.net\/blog\/#\/schema\/logo\/image\/","url":"https:\/\/juliedrnd.net\/blog\/wp-content\/uploads\/2024\/12\/15.png","contentUrl":"https:\/\/juliedrnd.net\/blog\/wp-content\/uploads\/2024\/12\/15.png","width":500,"height":500,"caption":"Julie Drnd"},"image":{"@id":"https:\/\/juliedrnd.net\/blog\/#\/schema\/logo\/image\/"}},{"@type":"Person","@id":"https:\/\/juliedrnd.net\/blog\/#\/schema\/person\/3c864cdc320801e3db34b663e7e3f816","name":"Elodie Mazeau","image":{"@type":"ImageObject","inLanguage":"fr-FR","@id":"https:\/\/juliedrnd.net\/blog\/#\/schema\/person\/image\/","url":"https:\/\/juliedrnd.net\/blog\/wp-content\/uploads\/2026\/06\/persona_elodie-m-96x96.jpg","contentUrl":"https:\/\/juliedrnd.net\/blog\/wp-content\/uploads\/2026\/06\/persona_elodie-m-96x96.jpg","caption":"Elodie Mazeau"},"description":"J'\u00e9cris sur la parentalit\u00e9 telle qu'elle se vit vraiment, du premier biberon aux premi\u00e8res col\u00e8res. Mes sujets de pr\u00e9dilection couvrent le quotidien des familles : sommeil, alimentation, organisation, pu\u00e9riculture et ces petites gal\u00e8res que tout parent conna\u00eet. Depuis plusieurs ann\u00e9es, je m'attache \u00e0 proposer des rep\u00e8res concrets plut\u00f4t que des le\u00e7ons, parce que chaque famille trouve son propre \u00e9quilibre. Je v\u00e9rifie mes informations aupr\u00e8s de sources fiables, surtout d\u00e8s qu'on touche \u00e0 la sant\u00e9 ou \u00e0 la s\u00e9curit\u00e9 de l'enfant, et je pr\u00e9cise quand un avis professionnel s'impose. J'\u00e9vite soigneusement la culpabilisation : \u00eatre parent est d\u00e9j\u00e0 assez exigeant. Mon ton se veut complice et bienveillant, un peu comme une discussion entre parents qui se comprennent. L'id\u00e9e est d'all\u00e9ger la charge mentale en donnant des solutions simples et test\u00e9es.","sameAs":["https:\/\/elodiemazeau.fr\/"],"url":"https:\/\/juliedrnd.net\/blog\/auteur\/noname\/"}]}},"_links":{"self":[{"href":"https:\/\/juliedrnd.net\/blog\/wp-json\/wp\/v2\/posts\/7649","targetHints":{"allow":["GET"]}}],"collection":[{"href":"https:\/\/juliedrnd.net\/blog\/wp-json\/wp\/v2\/posts"}],"about":[{"href":"https:\/\/juliedrnd.net\/blog\/wp-json\/wp\/v2\/types\/post"}],"author":[{"embeddable":true,"href":"https:\/\/juliedrnd.net\/blog\/wp-json\/wp\/v2\/users\/34"}],"replies":[{"embeddable":true,"href":"https:\/\/juliedrnd.net\/blog\/wp-json\/wp\/v2\/comments?post=7649"}],"version-history":[{"count":1,"href":"https:\/\/juliedrnd.net\/blog\/wp-json\/wp\/v2\/posts\/7649\/revisions"}],"predecessor-version":[{"id":7694,"href":"https:\/\/juliedrnd.net\/blog\/wp-json\/wp\/v2\/posts\/7649\/revisions\/7694"}],"wp:featuredmedia":[{"embeddable":true,"href":"https:\/\/juliedrnd.net\/blog\/wp-json\/wp\/v2\/media\/7651"}],"wp:attachment":[{"href":"https:\/\/juliedrnd.net\/blog\/wp-json\/wp\/v2\/media?parent=7649"}],"wp:term":[{"taxonomy":"category","embeddable":true,"href":"https:\/\/juliedrnd.net\/blog\/wp-json\/wp\/v2\/categories?post=7649"},{"taxonomy":"post_tag","embeddable":true,"href":"https:\/\/juliedrnd.net\/blog\/wp-json\/wp\/v2\/tags?post=7649"}],"curies":[{"name":"wp","href":"https:\/\/api.w.org\/{rel}","templated":true}]}}