{"id":7646,"date":"2026-01-01T09:47:00","date_gmt":"2026-01-01T08:47:00","guid":{"rendered":"https:\/\/juliedrnd.net\/blog\/?p=7646"},"modified":"2026-08-25T03:08:14","modified_gmt":"2026-08-25T01:08:14","slug":"allergie-au-pollen-comment-soulager-efficacement-vos-symptomes","status":"publish","type":"post","link":"https:\/\/juliedrnd.net\/blog\/alimentation-et-sante-des-enfants\/allergie-au-pollen-comment-soulager-efficacement-vos-symptomes\/","title":{"rendered":"Allergie au pollen : comment soulager efficacement vos sympt\u00f4mes"},"content":{"rendered":"<div style=\"background: linear-gradient(135deg, #f5f7fa 0%, #e9ecef 100%);border-left: 4px solid #0073aa;padding: 15px 20px;margin: 0 0 25px 0;border-radius: 0 8px 8px 0\">\n<p style=\"margin: 0;font-size: 14px;color: #0073aa;font-weight: 600;text-transform: uppercase;letter-spacing: 1px;margin-bottom: 10px\">\ud83d\udccb En bref<\/p>\n<ul style=\"margin: 0;padding-left: 20px;list-style-type: none\">\n<li style=\"margin: 5px 0;color: #333;font-size: 15px;line-height: 1.5;position: relative;padding-left: 15px\"><span style=\"position: absolute;left: 0;color: #0073aa\">\u25b8<\/span> L&#039;allergie au pollen est une r\u00e9action immunitaire excessive provoquant rhinite et conjonctivite.<\/li>\n<li style=\"margin: 5px 0;color: #333;font-size: 15px;line-height: 1.5;position: relative;padding-left: 15px\"><span style=\"position: absolute;left: 0;color: #0073aa\">\u25b8<\/span> Les pollens de gramin\u00e9es, bouleau et ambroisie sont les principaux allerg\u00e8nes en France.<\/li>\n<li style=\"margin: 5px 0;color: #333;font-size: 15px;line-height: 1.5;position: relative;padding-left: 15px\"><span style=\"position: absolute;left: 0;color: #0073aa\">\u25b8<\/span> La pollution et le changement climatique aggravent les sympt\u00f4mes et prolongent la saison pollinique.<\/li>\n<\/ul>\n<\/div>\n<h2>Allergie au Pollen : Que Faire pour Soulager vos Sympt\u00f4mes ?<\/h2>\n<h2>Comprendre l\u2019allergie au pollen : m\u00e9canismes et sp\u00e9cificit\u00e9s<\/h2>\n<p>\nNous parlons d\u2019<u>allergie au pollen<\/u> lorsque le syst\u00e8me immunitaire r\u00e9agit de fa\u00e7on disproportionn\u00e9e \u00e0 des grains de <strong>pollen<\/strong> transport\u00e9s par l\u2019air, per\u00e7us \u00e0 tort comme des agresseurs. Sur le plan biologique, cette r\u00e9action implique la production d\u2019<strong>anticorps IgE<\/strong> sp\u00e9cifiques dirig\u00e9s contre l\u2019<strong>allerg\u00e8ne<\/strong>. Lors d\u2019un nouveau contact, ces IgE, fix\u00e9es sur des cellules comme les <strong>mastocytes<\/strong>, d\u00e9clenchent une lib\u00e9ration massive d\u2019<strong>histamine<\/strong> et d\u2019autres m\u00e9diateurs inflammatoires. Cela provoque une <u>inflammation des muqueuses nasales, oculaires et parfois bronchiques<\/u>, \u00e0 l\u2019origine de la rhinite, de la conjonctivite et des sympt\u00f4mes respiratoires.<\/p>\n<p>\nCette allergie se distingue clairement d\u2019un <strong>rhume viral<\/strong>. Dans un rhume classique, d\u2019\u00e9tiologie infectieuse, les sympt\u00f4mes durent quelques jours, sont souvent associ\u00e9s \u00e0 de la fi\u00e8vre mod\u00e9r\u00e9e et ne reviennent pas strictement \u00e0 la m\u00eame p\u00e9riode. Avec une allergie au pollen, nous observons une <u>r\u00e9currence saisonni\u00e8re, l\u2019absence de fi\u00e8vre dans la majorit\u00e9 des cas<\/u>, et une am\u00e9lioration nette d\u00e8s que l\u2019exposition diminue, par exemple lors d\u2019un s\u00e9jour en altitude ou au bord de mer.<\/p>\n<ul>\n<li><strong>M\u00e9canisme cl\u00e9<\/strong> : IgE sp\u00e9cifiques, <strong>histamine<\/strong>, inflammation locale.<\/li>\n<li><strong>Diff\u00e9rence avec le rhume<\/strong> : contextes saisonniers, sympt\u00f4mes r\u00e9currents, fi\u00e8vre rarement associ\u00e9e.<\/li>\n<li><strong>Impact<\/strong> : rhinite, conjonctivite, parfois <strong>asthme allergique<\/strong>.<\/li>\n<\/ul>\n<p>\nLes principaux <strong>types de pollens<\/strong> impliqu\u00e9s en France et en Europe incluent les <strong>pollens de gramin\u00e9es<\/strong> (tr\u00e8s allergisants, notamment dans les zones rurales et p\u00e9riurbaines), les <strong>pollens d\u2019arbres<\/strong> comme le <strong>bouleau<\/strong>, le <strong>cypr\u00e8s<\/strong>, le <strong>platane<\/strong> ou le <strong>noisetier<\/strong>, et les pollens de <strong>plantes herbac\u00e9es<\/strong> telles que l\u2019<strong>ambroisie \u00e0 feuilles d\u2019armoise<\/strong> qui s\u00e9vit fortement dans la r\u00e9gion <strong>Auvergne-Rh\u00f4ne-Alpes<\/strong> depuis les ann\u00e9es 2010. Les calendriers polliniques, publi\u00e9s par le <strong>R\u00e9seau National de Surveillance A\u00e9robiologique (RNSA)<\/strong> en France, montrent une <u>variation r\u00e9gionale marqu\u00e9e<\/u> : en <strong>Provence-Alpes-C\u00f4te d\u2019Azur<\/strong>, la saison des pollens d\u2019arbres commence souvent plus t\u00f4t qu\u2019en <strong>\u00cele-de-France<\/strong>, et la dur\u00e9e d\u2019exposition s\u2019allonge sous l\u2019effet du <strong>changement climatique<\/strong>.<\/p>\n<p>\nNous devons aussi \u00e9voquer les <strong>r\u00e9actions crois\u00e9es<\/strong>. Les personnes allergiques au <strong>pollen de bouleau<\/strong> pr\u00e9sentent souvent un <u>syndrome oral allergique<\/u> lorsqu\u2019elles consomment des <strong>pommes<\/strong>, <strong>poires<\/strong>, <strong>noisettes<\/strong> ou certains l\u00e9gumes crus, avec d\u00e9mangeaisons de la bouche ou des l\u00e8vres. Enfin, la <strong>pollution atmosph\u00e9rique<\/strong>, largement document\u00e9e par l\u2019<strong>Agence europ\u00e9enne pour l\u2019environnement<\/strong>, modifie la surface des grains de pollen et favorise une <u>augmentation de la charge allerg\u00e9nique et de la dur\u00e9e de la saison pollinique<\/u>.<\/p>\n<ul>\n<li><strong>Pollens en cause<\/strong> : gramin\u00e9es, bouleau, cypr\u00e8s, platane, ambroisie.<\/li>\n<li><strong>Facteurs aggravants<\/strong> : pollution urbaine, r\u00e9chauffement climatique, urbanisation.<\/li>\n<li><strong>R\u00e9actions crois\u00e9es<\/strong> : allergie au bouleau et syndrome oral avec fruits \u00e0 noyaux et ol\u00e9agineux.<\/li>\n<\/ul>\n<h2>Sympt\u00f4mes courants de l\u2019allergie au pollen<\/h2>\n<p>\nSur le plan clinique, nous parlons souvent de <strong>rhinite allergique saisonni\u00e8re<\/strong>. Les sympt\u00f4mes typiques associent un <strong>nez qui coule clair<\/strong>, souvent d\u00e9crit comme un \u201cnez fontaine\u201d, un <strong>nez bouch\u00e9<\/strong>, des <strong>d\u00e9mangeaisons nasales<\/strong> et des <strong>\u00e9ternuements en salves<\/strong>. Les \u00e9tudes de <strong>l\u2019Assurance Maladie<\/strong> en France indiquent que la rhinite allergique touche pr\u00e8s de <u>20 % de la population<\/u>, et que la majorit\u00e9 des cas est li\u00e9e \u00e0 des allerg\u00e8nes inhal\u00e9s comme le pollen. Nous estimons qu\u2019une proportion importante des patients pr\u00e9sente une <u>rhino-conjonctivite<\/u>, associant sympt\u00f4mes nasaux et atteinte oculaire.<\/p>\n<p>\nLes <strong>yeux rouges<\/strong>, larmoyants, avec une <strong>sensation de sable<\/strong> et des <strong>d\u00e9mangeaisons intenses<\/strong>, \u00e9voquent une <strong>conjonctivite allergique<\/strong>. Une photophobie mod\u00e9r\u00e9e peut appara\u00eetre, avec g\u00eane \u00e0 la lumi\u00e8re. Lorsque les voies respiratoires basses sont impliqu\u00e9es, nous retrouvons une <strong>toux s\u00e8che<\/strong>, une <strong>respiration sifflante<\/strong>, une sensation d\u2019<u>oppression thoracique<\/u>, voire de v\u00e9ritables crises d\u2019<strong>asthme allergique<\/strong>. Les donn\u00e9es de la <strong>Soci\u00e9t\u00e9 de Pneumologie de Langue Fran\u00e7aise (SPLF)<\/strong> estiment qu\u2019entre <u>20 et 40 % des personnes souffrant de rhinite allergique pr\u00e9sentent aussi une atteinte asthmatique<\/u>.<\/p>\n<ul>\n<li><strong>Sympt\u00f4mes nasaux<\/strong> : rhinorrh\u00e9e claire, obstruction, prurit, salves d\u2019\u00e9ternuements.<\/li>\n<li><strong>Sympt\u00f4mes oculaires<\/strong> : yeux rouges, larmoiement, d\u00e9mangeaisons, g\u00eane \u00e0 la lumi\u00e8re.<\/li>\n<li><strong>Atteinte respiratoire<\/strong> : toux, sifflements, oppression, asthme allergique.<\/li>\n<\/ul>\n<p>\nNous observons des degr\u00e9s de s\u00e9v\u00e9rit\u00e9 tr\u00e8s variables. Une partie des patients pr\u00e9sente une forme l\u00e9g\u00e8re, limit\u00e9e \u00e0 une g\u00eane nasale ou oculaire, tandis que d\u2019autres ont des sympt\u00f4mes mod\u00e9r\u00e9s, avec impact sur le <u>sommeil, la concentration, la conduite automobile ou les performances scolaires<\/u>. Les formes s\u00e9v\u00e8res se caract\u00e9risent par des difficult\u00e9s respiratoires marqu\u00e9es, des crises d\u2019asthme r\u00e9p\u00e9t\u00e9es ou une fatigue invalidante. Un \u201cprofil type\u201d d\u2019allergie au pollen se dessine souvent : sympt\u00f4mes qui reviennent <u>chaque ann\u00e9e \u00e0 la m\u00eame p\u00e9riode<\/u>, aggravation par temps sec et venteux, nette am\u00e9lioration lors d\u2019un s\u00e9jour en altitude ou dans une r\u00e9gion moins pollinique comme certaines zones c\u00f4ti\u00e8res de l\u2019<strong>Atlantique<\/strong>.<\/p>\n<ul>\n<li><strong>Forme l\u00e9g\u00e8re<\/strong> : g\u00eane ponctuelle, impact limit\u00e9 sur les activit\u00e9s.<\/li>\n<li><strong>Forme mod\u00e9r\u00e9e<\/strong> : troubles du sommeil, baisse de productivit\u00e9, irritabilit\u00e9.<\/li>\n<li><strong>Forme s\u00e9v\u00e8re<\/strong> : asthme, recours fr\u00e9quent aux soins, alt\u00e9ration marqu\u00e9e de la qualit\u00e9 de vie.<\/li>\n<\/ul>\n<h2>Diagnostic m\u00e9dical de l\u2019allergie au pollen<\/h2>\n<p>\nL\u2019auto-diagnostic reste souvent approximatif. Nous recommandons de consulter un <strong>m\u00e9decin g\u00e9n\u00e9raliste<\/strong> en premi\u00e8re intention. Ce professionnel va analyser vos <strong>ant\u00e9c\u00e9dents personnels et familiaux<\/strong> d\u2019allergie, interroger pr\u00e9cis\u00e9ment la <u>p\u00e9riode de survenue des sympt\u00f4mes<\/u>, l\u2019environnement (logement, travail, pr\u00e9sence d\u2019animaux, lieux fr\u00e9quent\u00e9s) et l\u2019impact sur votre quotidien. Un examen clinique d\u00e9taill\u00e9 du nez, des yeux, des voies respiratoires permet d\u00e9j\u00e0 de confirmer l\u2019hypoth\u00e8se d\u2019une <strong>allergie respiratoire<\/strong> plut\u00f4t qu\u2019un simple \u00e9pisode infectieux.<\/p>\n<p>\nLorsque les sympt\u00f4mes sont r\u00e9currents, invalidants, ou associ\u00e9s \u00e0 une suspicion d\u2019<strong>asthme<\/strong>, le g\u00e9n\u00e9raliste oriente vers un <strong>m\u00e9decin allergologue<\/strong>. Ce sp\u00e9cialiste, souvent rattach\u00e9 \u00e0 des structures hospitali\u00e8res comme l\u2019<strong>Assistance Publique\u2013H\u00f4pitaux de Paris (AP-HP)<\/strong> ou des centres priv\u00e9s d\u2019allergologie, dispose d\u2019outils pour pr\u00e9ciser le diagnostic. Les <strong>tests cutan\u00e9s (prick-tests)<\/strong> restent la r\u00e9f\u00e9rence : une goutte d\u2019extrait de <strong>pollen<\/strong> est d\u00e9pos\u00e9e sur la peau, puis la surface est l\u00e9g\u00e8rement piqu\u00e9e. L\u2019apparition d\u2019une papule et d\u2019une rougeur localis\u00e9e en quelques minutes signe la sensibilisation.<\/p>\n<ul>\n<li><strong>R\u00f4le du g\u00e9n\u00e9raliste<\/strong> : premi\u00e8re \u00e9valuation, orientation vers un sp\u00e9cialiste.<\/li>\n<li><strong>Prick-tests<\/strong> : test cutan\u00e9 rapide, lecture en 15 \u00e0 20 minutes.<\/li>\n<li><strong>Bilan complet<\/strong> : d\u00e9cision de d\u00e9sensibilisation ou d\u2019adaptation du traitement.<\/li>\n<\/ul>\n<p>\nUne <strong>analyse sanguine<\/strong> avec dosage des <strong>IgE sp\u00e9cifiques<\/strong> permet de quantifier la sensibilisation \u00e0 diff\u00e9rents pollens. Nous jugeons ce bilan particuli\u00e8rement utile chez l\u2019enfant, chez les personnes ayant des maladies cutan\u00e9es qui limitent les tests cutan\u00e9s, ou en cas de r\u00e9actions crois\u00e9es complexes. Identifier pr\u00e9cis\u00e9ment les pollens responsables aide \u00e0 adapter les conseils d\u2019\u00e9viction, en se basant sur les calendriers polliniques officiels diffus\u00e9s par le <strong>RNSA<\/strong> ou par des applications mobiles de sant\u00e9 comme celles d\u00e9velopp\u00e9es par <strong>M\u00e9t\u00e9o-France<\/strong> et des start-up e-sant\u00e9 fond\u00e9es apr\u00e8s 2018.<\/p>\n<p>\nLe diagnostic d\u00e9taill\u00e9 conditionne aussi l\u2019acc\u00e8s \u00e0 l\u2019<strong>immunoth\u00e9rapie allerg\u00e9nique<\/strong> (d\u00e9sensibilisation), traitement de fond. Des cas particuliers doivent \u00eatre analys\u00e9s avec prudence : <u>enfants en bas \u00e2ge, femmes enceintes, personnes d\u00e9j\u00e0 asthmatiques ou atteintes de broncho-pneumopathie chronique obstructive (BPCO)<\/u>. Dans ces populations, nous pensons qu\u2019une \u00e9valuation sp\u00e9cialis\u00e9e, parfois en lien avec un <strong>pneumologue<\/strong> ou un <strong>obst\u00e9tricien<\/strong>, est pleinement justifi\u00e9e.<\/p>\n<ul>\n<li><strong>Analyses sanguines<\/strong> : IgE sp\u00e9cifiques, panel de pollens, interpr\u00e9tation par un sp\u00e9cialiste.<\/li>\n<li><strong>Int\u00e9r\u00eat<\/strong> : cibler les pollens pertinents, ajuster le calendrier d\u2019exposition, optimiser l\u2019immunoth\u00e9rapie.<\/li>\n<li><strong>Cas sensibles<\/strong> : grossesse, pathologies respiratoires chroniques, petite enfance.<\/li>\n<\/ul>\n<h2>Pr\u00e9venir l\u2019allergie au pollen au quotidien<\/h2>\n<p>\nLorsque nous cherchons \u201c<strong>allergie au pollen, que faire<\/strong>\u201d, la premi\u00e8re r\u00e9ponse reste la <u>r\u00e9duction maximale de l\u2019exposition<\/u>. Nous parlons de <strong>mesures d\u2019\u00e9vitement<\/strong>, recommand\u00e9es par le <strong>Minist\u00e8re des Solidarit\u00e9s et de la Sant\u00e9<\/strong> en France. Pendant les pics de pollinisation, rep\u00e9r\u00e9s par les bulletins du <strong>RNSA<\/strong> ou de services m\u00e9t\u00e9o, il est judicieux de limiter les activit\u00e9s en ext\u00e9rieur, surtout le matin et par temps sec et venteux. Garder les fen\u00eatres ferm\u00e9es aux heures de forte concentration en pollen et a\u00e9rer plut\u00f4t t\u00f4t le matin ou tard le soir r\u00e9duit nettement la charge allerg\u00e9nique \u00e0 l\u2019int\u00e9rieur.<\/p>\n<p>\nDans les logements urbains, l\u2019usage de <strong>purificateurs d\u2019air<\/strong> \u00e9quip\u00e9s de filtres <strong>HEPA<\/strong> peut contribuer \u00e0 diminuer les particules allerg\u00e9niques. De grandes marques comme <strong>Dyson<\/strong> (\u00e9lectrom\u00e9nager), <strong>Philips<\/strong> (\u00e9lectronique) ou des acteurs sp\u00e9cialis\u00e9s lanc\u00e9s apr\u00e8s 2020 proposent des purificateurs con\u00e7us pour capturer poussi\u00e8res, pollens et particules fines. Nous conseillons d\u2019\u00eatre attentifs \u00e0 l\u2019<u>entretien r\u00e9gulier des filtres<\/u>, sans quoi l\u2019efficacit\u00e9 diminue nettement.<\/p>\n<ul>\n<li><strong>Limiter l\u2019exposition<\/strong> : sorties r\u00e9duites lors des pics, fen\u00eatres ferm\u00e9es aux heures critiques.<\/li>\n<li><strong>Air int\u00e9rieur<\/strong> : purificateurs d\u2019air avec filtre HEPA, a\u00e9ration cibl\u00e9e.<\/li>\n<li><strong>Suivi pollinique<\/strong> : consultation des bulletins du RNSA, alertes sur smartphone.<\/li>\n<\/ul>\n<p>\nEn ext\u00e9rieur, nous recommandons de porter des <strong>lunettes de soleil enveloppantes<\/strong> pour prot\u00e9ger les <strong>yeux<\/strong>, et d\u2019\u00e9viter les activit\u00e9s comme la tonte de pelouse ou le jardinage lors des forts indices polliniques. Pour les personnes tr\u00e8s sensibles, l\u2019usage d\u2019un <u>masque filtrant<\/u>, similaire \u00e0 ceux utilis\u00e9s lors des \u00e9pisodes de pollution, peut r\u00e9duire la quantit\u00e9 de pollen inhal\u00e9e. \u00c0 la maison, se doucher et se laver les cheveux apr\u00e8s une journ\u00e9e dehors, puis changer de v\u00eatements, limite la pr\u00e9sence de <strong>pollen<\/strong> sur l\u2019oreiller et les draps, ce qui am\u00e9liore souvent la qualit\u00e9 du sommeil.<\/p>\n<p>\nNous conseillons aussi de ne pas faire s\u00e9cher le linge \u00e0 l\u2019ext\u00e9rieur en pleine saison de pollinisation, le textile retenant facilement les grains de pollen. L\u2019aspiration r\u00e9guli\u00e8re des sols et tapis, id\u00e9alement avec un aspirateur muni d\u2019un filtre <strong>HEPA<\/strong>, r\u00e9duit le r\u00e9servoir domestique d\u2019<strong>allerg\u00e8nes<\/strong>. Pour les jardins et balcons, la s\u00e9lection des <strong>plantes<\/strong> joue un r\u00f4le : limiter les grandes gramin\u00e9es ornementales, le <strong>bouleau<\/strong>, le <strong>cypr\u00e8s<\/strong>, la <strong>thuya<\/strong> ou l\u2019<strong>ambroisie<\/strong>, et privil\u00e9gier des esp\u00e8ces moins allergisantes, comme certains arbustes \u00e0 fleurs pollinis\u00e9s par les insectes (rosiers modernes, hortensias).<\/p>\n<ul>\n<li><strong>Gestes \u00e0 la maison<\/strong> : douche le soir, changement de v\u00eatements, pas de linge \u00e0 l\u2019ext\u00e9rieur.<\/li>\n<li><strong>Entretien<\/strong> : aspirateur avec filtre HEPA, r\u00e9duction des tapis et textiles \u00e9pais.<\/li>\n<li><strong>V\u00e9g\u00e9tation<\/strong> : \u00e9viter les esp\u00e8ces tr\u00e8s pollinisantes, choisir des plantes moins allergisantes.<\/li>\n<\/ul>\n<h2>Traitements m\u00e9dicaux pour soulager les sympt\u00f4mes<\/h2>\n<p>\nLes traitements m\u00e9dicamenteux constituent le second pilier, compl\u00e9mentaire de la pr\u00e9vention. Les objectifs sont clairs : <u>soulager rapidement les sympt\u00f4mes<\/u>, am\u00e9liorer la qualit\u00e9 de vie, pr\u00e9venir l\u2019\u00e9volution vers un <strong>asthme allergique<\/strong> ou des complications comme les sinusites ou les surinfections bronchiques. Les recommandations diffus\u00e9es par la <strong>Haute Autorit\u00e9 de Sant\u00e9 (HAS)<\/strong> en France et par des soci\u00e9t\u00e9s savantes d\u2019allergologie convergent vers une prise en charge gradu\u00e9e.<\/p>\n<p>\nLes <strong>antihistaminiques oraux de 2e g\u00e9n\u00e9ration<\/strong> (comme la <strong>c\u00e9tirizine<\/strong>, la <strong>loratadine<\/strong> ou la <strong>desloratadine<\/strong>) bloquent les r\u00e9cepteurs \u00e0 l\u2019histamine et r\u00e9duisent rapidement les \u00e9ternuements, le prurit et l\u2019\u00e9coulement nasal. Leur profil de tol\u00e9rance est globalement bon, avec moins de somnolence que les mol\u00e9cules de premi\u00e8re g\u00e9n\u00e9ration. Nous sugg\u00e9rons de les prendre r\u00e9guli\u00e8rement pendant la saison pollinique plut\u00f4t qu\u2019en prise isol\u00e9e, en accord avec un <strong>m\u00e9decin<\/strong>. Pour les <strong>formes mod\u00e9r\u00e9es \u00e0 s\u00e9v\u00e8res de rhinite allergique<\/strong>, les <strong>sprays nasaux aux cortico\u00efdes<\/strong> (fluticasone, mom\u00e9tasone) sont consid\u00e9r\u00e9s par de nombreuses \u00e9tudes comme les plus efficaces pour contr\u00f4ler l\u2019inflammation locale.<\/p>\n<ul>\n<li><strong>Antihistaminiques oraux<\/strong> : mol\u00e9cule de 2e g\u00e9n\u00e9ration, action sur prurit et rhinorrh\u00e9e.<\/li>\n<li><strong>Cortico\u00efdes nasaux<\/strong> : r\u00e9duction de l\u2019inflammation, traitement de r\u00e9f\u00e9rence des formes mod\u00e9r\u00e9es \u00e0 s\u00e9v\u00e8res.<\/li>\n<li><strong>Collyres antihistaminiques<\/strong> : soulagement de la conjonctivite allergique.<\/li>\n<\/ul>\n<p>\nPour les <strong>sympt\u00f4mes oculaires<\/strong>, des collyres antihistaminiques ou mastocytostabilisateurs, prescrits par un m\u00e9decin, apportent un soulagement net en quelques minutes \u00e0 quelques heures. Les lavages de nez et des yeux avec du <strong>s\u00e9rum physiologique<\/strong> ou des sprays d\u2019<strong>eau de mer<\/strong> enrichie, propos\u00e9s par des laboratoires comme <strong>Gifrer<\/strong> ou <strong>Physiomer<\/strong> (secteur pharmaceutique), aident \u00e0 \u00e9liminer m\u00e9caniquement le <strong>pollen<\/strong> des muqueuses. Dans les situations s\u00e9v\u00e8res, avec <strong>asthme<\/strong> ou g\u00eane respiratoire marqu\u00e9e, des cortico\u00efdes inhal\u00e9s ou, plus rarement, des cortico\u00efdes oraux peuvent \u00eatre n\u00e9cessaires, toujours sous surveillance stricte.<\/p>\n<p>\nAu-del\u00e0 des traitements symptomatiques, l\u2019<strong>immunoth\u00e9rapie allerg\u00e9nique<\/strong>, ou <u>d\u00e9sensibilisation<\/u>, est aujourd\u2019hui la seule strat\u00e9gie capable de modifier durablement l\u2019histoire naturelle de l\u2019allergie au pollen. Elle consiste \u00e0 administrer, sur plusieurs ann\u00e9es, des doses croissantes de l\u2019<strong>allerg\u00e8ne<\/strong> sous forme de comprim\u00e9s ou gouttes sublinguales, ou d\u2019injections, pour induire une <u>tol\u00e9rance immunologique<\/u>. Les grandes \u00e9tudes publi\u00e9es depuis les ann\u00e9es 2000 montrent une <u>r\u00e9duction significative des sympt\u00f4mes de rhinite et d\u2019asthme allergiques<\/u> et de la consommation de m\u00e9dicaments chez les patients trait\u00e9s. Nous consid\u00e9rons cette option de fond particuli\u00e8rement pertinente pour les personnes tr\u00e8s g\u00ean\u00e9es malgr\u00e9 un traitement bien conduit.<\/p>\n<ul>\n<li><strong>Immunoth\u00e9rapie<\/strong> : traitement de fond sur 3 \u00e0 5 ans, sous supervision d\u2019un allergologue.<\/li>\n<li><strong>Indications<\/strong> : allergie confirm\u00e9e, sympt\u00f4mes invalidants, \u00e9chec des mesures classiques.<\/li>\n<li><strong>Surveillance<\/strong> : suivi r\u00e9gulier, \u00e9valuation de l\u2019efficacit\u00e9 et de la tol\u00e9rance.<\/li>\n<\/ul>\n<h2>Rem\u00e8des naturels et solutions compl\u00e9mentaires<\/h2>\n<p>\nDe nombreux patients souhaitent limiter la prise de m\u00e9dicaments ou la compl\u00e9ter par des <strong>rem\u00e8des naturels<\/strong>. Nous pensons que ces approches peuvent trouver leur place, \u00e0 condition d\u2019\u00eatre int\u00e9gr\u00e9es dans une strat\u00e9gie globale, et de ne jamais remplacer un traitement m\u00e9dical n\u00e9cessaire en cas de sympt\u00f4mes s\u00e9v\u00e8res. Les lavages de nez au <strong>s\u00e9rum physiologique<\/strong> ou \u00e0 l\u2019<strong>eau de mer isotonique<\/strong>, plusieurs fois par jour, offrent un bon rapport b\u00e9n\u00e9fice\/risque, y compris chez l\u2019enfant et la femme enceinte, en aidant \u00e0 \u00e9liminer le <strong>pollen<\/strong> et \u00e0 r\u00e9duire la concentration d\u2019<strong>allerg\u00e8nes<\/strong> sur les muqueuses.<\/p>\n<p>\nLa <strong>phytoth\u00e9rapie<\/strong> b\u00e9n\u00e9ficie d\u2019un int\u00e9r\u00eat croissant. Des plantes comme l\u2019<strong>ortie<\/strong>, le <strong>sureau<\/strong> ou la <strong>p\u00e9tasite<\/strong> sont souvent cit\u00e9es dans la litt\u00e9rature grand public. Des compl\u00e9ments \u00e0 base d\u2019extraits de feuilles de p\u00e9tasite ont montr\u00e9, dans quelques \u00e9tudes cliniques, une diminution des sympt\u00f4mes de rhinite, mais nous insistons sur la n\u00e9cessit\u00e9 de choisir des produits standardis\u00e9s, conformes aux r\u00e9glementations en vigueur, et de demander un avis m\u00e9dical en raison du risque d\u2019interactions et d\u2019effets ind\u00e9sirables h\u00e9patiques avec certains extraits mal purifi\u00e9s.<\/p>\n<ul>\n<li><strong>Lavage nasal<\/strong> : strat\u00e9gie simple, compatible avec tous les traitements.<\/li>\n<li><strong>Phytoth\u00e9rapie<\/strong> : ortie, sureau, p\u00e9tasite, usage encadr\u00e9, qualit\u00e9 des produits.<\/li>\n<li><strong>Huiles essentielles<\/strong> : utilisation prudente, risque d\u2019irritation ou d\u2019allergie de contact.<\/li>\n<\/ul>\n<p>\nLes <strong>huiles essentielles<\/strong>, comme l\u2019<strong>huile essentielle de lavande vraie<\/strong>, sont parfois utilis\u00e9es pour att\u00e9nuer les crises d\u2019\u00e9ternuements ou d\u00e9gager les voies respiratoires, sous forme de diffusion atmosph\u00e9rique ou de pr\u00e9paration topique. Nous restons prudents sur ce sujet : ces substances concentr\u00e9es peuvent d\u00e9clencher des <u>r\u00e9actions cutan\u00e9es ou respiratoires<\/u>, surtout chez les personnes d\u00e9j\u00e0 allergiques. Les approches compl\u00e9mentaires comme l\u2019<strong>acupuncture<\/strong> ou l\u2019<strong>hom\u00e9opathie<\/strong> sont populaires dans certains pays europ\u00e9ens, avec des r\u00e9sultats variables rapport\u00e9s dans la litt\u00e9rature scientifique. \u00c0 ce stade, les preuves restent limit\u00e9es, nous les consid\u00e9rons plut\u00f4t comme des options d\u2019appoint, \u00e0 discuter avec un professionnel de sant\u00e9, pour \u00e9viter l\u2019abandon de traitements ayant fait la preuve de leur efficacit\u00e9.<\/p>\n<p>\nNotre avis est clair : les solutions naturelles peuvent renforcer le confort, structurer une hygi\u00e8ne de vie plus favorable et diminuer partiellement les sympt\u00f4mes, mais elles ne doivent pas \u00eatre utilis\u00e9es seules lorsque des <u>troubles respiratoires importants<\/u> surviennent. Surveiller toute nouvelle <strong>r\u00e9action<\/strong> apr\u00e8s la prise d\u2019un produit naturel est indispensable, car une <strong>r\u00e9action allergique suppl\u00e9mentaire<\/strong> \u00e0 un composant v\u00e9g\u00e9tal ou \u00e0 une huile essentielle reste possible.<\/p>\n<ul>\n<li><strong>Place des rem\u00e8des naturels<\/strong> : compl\u00e9ment, non substitut aux traitements valid\u00e9s.<\/li>\n<li><strong>Surveillance<\/strong> : rep\u00e9rer toute nouvelle allergie, arr\u00eater en cas de r\u00e9action.<\/li>\n<li><strong>Strat\u00e9gie globale<\/strong> : pr\u00e9vention, m\u00e9dicaments, hygi\u00e8ne de vie, solutions naturelles encadr\u00e9es.<\/li>\n<\/ul>\n<h2>Quand consulter un m\u00e9decin ou un allergologue ?<\/h2>\n<p>\nNous savons qu\u2019il n\u2019est pas toujours simple de savoir \u00e0 quel moment consulter. Un <strong>m\u00e9decin g\u00e9n\u00e9raliste<\/strong> doit \u00eatre sollicit\u00e9 lorsque vos <strong>sympt\u00f4mes<\/strong> persistent plusieurs semaines sans am\u00e9lioration, malgr\u00e9 les mesures d\u2019\u00e9viction et une autom\u00e9dication raisonn\u00e9e (antihistaminiques sur quelques jours). Une g\u00eane notable sur le sommeil, la conduite, le travail ou la scolarit\u00e9 constitue un signal clair. Si les m\u00e9dicaments achet\u00e9s en pharmacie, conseill\u00e9s par un <strong>pharmacien d\u2019officine<\/strong>, restent inefficaces ou mal tol\u00e9r\u00e9s, un avis m\u00e9dical s\u2019impose.<\/p>\n<p>\nLa consultation d\u2019un <strong>m\u00e9decin allergologue<\/strong> devient particuli\u00e8rement pertinente en cas de suspicion d\u2019<strong>asthme<\/strong> (toux persistante, essoufflement, oppression thoracique), d\u2019allergie au pollen tr\u00e8s s\u00e9v\u00e8re r\u00e9sistante aux traitements habituels, ou si vous envisagez une <strong>d\u00e9sensibilisation<\/strong>. Les centres hospitaliers universitaires comme le <strong>CHU de Lyon<\/strong>, le <strong>CHU de Toulouse<\/strong> ou l\u2019<strong>H\u00f4pital Necker-Enfants malades<\/strong> \u00e0 <strong>Paris<\/strong> accueillent des consultations sp\u00e9cialis\u00e9es orient\u00e9es vers ces prises en charge complexes, incluant tests cutan\u00e9s, \u00e9preuves fonctionnelles respiratoires et plan th\u00e9rapeutique personnalis\u00e9.<\/p>\n<ul>\n<li><strong>Consulter un g\u00e9n\u00e9raliste<\/strong> : sympt\u00f4mes prolong\u00e9s, impact sur la vie quotidienne, \u00e9chec de l\u2019autom\u00e9dication.<\/li>\n<li><strong>Voir un allergologue<\/strong> : asthme suspect\u00e9, s\u00e9v\u00e9rit\u00e9 importante, projet de d\u00e9sensibilisation.<\/li>\n<li><strong>Pr\u00e9paration de la consultation<\/strong> : journal des sympt\u00f4mes, liste des m\u00e9dicaments, examens ant\u00e9rieurs.<\/li>\n<\/ul>\n<p>\nDes signes d\u2019alerte imposent une r\u00e9action rapide, voire un appel aux services d\u2019urgence (en France, le <strong>SAMU \u2013 15<\/strong> ou le <strong>112<\/strong>). Une <u>difficult\u00e9 respiratoire brutale<\/u>, un <u>sifflement intense<\/u>, une <u>impossibilit\u00e9 de parler en phrases compl\u00e8tes<\/u>, un <u>gonflement du visage, des l\u00e8vres ou de la gorge<\/u>, ou une sensation d\u2019\u00e9touffement peuvent annoncer une <strong>r\u00e9action anaphylactique<\/strong>. Dans ces situations, un traitement par <strong>adr\u00e9naline injectable<\/strong>, souvent prescrit sous forme de stylo auto-injecteur par les allergologues (produits comme <strong>Epipen<\/strong> ou <strong>Jext<\/strong>), peut \u00eatre vital.<\/p>\n<p>\nNous recommandons de pr\u00e9parer activement vos rendez-vous m\u00e9dicaux. Tenir un <u>journal des sympt\u00f4mes<\/u> avec dates, heures, lieux, conditions m\u00e9t\u00e9o, activit\u00e9s et exposition suppos\u00e9e aux pollens aide beaucoup le clinicien. Apporter la liste des m\u00e9dicaments, compl\u00e9ments alimentaires et rem\u00e8des naturels utilis\u00e9s, ainsi que les r\u00e9sultats d\u2019\u00e9ventuels anciens <strong>tests cutan\u00e9s<\/strong> ou <strong>analyses d\u2019IgE<\/strong>, permet de gagner du temps et d\u2019affiner la strat\u00e9gie th\u00e9rapeutique.<\/p>\n<ul>\n<li><strong>Signes d\u2019urgence<\/strong> : g\u00eane respiratoire aigu\u00eb, gonflement du visage ou de la gorge, malaise.<\/li>\n<li><strong>Stylo d\u2019adr\u00e9naline<\/strong> : indiqu\u00e9 chez certaines personnes \u00e0 haut risque, usage expliqu\u00e9 par le m\u00e9decin.<\/li>\n<li><strong>Journal de bord<\/strong> : outil simple pour objectiver l\u2019allergie et suivre l\u2019efficacit\u00e9 des mesures.<\/li>\n<\/ul>\n<h2>Vivre au quotidien avec une allergie au pollen<\/h2>\n<p>\nApprendre \u00e0 <strong>vivre avec une allergie au pollen<\/strong> ne signifie pas se r\u00e9signer. En combinant une <u>compr\u00e9hension fine du m\u00e9canisme allergique<\/u>, une reconnaissance pr\u00e9coce des <strong>sympt\u00f4mes<\/strong> et des<\/p>\n<p class=\"ressources-officielles\"><strong>Ressources officielles :<\/strong> <a href=\"http:\/\/airparif.fr\" rel=\"nofollow noopener\" target=\"_blank\">airparif.fr<\/a> &middot; <a href=\"http:\/\/atmo-france.org\" rel=\"nofollow noopener\" target=\"_blank\">atmo-france.org<\/a><\/p>\n","protected":false},"excerpt":{"rendered":"","protected":false},"author":34,"featured_media":7648,"comment_status":"open","ping_status":"open","sticky":false,"template":"","format":"standard","meta":{"_acf_changed":false,"manual_indexmenow":false,"indexmenow_id_project":0,"footnotes":""},"categories":[4523],"tags":[4730,4731,4732],"class_list":["post-7646","post","type-post","status-publish","format-standard","has-post-thumbnail","hentry","category-alimentation-et-sante-des-enfants","tag-allergie-pollen","tag-rhinite-allergique","tag-soulager-symptmes","generate-columns","tablet-grid-50","mobile-grid-100","grid-parent","grid-25"],"acf":[],"yoast_head":"<!-- This site is optimized with the Yoast SEO Premium plugin v21.3 (Yoast SEO v25.6) - https:\/\/yoast.com\/wordpress\/plugins\/seo\/ -->\n<title>Allergie au pollen : comment soulager efficacement vos<\/title>\n<meta name=\"description\" content=\"Nous parlons d\u2019allergie au pollen lorsque le syst\u00e8me immunitaire r\u00e9agit de fa\u00e7on disproportionn\u00e9e \u00e0 des grains de pollen transport\u00e9s par l\u2019air, per\u00e7us \u00e0\" \/>\n<meta name=\"robots\" content=\"index, follow, max-snippet:-1, max-image-preview:large, max-video-preview:-1\" \/>\n<link rel=\"canonical\" href=\"https:\/\/juliedrnd.net\/blog\/alimentation-et-sante-des-enfants\/allergie-au-pollen-comment-soulager-efficacement-vos-symptomes\/\" \/>\n<meta property=\"og:locale\" content=\"fr_FR\" \/>\n<meta property=\"og:type\" content=\"article\" \/>\n<meta property=\"og:title\" content=\"Allergie au pollen : comment soulager efficacement vos\" \/>\n<meta property=\"og:description\" content=\"Nous parlons d\u2019allergie au pollen lorsque le syst\u00e8me immunitaire r\u00e9agit de fa\u00e7on disproportionn\u00e9e \u00e0 des grains de pollen transport\u00e9s par l\u2019air, per\u00e7us \u00e0\" \/>\n<meta property=\"og:url\" content=\"https:\/\/juliedrnd.net\/blog\/alimentation-et-sante-des-enfants\/allergie-au-pollen-comment-soulager-efficacement-vos-symptomes\/\" \/>\n<meta property=\"og:site_name\" content=\"juliedrnd\" \/>\n<meta property=\"og:image\" content=\"https:\/\/juliedrnd.net\/blog\/wp-content\/uploads\/2025\/12\/pag-image-693aa4785cd17-scaled.png\" \/>\n\t<meta property=\"og:image:width\" content=\"1200\" \/>\n\t<meta property=\"og:image:height\" content=\"686\" \/>\n\t<meta property=\"og:image:type\" content=\"image\/png\" \/>\n<meta name=\"author\" content=\"Elodie Mazeau\" \/>\n<meta name=\"twitter:card\" content=\"summary_large_image\" \/>\n<script type=\"application\/ld+json\" class=\"yoast-schema-graph\">{\"@context\":\"https:\/\/schema.org\",\"@graph\":[{\"@type\":\"NewsArticle\",\"@id\":\"https:\/\/juliedrnd.net\/blog\/alimentation-et-sante-des-enfants\/allergie-au-pollen-comment-soulager-efficacement-vos-symptomes\/#article\",\"isPartOf\":{\"@id\":\"https:\/\/juliedrnd.net\/blog\/alimentation-et-sante-des-enfants\/allergie-au-pollen-comment-soulager-efficacement-vos-symptomes\/\"},\"author\":{\"name\":\"Elodie Mazeau\",\"@id\":\"https:\/\/juliedrnd.net\/blog\/#\/schema\/person\/3c864cdc320801e3db34b663e7e3f816\"},\"headline\":\"Allergie au pollen : comment soulager efficacement vos sympt\u00f4mes\",\"datePublished\":\"2026-01-01T08:47:00+00:00\",\"dateModified\":\"2026-08-25T01:08:14+00:00\",\"mainEntityOfPage\":{\"@id\":\"https:\/\/juliedrnd.net\/blog\/alimentation-et-sante-des-enfants\/allergie-au-pollen-comment-soulager-efficacement-vos-symptomes\/\"},\"wordCount\":3397,\"commentCount\":0,\"publisher\":{\"@id\":\"https:\/\/juliedrnd.net\/blog\/#organization\"},\"image\":{\"@id\":\"https:\/\/juliedrnd.net\/blog\/alimentation-et-sante-des-enfants\/allergie-au-pollen-comment-soulager-efficacement-vos-symptomes\/#primaryimage\"},\"thumbnailUrl\":\"https:\/\/juliedrnd.net\/blog\/wp-content\/uploads\/2025\/12\/pag-image-693aa4785cd17-scaled.png\",\"keywords\":[\"allergie pollen\",\"rhinite allergique\",\"soulager symptmes\"],\"articleSection\":[\"Alimentation et Sant\u00e9 des Enfants\"],\"inLanguage\":\"fr-FR\",\"potentialAction\":[{\"@type\":\"CommentAction\",\"name\":\"Comment\",\"target\":[\"https:\/\/juliedrnd.net\/blog\/alimentation-et-sante-des-enfants\/allergie-au-pollen-comment-soulager-efficacement-vos-symptomes\/#respond\"]}]},{\"@type\":\"WebPage\",\"@id\":\"https:\/\/juliedrnd.net\/blog\/alimentation-et-sante-des-enfants\/allergie-au-pollen-comment-soulager-efficacement-vos-symptomes\/\",\"url\":\"https:\/\/juliedrnd.net\/blog\/alimentation-et-sante-des-enfants\/allergie-au-pollen-comment-soulager-efficacement-vos-symptomes\/\",\"name\":\"Allergie au pollen : comment soulager efficacement vos\",\"isPartOf\":{\"@id\":\"https:\/\/juliedrnd.net\/blog\/#website\"},\"primaryImageOfPage\":{\"@id\":\"https:\/\/juliedrnd.net\/blog\/alimentation-et-sante-des-enfants\/allergie-au-pollen-comment-soulager-efficacement-vos-symptomes\/#primaryimage\"},\"image\":{\"@id\":\"https:\/\/juliedrnd.net\/blog\/alimentation-et-sante-des-enfants\/allergie-au-pollen-comment-soulager-efficacement-vos-symptomes\/#primaryimage\"},\"thumbnailUrl\":\"https:\/\/juliedrnd.net\/blog\/wp-content\/uploads\/2025\/12\/pag-image-693aa4785cd17-scaled.png\",\"datePublished\":\"2026-01-01T08:47:00+00:00\",\"dateModified\":\"2026-08-25T01:08:14+00:00\",\"description\":\"Nous parlons d\u2019allergie au pollen lorsque le syst\u00e8me immunitaire r\u00e9agit de fa\u00e7on disproportionn\u00e9e \u00e0 des grains de pollen transport\u00e9s par l\u2019air, per\u00e7us \u00e0\",\"inLanguage\":\"fr-FR\",\"potentialAction\":[{\"@type\":\"ReadAction\",\"target\":[\"https:\/\/juliedrnd.net\/blog\/alimentation-et-sante-des-enfants\/allergie-au-pollen-comment-soulager-efficacement-vos-symptomes\/\"]}]},{\"@type\":\"ImageObject\",\"inLanguage\":\"fr-FR\",\"@id\":\"https:\/\/juliedrnd.net\/blog\/alimentation-et-sante-des-enfants\/allergie-au-pollen-comment-soulager-efficacement-vos-symptomes\/#primaryimage\",\"url\":\"https:\/\/juliedrnd.net\/blog\/wp-content\/uploads\/2025\/12\/pag-image-693aa4785cd17-scaled.png\",\"contentUrl\":\"https:\/\/juliedrnd.net\/blog\/wp-content\/uploads\/2025\/12\/pag-image-693aa4785cd17-scaled.png\",\"width\":1200,\"height\":686,\"caption\":\"Image g\u00e9n\u00e9r\u00e9e par IA optimis\u00e9e pour Google Discover\"},{\"@type\":\"WebSite\",\"@id\":\"https:\/\/juliedrnd.net\/blog\/#website\",\"url\":\"https:\/\/juliedrnd.net\/blog\/\",\"name\":\"juliedrnd.net\",\"description\":\"Vivez, cr\u00e9ez, r\u00eavez.\",\"publisher\":{\"@id\":\"https:\/\/juliedrnd.net\/blog\/#organization\"},\"alternateName\":\"Vivez, cr\u00e9ez, r\u00eavez.\",\"potentialAction\":[{\"@type\":\"SearchAction\",\"target\":{\"@type\":\"EntryPoint\",\"urlTemplate\":\"https:\/\/juliedrnd.net\/blog\/?s={search_term_string}\"},\"query-input\":{\"@type\":\"PropertyValueSpecification\",\"valueRequired\":true,\"valueName\":\"search_term_string\"}}],\"inLanguage\":\"fr-FR\"},{\"@type\":\"Organization\",\"@id\":\"https:\/\/juliedrnd.net\/blog\/#organization\",\"name\":\"Julie Drnd\",\"url\":\"https:\/\/juliedrnd.net\/blog\/\",\"logo\":{\"@type\":\"ImageObject\",\"inLanguage\":\"fr-FR\",\"@id\":\"https:\/\/juliedrnd.net\/blog\/#\/schema\/logo\/image\/\",\"url\":\"https:\/\/juliedrnd.net\/blog\/wp-content\/uploads\/2024\/12\/15.png\",\"contentUrl\":\"https:\/\/juliedrnd.net\/blog\/wp-content\/uploads\/2024\/12\/15.png\",\"width\":500,\"height\":500,\"caption\":\"Julie Drnd\"},\"image\":{\"@id\":\"https:\/\/juliedrnd.net\/blog\/#\/schema\/logo\/image\/\"}},{\"@type\":\"Person\",\"@id\":\"https:\/\/juliedrnd.net\/blog\/#\/schema\/person\/3c864cdc320801e3db34b663e7e3f816\",\"name\":\"Elodie Mazeau\",\"image\":{\"@type\":\"ImageObject\",\"inLanguage\":\"fr-FR\",\"@id\":\"https:\/\/juliedrnd.net\/blog\/#\/schema\/person\/image\/\",\"url\":\"https:\/\/juliedrnd.net\/blog\/wp-content\/uploads\/2026\/06\/persona_elodie-m-96x96.jpg\",\"contentUrl\":\"https:\/\/juliedrnd.net\/blog\/wp-content\/uploads\/2026\/06\/persona_elodie-m-96x96.jpg\",\"caption\":\"Elodie Mazeau\"},\"description\":\"J'\u00e9cris sur la parentalit\u00e9 telle qu'elle se vit vraiment, du premier biberon aux premi\u00e8res col\u00e8res. Mes sujets de pr\u00e9dilection couvrent le quotidien des familles : sommeil, alimentation, organisation, pu\u00e9riculture et ces petites gal\u00e8res que tout parent conna\u00eet. Depuis plusieurs ann\u00e9es, je m'attache \u00e0 proposer des rep\u00e8res concrets plut\u00f4t que des le\u00e7ons, parce que chaque famille trouve son propre \u00e9quilibre. Je v\u00e9rifie mes informations aupr\u00e8s de sources fiables, surtout d\u00e8s qu'on touche \u00e0 la sant\u00e9 ou \u00e0 la s\u00e9curit\u00e9 de l'enfant, et je pr\u00e9cise quand un avis professionnel s'impose. J'\u00e9vite soigneusement la culpabilisation : \u00eatre parent est d\u00e9j\u00e0 assez exigeant. Mon ton se veut complice et bienveillant, un peu comme une discussion entre parents qui se comprennent. L'id\u00e9e est d'all\u00e9ger la charge mentale en donnant des solutions simples et test\u00e9es.\",\"sameAs\":[\"https:\/\/elodiemazeau.fr\/\"],\"url\":\"https:\/\/juliedrnd.net\/blog\/auteur\/noname\/\"}]}<\/script>\n<!-- \/ Yoast SEO Premium plugin. -->","yoast_head_json":{"title":"Allergie au pollen : comment soulager efficacement vos","description":"Nous parlons d\u2019allergie au pollen lorsque le syst\u00e8me immunitaire r\u00e9agit de fa\u00e7on disproportionn\u00e9e \u00e0 des grains de pollen transport\u00e9s par l\u2019air, per\u00e7us \u00e0","robots":{"index":"index","follow":"follow","max-snippet":"max-snippet:-1","max-image-preview":"max-image-preview:large","max-video-preview":"max-video-preview:-1"},"canonical":"https:\/\/juliedrnd.net\/blog\/alimentation-et-sante-des-enfants\/allergie-au-pollen-comment-soulager-efficacement-vos-symptomes\/","og_locale":"fr_FR","og_type":"article","og_title":"Allergie au pollen : comment soulager efficacement vos","og_description":"Nous parlons d\u2019allergie au pollen lorsque le syst\u00e8me immunitaire r\u00e9agit de fa\u00e7on disproportionn\u00e9e \u00e0 des grains de pollen transport\u00e9s par l\u2019air, per\u00e7us \u00e0","og_url":"https:\/\/juliedrnd.net\/blog\/alimentation-et-sante-des-enfants\/allergie-au-pollen-comment-soulager-efficacement-vos-symptomes\/","og_site_name":"juliedrnd","og_image":[{"width":1200,"height":686,"url":"https:\/\/juliedrnd.net\/blog\/wp-content\/uploads\/2025\/12\/pag-image-693aa4785cd17-scaled.png","type":"image\/png"}],"author":"Elodie Mazeau","twitter_card":"summary_large_image","schema":{"@context":"https:\/\/schema.org","@graph":[{"@type":"NewsArticle","@id":"https:\/\/juliedrnd.net\/blog\/alimentation-et-sante-des-enfants\/allergie-au-pollen-comment-soulager-efficacement-vos-symptomes\/#article","isPartOf":{"@id":"https:\/\/juliedrnd.net\/blog\/alimentation-et-sante-des-enfants\/allergie-au-pollen-comment-soulager-efficacement-vos-symptomes\/"},"author":{"name":"Elodie Mazeau","@id":"https:\/\/juliedrnd.net\/blog\/#\/schema\/person\/3c864cdc320801e3db34b663e7e3f816"},"headline":"Allergie au pollen : comment soulager efficacement vos sympt\u00f4mes","datePublished":"2026-01-01T08:47:00+00:00","dateModified":"2026-08-25T01:08:14+00:00","mainEntityOfPage":{"@id":"https:\/\/juliedrnd.net\/blog\/alimentation-et-sante-des-enfants\/allergie-au-pollen-comment-soulager-efficacement-vos-symptomes\/"},"wordCount":3397,"commentCount":0,"publisher":{"@id":"https:\/\/juliedrnd.net\/blog\/#organization"},"image":{"@id":"https:\/\/juliedrnd.net\/blog\/alimentation-et-sante-des-enfants\/allergie-au-pollen-comment-soulager-efficacement-vos-symptomes\/#primaryimage"},"thumbnailUrl":"https:\/\/juliedrnd.net\/blog\/wp-content\/uploads\/2025\/12\/pag-image-693aa4785cd17-scaled.png","keywords":["allergie pollen","rhinite allergique","soulager symptmes"],"articleSection":["Alimentation et Sant\u00e9 des Enfants"],"inLanguage":"fr-FR","potentialAction":[{"@type":"CommentAction","name":"Comment","target":["https:\/\/juliedrnd.net\/blog\/alimentation-et-sante-des-enfants\/allergie-au-pollen-comment-soulager-efficacement-vos-symptomes\/#respond"]}]},{"@type":"WebPage","@id":"https:\/\/juliedrnd.net\/blog\/alimentation-et-sante-des-enfants\/allergie-au-pollen-comment-soulager-efficacement-vos-symptomes\/","url":"https:\/\/juliedrnd.net\/blog\/alimentation-et-sante-des-enfants\/allergie-au-pollen-comment-soulager-efficacement-vos-symptomes\/","name":"Allergie au pollen : comment soulager efficacement vos","isPartOf":{"@id":"https:\/\/juliedrnd.net\/blog\/#website"},"primaryImageOfPage":{"@id":"https:\/\/juliedrnd.net\/blog\/alimentation-et-sante-des-enfants\/allergie-au-pollen-comment-soulager-efficacement-vos-symptomes\/#primaryimage"},"image":{"@id":"https:\/\/juliedrnd.net\/blog\/alimentation-et-sante-des-enfants\/allergie-au-pollen-comment-soulager-efficacement-vos-symptomes\/#primaryimage"},"thumbnailUrl":"https:\/\/juliedrnd.net\/blog\/wp-content\/uploads\/2025\/12\/pag-image-693aa4785cd17-scaled.png","datePublished":"2026-01-01T08:47:00+00:00","dateModified":"2026-08-25T01:08:14+00:00","description":"Nous parlons d\u2019allergie au pollen lorsque le syst\u00e8me immunitaire r\u00e9agit de fa\u00e7on disproportionn\u00e9e \u00e0 des grains de pollen transport\u00e9s par l\u2019air, per\u00e7us \u00e0","inLanguage":"fr-FR","potentialAction":[{"@type":"ReadAction","target":["https:\/\/juliedrnd.net\/blog\/alimentation-et-sante-des-enfants\/allergie-au-pollen-comment-soulager-efficacement-vos-symptomes\/"]}]},{"@type":"ImageObject","inLanguage":"fr-FR","@id":"https:\/\/juliedrnd.net\/blog\/alimentation-et-sante-des-enfants\/allergie-au-pollen-comment-soulager-efficacement-vos-symptomes\/#primaryimage","url":"https:\/\/juliedrnd.net\/blog\/wp-content\/uploads\/2025\/12\/pag-image-693aa4785cd17-scaled.png","contentUrl":"https:\/\/juliedrnd.net\/blog\/wp-content\/uploads\/2025\/12\/pag-image-693aa4785cd17-scaled.png","width":1200,"height":686,"caption":"Image g\u00e9n\u00e9r\u00e9e par IA optimis\u00e9e pour Google Discover"},{"@type":"WebSite","@id":"https:\/\/juliedrnd.net\/blog\/#website","url":"https:\/\/juliedrnd.net\/blog\/","name":"juliedrnd.net","description":"Vivez, cr\u00e9ez, r\u00eavez.","publisher":{"@id":"https:\/\/juliedrnd.net\/blog\/#organization"},"alternateName":"Vivez, cr\u00e9ez, r\u00eavez.","potentialAction":[{"@type":"SearchAction","target":{"@type":"EntryPoint","urlTemplate":"https:\/\/juliedrnd.net\/blog\/?s={search_term_string}"},"query-input":{"@type":"PropertyValueSpecification","valueRequired":true,"valueName":"search_term_string"}}],"inLanguage":"fr-FR"},{"@type":"Organization","@id":"https:\/\/juliedrnd.net\/blog\/#organization","name":"Julie Drnd","url":"https:\/\/juliedrnd.net\/blog\/","logo":{"@type":"ImageObject","inLanguage":"fr-FR","@id":"https:\/\/juliedrnd.net\/blog\/#\/schema\/logo\/image\/","url":"https:\/\/juliedrnd.net\/blog\/wp-content\/uploads\/2024\/12\/15.png","contentUrl":"https:\/\/juliedrnd.net\/blog\/wp-content\/uploads\/2024\/12\/15.png","width":500,"height":500,"caption":"Julie Drnd"},"image":{"@id":"https:\/\/juliedrnd.net\/blog\/#\/schema\/logo\/image\/"}},{"@type":"Person","@id":"https:\/\/juliedrnd.net\/blog\/#\/schema\/person\/3c864cdc320801e3db34b663e7e3f816","name":"Elodie Mazeau","image":{"@type":"ImageObject","inLanguage":"fr-FR","@id":"https:\/\/juliedrnd.net\/blog\/#\/schema\/person\/image\/","url":"https:\/\/juliedrnd.net\/blog\/wp-content\/uploads\/2026\/06\/persona_elodie-m-96x96.jpg","contentUrl":"https:\/\/juliedrnd.net\/blog\/wp-content\/uploads\/2026\/06\/persona_elodie-m-96x96.jpg","caption":"Elodie Mazeau"},"description":"J'\u00e9cris sur la parentalit\u00e9 telle qu'elle se vit vraiment, du premier biberon aux premi\u00e8res col\u00e8res. Mes sujets de pr\u00e9dilection couvrent le quotidien des familles : sommeil, alimentation, organisation, pu\u00e9riculture et ces petites gal\u00e8res que tout parent conna\u00eet. Depuis plusieurs ann\u00e9es, je m'attache \u00e0 proposer des rep\u00e8res concrets plut\u00f4t que des le\u00e7ons, parce que chaque famille trouve son propre \u00e9quilibre. Je v\u00e9rifie mes informations aupr\u00e8s de sources fiables, surtout d\u00e8s qu'on touche \u00e0 la sant\u00e9 ou \u00e0 la s\u00e9curit\u00e9 de l'enfant, et je pr\u00e9cise quand un avis professionnel s'impose. J'\u00e9vite soigneusement la culpabilisation : \u00eatre parent est d\u00e9j\u00e0 assez exigeant. Mon ton se veut complice et bienveillant, un peu comme une discussion entre parents qui se comprennent. L'id\u00e9e est d'all\u00e9ger la charge mentale en donnant des solutions simples et test\u00e9es.","sameAs":["https:\/\/elodiemazeau.fr\/"],"url":"https:\/\/juliedrnd.net\/blog\/auteur\/noname\/"}]}},"_links":{"self":[{"href":"https:\/\/juliedrnd.net\/blog\/wp-json\/wp\/v2\/posts\/7646","targetHints":{"allow":["GET"]}}],"collection":[{"href":"https:\/\/juliedrnd.net\/blog\/wp-json\/wp\/v2\/posts"}],"about":[{"href":"https:\/\/juliedrnd.net\/blog\/wp-json\/wp\/v2\/types\/post"}],"author":[{"embeddable":true,"href":"https:\/\/juliedrnd.net\/blog\/wp-json\/wp\/v2\/users\/34"}],"replies":[{"embeddable":true,"href":"https:\/\/juliedrnd.net\/blog\/wp-json\/wp\/v2\/comments?post=7646"}],"version-history":[{"count":1,"href":"https:\/\/juliedrnd.net\/blog\/wp-json\/wp\/v2\/posts\/7646\/revisions"}],"predecessor-version":[{"id":7693,"href":"https:\/\/juliedrnd.net\/blog\/wp-json\/wp\/v2\/posts\/7646\/revisions\/7693"}],"wp:featuredmedia":[{"embeddable":true,"href":"https:\/\/juliedrnd.net\/blog\/wp-json\/wp\/v2\/media\/7648"}],"wp:attachment":[{"href":"https:\/\/juliedrnd.net\/blog\/wp-json\/wp\/v2\/media?parent=7646"}],"wp:term":[{"taxonomy":"category","embeddable":true,"href":"https:\/\/juliedrnd.net\/blog\/wp-json\/wp\/v2\/categories?post=7646"},{"taxonomy":"post_tag","embeddable":true,"href":"https:\/\/juliedrnd.net\/blog\/wp-json\/wp\/v2\/tags?post=7646"}],"curies":[{"name":"wp","href":"https:\/\/api.w.org\/{rel}","templated":true}]}}