{"id":7640,"date":"2025-12-25T09:46:00","date_gmt":"2025-12-25T08:46:00","guid":{"rendered":"https:\/\/juliedrnd.net\/blog\/?p=7640"},"modified":"2026-08-25T03:08:14","modified_gmt":"2026-08-25T01:08:14","slug":"tableau-pdf-des-aliments-riches-en-fer-pour-optimiser-votre-sante-quotidienne","status":"publish","type":"post","link":"https:\/\/juliedrnd.net\/blog\/alimentation-et-sante-des-enfants\/tableau-pdf-des-aliments-riches-en-fer-pour-optimiser-votre-sante-quotidienne\/","title":{"rendered":"Tableau PDF des aliments riches en fer pour optimiser votre sant\u00e9 quotidienne"},"content":{"rendered":"<div style=\"background: linear-gradient(135deg, #f5f7fa 0%, #e9ecef 100%);border-left: 4px solid #0073aa;padding: 15px 20px;margin: 0 0 25px 0;border-radius: 0 8px 8px 0\">\n<p style=\"margin: 0;font-size: 14px;color: #0073aa;font-weight: 600;text-transform: uppercase;letter-spacing: 1px;margin-bottom: 10px\">\ud83d\udccb En bref<\/p>\n<ul style=\"margin: 0;padding-left: 20px;list-style-type: none\">\n<li style=\"margin: 5px 0;color: #333;font-size: 15px;line-height: 1.5;position: relative;padding-left: 15px\"><span style=\"position: absolute;left: 0;color: #0073aa\">\u25b8<\/span> Le fer est crucial pour la synth\u00e8se de l&#039;h\u00e9moglobine et la production d&#039;\u00e9nergie cellulaire.<\/li>\n<li style=\"margin: 5px 0;color: #333;font-size: 15px;line-height: 1.5;position: relative;padding-left: 15px\"><span style=\"position: absolute;left: 0;color: #0073aa\">\u25b8<\/span> Une carence en fer peut entra\u00eener fatigue, essoufflement et probl\u00e8mes cognitifs.<\/li>\n<li style=\"margin: 5px 0;color: #333;font-size: 15px;line-height: 1.5;position: relative;padding-left: 15px\"><span style=\"position: absolute;left: 0;color: #0073aa\">\u25b8<\/span> La distinction entre carence en fer et an\u00e9mie ferriprive est essentielle pour un diagnostic pr\u00e9cis.<\/li>\n<\/ul>\n<\/div>\n<h2>Aliments Riches en Fer : Tableau PDF Complet pour Optimiser Votre Nutrition<\/h2>\n<h2>R\u00f4le physiologique du fer et impact sur la sant\u00e9 au quotidien<\/h2>\n<p>Le fer est au c\u0153ur de m\u00e9canismes vitaux, et une baisse mod\u00e9r\u00e9e de ses r\u00e9serves peut d\u00e9j\u00e0 se traduire par une chute de forme marqu\u00e9e. Sur le plan biologique, <u>le fer est un cofacteur indispensable \u00e0 la synth\u00e8se de l\u2019<strong>h\u00e9moglobine<\/strong><\/u>, prot\u00e9ine des globules rouges qui permet le transport de l\u2019oxyg\u00e8ne des poumons vers les tissus. Une partie du fer est stock\u00e9e sous forme de <strong>ferritine<\/strong> au niveau du foie, de la rate et de la moelle osseuse, ce qui constitue notre \u00ab\u00a0r\u00e9serve\u00a0\u00bb mobilisable en cas de besoin accru, par exemple durant la grossesse ou un entra\u00eenement sportif intensif.<\/p>\n<p>Le fer intervient aussi dans le fonctionnement d\u2019enzymes cl\u00e9s de la <strong>cha\u00eene respiratoire mitochondriale<\/strong>, donc dans la <u>production d\u2019ATP, la principale monnaie \u00e9nerg\u00e9tique de nos cellules<\/u>. Les travaux de groupes d\u2019experts en nutrition, soutenus par des agences nationales comme <strong>Health Canada<\/strong> ou l\u2019<strong>Autorit\u00e9 Europ\u00e9enne de S\u00e9curit\u00e9 des Aliments (EFSA)<\/strong>, rappellent que des apports insuffisants peuvent perturber la thermor\u00e9gulation, l\u2019immunit\u00e9 et la synth\u00e8se de neurotransmetteurs impliqu\u00e9s dans l\u2019humeur et la cognition.<\/p>\n<ul>\n<li><strong>Transport de l\u2019oxyg\u00e8ne<\/strong> : via l\u2019h\u00e9moglobine et la <strong>myoglobine<\/strong> musculaire.<\/li>\n<li><strong>Stockage du fer<\/strong> : via la <strong>ferritine<\/strong> et l\u2019<strong>h\u00e9mosid\u00e9rine<\/strong>.<\/li>\n<li><strong>Production d\u2019\u00e9nergie<\/strong> : participation aux complexes enzymatiques mitochondriaux.<\/li>\n<li><strong>Fonction immunitaire<\/strong> : r\u00f4le dans la prolif\u00e9ration lymphocytaire et les d\u00e9fenses antioxydantes.<\/li>\n<\/ul>\n<h2>Carence en fer, an\u00e9mie ferriprive et sympt\u00f4mes \u00e0 surveiller<\/h2>\n<p>Nous devons distinguer deux situations : <u>la <strong>carence en fer<\/strong> simple correspond \u00e0 une baisse des r\u00e9serves (ferritine basse) avec h\u00e9moglobine encore dans la norme<\/u>, alors que <u>l\u2019<strong>an\u00e9mie ferriprive<\/strong> associe ferritine basse et h\u00e9moglobine diminu\u00e9e<\/u>. Cette distinction, utilis\u00e9e par des centres hospitaliers comme le <strong>Centre Hospitalier Universitaire de Gen\u00e8ve<\/strong> ou l\u2019<strong>Assistance Publique \u2013 H\u00f4pitaux de Paris<\/strong>, est fondamentale pour interpr\u00e9ter un bilan sanguin.<\/p>\n<p>Les sympt\u00f4mes typiques remont\u00e9s en consultation par les m\u00e9decins g\u00e9n\u00e9ralistes et les h\u00e9matologues incluent une <strong>fatigue persistante<\/strong> malgr\u00e9 le repos, un <strong>essoufflement<\/strong> pour des efforts modestes, une <strong>p\u00e2leur cutan\u00e9e<\/strong>, des <strong>vertiges<\/strong>, une sensation de c\u0153ur qui bat vite (palpitations), ainsi que des signes cutan\u00e9s comme chute de cheveux accrue, ongles fragiles ou glossite (inflammation de la langue). Sur le plan cognitif, plusieurs \u00e9tudes publi\u00e9es entre <u>2018 et 2023<\/u> ont mis en \u00e9vidence des liens entre d\u00e9ficit martiale et <strong>diminution de l\u2019attention ou de la m\u00e9moire de travail<\/strong>, en particulier chez l\u2019enfant et l\u2019adolescent.<\/p>\n<ul>\n<li><strong>Carence en fer<\/strong> : ferritine basse, h\u00e9moglobine normale, sympt\u00f4mes parfois discrets mais r\u00e9els.<\/li>\n<li><strong>An\u00e9mie ferriprive<\/strong> : ferritine basse + h\u00e9moglobine basse, retentissement marqu\u00e9 sur le quotidien.<\/li>\n<li>Signes d\u2019alerte : <u>fatigue, essoufflement, p\u00e2leur, performances sportives en baisse<\/u>.<\/li>\n<\/ul>\n<h2>Besoins journaliers, profils \u00e0 risque et suivi de la ferritine<\/h2>\n<p>Les recommandations officielles, issues notamment de <strong>Sant\u00e9 Canada<\/strong> et de l\u2019<strong>Agence Nationale de S\u00e9curit\u00e9 Sanitaire (ANSES)<\/strong> en France, convergent vers des apports journaliers de l\u2019ordre de <u>8 \u00e0 11 mg de fer par jour pour un homme adulte<\/u>, et <u>14 \u00e0 18 mg pour une femme en \u00e2ge de procr\u00e9er<\/u>, afin de compenser les pertes menstruelles. Pendant la grossesse, plusieurs pays, dont la <strong>France<\/strong> et le <strong>Canada<\/strong>, retiennent souvent une cible autour de <u>27 mg\/jour<\/u>, ce qui justifie parfois une compl\u00e9mentation surveill\u00e9e.<\/p>\n<p>Les populations \u00e0 risque identifi\u00e9es de mani\u00e8re r\u00e9currente par les \u00e9tudes \u00e9pid\u00e9miologiques sont :<\/p>\n<ul>\n<li><strong>Femmes avec r\u00e8gles abondantes<\/strong>, surtout entre 15 et 45 ans.<\/li>\n<li><strong>Enfants et adolescents<\/strong> en phase de croissance rapide.<\/li>\n<li><strong>Sportifs d\u2019endurance<\/strong> (course \u00e0 pied, triathlon, cyclisme), en raison des pertes digestives et de la destruction accrue de globules rouges.<\/li>\n<li><strong>Personnes v\u00e9ganes ou v\u00e9g\u00e9tariennes strictes<\/strong> sans planification nutritionnelle pr\u00e9cise.<\/li>\n<li><strong>Donneurs ou donneuses de sang fr\u00e9quents<\/strong>, suivis notamment par des organismes comme <strong>H\u00e9ma-Qu\u00e9bec<\/strong> ou l\u2019<strong>\u00c9tablissement Fran\u00e7ais du Sang<\/strong>.<\/li>\n<\/ul>\n<p>Un dosage de <strong>ferritine s\u00e9rique<\/strong> coupl\u00e9 \u00e0 une <strong>num\u00e9ration formule sanguine<\/strong> (NFS) reste la r\u00e9f\u00e9rence pour faire le lien entre alimentation, r\u00e9serves et sympt\u00f4mes. Nous recommandons de discuter avec un m\u00e9decin g\u00e9n\u00e9raliste ou un h\u00e9matologue d\u2019un contr\u00f4le r\u00e9gulier en cas de fatigue inexpliqu\u00e9e, grossesse en cours, ou r\u00e9gime excluant la viande sur une longue p\u00e9riode.<\/p>\n<h2>Fer h\u00e9minique et fer non h\u00e9minique : comprendre les diff\u00e9rences<\/h2>\n<p>Les documents de r\u00e9f\u00e9rence publi\u00e9s par <strong>Canada.ca<\/strong> et par des h\u00f4pitaux comme <strong>The Ottawa Hospital<\/strong> ou <strong>H\u00e9ma-Qu\u00e9bec<\/strong> rappellent une distinction essentielle : <u>le <strong>fer h\u00e9minique<\/strong>, d\u2019origine animale, est en moyenne absorb\u00e9 \u00e0 hauteur de 15 \u00e0 35 %<\/u>, tandis que <u>le <strong>fer non h\u00e9minique<\/strong>, d\u2019origine v\u00e9g\u00e9tale, est absorb\u00e9 \u00e0 seulement 2 \u00e0 10 %<\/u>. Cette diff\u00e9rence de biodisponibilit\u00e9 explique pourquoi une quantit\u00e9 \u00e9quivalente de fer, exprim\u00e9e en mg, ne se traduit pas par la m\u00eame quantit\u00e9 r\u00e9ellement utilis\u00e9e par l\u2019organisme.<\/p>\n<p>Le fer h\u00e9minique se trouve surtout dans la <strong>viande rouge<\/strong>, les <strong>abats<\/strong> (foie, rognons, c\u0153ur), certains <strong>produits de la mer<\/strong> (moules, hu\u00eetres, crevettes) et la <strong>volaille<\/strong>. Le fer non h\u00e9minique se retrouve dans les <strong>l\u00e9gumineuses<\/strong> (lentilles, pois chiches), les <strong>c\u00e9r\u00e9ales compl\u00e8tes<\/strong>, les <strong>graines<\/strong>, les <strong>fruits secs<\/strong> et de nombreux <strong>l\u00e9gumes verts<\/strong>. Des donn\u00e9es issues de brochures suisses comme celles de <strong>Check-ton-fer.ch<\/strong> ou de cabinets de nutrition \u00e0 <strong>Gen\u00e8ve<\/strong> montrent par exemple qu\u2019un <u>100 g de boudin noir peuvent contenir pr\u00e8s de 29,4 mg de fer<\/u>, alors que <u>100 g de lentilles s\u00e8ches tournent autour de 7 \u00e0 9 mg<\/u> : l\u2019\u00e9cart d\u2019absorption amplifie encore cette diff\u00e9rence.<\/p>\n<ul>\n<li><strong>Fer h\u00e9minique<\/strong> : viande de b\u0153uf, mouton, abats, boudin noir, poissons, fruits de mer.<\/li>\n<li><strong>Fer non h\u00e9minique<\/strong> : lentilles, pois chiches, haricots secs, tofu, quinoa, graines de s\u00e9same, \u00e9pinards.<\/li>\n<li><u>Absorption plus \u00e9lev\u00e9e pour le fer h\u00e9minique, mais modulable pour le fer v\u00e9g\u00e9tal gr\u00e2ce aux associations alimentaires<\/u>.<\/li>\n<\/ul>\n<h2>Comment compenser une moindre biodisponibilit\u00e9 du fer v\u00e9g\u00e9tal<\/h2>\n<p>Les \u00e9tudes cliniques conduites en <strong>Europe<\/strong> et en <strong>Am\u00e9rique du Nord<\/strong> montrent qu\u2019un r\u00e9gime v\u00e9g\u00e9tarien ou v\u00e9gane bien construit couvre les besoins en fer, \u00e0 condition d\u2019augmenter l\u00e9g\u00e8rement les apports totaux pour compenser la moindre absorption, et de jouer sur les facteurs qui modulent cette absorption. Nous estimons, en suivant les recommandations de groupes comme l\u2019<strong>Academy of Nutrition and Dietetics<\/strong>, que les personnes ne consommant aucun produit animal gagnent \u00e0 viser des apports sup\u00e9rieurs de 1,3 \u00e0 1,8 fois \u00e0 ceux d\u2019un omnivore, tout en optimisant les combinaisons alimentaires.<\/p>\n<p>Les freins majeurs \u00e0 l\u2019absorption du fer non h\u00e9minique sont les <strong>phytates<\/strong> (pr\u00e9sents dans les c\u00e9r\u00e9ales compl\u00e8tes et les l\u00e9gumineuses), certains <strong>polyph\u00e9nols<\/strong> du th\u00e9 et du caf\u00e9, l\u2019<strong>exc\u00e8s de calcium<\/strong> au m\u00eame repas, et parfois un apport \u00e9lev\u00e9 en <strong>fibres<\/strong>. Des techniques culinaires comme le trempage prolong\u00e9, la germination ou la fermentation (pain au levain, tempeh) r\u00e9duisent la teneur en phytates et am\u00e9liorent la biodisponibilit\u00e9. L\u2019association syst\u00e9matique avec des aliments riches en <strong>vitamine C<\/strong> (agrumes, poivrons, kiwi) augmente significativement l\u2019absorption, par un facteur qui peut atteindre <u>3 \u00e0 4 fois<\/u> dans certaines \u00e9tudes men\u00e9es depuis les ann\u00e9es 1990.<\/p>\n<ul>\n<li><strong>Tremper et rincer<\/strong> les l\u00e9gumineuses avant cuisson pour diminuer les phytates.<\/li>\n<li><strong>Associer vitamine C<\/strong> (poivron, citron, orange, persil, kiwi) aux repas contenant des l\u00e9gumineuses ou des c\u00e9r\u00e9ales.<\/li>\n<li><u>Limiter le th\u00e9 et le caf\u00e9 dans les deux heures autour des repas les plus riches en fer<\/u>.<\/li>\n<\/ul>\n<h2>Tableau des aliments riches en fer : logique du PDF et grandes cat\u00e9gories<\/h2>\n<p>Le <strong>tableau PDF des aliments riches en fer<\/strong> que nous d\u00e9crivons s\u2019inspire de compilations s\u00e9rieuses comme celles de <strong>Check-ton-fer.ch<\/strong>, de la brochure \u00ab\u00a0<strong>Teneur en fer des grands types d\u2019aliments<\/strong>\u00a0\u00bb de <strong>Mpedia<\/strong> en <strong>France<\/strong>, ou du tableau pratique publi\u00e9 par la structure de coaching nutritionnel <strong>ObeCoach<\/strong> en <strong>2020<\/strong>. Il classe les aliments selon deux axes : <u>la teneur en fer (mg pour 100 g ou par portion)<\/u> et <u>le type de fer (h\u00e9minique vs non h\u00e9minique)<\/u>. L\u2019utilisateur peut ainsi comparer rapidement une portion de boudin noir avec un plat de pois chiches ou de tofu.<\/p>\n<p>Pour rendre ce rep\u00e8re utilisable dans la vie quotidienne, nous proposons une structuration du PDF par grandes familles, avec des ordres de grandeur tir\u00e9s des tables officielles :<\/p>\n<ul>\n<li><strong>Viandes et charcuteries<\/strong> : boudin noir, foie de porc ou de veau, viande de b\u0153uf, mouton, agneau.<\/li>\n<li><strong>Produits de la mer<\/strong> : moules, hu\u00eetres, sardines en conserve, maquereau, thon.<\/li>\n<li><strong>L\u00e9gumineuses<\/strong> : lentilles vertes, lentilles corail, haricots blancs, pois chiches, soja.<\/li>\n<li><strong>C\u00e9r\u00e9ales et pains<\/strong> : son de bl\u00e9, flocons de millet, quinoa, pain complet avec s\u00e9same.<\/li>\n<li><strong>Graines et ol\u00e9agineux<\/strong> : s\u00e9same complet, graines de courge, graines de lin, pistaches, noix de cajou.<\/li>\n<li><strong>Fruits secs<\/strong> : abricots secs, figues s\u00e9ch\u00e9es, raisins secs, dattes.<\/li>\n<li><strong>L\u00e9gumes<\/strong> : \u00e9pinards, bettes, brocoli, chou kale, cresson.<\/li>\n<li><strong>\u00c9pices et algues<\/strong> : thym, cumin, spiruline, algues type laitue de mer.<\/li>\n<\/ul>\n<h2>Exemples chiffr\u00e9s : \u00ab\u00a0champions du fer\u00a0\u00bb animaux et v\u00e9g\u00e9taux<\/h2>\n<p>Pour vous donner un aper\u00e7u concret des niveaux de fer, nous r\u00e9sumons quelques valeurs moyennes issues des documents de <strong>Check-ton-fer.ch<\/strong>, de <strong>Mpedia<\/strong> et de brochures de centres hospitaliers. Ces chiffres sont pr\u00e9sent\u00e9s ici \u00e0 titre indicatif pour 100 g d\u2019aliment :<\/p>\n<table border=\"1\" cellpadding=\"6\" cellspacing=\"0\">\n<thead>\n<tr>\n<th>Aliment<\/th>\n<th>Type de fer<\/th>\n<th>Teneur approximative en fer (mg\/100 g)<\/th>\n<th>Cat\u00e9gorie<\/th>\n<\/tr>\n<\/thead>\n<tbody>\n<tr>\n<td>Boudin noir<\/td>\n<td><strong>H\u00e9minique<\/strong><\/td>\n<td><u>\u2248 29,4 mg<\/u><\/td>\n<td>Charcuterie<\/td>\n<\/tr>\n<tr>\n<td>Foie de porc<\/td>\n<td><strong>H\u00e9minique<\/strong><\/td>\n<td>\u2248 15\u201318 mg<\/td>\n<td>Abats<\/td>\n<\/tr>\n<tr>\n<td>Moules<\/td>\n<td><strong>H\u00e9minique<\/strong><\/td>\n<td>\u2248 5\u20136 mg<\/td>\n<td>Fruits de mer<\/td>\n<\/tr>\n<tr>\n<td>Steak de b\u0153uf<\/td>\n<td><strong>H\u00e9minique<\/strong><\/td>\n<td>\u2248 2\u20133 mg<\/td>\n<td>Viande rouge<\/td>\n<\/tr>\n<tr>\n<td>Lentilles s\u00e8ches<\/td>\n<td><strong>Non h\u00e9minique<\/strong><\/td>\n<td>\u2248 7\u20139 mg<\/td>\n<td>L\u00e9gumineuse<\/td>\n<\/tr>\n<tr>\n<td>Pois chiches secs<\/td>\n<td><strong>Non h\u00e9minique<\/strong><\/td>\n<td>\u2248 6 mg<\/td>\n<td>L\u00e9gumineuse<\/td>\n<\/tr>\n<tr>\n<td>Graines de s\u00e9same compl\u00e8tes<\/td>\n<td><strong>Non h\u00e9minique<\/strong><\/td>\n<td><u>\u2248 14\u201315 mg<\/u><\/td>\n<td>Graines<\/td>\n<\/tr>\n<tr>\n<td>Graines de courge<\/td>\n<td><strong>Non h\u00e9minique<\/strong><\/td>\n<td>\u2248 8\u20139 mg<\/td>\n<td>Graines<\/td>\n<\/tr>\n<tr>\n<td>Tofu<\/td>\n<td><strong>Non h\u00e9minique<\/strong><\/td>\n<td>\u2248 5 mg<\/td>\n<td>Produit soja<\/td>\n<\/tr>\n<tr>\n<td>Abricots secs<\/td>\n<td><strong>Non h\u00e9minique<\/strong><\/td>\n<td>\u2248 5 mg<\/td>\n<td>Fruits secs<\/td>\n<\/tr>\n<\/tbody>\n<\/table>\n<p>\u00c0 l\u2019\u00e9chelle d\u2019un repas, le PDF permet de comparer rapidement, par exemple, un <u>plat de 200 g de lentilles cuites<\/u> avec une <u>portion de 100 g de boudin noir<\/u>, puis d\u2019ajuster les portions en fonction de votre profil (femme enceinte, sportif, adolescent). Notre avis est clair : ce type de support visuel, lorsqu\u2019il est bien construit, aide r\u00e9ellement \u00e0 passer d\u2019une connaissance th\u00e9orique \u00e0 un changement concret de menus.<\/p>\n<h2>Facteurs qui augmentent l\u2019absorption du fer<\/h2>\n<p>Les brochures de <strong>The Ottawa Hospital<\/strong> et de <strong>H\u00e9ma-Qu\u00e9bec<\/strong> insistent sur le r\u00f4le majeur de la <strong>vitamine C<\/strong> dans l\u2019absorption du fer non h\u00e9minique. Des travaux cliniques montrent qu\u2019ajouter environ <u>50 \u00e0 100 mg de vitamine C<\/u> \u00e0 un repas (ce qui correspond, selon les donn\u00e9es de <strong>USDA<\/strong>, \u00e0 un gros kiwi ou \u00e0 un petit verre de jus d\u2019orange press\u00e9) peut multiplier par <u>2 \u00e0 4<\/u> la quantit\u00e9 de fer v\u00e9g\u00e9tal absorb\u00e9e. Nous consid\u00e9rons ce levier comme l\u2019un des plus simples et efficaces \u00e0 int\u00e9grer au quotidien.<\/p>\n<ul>\n<li><strong>Vitamine C<\/strong> : agrumes, kiwi, fraises, poivron rouge, brocoli, chou kale, persil frais.<\/li>\n<li><strong>Association prot\u00e9ines animales + v\u00e9g\u00e9tales<\/strong> : petite portion de viande, de poisson ou de fruits de mer dans un plat de c\u00e9r\u00e9ales ou de l\u00e9gumineuses, strat\u00e9gie recommand\u00e9e par <strong>Canada.ca<\/strong>.<\/li>\n<li><strong>Cuisson ma\u00eetris\u00e9e<\/strong> : une cuisson vapeur ou douce pr\u00e9serve mieux la vitamine C des l\u00e9gumes que des cuissons prolong\u00e9es.<\/li>\n<\/ul>\n<h2>Freins \u00e0 l\u2019absorption du fer et organisation des repas<\/h2>\n<p>Le m\u00eame corpus de documents, compl\u00e9t\u00e9 par des livrets de structures de pr\u00e9vention comme <strong>Satim Sant\u00e9<\/strong> en <strong>France<\/strong>, pointe plusieurs inhibiteurs puissants de l\u2019absorption du fer. Les <u>tannins du th\u00e9 noir, du th\u00e9 vert et du caf\u00e9<\/u>, consomm\u00e9s juste apr\u00e8s un repas riche en fer, peuvent r\u00e9duire significativement la fraction absorb\u00e9e. Un exc\u00e8s de <strong>calcium<\/strong> (lait, fromages, compl\u00e9ments calciques) pris simultan\u00e9ment \u00e0 un repas riche en fer peut aussi perturber l\u2019absorption intestinale.<\/p>\n<p>Nous conseillons de structurer les journ\u00e9es de mani\u00e8re \u00e0 :<\/p>\n<ul>\n<li><u>D\u00e9caler le th\u00e9 et le caf\u00e9 d\u2019au moins 1 \u00e0 2 heures apr\u00e8s les repas centraux riches en fer<\/u>.<\/li>\n<li>\u00c9viter de prendre des <strong>compl\u00e9ments calciques<\/strong> ou des antiacides riches en calcium en m\u00eame temps que les suppl\u00e9ments de fer prescrits.<\/li>\n<li>R\u00e9server les produits laitiers principaux (yaourt, fromage) \u00e0 un repas moins riche en fer, ou \u00e0 des collations.<\/li>\n<\/ul>\n<h2>Exemples de repas optimis\u00e9s pour le fer<\/h2>\n<p>Pour concr\u00e9tiser ces principes, nous pouvons imaginer plusieurs combinaisons de menus tirant pleinement parti des valeurs du <strong>tableau PDF<\/strong> :<\/p>\n<ul>\n<li><strong>Salade de lentilles aux poivrons rouges et persil<\/strong> : 150 \u00e0 200 g de lentilles cuites, poivron rouge cru, oignon rouge, persil frais, jus de citron. Ce plat apporte une base solide de fer non h\u00e9minique, boost\u00e9e par la vitamine C du citron et du poivron.<\/li>\n<li><strong>Steak de b\u0153uf et brocoli vapeur<\/strong> : 120 g de viande de b\u0153uf riche en fer h\u00e9minique, accompagn\u00e9 de brocoli vapeur et d\u2019un filet de jus de citron. L\u2019association h\u00e9minique\/non h\u00e9minique et l\u2019apport de vitamine C favorisent une absorption optimale.<\/li>\n<li><strong>Tajine de pois chiches aux abricots secs<\/strong> : pois chiches, abricots secs, carottes, \u00e9pices riches en fer comme le <strong>cumin<\/strong> ou le <strong>thym<\/strong>, servis avec de la semoule compl\u00e8te. Nous trouvons ce type de plat particuli\u00e8rement pertinent pour les personnes r\u00e9duisant la viande.<\/li>\n<\/ul>\n<h2>Cons\u00e9quences d\u2019une carence prolong\u00e9e en fer<\/h2>\n<p>Les donn\u00e9es \u00e9pid\u00e9miologiques de l\u2019<strong>Organisation Mondiale de la Sant\u00e9 (OMS)<\/strong> indiquent que l\u2019<u>an\u00e9mie par carence en fer reste la carence nutritionnelle la plus r\u00e9pandue dans le monde touchant plusieurs centaines de millions de personnes, avec une pr\u00e9valence particuli\u00e8rement \u00e9lev\u00e9e chez les femmes en \u00e2ge de procr\u00e9er et les enfants d\u2019<strong>Afrique subsaharienne<\/strong> et d\u2019<strong>Asie du Sud<\/strong>. En <strong>Europe<\/strong> de l\u2019Ouest, les \u00e9tudes men\u00e9es depuis les ann\u00e9es 2010 estiment que <u>7 \u00e0 20 % des femmes<\/u> pr\u00e9sentent une ferritine basse, m\u00eame sans an\u00e9mie av\u00e9r\u00e9e.<\/p>\n<p>Sur le long terme, une carence non corrig\u00e9e peut :<\/p>\n<ul>\n<li>R\u00e9duire les <strong>performances scolaires<\/strong> ou professionnelles, par baisse de la concentration et de la vigilance.<\/li>\n<li>Impliquer une <strong>baisse marqu\u00e9e de la VO2 max<\/strong> et des capacit\u00e9s d\u2019endurance chez le sportif.<\/li>\n<li>Augmenter les risques de <strong>complications obst\u00e9tricales<\/strong> : pr\u00e9maturit\u00e9, hypotrophie f\u0153tale, fatigue maternelle accrue, ce qui ressort des travaux de cohortes publi\u00e9s depuis <u>2015<\/u>.<\/li>\n<li>Affecter le <strong>d\u00e9veloppement cognitif<\/strong> des nourrissons et des jeunes enfants, avec un impact possible \u00e0 long terme sur l\u2019attention et le comportement.<\/li>\n<\/ul>\n<h2>Strat\u00e9gie de pr\u00e9vention : alimentation, suivi m\u00e9dical, suppl\u00e9mentation<\/h2>\n<p>Une d\u00e9marche efficace repose sur trois volets compl\u00e9mentaires. D\u2019abord, une <u>alimentation vari\u00e9e, structur\u00e9e autour d\u2019aliments identifi\u00e9s comme riches en fer dans le PDF<\/u>, consomm\u00e9s de mani\u00e8re r\u00e9guli\u00e8re, constitue le socle. Ensuite, un <strong>suivi biologique<\/strong>, notamment pour les profils \u00e0 risque, permet d\u2019objectiver la situation et d\u2019ajuster les apports en cons\u00e9quence. Enfin, lorsque la carence est av\u00e9r\u00e9e, une <strong>suppl\u00e9mentation en fer<\/strong> (sulfate ferreux, fumarate ferreux, bisglycinate de fer, etc.) peut \u00eatre mise en place, toujours sous contr\u00f4le m\u00e9dical, pour \u00e9viter les surdosages et les effets secondaires digestifs.<\/p>\n<ul>\n<li><strong>Alimentation<\/strong> : int\u00e9grer une source de fer significative \u00e0 au moins un repas principal par jour.<\/li>\n<li><strong>Bilan sanguin<\/strong> : ferritine, NFS, CRP si n\u00e9cessaire, \u00e0 interpr\u00e9ter par un professionnel de sant\u00e9.<\/li>\n<li><strong>Suppl\u00e9mentation<\/strong> : uniquement sur prescription, en tenant compte des comorbidit\u00e9s (maladies digestives, insuffisance r\u00e9nale).<\/li>\n<\/ul>\n<p>Notre avis est que le <strong>tableau PDF des aliments riches en fer<\/strong> ne remplace pas ce suivi m\u00e9dical, mais se r\u00e9v\u00e8le extr\u00eamement utile pour consolider durablement les apports une fois la situation stabilis\u00e9e.<\/p>\n<h2>Sources v\u00e9g\u00e9tariennes et v\u00e9ganes de fer : panorama complet<\/h2>\n<p>Pour les personnes qui r\u00e9duisent ou excluent les produits animaux, des organismes comme <strong>The Ottawa Hospital<\/strong> ou <strong>Satim Sant\u00e9<\/strong> rappellent l\u2019int\u00e9r\u00eat d\u2019un large \u00e9ventail d\u2019aliments v\u00e9g\u00e9taux riches en fer. Sur la base des tableaux d\u00e9taill\u00e9s, les meilleures sources v\u00e9g\u00e9tales comprennent :<\/p>\n<ul>\n<li><strong>L\u00e9gumineuses<\/strong> : lentilles vertes et corail, pois chiches, haricots rouges et blancs, soja, tempeh.<\/li>\n<li><strong>C\u00e9r\u00e9ales compl\u00e8tes<\/strong> : quinoa, amarante, flocons d\u2019avoine, millet, sarrasin.<\/li>\n<li><strong>Graines et ol\u00e9agineux<\/strong> : s\u00e9same (et tahin), graines de courge, graines de lin, noix de cajou, amandes.<\/li>\n<li><strong>L\u00e9gumes verts<\/strong> : \u00e9pinards, chou kale, bettes, cresson.<\/li>\n<li><strong>Fruits secs<\/strong> : abricots, figues, raisins secs, dattes.<\/li>\n<li><strong>\u00c9pices et algues<\/strong> : thym s\u00e9ch\u00e9, cumin, spiruline, chlorelle.<\/li>\n<\/ul>\n<p>Le <strong>tableau PDF<\/strong> met en avant certains \u00ab\u00a0super-aliments\u00a0\u00bb v\u00e9g\u00e9taux souvent oubli\u00e9s dans le cadre fran\u00e7ais, comme le <u>thym s\u00e9ch\u00e9, qui peut d\u00e9passer 80 mg de fer pour 100 g<\/u> selon les donn\u00e9es rapport\u00e9es par <strong>Mpedia<\/strong>, ou des algues comme la <strong>spiruline<\/strong>, avec des teneurs tr\u00e8s \u00e9lev\u00e9es mais consomm\u00e9es en petites quantit\u00e9s. Nous recommandons de les voir comme des compl\u00e9ments \u00e0 un socle plus classique de l\u00e9gumineuses et de c\u00e9r\u00e9ales compl\u00e8tes.<\/p>\n<h2>Construire une journ\u00e9e type v\u00e9g\u00e9tarienne riche en fer<\/h2>\n<p>Pour illustrer l\u2019usage du PDF, prenons une journ\u00e9e de menus v\u00e9g\u00e9tariens structur\u00e9e autour des aliments les plus int\u00e9ressants :<\/p>\n<ul>\n<li><strong>Petit-d\u00e9jeuner<\/strong> : porridge de flocons d\u2019avoine avec lait v\u00e9g\u00e9tal enrichi, graines de courge, amandes et raisins secs, accompagn\u00e9 d\u2019un kiwi ou d\u2019une orange pour la vitamine C.<\/li>\n<li><strong>D\u00e9jeuner<\/strong> : chili sin carne aux haricots rouges, ma\u00efs, tomates, poivrons, servi avec du riz complet, coriandre fra\u00eeche et jus de citron.<\/li>\n<li><strong>D\u00eener<\/strong> : curry de pois chiches et \u00e9pinards au lait de coco l\u00e9ger, servi avec du quinoa, compl\u00e9t\u00e9 d\u2019une salade de crudit\u00e9s \u00e0 base de chou rouge et agrumes.<\/li>\n<\/ul>\n<p>Dans ce cadre, le <strong>tableau PDF des aliments riches en fer<\/strong> sert \u00e0 ajuster les portions : 60 g de lentilles s\u00e8ches ou 80 g de pois chiches secs ne fournissent pas le m\u00eame apport, tout comme 10 g de graines de s\u00e9same ne jouent pas le m\u00eame r\u00f4le que 30 g de noix de cajou. \u00c0 notre sens, ce travail de pr\u00e9cision transforme un simple \u00ab\u00a0repas v\u00e9g\u00e9tal\u00a0\u00bb en une strat\u00e9gie nutritionnelle robuste.<\/p>\n<h2>Conclusion et int\u00e9r\u00eat pratique du tableau PDF des aliments riches en fer<\/h2>\n<p>Le fer reste un <strong>min\u00e9ral cl\u00e9<\/strong> pour la vitalit\u00e9, la performance scolaire, professionnelle et sportive, et les besoins varient fortement entre un homme s\u00e9dentaire, une femme enceinte, une adolescente sportive ou une personne v\u00e9gane. Les donn\u00e9es issues d\u2019organismes comme <strong>Canada.ca<\/strong>, <strong>The Ottawa Hospital<\/strong>, <strong>H\u00e9ma-Qu\u00e9bec<\/strong>, <strong>Mpedia<\/strong> ou des cabinets de nutrition en <strong>Suisse<\/strong> d\u00e9montrent que nous disposons aujourd\u2019hui d\u2019outils fiables pour quantifier pr\u00e9cis\u00e9ment nos apports.<\/p>\n<p>Notre avis est sans ambigu\u00eft\u00e9 : un <strong>tableau PDF des aliments riches en fer<\/strong>, bien con\u00e7u et r\u00e9guli\u00e8rement mis \u00e0 jour, constitue un support puissant pour :<\/p>\n<ul>\n<li><u>Planifier des menus vari\u00e9s, adapt\u00e9s \u00e0 votre profil et \u00e0 vos pr\u00e9f\u00e9rences alimentaires<\/u>.<\/li>\n<li>Comparer rapidement les sources animales et v\u00e9g\u00e9tales de fer, en tenant compte du type de fer.<\/li>\n<li>Identifier des alternatives riches en fer lorsque vous r\u00e9duisez ou stoppez la viande.<\/li>\n<li>Soutenir un travail de pr\u00e9vention aux c\u00f4t\u00e9s de votre m\u00e9decin ou de votre di\u00e9t\u00e9ticien-nutritionniste.<\/li>\n<\/ul>\n<p>Nous vous invitons \u00e0 t\u00e9l\u00e9charger ce <strong>tableau PDF<\/strong>, \u00e0 l\u2019imprimer ou \u00e0 le conserver sur votre smartphone, \u00e0 l\u2019utiliser lors de vos courses et \u00e0 choisir d\u00e8s cette semaine au moins un aliment \u00ab\u00a0<strong>star du fer<\/strong>\u00a0\u00bb par jour, qu\u2019il s\u2019agisse de boudin noir, de lentilles, de moules, de graines de s\u00e9same ou de pois chiches. En articulant ces choix avec un suivi r\u00e9gulier de votre ferritine, vous disposerez d\u2019un levier concret pour soutenir votre \u00e9nergie et votre sant\u00e9 \u00e0 long terme.<\/p>\n<p class=\"ressources-officielles\"><strong>Ressources officielles :<\/strong> <a href=\"https:\/\/www.anses.fr\" rel=\"nofollow noopener\" target=\"_blank\">anses.fr<\/a> &middot; <a href=\"https:\/\/www.santepubliquefrance.fr\" rel=\"nofollow noopener\" target=\"_blank\">santepubliquefrance.fr<\/a> &middot; <a href=\"https:\/\/www.inrae.fr\" rel=\"nofollow noopener\" target=\"_blank\">inrae.fr<\/a><\/p>\n","protected":false},"excerpt":{"rendered":"","protected":false},"author":34,"featured_media":7642,"comment_status":"open","ping_status":"open","sticky":false,"template":"","format":"standard","meta":{"_acf_changed":false,"manual_indexmenow":false,"indexmenow_id_project":0,"footnotes":""},"categories":[4523],"tags":[4724,4726,4725],"class_list":["post-7640","post","type-post","status-publish","format-standard","has-post-thumbnail","hentry","category-alimentation-et-sante-des-enfants","tag-aliments-riches-en-fer","tag-sante-quotidienne","tag-tableau-nutrition","generate-columns","tablet-grid-50","mobile-grid-100","grid-parent","grid-25"],"acf":[],"yoast_head":"<!-- This site is optimized with the Yoast SEO Premium plugin v21.3 (Yoast SEO v25.6) - https:\/\/yoast.com\/wordpress\/plugins\/seo\/ -->\n<title>Tableau PDF des aliments riches en fer pour optimiser votre<\/title>\n<meta name=\"description\" content=\"Le fer est au c\u0153ur de m\u00e9canismes vitaux, et une baisse mod\u00e9r\u00e9e de ses r\u00e9serves peut d\u00e9j\u00e0 se traduire par une chute de forme marqu\u00e9e. Sur le plan\" \/>\n<meta name=\"robots\" content=\"index, follow, max-snippet:-1, max-image-preview:large, max-video-preview:-1\" \/>\n<link rel=\"canonical\" href=\"https:\/\/juliedrnd.net\/blog\/alimentation-et-sante-des-enfants\/tableau-pdf-des-aliments-riches-en-fer-pour-optimiser-votre-sante-quotidienne\/\" \/>\n<meta property=\"og:locale\" content=\"fr_FR\" \/>\n<meta property=\"og:type\" content=\"article\" \/>\n<meta property=\"og:title\" content=\"Tableau PDF des aliments riches en fer pour optimiser votre\" \/>\n<meta property=\"og:description\" content=\"Le fer est au c\u0153ur de m\u00e9canismes vitaux, et une baisse mod\u00e9r\u00e9e de ses r\u00e9serves peut d\u00e9j\u00e0 se traduire par une chute de forme marqu\u00e9e. Sur le plan\" \/>\n<meta property=\"og:url\" content=\"https:\/\/juliedrnd.net\/blog\/alimentation-et-sante-des-enfants\/tableau-pdf-des-aliments-riches-en-fer-pour-optimiser-votre-sante-quotidienne\/\" \/>\n<meta property=\"og:site_name\" content=\"juliedrnd\" \/>\n<meta property=\"og:image\" content=\"https:\/\/juliedrnd.net\/blog\/wp-content\/uploads\/2025\/12\/pag-image-693aa21900957-scaled.png\" \/>\n\t<meta property=\"og:image:width\" content=\"1200\" \/>\n\t<meta property=\"og:image:height\" content=\"686\" \/>\n\t<meta property=\"og:image:type\" content=\"image\/png\" \/>\n<meta name=\"author\" content=\"Elodie Mazeau\" \/>\n<meta name=\"twitter:card\" content=\"summary_large_image\" \/>\n<script type=\"application\/ld+json\" class=\"yoast-schema-graph\">{\"@context\":\"https:\/\/schema.org\",\"@graph\":[{\"@type\":\"NewsArticle\",\"@id\":\"https:\/\/juliedrnd.net\/blog\/alimentation-et-sante-des-enfants\/tableau-pdf-des-aliments-riches-en-fer-pour-optimiser-votre-sante-quotidienne\/#article\",\"isPartOf\":{\"@id\":\"https:\/\/juliedrnd.net\/blog\/alimentation-et-sante-des-enfants\/tableau-pdf-des-aliments-riches-en-fer-pour-optimiser-votre-sante-quotidienne\/\"},\"author\":{\"name\":\"Elodie Mazeau\",\"@id\":\"https:\/\/juliedrnd.net\/blog\/#\/schema\/person\/3c864cdc320801e3db34b663e7e3f816\"},\"headline\":\"Tableau PDF des aliments riches en fer pour optimiser votre sant\u00e9 quotidienne\",\"datePublished\":\"2025-12-25T08:46:00+00:00\",\"dateModified\":\"2026-08-25T01:08:14+00:00\",\"mainEntityOfPage\":{\"@id\":\"https:\/\/juliedrnd.net\/blog\/alimentation-et-sante-des-enfants\/tableau-pdf-des-aliments-riches-en-fer-pour-optimiser-votre-sante-quotidienne\/\"},\"wordCount\":3389,\"commentCount\":0,\"publisher\":{\"@id\":\"https:\/\/juliedrnd.net\/blog\/#organization\"},\"image\":{\"@id\":\"https:\/\/juliedrnd.net\/blog\/alimentation-et-sante-des-enfants\/tableau-pdf-des-aliments-riches-en-fer-pour-optimiser-votre-sante-quotidienne\/#primaryimage\"},\"thumbnailUrl\":\"https:\/\/juliedrnd.net\/blog\/wp-content\/uploads\/2025\/12\/pag-image-693aa21900957-scaled.png\",\"keywords\":[\"aliments riches en fer\",\"sante quotidienne\",\"tableau nutrition\"],\"articleSection\":[\"Alimentation et Sant\u00e9 des Enfants\"],\"inLanguage\":\"fr-FR\",\"potentialAction\":[{\"@type\":\"CommentAction\",\"name\":\"Comment\",\"target\":[\"https:\/\/juliedrnd.net\/blog\/alimentation-et-sante-des-enfants\/tableau-pdf-des-aliments-riches-en-fer-pour-optimiser-votre-sante-quotidienne\/#respond\"]}]},{\"@type\":\"WebPage\",\"@id\":\"https:\/\/juliedrnd.net\/blog\/alimentation-et-sante-des-enfants\/tableau-pdf-des-aliments-riches-en-fer-pour-optimiser-votre-sante-quotidienne\/\",\"url\":\"https:\/\/juliedrnd.net\/blog\/alimentation-et-sante-des-enfants\/tableau-pdf-des-aliments-riches-en-fer-pour-optimiser-votre-sante-quotidienne\/\",\"name\":\"Tableau PDF des aliments riches en fer pour optimiser votre\",\"isPartOf\":{\"@id\":\"https:\/\/juliedrnd.net\/blog\/#website\"},\"primaryImageOfPage\":{\"@id\":\"https:\/\/juliedrnd.net\/blog\/alimentation-et-sante-des-enfants\/tableau-pdf-des-aliments-riches-en-fer-pour-optimiser-votre-sante-quotidienne\/#primaryimage\"},\"image\":{\"@id\":\"https:\/\/juliedrnd.net\/blog\/alimentation-et-sante-des-enfants\/tableau-pdf-des-aliments-riches-en-fer-pour-optimiser-votre-sante-quotidienne\/#primaryimage\"},\"thumbnailUrl\":\"https:\/\/juliedrnd.net\/blog\/wp-content\/uploads\/2025\/12\/pag-image-693aa21900957-scaled.png\",\"datePublished\":\"2025-12-25T08:46:00+00:00\",\"dateModified\":\"2026-08-25T01:08:14+00:00\",\"description\":\"Le fer est au c\u0153ur de m\u00e9canismes vitaux, et une baisse mod\u00e9r\u00e9e de ses r\u00e9serves peut d\u00e9j\u00e0 se traduire par une chute de forme marqu\u00e9e. Sur le plan\",\"inLanguage\":\"fr-FR\",\"potentialAction\":[{\"@type\":\"ReadAction\",\"target\":[\"https:\/\/juliedrnd.net\/blog\/alimentation-et-sante-des-enfants\/tableau-pdf-des-aliments-riches-en-fer-pour-optimiser-votre-sante-quotidienne\/\"]}]},{\"@type\":\"ImageObject\",\"inLanguage\":\"fr-FR\",\"@id\":\"https:\/\/juliedrnd.net\/blog\/alimentation-et-sante-des-enfants\/tableau-pdf-des-aliments-riches-en-fer-pour-optimiser-votre-sante-quotidienne\/#primaryimage\",\"url\":\"https:\/\/juliedrnd.net\/blog\/wp-content\/uploads\/2025\/12\/pag-image-693aa21900957-scaled.png\",\"contentUrl\":\"https:\/\/juliedrnd.net\/blog\/wp-content\/uploads\/2025\/12\/pag-image-693aa21900957-scaled.png\",\"width\":1200,\"height\":686,\"caption\":\"Image g\u00e9n\u00e9r\u00e9e par IA optimis\u00e9e pour Google Discover\"},{\"@type\":\"WebSite\",\"@id\":\"https:\/\/juliedrnd.net\/blog\/#website\",\"url\":\"https:\/\/juliedrnd.net\/blog\/\",\"name\":\"juliedrnd.net\",\"description\":\"Vivez, cr\u00e9ez, r\u00eavez.\",\"publisher\":{\"@id\":\"https:\/\/juliedrnd.net\/blog\/#organization\"},\"alternateName\":\"Vivez, cr\u00e9ez, r\u00eavez.\",\"potentialAction\":[{\"@type\":\"SearchAction\",\"target\":{\"@type\":\"EntryPoint\",\"urlTemplate\":\"https:\/\/juliedrnd.net\/blog\/?s={search_term_string}\"},\"query-input\":{\"@type\":\"PropertyValueSpecification\",\"valueRequired\":true,\"valueName\":\"search_term_string\"}}],\"inLanguage\":\"fr-FR\"},{\"@type\":\"Organization\",\"@id\":\"https:\/\/juliedrnd.net\/blog\/#organization\",\"name\":\"Julie Drnd\",\"url\":\"https:\/\/juliedrnd.net\/blog\/\",\"logo\":{\"@type\":\"ImageObject\",\"inLanguage\":\"fr-FR\",\"@id\":\"https:\/\/juliedrnd.net\/blog\/#\/schema\/logo\/image\/\",\"url\":\"https:\/\/juliedrnd.net\/blog\/wp-content\/uploads\/2024\/12\/15.png\",\"contentUrl\":\"https:\/\/juliedrnd.net\/blog\/wp-content\/uploads\/2024\/12\/15.png\",\"width\":500,\"height\":500,\"caption\":\"Julie Drnd\"},\"image\":{\"@id\":\"https:\/\/juliedrnd.net\/blog\/#\/schema\/logo\/image\/\"}},{\"@type\":\"Person\",\"@id\":\"https:\/\/juliedrnd.net\/blog\/#\/schema\/person\/3c864cdc320801e3db34b663e7e3f816\",\"name\":\"Elodie Mazeau\",\"image\":{\"@type\":\"ImageObject\",\"inLanguage\":\"fr-FR\",\"@id\":\"https:\/\/juliedrnd.net\/blog\/#\/schema\/person\/image\/\",\"url\":\"https:\/\/juliedrnd.net\/blog\/wp-content\/uploads\/2026\/06\/persona_elodie-m-96x96.jpg\",\"contentUrl\":\"https:\/\/juliedrnd.net\/blog\/wp-content\/uploads\/2026\/06\/persona_elodie-m-96x96.jpg\",\"caption\":\"Elodie Mazeau\"},\"description\":\"J'\u00e9cris sur la parentalit\u00e9 telle qu'elle se vit vraiment, du premier biberon aux premi\u00e8res col\u00e8res. Mes sujets de pr\u00e9dilection couvrent le quotidien des familles : sommeil, alimentation, organisation, pu\u00e9riculture et ces petites gal\u00e8res que tout parent conna\u00eet. Depuis plusieurs ann\u00e9es, je m'attache \u00e0 proposer des rep\u00e8res concrets plut\u00f4t que des le\u00e7ons, parce que chaque famille trouve son propre \u00e9quilibre. Je v\u00e9rifie mes informations aupr\u00e8s de sources fiables, surtout d\u00e8s qu'on touche \u00e0 la sant\u00e9 ou \u00e0 la s\u00e9curit\u00e9 de l'enfant, et je pr\u00e9cise quand un avis professionnel s'impose. J'\u00e9vite soigneusement la culpabilisation : \u00eatre parent est d\u00e9j\u00e0 assez exigeant. Mon ton se veut complice et bienveillant, un peu comme une discussion entre parents qui se comprennent. L'id\u00e9e est d'all\u00e9ger la charge mentale en donnant des solutions simples et test\u00e9es.\",\"sameAs\":[\"https:\/\/elodiemazeau.fr\/\"],\"url\":\"https:\/\/juliedrnd.net\/blog\/auteur\/noname\/\"}]}<\/script>\n<!-- \/ Yoast SEO Premium plugin. -->","yoast_head_json":{"title":"Tableau PDF des aliments riches en fer pour optimiser votre","description":"Le fer est au c\u0153ur de m\u00e9canismes vitaux, et une baisse mod\u00e9r\u00e9e de ses r\u00e9serves peut d\u00e9j\u00e0 se traduire par une chute de forme marqu\u00e9e. Sur le plan","robots":{"index":"index","follow":"follow","max-snippet":"max-snippet:-1","max-image-preview":"max-image-preview:large","max-video-preview":"max-video-preview:-1"},"canonical":"https:\/\/juliedrnd.net\/blog\/alimentation-et-sante-des-enfants\/tableau-pdf-des-aliments-riches-en-fer-pour-optimiser-votre-sante-quotidienne\/","og_locale":"fr_FR","og_type":"article","og_title":"Tableau PDF des aliments riches en fer pour optimiser votre","og_description":"Le fer est au c\u0153ur de m\u00e9canismes vitaux, et une baisse mod\u00e9r\u00e9e de ses r\u00e9serves peut d\u00e9j\u00e0 se traduire par une chute de forme marqu\u00e9e. Sur le plan","og_url":"https:\/\/juliedrnd.net\/blog\/alimentation-et-sante-des-enfants\/tableau-pdf-des-aliments-riches-en-fer-pour-optimiser-votre-sante-quotidienne\/","og_site_name":"juliedrnd","og_image":[{"width":1200,"height":686,"url":"https:\/\/juliedrnd.net\/blog\/wp-content\/uploads\/2025\/12\/pag-image-693aa21900957-scaled.png","type":"image\/png"}],"author":"Elodie Mazeau","twitter_card":"summary_large_image","schema":{"@context":"https:\/\/schema.org","@graph":[{"@type":"NewsArticle","@id":"https:\/\/juliedrnd.net\/blog\/alimentation-et-sante-des-enfants\/tableau-pdf-des-aliments-riches-en-fer-pour-optimiser-votre-sante-quotidienne\/#article","isPartOf":{"@id":"https:\/\/juliedrnd.net\/blog\/alimentation-et-sante-des-enfants\/tableau-pdf-des-aliments-riches-en-fer-pour-optimiser-votre-sante-quotidienne\/"},"author":{"name":"Elodie Mazeau","@id":"https:\/\/juliedrnd.net\/blog\/#\/schema\/person\/3c864cdc320801e3db34b663e7e3f816"},"headline":"Tableau PDF des aliments riches en fer pour optimiser votre sant\u00e9 quotidienne","datePublished":"2025-12-25T08:46:00+00:00","dateModified":"2026-08-25T01:08:14+00:00","mainEntityOfPage":{"@id":"https:\/\/juliedrnd.net\/blog\/alimentation-et-sante-des-enfants\/tableau-pdf-des-aliments-riches-en-fer-pour-optimiser-votre-sante-quotidienne\/"},"wordCount":3389,"commentCount":0,"publisher":{"@id":"https:\/\/juliedrnd.net\/blog\/#organization"},"image":{"@id":"https:\/\/juliedrnd.net\/blog\/alimentation-et-sante-des-enfants\/tableau-pdf-des-aliments-riches-en-fer-pour-optimiser-votre-sante-quotidienne\/#primaryimage"},"thumbnailUrl":"https:\/\/juliedrnd.net\/blog\/wp-content\/uploads\/2025\/12\/pag-image-693aa21900957-scaled.png","keywords":["aliments riches en fer","sante quotidienne","tableau nutrition"],"articleSection":["Alimentation et Sant\u00e9 des Enfants"],"inLanguage":"fr-FR","potentialAction":[{"@type":"CommentAction","name":"Comment","target":["https:\/\/juliedrnd.net\/blog\/alimentation-et-sante-des-enfants\/tableau-pdf-des-aliments-riches-en-fer-pour-optimiser-votre-sante-quotidienne\/#respond"]}]},{"@type":"WebPage","@id":"https:\/\/juliedrnd.net\/blog\/alimentation-et-sante-des-enfants\/tableau-pdf-des-aliments-riches-en-fer-pour-optimiser-votre-sante-quotidienne\/","url":"https:\/\/juliedrnd.net\/blog\/alimentation-et-sante-des-enfants\/tableau-pdf-des-aliments-riches-en-fer-pour-optimiser-votre-sante-quotidienne\/","name":"Tableau PDF des aliments riches en fer pour optimiser votre","isPartOf":{"@id":"https:\/\/juliedrnd.net\/blog\/#website"},"primaryImageOfPage":{"@id":"https:\/\/juliedrnd.net\/blog\/alimentation-et-sante-des-enfants\/tableau-pdf-des-aliments-riches-en-fer-pour-optimiser-votre-sante-quotidienne\/#primaryimage"},"image":{"@id":"https:\/\/juliedrnd.net\/blog\/alimentation-et-sante-des-enfants\/tableau-pdf-des-aliments-riches-en-fer-pour-optimiser-votre-sante-quotidienne\/#primaryimage"},"thumbnailUrl":"https:\/\/juliedrnd.net\/blog\/wp-content\/uploads\/2025\/12\/pag-image-693aa21900957-scaled.png","datePublished":"2025-12-25T08:46:00+00:00","dateModified":"2026-08-25T01:08:14+00:00","description":"Le fer est au c\u0153ur de m\u00e9canismes vitaux, et une baisse mod\u00e9r\u00e9e de ses r\u00e9serves peut d\u00e9j\u00e0 se traduire par une chute de forme marqu\u00e9e. Sur le plan","inLanguage":"fr-FR","potentialAction":[{"@type":"ReadAction","target":["https:\/\/juliedrnd.net\/blog\/alimentation-et-sante-des-enfants\/tableau-pdf-des-aliments-riches-en-fer-pour-optimiser-votre-sante-quotidienne\/"]}]},{"@type":"ImageObject","inLanguage":"fr-FR","@id":"https:\/\/juliedrnd.net\/blog\/alimentation-et-sante-des-enfants\/tableau-pdf-des-aliments-riches-en-fer-pour-optimiser-votre-sante-quotidienne\/#primaryimage","url":"https:\/\/juliedrnd.net\/blog\/wp-content\/uploads\/2025\/12\/pag-image-693aa21900957-scaled.png","contentUrl":"https:\/\/juliedrnd.net\/blog\/wp-content\/uploads\/2025\/12\/pag-image-693aa21900957-scaled.png","width":1200,"height":686,"caption":"Image g\u00e9n\u00e9r\u00e9e par IA optimis\u00e9e pour Google Discover"},{"@type":"WebSite","@id":"https:\/\/juliedrnd.net\/blog\/#website","url":"https:\/\/juliedrnd.net\/blog\/","name":"juliedrnd.net","description":"Vivez, cr\u00e9ez, r\u00eavez.","publisher":{"@id":"https:\/\/juliedrnd.net\/blog\/#organization"},"alternateName":"Vivez, cr\u00e9ez, r\u00eavez.","potentialAction":[{"@type":"SearchAction","target":{"@type":"EntryPoint","urlTemplate":"https:\/\/juliedrnd.net\/blog\/?s={search_term_string}"},"query-input":{"@type":"PropertyValueSpecification","valueRequired":true,"valueName":"search_term_string"}}],"inLanguage":"fr-FR"},{"@type":"Organization","@id":"https:\/\/juliedrnd.net\/blog\/#organization","name":"Julie Drnd","url":"https:\/\/juliedrnd.net\/blog\/","logo":{"@type":"ImageObject","inLanguage":"fr-FR","@id":"https:\/\/juliedrnd.net\/blog\/#\/schema\/logo\/image\/","url":"https:\/\/juliedrnd.net\/blog\/wp-content\/uploads\/2024\/12\/15.png","contentUrl":"https:\/\/juliedrnd.net\/blog\/wp-content\/uploads\/2024\/12\/15.png","width":500,"height":500,"caption":"Julie Drnd"},"image":{"@id":"https:\/\/juliedrnd.net\/blog\/#\/schema\/logo\/image\/"}},{"@type":"Person","@id":"https:\/\/juliedrnd.net\/blog\/#\/schema\/person\/3c864cdc320801e3db34b663e7e3f816","name":"Elodie Mazeau","image":{"@type":"ImageObject","inLanguage":"fr-FR","@id":"https:\/\/juliedrnd.net\/blog\/#\/schema\/person\/image\/","url":"https:\/\/juliedrnd.net\/blog\/wp-content\/uploads\/2026\/06\/persona_elodie-m-96x96.jpg","contentUrl":"https:\/\/juliedrnd.net\/blog\/wp-content\/uploads\/2026\/06\/persona_elodie-m-96x96.jpg","caption":"Elodie Mazeau"},"description":"J'\u00e9cris sur la parentalit\u00e9 telle qu'elle se vit vraiment, du premier biberon aux premi\u00e8res col\u00e8res. Mes sujets de pr\u00e9dilection couvrent le quotidien des familles : sommeil, alimentation, organisation, pu\u00e9riculture et ces petites gal\u00e8res que tout parent conna\u00eet. Depuis plusieurs ann\u00e9es, je m'attache \u00e0 proposer des rep\u00e8res concrets plut\u00f4t que des le\u00e7ons, parce que chaque famille trouve son propre \u00e9quilibre. Je v\u00e9rifie mes informations aupr\u00e8s de sources fiables, surtout d\u00e8s qu'on touche \u00e0 la sant\u00e9 ou \u00e0 la s\u00e9curit\u00e9 de l'enfant, et je pr\u00e9cise quand un avis professionnel s'impose. J'\u00e9vite soigneusement la culpabilisation : \u00eatre parent est d\u00e9j\u00e0 assez exigeant. Mon ton se veut complice et bienveillant, un peu comme une discussion entre parents qui se comprennent. L'id\u00e9e est d'all\u00e9ger la charge mentale en donnant des solutions simples et test\u00e9es.","sameAs":["https:\/\/elodiemazeau.fr\/"],"url":"https:\/\/juliedrnd.net\/blog\/auteur\/noname\/"}]}},"_links":{"self":[{"href":"https:\/\/juliedrnd.net\/blog\/wp-json\/wp\/v2\/posts\/7640","targetHints":{"allow":["GET"]}}],"collection":[{"href":"https:\/\/juliedrnd.net\/blog\/wp-json\/wp\/v2\/posts"}],"about":[{"href":"https:\/\/juliedrnd.net\/blog\/wp-json\/wp\/v2\/types\/post"}],"author":[{"embeddable":true,"href":"https:\/\/juliedrnd.net\/blog\/wp-json\/wp\/v2\/users\/34"}],"replies":[{"embeddable":true,"href":"https:\/\/juliedrnd.net\/blog\/wp-json\/wp\/v2\/comments?post=7640"}],"version-history":[{"count":1,"href":"https:\/\/juliedrnd.net\/blog\/wp-json\/wp\/v2\/posts\/7640\/revisions"}],"predecessor-version":[{"id":7691,"href":"https:\/\/juliedrnd.net\/blog\/wp-json\/wp\/v2\/posts\/7640\/revisions\/7691"}],"wp:featuredmedia":[{"embeddable":true,"href":"https:\/\/juliedrnd.net\/blog\/wp-json\/wp\/v2\/media\/7642"}],"wp:attachment":[{"href":"https:\/\/juliedrnd.net\/blog\/wp-json\/wp\/v2\/media?parent=7640"}],"wp:term":[{"taxonomy":"category","embeddable":true,"href":"https:\/\/juliedrnd.net\/blog\/wp-json\/wp\/v2\/categories?post=7640"},{"taxonomy":"post_tag","embeddable":true,"href":"https:\/\/juliedrnd.net\/blog\/wp-json\/wp\/v2\/tags?post=7640"}],"curies":[{"name":"wp","href":"https:\/\/api.w.org\/{rel}","templated":true}]}}