{"id":7634,"date":"2025-12-18T09:44:00","date_gmt":"2025-12-18T08:44:00","guid":{"rendered":"https:\/\/juliedrnd.net\/blog\/?p=7634"},"modified":"2026-08-25T03:08:14","modified_gmt":"2026-08-25T01:08:14","slug":"idees-de-repas-equilibres-pour-enfant-de-2-ans-recettes-savoureuses-et-adaptees","status":"publish","type":"post","link":"https:\/\/juliedrnd.net\/blog\/alimentation-et-sante-des-enfants\/idees-de-repas-equilibres-pour-enfant-de-2-ans-recettes-savoureuses-et-adaptees\/","title":{"rendered":"Id\u00e9es de repas \u00e9quilibr\u00e9s pour enfant de 2 ans : recettes savoureuses et adapt\u00e9es"},"content":{"rendered":"<div style=\"background: linear-gradient(135deg, #f5f7fa 0%, #e9ecef 100%);border-left: 4px solid #0073aa;padding: 15px 20px;margin: 0 0 25px 0;border-radius: 0 8px 8px 0\">\n<p style=\"margin: 0;font-size: 14px;color: #0073aa;font-weight: 600;text-transform: uppercase;letter-spacing: 1px;margin-bottom: 10px\">\ud83d\udccb En bref<\/p>\n<ul style=\"margin: 0;padding-left: 20px;list-style-type: none\">\n<li style=\"margin: 5px 0;color: #333;font-size: 15px;line-height: 1.5;position: relative;padding-left: 15px\"><span style=\"position: absolute;left: 0;color: #0073aa\">\u25b8<\/span> Les repas d&#039;un enfant de 2 ans doivent \u00eatre \u00e9quilibr\u00e9s et adapt\u00e9s \u00e0 ses besoins nutritionnels, avec des portions appropri\u00e9es. Il est essentiel de varier les aliments et de privil\u00e9gier des textures tendres pour encourager l&#039;exploration des go\u00fbts. Les apports journaliers recommand\u00e9s incluent prot\u00e9ines, calcium et fruits, r\u00e9partis sur trois repas et un go\u00fbter.<\/li>\n<\/ul>\n<\/div>\n<h2>Id\u00e9es de Repas pour Enfant de 2 Ans : Recettes Savoureuses et Nutritives<\/h2>\n<h2>Pourquoi bien penser les repas d\u2019un enfant de 2 ans ?<\/h2>\n<p>\n\u00c0 2 ans, selon les rep\u00e8res de l\u2019<strong>Organisation Mondiale de la Sant\u00e9 (OMS)<\/strong> et des r\u00e9seaux de p\u00e9diatrie en Europe, un enfant se situe en pleine phase de croissance rapide\u202f: son cerveau poursuit un d\u00e9veloppement intense, sa taille augmente d\u2019environ <u>7 \u00e0 8 cm par an entre 2 et 3 ans<\/u>, et son comportement alimentaire se structure. Nous le constatons dans les consultations de p\u00e9diatrie en <strong>\u00cele-de-France<\/strong> comme en r\u00e9gions\u202f: les parents se heurtent souvent \u00e0 des refus, \u00e0 des app\u00e9tits variables, ou \u00e0 des pr\u00e9f\u00e9rences marqu\u00e9es pour certains aliments sucr\u00e9s ou tr\u00e8s doux.<\/p>\n<p>\nL\u2019enjeu, pour nous parents, consiste \u00e0 proposer des <strong>repas<\/strong> \u00e9quilibr\u00e9s, suffisamment \u00e9nerg\u00e9tiques, mais avec des portions adapt\u00e9es \u00e0 un petit estomac\u202f: textures tendres, morceaux fondants, aliments faciles \u00e0 attraper. Les grandes cat\u00e9gories \u00e0 int\u00e9grer sont\u202f: <strong>lait<\/strong> ou produits laitiers, <strong>l\u00e9gumes<\/strong>, <strong>fruits<\/strong>, f\u00e9culents, prot\u00e9ines animales ou v\u00e9g\u00e9tales. Nous parlons ici de petit-d\u00e9jeuner, d\u00e9jeuner, d\u00eener et <strong>go\u00fbter<\/strong>, chaque moment ayant son r\u00f4le. Nous d\u00e9fendons une approche <u>d\u00e9culpabilisante<\/u>\u202f: un enfant de 2 ans ne finit pas toutes ses assiettes, son app\u00e9tit varie, et ce qui compte reste la diversit\u00e9 des aliments propos\u00e9s sur plusieurs jours, plus que la perfection de chaque repas isol\u00e9.<\/p>\n<ul>\n<li><strong>Objectif cl\u00e9<\/strong>\u202f: cr\u00e9er une base alimentaire vari\u00e9e, source de plaisir, sans pression ni chantage.<\/li>\n<li><strong>Fil conducteur<\/strong>\u202f: des recettes simples, avec des ingr\u00e9dients du quotidien (carottes, courgettes, bananes, yaourt, p\u00e2tes), inspir\u00e9es de sites sp\u00e9cialis\u00e9s comme <strong>Bl\u00e9dina<\/strong> ou <strong>La Cuisine des Petits<\/strong>.<\/li>\n<li><strong>Vision<\/strong>\u202f: transformer les repas en temps calme, o\u00f9 l\u2019enfant explore les go\u00fbts, les couleurs et les textures.<\/li>\n<\/ul>\n<h2>Les besoins nutritionnels d\u2019un enfant de 2 ans<\/h2>\n<p>\nLes travaux de groupes p\u00e9diatriques en France et les rep\u00e8res du <strong>Programme National Nutrition Sant\u00e9 (PNNS)<\/strong> situent l\u2019apport \u00e9nerg\u00e9tique quotidien d\u2019un enfant de 2\u20133 ans autour de <u>1\u202f000 \u00e0 1\u202f300 kcal par jour<\/u>, r\u00e9partis en 3 repas principaux et 1 <strong>go\u00fbter<\/strong>. Ces valeurs restent indicatives, nous devons surtout nous fier aux signaux de faim et de sati\u00e9t\u00e9. Les collations structur\u00e9es ont toute leur place, surtout en milieu d\u2019apr\u00e8s-midi, avec un <strong>laitage<\/strong> et un <strong>fruit<\/strong> ou une <strong>compote<\/strong>.<\/p>\n<p>\nLes nutriments cl\u00e9s \u00e0 cet \u00e2ge sont bien identifi\u00e9s\u202f:<\/p>\n<ul>\n<li><strong>Prot\u00e9ines<\/strong>\u202f: elles participent \u00e0 la croissance musculaire et au renouvellement cellulaire. Nous les trouvons dans la viande, le poisson, l\u2019<strong>\u0153uf<\/strong>, les l\u00e9gumineuses (lentilles, pois chiches) et les produits laitiers. Les menus types 2\u20133 ans propos\u00e9s par <strong>Doctissimo<\/strong> et par la mutuelle <strong>Harmonie Mutuelle<\/strong> sugg\u00e8rent en g\u00e9n\u00e9ral <u>1 \u00e0 2 petites portions de prot\u00e9ines par jour<\/u>, soit environ 30 g de viande ou poisson, ou \u00bd \u0153uf par repas contenant une prot\u00e9ine animale.<\/li>\n<li><strong>Calcium<\/strong> et <strong>lait<\/strong>\u202f: le calcium soutient la min\u00e9ralisation des os et des dents. \u00c0 2 ans, les recommandations fran\u00e7aises convergent souvent vers <u>2 \u00e0 3 produits laitiers par jour<\/u>\u202f: <strong>lait de croissance<\/strong> ou lait entier, fromage blanc, yaourt nature, petits fromages pasteuris\u00e9s. Des acteurs de la nutrition infantile comme <strong>Bl\u00e9dina<\/strong> rappellent que le <u>lait de croissance jusqu\u2019\u00e0 3 ans<\/u> couvre mieux les besoins en fer et en acides gras essentiels qu\u2019un lait de vache classique chez certains enfants.<\/li>\n<li><strong>Fer<\/strong>\u202f: un apport suffisant en fer aide \u00e0 pr\u00e9venir la fatigue, l\u2019irritabilit\u00e9 et certains troubles de la concentration. Les sources utiles sont la viande rouge, le foie, le poisson, l\u2019<strong>\u0153uf<\/strong>, les lentilles, les pois chiches. Des recettes comme les <strong>boulettes de lentilles<\/strong> propos\u00e9es par <strong>La Cuisine des Petits<\/strong> ou les <strong>nuggets de poulet et carottes<\/strong> de <strong>Cuisinez pour B\u00e9b\u00e9<\/strong> permettent de couvrir une partie de ces besoins de fa\u00e7on ludique.<\/li>\n<li><strong>Vitamines<\/strong> et fibres\u202f: les <strong>fruits<\/strong> et <strong>l\u00e9gumes<\/strong> apportent vitamine C, b\u00eata-carot\u00e8ne, folates, ainsi que des fibres qui soutiennent le transit. Les menus publi\u00e9s par <strong>Harmonie Pr\u00e9vention<\/strong> pour les 2\u20133 ans insistent sur une pr\u00e9sence quotidienne de l\u00e9gumes au d\u00e9jeuner et au d\u00eener, et de fruits \u00e0 au moins 2 moments de la journ\u00e9e.<\/li>\n<\/ul>\n<p>\nLa structure d\u2019un <u>repas complet pour un enfant de 2 ans<\/u> s\u2019inspire largement des menus hebdomadaires pour 2\u20133 ans publi\u00e9s en 2022 par <strong>Doctissimo<\/strong>\u202f:<\/p>\n<ul>\n<li><strong>D\u00e9jeuner<\/strong>\u202f: environ \u00bd \u00e0 \u2154 d\u2019assiette de <strong>l\u00e9gumes<\/strong> (carottes vapeur, ratatouille douce, courgettes fondantes), \u2153 \u00e0 \u00bd de f\u00e9culents (p\u00e2tes, riz, semoule, pomme de terre), une petite portion de prot\u00e9ine (30 g de volaille, poisson ou \u00bd \u0153uf), un peu de mati\u00e8re grasse (huile de colza, olive, beurre cru en faible quantit\u00e9) et un dessert \u00e0 base de <strong>fruits<\/strong> ou de <strong>compote<\/strong> sans sucre ajout\u00e9.<\/li>\n<li><strong>D\u00eener<\/strong>\u202f: association <strong>l\u00e9gumes + f\u00e9culents<\/strong> (soupe de poireaux et pommes de terre, pur\u00e9e de courgette-riz), un produit laitier (yaourt nature, fromage frais) et, si l\u2019enfant manifeste encore la faim, un petit <strong>fruit<\/strong> cuit ou cru en fin de repas.<\/li>\n<\/ul>\n<p>\nNous avons tout int\u00e9r\u00eat \u00e0 introduire t\u00f4t des saveurs vari\u00e9es\u202f: un peu d\u2019amer avec le brocoli, d\u2019acide doux avec la pomme ou la framboise en <strong>compote<\/strong>, du sucr\u00e9 mod\u00e9r\u00e9 avec la carotte ou la patate douce. Les travaux de chercheurs en nutrition p\u00e9diatrique, comme ceux men\u00e9s \u00e0 l\u2019<strong>Universit\u00e9 de Copenhague<\/strong> en 2019, montrent que les habitudes alimentaires se fixent tr\u00e8s t\u00f4t, et qu\u2019une exposition r\u00e9p\u00e9t\u00e9e \u00e0 un l\u00e9gume augmente fortement son acceptation \u00e0 long terme.<\/p>\n<h2>Rythme des repas et quantit\u00e9s adapt\u00e9es \u00e0 un enfant de 2 ans<\/h2>\n<p>\nUn <u>menu type enfant 2 ans<\/u> s\u2019organise g\u00e9n\u00e9ralement autour de 4 prises alimentaires\u202f: petit-d\u00e9jeuner, d\u00e9jeuner, <strong>go\u00fbter<\/strong> et d\u00eener. Les fiches nutrition de la mutuelle <strong>Harmonie Mutuelle<\/strong> et du site <strong>Programme-Malin<\/strong> pour les 2\u20133 ans confirment ce d\u00e9coupage. Un biberon de <strong>lait<\/strong> (lait de croissance ou lait entier) peut persister le matin ou le soir, selon les habitudes familiales, tant que les volumes restent raisonnables et qu\u2019il ne remplace pas syst\u00e9matiquement un repas solide.<\/p>\n<p>\nPour les quantit\u00e9s, nous nous appuyons sur les rep\u00e8res utilis\u00e9s en p\u00e9diatrie et sur les menus publi\u00e9s par <strong>Doctissimo<\/strong>\u202f:<\/p>\n<ul>\n<li><strong>Plat complet<\/strong>\u202f: environ <u>200 \u00e0 250 g<\/u> au d\u00e9jeuner pour un enfant de 2 ans, en incluant l\u00e9gumes, f\u00e9culents et prot\u00e9ines. Certains enfants mangeront moins, d\u2019autres davantage, selon leur courbe de croissance.<\/li>\n<li><strong>Portion de viande\/poisson\/\u0153uf<\/strong>\u202f: environ <u>30 g<\/u> de viande ou poisson, ou <u>\u00bd \u0153uf<\/u> au d\u00e9jeuner, parfois un peu moins au d\u00eener quand il y a d\u00e9j\u00e0 eu une prot\u00e9ine animale \u00e0 midi.<\/li>\n<li><strong>Produits laitiers<\/strong>\u202f: <u>2 \u00e0 3 par jour<\/u>\u202f: 100 \u00e0 150 ml de <strong>lait<\/strong> par prise, un yaourt de 90\u2013125 g, ou un petit morceau de fromage.<\/li>\n<\/ul>\n<p>\nNous parlons de \u00ab\u00a0petite portion\u00a0\u00bb pour rappeler que le volume d\u2019un repas de tout-petit reste inf\u00e9rieur \u00e0 celui d\u2019un adulte. Le mieux reste d\u2019apprendre \u00e0 lire les signaux de faim\u202f: enfant qui ouvre la bouche volontiers, se penche vers l\u2019assiette, r\u00e9clame encore ; puis les signaux de sati\u00e9t\u00e9\u202f: bouche ferm\u00e9e, regard d\u00e9tourn\u00e9, jeu avec les aliments, refus r\u00e9p\u00e9t\u00e9. Nous recommandons de ne pas forcer, pour \u00e9viter d\u2019associer le moment du <strong>repas<\/strong> \u00e0 une contrainte. Sur les moteurs de recherche, les requ\u00eates \u00ab\u00a0<u>repas complet b\u00e9b\u00e9 2 ans<\/u>\u00a0\u00bb ou \u00ab\u00a0<u>b\u00e9b\u00e9 2 ans lait<\/u>\u00a0\u00bb reviennent tr\u00e8s souvent\u202f; notre avis, align\u00e9 avec celui de nombreux p\u00e9diatres, est que la quantit\u00e9 exacte importe moins que la r\u00e9gularit\u00e9 des prises et l\u2019\u00e9quilibre global de la journ\u00e9e.<\/p>\n<ul>\n<li><strong>Rep\u00e8re pratique<\/strong>\u202f: proposer, observer, ajuster, plut\u00f4t que mesurer au gramme pr\u00e8s.<\/li>\n<li><strong>Point de vigilance<\/strong>\u202f: si l\u2019enfant boit beaucoup de lait la nuit, il peut r\u00e9duire son app\u00e9tit en journ\u00e9e.<\/li>\n<li><strong>R\u00e9flexe utile<\/strong>\u202f: suivre la courbe de croissance avec le m\u00e9decin, au moins une fois par an \u00e0 cet \u00e2ge.<\/li>\n<\/ul>\n<h2>Recettes faciles pour le d\u00e9jeuner\u202f: id\u00e9es de repas complets<\/h2>\n<p>\nLe d\u00e9jeuner reste souvent le <u>repas le plus complet de la journ\u00e9e<\/u> pour un enfant de 2 ans\u202f: il concentre une bonne part des <strong>l\u00e9gumes<\/strong>, des f\u00e9culents et des prot\u00e9ines. Des sites sp\u00e9cialis\u00e9s comme <strong>Today is Sunday<\/strong> ou <strong>Bl\u00e9dina Recettes<\/strong> proposent des plats comme le <strong>parmentier de patate douce au poisson<\/strong>, les <strong>p\u00e2tes alphabet aux l\u00e9gumes<\/strong> ou la <strong>pur\u00e9e brocoli-pomme de terre + \u0153uf dur \u00e9cras\u00e9<\/strong>, qui r\u00e9pondent tr\u00e8s bien \u00e0 ces besoins.<\/p>\n<ul>\n<li><strong>P\u00e2tes aux l\u00e9gumes pour enfant de 2 ans<\/strong><\/li>\n<\/ul>\n<p>\nNous pouvons pr\u00e9parer des petites p\u00e2tes (alphabet, coquillettes) cuites tr\u00e8s tendres, m\u00e9lang\u00e9es \u00e0 des <strong>l\u00e9gumes<\/strong> tr\u00e8s cuits\u202f: carottes en brunoise, courgettes r\u00e2p\u00e9es, petits pois \u00e9cras\u00e9s. La plateforme <strong>Today is Sunday<\/strong>, sp\u00e9cialis\u00e9e dans la parentalit\u00e9, sugg\u00e8re par exemple une assiette de <strong>p\u00e2tes alphabet + l\u00e9gumes r\u00e2p\u00e9s + jambon blanc<\/strong>, color\u00e9e et ludique. Nous obtenons un plat riche en glucides complexes, fibres, vitamines, facilement accept\u00e9 gr\u00e2ce \u00e0 la texture fondante et aux couleurs.<\/p>\n<p>\nPour la prot\u00e9ine, nous pouvons ajouter des d\u00e9s de jambon d\u00e9couenn\u00e9, ou une cuill\u00e8re de lentilles corail bien mix\u00e9es, ou encore un peu de fromage r\u00e2p\u00e9 doux (emmental, comt\u00e9 jeune). Nous conseillons d\u2019enrober le tout d\u2019une petite cuill\u00e8re d\u2019huile d\u2019olive ou de colza, pour apporter des <strong>acides gras essentiels<\/strong>. Ce type de recette s\u2019int\u00e8gre parfaitement \u00e0 une recherche \u00ab\u00a0<u>recettes d\u00e9jeuner enfant 2 ans<\/u>\u00a0\u00bb, \u00ab\u00a0<u>p\u00e2tes aux l\u00e9gumes<\/u>\u00a0\u00bb, ou \u00ab\u00a0<u>repas enfant b\u00e9b\u00e9 l\u00e9gumes<\/u>\u00a0\u00bb.<\/p>\n<ul>\n<li><strong>Omelette aux \u00e9pinards et fromage<\/strong><\/li>\n<\/ul>\n<p>\nUne autre option \u00e9quilibr\u00e9e consiste \u00e0 battre 1 \u0153uf avec un peu de lait, y ajouter des \u00e9pinards frais hach\u00e9s tr\u00e8s finement, puis cuire \u00e0 feu doux avec un peu d\u2019huile. Nous pouvons incorporer quelques cubes de fromage doux (type fromage de montagne peu sal\u00e9, ou fromage frais). Ce plat concentre <strong>prot\u00e9ines<\/strong>, <strong>fer<\/strong>, <strong>calcium<\/strong>, tout en offrant une texture moelleuse tr\u00e8s facile \u00e0 mastiquer. Nous pr\u00e9f\u00e9rons couper l\u2019omelette en lani\u00e8res ou en petits cubes, pour que l\u2019enfant les saisisse ais\u00e9ment avec ses doigts ou avec une petite fourchette.<\/p>\n<ul>\n<li><strong>Boulettes de viande ou de l\u00e9gumineuses<\/strong><\/li>\n<\/ul>\n<p>\nLes menus pr\u00e9sent\u00e9s par des sites comme <strong>La Cuisine des Petits<\/strong> ou <strong>Cuisinez pour B\u00e9b\u00e9<\/strong> mettent \u00e0 l\u2019honneur les boulettes, parce qu\u2019elles sont maniables et rassurantes pour les <strong>petits<\/strong>. Nous pouvons pr\u00e9parer des boulettes \u00e0 base de viande hach\u00e9e (dinde, b\u0153uf, veau) ou de lentilles mix\u00e9es, m\u00e9lang\u00e9es avec des l\u00e9gumes r\u00e2p\u00e9s (carotte, courgette) et un peu de semoule ou chapelure pour lier. Une cuisson au four ou \u00e0 la po\u00eale tr\u00e8s l\u00e9g\u00e8rement huil\u00e9e permet d\u2019obtenir une texture tendre.<\/p>\n<p>\nPour adoucir encore les saveurs, nous conseillons de servir ces boulettes avec une pur\u00e9e de pomme de terre ou de patate douce, inspir\u00e9e du <strong>parmentier de patate douce au poisson<\/strong> d\u00e9crit par <strong>Today is Sunday<\/strong>. La texture peut \u00eatre ajust\u00e9e\u202f: \u00e9cras\u00e9 grossier, petits morceaux, ou sauce plus onctueuse selon le degr\u00e9 d\u2019aisance de l\u2019enfant avec les morceaux. \u00c0 notre avis, ces recettes repr\u00e9sentent une base solide pour un <strong>repas complet<\/strong> de milieu de journ\u00e9e, tout en restant rapides pour les parents actifs.<\/p>\n<ul>\n<li><strong>Points cl\u00e9s pour le d\u00e9jeuner<\/strong>\u202f:\n<ul>\n<li>Associer toujours <u>l\u00e9gume + f\u00e9culent + prot\u00e9ine<\/u>.<\/li>\n<li>Pr\u00e9voir une texture facile \u00e0 g\u00e9rer (sauces, pur\u00e9es, morceaux fondants).<\/li>\n<li>Terminer si possible par un <strong>fruit<\/strong> ou une <strong>compote<\/strong> sans sucre ajout\u00e9.<\/li>\n<\/ul>\n<\/li>\n<\/ul>\n<h2>D\u00eeners nutritifs et \u00e9quilibr\u00e9s pour favoriser le calme et le sommeil<\/h2>\n<p>\nLe soir, nous recherchons plut\u00f4t des <u>repas doux, digestes et rassasiants<\/u>. Les menus hebdomadaires d\u2019<strong>Harmonie Pr\u00e9vention<\/strong> pour les 2\u20133 ans, publi\u00e9s en 2021, insistent sur un d\u00eener moins riche en prot\u00e9ines animales que le d\u00e9jeuner, avec une grande part de <strong>l\u00e9gumes<\/strong> et un f\u00e9culent, pour soutenir la nuit sans alourdir la digestion. Des id\u00e9es de <strong>velout\u00e9s de l\u00e9gumes<\/strong>, de quinoa aux l\u00e9gumes ou de rago\u00fbts v\u00e9g\u00e9tariens sont tr\u00e8s coh\u00e9rentes avec ces recommandations.<\/p>\n<ul>\n<li><strong>Poisson vapeur aux l\u00e9gumes<\/strong><\/li>\n<\/ul>\n<p>\nUn d\u00eener simple consiste \u00e0 cuire \u00e0 la vapeur un poisson blanc (colin, cabillaud), accompagn\u00e9 de carottes, brocolis et haricots verts bien fondants. Les fiches recettes \u00ab\u00a0d\u00eener enfant 2 ans\u00a0\u00bb de <strong>Today is Sunday<\/strong> sugg\u00e8rent ce type d\u2019association, avec une sauce l\u00e9g\u00e8re \u00e0 l\u2019huile d\u2019olive et aux herbes douces (ciboulette, persil). Nous pouvons \u00e9craser l\u00e9g\u00e8rement le poisson et les l\u00e9gumes, de fa\u00e7on \u00e0 obtenir une texture quasi-unique, tr\u00e8s rassurante pour un enfant encore sensible aux morceaux. Ce plat illustre bien les mots-cl\u00e9s \u00ab\u00a0<u>repas soir b\u00e9b\u00e9<\/u>\u00a0\u00bb, \u00ab\u00a0<u>l\u00e9gumes vapeur<\/u>\u00a0\u00bb.<\/p>\n<ul>\n<li><strong>Rago\u00fbt de l\u00e9gumes et l\u00e9gumineuses<\/strong><\/li>\n<\/ul>\n<p>\nNous pouvons aussi pr\u00e9parer un rago\u00fbt \u00e0 base de courgettes, carottes, tomates pel\u00e9es, poivron doux, associ\u00e9s \u00e0 des lentilles ou pois chiches tr\u00e8s cuits. Ce type de plat est mis en avant dans certaines recettes \u00ab\u00a0<strong>0\u20133 ans<\/strong>\u00a0\u00bb de <strong>Verspieren \u2013 Nounou Assur\u00e9<\/strong>. Nous obtenons une association de <strong>prot\u00e9ines v\u00e9g\u00e9tales<\/strong>, de fibres et de glucides complexes. Ce rago\u00fbt peut \u00eatre servi avec un peu de semoule ou de riz, et enrichi d\u2019une cuill\u00e8re d\u2019huile v\u00e9g\u00e9tale. Il constitue une alternative int\u00e9ressante aux viandes du midi, tout en restant tr\u00e8s nourrissant.<\/p>\n<ul>\n<li><strong>Quinoa aux petits l\u00e9gumes<\/strong><\/li>\n<\/ul>\n<p>\nPour varier des p\u00e2tes et du riz, nous pouvons proposer du <strong>quinoa<\/strong>, bien cuit, m\u00e9lang\u00e9 \u00e0 de petits d\u00e9s de courgette, carotte, petits pois. Une cuill\u00e8re de fromage frais ou de cr\u00e8me l\u00e9g\u00e8re am\u00e9liore l\u2019onctuosit\u00e9. Le quinoa est reconnu pour sa teneur int\u00e9ressante en <strong>prot\u00e9ines<\/strong> et en acides amin\u00e9s essentiels, ce qui en fait une bonne base de repas du soir. Nous voyons ce type de recette dans les fiches \u00ab\u00a0quinoa aux l\u00e9gumes\u00a0\u00bb sur des sites culinaires pour enfants comme <strong>La Cuisine des Petits<\/strong>.<\/p>\n<p>\nLes menus types pour 2\u20133 ans mentionnent en outre r\u00e9guli\u00e8rement les <strong>velout\u00e9s de l\u00e9gumes<\/strong> (courgette-fromage fondu, brocoli-pomme de terre) ou des pur\u00e9es compl\u00e8tes servies avec un petit morceau de pain grill\u00e9. Ce format rassure l\u2019enfant avant le coucher, tout en limitant le risque d\u2019inconfort digestif nocturne. De notre point de vue, un d\u00eener centr\u00e9 sur les l\u00e9gumes, avec un f\u00e9culent et un produit laitier, repr\u00e9sente un excellent compromis entre nutrition et sommeil apais\u00e9.<\/p>\n<ul>\n<li><strong>Mots-cl\u00e9s associ\u00e9s<\/strong>\u202f: \u00ab\u00a0d\u00eener enfant 2 ans\u00a0\u00bb, \u00ab\u00a0repas soir b\u00e9b\u00e9\u00a0\u00bb, \u00ab\u00a0rago\u00fbt de l\u00e9gumes\u00a0\u00bb, \u00ab\u00a0l\u00e9gumes vapeur\u00a0\u00bb.<\/li>\n<\/ul>\n<h2>Go\u00fbters sains\u202f: faire le plein de fruits et de lait<\/h2>\n<p>\nLe <strong>go\u00fbter<\/strong> reste un <u>repas \u00e0 part enti\u00e8re<\/u> chez l\u2019enfant de 2 ans. Les exemples de journ\u00e9es propos\u00e9s par <strong>Harmonie Pr\u00e9vention<\/strong> et les marques de nutrition infantile comme <strong>Bl\u00e9dina<\/strong> mentionnent syst\u00e9matiquement une collation compos\u00e9e d\u2019un produit laitier et d\u2019un <strong>fruit<\/strong> ou d\u2019une <strong>compote<\/strong>, avec \u00e9ventuellement un petit apport de f\u00e9culent (biscuit maison, morceau de pain). Nous d\u00e9fendons l\u2019id\u00e9e d\u2019un go\u00fbter simple, peu sucr\u00e9, qui soutient la fin d\u2019apr\u00e8s-midi sans couper l\u2019app\u00e9tit du d\u00eener.<\/p>\n<ul>\n<li><strong>Compote de pommes maison<\/strong><\/li>\n<\/ul>\n<p>\nUne <strong>compote de pommes maison<\/strong>, cuite doucement avec un peu d\u2019eau, \u00e9ventuellement parfum\u00e9e \u00e0 la cannelle, sans sucre ajout\u00e9, reste une valeur s\u00fbre. Les sites <strong>Today is Sunday<\/strong> et <strong>Cuisinez pour B\u00e9b\u00e9<\/strong> la d\u00e9clinent en version poire, abricot, fruits rouges. La compote offre une texture tr\u00e8s adapt\u00e9e aux jeunes enfants, une saveur douce, et permet de faire go\u00fbter des <strong>fruits<\/strong> vari\u00e9s au fil des saisons. Nous pouvons la proposer seule, ou sur un petit pancake sans sucre, ou sur une tartine de pain de mie.<\/p>\n<ul>\n<li><strong>Yaourt nature avec fruits frais<\/strong><\/li>\n<\/ul>\n<p>\nUn yaourt nature, adapt\u00e9 aux <strong>b\u00e9b\u00e9s<\/strong> ou aux petits <strong>enfants<\/strong> (sans ar\u00f4mes artificiels, sans exc\u00e8s de sucre), agr\u00e9ment\u00e9 de morceaux de banane, de poire bien m\u00fbre ou de p\u00eache en saison, constitue un go\u00fbter complet. Des plateformes comme <strong>Today is Sunday<\/strong> recommandent de limiter les yaourts tr\u00e8s sucr\u00e9s et de miser sur le fruit pour sucrer naturellement. Un tel go\u00fbter r\u00e9pond \u00e0 la requ\u00eate \u00ab\u00a0<u>yaourt b\u00e9b\u00e9<\/u>\u00a0\u00bb, tout en apportant <strong>calcium<\/strong>, prot\u00e9ines et vitamines.<\/p>\n<ul>\n<li><strong>B\u00e2tonnets de l\u00e9gumes avec sauce au yaourt<\/strong><\/li>\n<\/ul>\n<p>\nPour habituer l\u2019enfant aux <strong>l\u00e9gumes<\/strong> \u00e0 cru ou l\u00e9g\u00e8rement croquants, nous pouvons proposer des b\u00e2tonnets de carottes cuites mais encore fermes, de concombre \u00e9pluch\u00e9, ou des quartiers de tomates cerise (toujours coup\u00e9es en deux dans le sens de la longueur pour r\u00e9duire le risque d\u2019\u00e9touffement), accompagn\u00e9s d\u2019une sauce au yaourt nature et herbes douces. Le site <strong>Today is Sunday<\/strong> met en avant la pr\u00e9sentation dans des assiettes compartiment\u00e9es, ce qui rend le moment plus ludique, l\u2019enfant pouvant \u00ab\u00a0piocher\u00a0\u00bb dans chaque compartiment.<\/p>\n<p>\nD\u2019autres go\u00fbters maison tr\u00e8s int\u00e9ressants sont souvent cit\u00e9s\u202f: <strong>mini muffins \u00e0 la carotte et \u00e0 la pomme<\/strong>, <strong>biscuits aux flocons d\u2019avoine<\/strong>, <strong>tartine de pain avec pur\u00e9e de fruits<\/strong>. Sur <strong>La Cuisine des Petits<\/strong>, on trouve aussi des <strong>barres de c\u00e9r\u00e9ales maison<\/strong> et des <strong>mini banana breads<\/strong> sans sucre raffin\u00e9. Nous les appr\u00e9cions pour leur c\u00f4t\u00e9 pratique et transportable, notamment en sortie au parc. Ces pr\u00e9parations s\u2019inscrivent pleinement dans les requ\u00eates \u00ab\u00a0<u>go\u00fbter enfant 2 ans<\/u>\u00a0\u00bb, \u00ab\u00a0<u>fruits et compote<\/u>\u00a0\u00bb, \u00ab\u00a0<u>id\u00e9es de go\u00fbter maison<\/u>\u00a0\u00bb.<\/p>\n<ul>\n<li><strong>\u00c0 retenir<\/strong>\u202f:\n<ul>\n<li>Miser sur la combinaison <u>laitage + fruit<\/u>.<\/li>\n<li>Garder les biscuits industriels pour un usage ponctuel.<\/li>\n<li>Privil\u00e9gier l\u2019eau, \u00e9viter les jus sucr\u00e9s au quotidien.<\/li>\n<\/ul>\n<\/li>\n<\/ul>\n<h2>Petit-d\u00e9jeuner pour enfant de 2 ans\u202f: bien d\u00e9marrer la journ\u00e9e<\/h2>\n<p>\nLe matin, nous devons fournir une \u00e9nergie durable, sans exc\u00e8s de sucre rapide. Les recommandations de <strong>Harmonie Pr\u00e9vention<\/strong> pour les 2\u20133 ans soulignent l\u2019association id\u00e9ale\u202f: <strong>lait<\/strong> ou produit laitier, f\u00e9culent, et <strong>fruit<\/strong>. Les marques de nutrition infantile comme <strong>Bl\u00e9dina<\/strong> ou <strong>Gallia<\/strong> rappellent que beaucoup d\u2019enfants de 2 ans boivent encore un biberon de lait de croissance au r\u00e9veil, que nous pouvons compl\u00e9ter avec du pain ou des c\u00e9r\u00e9ales peu sucr\u00e9es.<\/p>\n<ul>\n<li><strong>Porridge b\u00e9b\u00e9 banane et lait<\/strong><\/li>\n<\/ul>\n<p>\nUne id\u00e9e tr\u00e8s adapt\u00e9e consiste \u00e0 pr\u00e9parer un porridge avec des flocons d\u2019avoine cuits dans du <strong>lait de croissance<\/strong> ou du lait entier, puis \u00e0 y ajouter une banane bien \u00e9cras\u00e9e. Les recettes de \u00ab\u00a0porridge du petit d\u00e9jeuner\u00a0\u00bb pr\u00e9sentes sur <strong>La Cuisine des Petits<\/strong> illustrent bien ce concept. Nous obtenons une texture onctueuse, tr\u00e8s rassasiante, riche en glucides complexes et en fibres solubles.<\/p>\n<ul>\n<li><strong>Pain complet grill\u00e9 + fromage frais<\/strong><\/li>\n<\/ul>\n<p>\nAutre option\u202f: une tranche de pain complet grill\u00e9, tartin\u00e9e de fromage frais doux, servie avec un demi-fruit (banane, cl\u00e9mentine en quartiers pel\u00e9s, petit morceau de pomme finement tranch\u00e9e). Cette combinaison r\u00e9pond \u00e0 la logique \u00ab\u00a0f\u00e9culent + produit laitier + fruit\u00a0\u00bb. Le site <strong>Today is Sunday<\/strong> la met en avant dans sa rubrique \u00ab\u00a0bien d\u00e9marrer la journ\u00e9e\u00a0\u00bb pour les enfants de 2 ans.<\/p>\n<ul>\n<li><strong>Mini pancakes \u00e0 la compote<\/strong><\/li>\n<\/ul>\n<p>\nNous pouvons aussi proposer des <strong>mini pancakes<\/strong> maison, pr\u00e9par\u00e9s sans sucre ajout\u00e9, puis servis avec une <strong>compote<\/strong> de fruits en guise de \u00ab\u00a0sirop naturel\u00a0\u00bb. Cette pr\u00e9paration, tr\u00e8s pr\u00e9sente dans les id\u00e9es de petit-d\u00e9jeuner de <strong>Cuisinez pour B\u00e9b\u00e9<\/strong>, convient bien aux petites mains qui aiment manger seules. Pour une requ\u00eate \u00ab\u00a0<u>petit-d\u00e9jeuner enfant 2 ans<\/u>\u00a0\u00bb, ces trois mod\u00e8les couvrent bien les attentes\u202f: rapidit\u00e9, go\u00fbt, \u00e9quilibre.<\/p>\n<ul>\n<li><strong>Mots-cl\u00e9s \u00e0 int\u00e9grer<\/strong>\u202f: \u00ab\u00a0lait le matin\u00a0\u00bb, \u00ab\u00a0id\u00e9es de repas b\u00e9b\u00e9\u00a0\u00bb, \u00ab\u00a0petit-d\u00e9jeuner enfant 2 ans\u00a0\u00bb.<\/li>\n<\/ul>\n<h2>Comment proposer des repas vari\u00e9s et ludiques aux petits ?<\/h2>\n<p>\nLa vari\u00e9t\u00e9 reste l\u2019un des meilleurs alli\u00e9s pour \u00e9viter les refus alimentaires durables. Des plateformes comme <strong>Today is Sunday<\/strong>, <strong>Cuisinez pour B\u00e9b\u00e9<\/strong> ou le portail <strong>Naitre et Grandir<\/strong> insistent sur l\u2019aspect visuel\u202f: une assiette color\u00e9e, des formes amusantes, une pr\u00e9sentation claire encouragent l\u2019enfant \u00e0 go\u00fbter, m\u00eame lorsqu\u2019il se montre m\u00e9fiant. Nous parlons souvent d\u2019 assiettes arc-en-ciel ?\u202f: carottes orange, brocolis verts, ma\u00efs jaune, tomates rouges.<\/p>\n<ul>\n<li>Varier les couleurs \u00e0 chaque repas<\/li>\n<li>Jouer avec les formes (b\u00e2tonnets, \u00e9toiles, boulettes, muffins sal\u00e9s)<\/li>\n<li>Changer les textures pour un m\u00eame l\u00e9gume<\/li>\n<\/ul>\n<p>\nNous pouvons servir une courgette en pur\u00e9e lisse un jour, en petits d\u00e9s saut\u00e9s le lendemain, puis en galettes avec de la semoule une autre fois. Les livres de recettes pour enfants \u00e9dit\u00e9s en 2020 par des maisons comme <strong>Hachette Pratique<\/strong> montrent \u00e0 quel point cette alternance am\u00e9liore l\u2019acceptation du l\u00e9gume. Les m\u00eames strat\u00e9gies fonctionnent avec la carotte, la patate douce ou le brocoli.<\/p>\n<p>\nNous avons tout int\u00e9r\u00eat \u00e0 impliquer les <strong>petits<\/strong> dans la pr\u00e9paration\u202f: choisir entre deux <strong>id\u00e9es<\/strong> de repas, laver les fruits, m\u00e9langer une p\u00e2te \u00e0 muffins, verser une <strong>compote<\/strong> dans un bol. Le portail canadien <strong>Naitre et Grandir<\/strong> (fondation <strong>Lucie et Andr\u00e9 Chagnon<\/strong>) souligne qu\u2019une participation m\u00eame symbolique favorise l\u2019envie de go\u00fbter. Les \u00e9tudes relay\u00e9es par ce site rappellent aussi qu\u2019il faut parfois <u>8 \u00e0 10 expositions \u00e0 un aliment<\/u> avant qu\u2019un enfant l\u2019accepte\u202f; nous retrouvons ce chiffre parmi les conseils reconnus, et nous le jugeons tr\u00e8s r\u00e9aliste au quotidien, en particulier pour les <strong>l\u00e9gumes<\/strong> verts.<\/p>\n<ul>\n<li><strong>Mots-cl\u00e9s strat\u00e9giques<\/strong>\u202f: \u00ab\u00a0id\u00e9es de repas vari\u00e9s\u00a0\u00bb, \u00ab\u00a0proposer des l\u00e9gumes\u00a0\u00bb, \u00ab\u00a0enfant qui n\u2019aime pas les l\u00e9gumes\u00a0\u00bb, \u00ab\u00a0petits gourmands\u00a0\u00bb.<\/li>\n<\/ul>\n<h2>Exemples de menus sur une journ\u00e9e pour enfant de 2 ans<\/h2>\n<p>\nPour celles et ceux qui recherchent un <u>menu type enfant 2 ans<\/u>, nous nous inspirons ici des menus publi\u00e9s par <strong>Doctissimo<\/strong> et <strong>Harmonie Pr\u00e9vention<\/strong>, en les adaptant \u00e0 une journ\u00e9e concr\u00e8te. Ces menus offrent des rep\u00e8res, \u00e0 ajuster selon l\u2019app\u00e9tit et les habitudes familiales.<\/p>\n<p>\n<strong>Journ\u00e9e 1 \u2013 Menu \u00e9quilibr\u00e9 classique<\/strong><\/p>\n<ul>\n<li><strong>Petit-d\u00e9jeuner<\/strong>\u202f: biberon de <strong>lait de croissance<\/strong> (120\u2013150 ml) + pain complet avec un peu de beurre ou fromage frais + \u00bd banane \u00e9cras\u00e9e.<\/li>\n<li><strong>D\u00e9jeuner<\/strong>\u202f: assiette avec \u00bd de <strong>l\u00e9gumes<\/strong> (courgettes et carottes vapeur), \u00bd de p\u00e2tes ou riz, environ 30 g de dinde po\u00eal\u00e9e tr\u00e8s tendre, dessert\u202f: <strong>compote<\/strong> de pomme sans sucre ajout\u00e9.<\/li>\n<li><strong>Go\u00fbter<\/strong>\u202f: yaourt nature + morceaux de poire bien m\u00fbre ou compote + un petit biscuit maison aux flocons d\u2019avoine.<\/li>\n<li><strong>D\u00eener<\/strong>\u202f: velout\u00e9 de courgette et pommes de terre, enrichi d\u2019un peu de fromage fondu, petit morceau de fromage ou yaourt, fruit cuit (type poire poch\u00e9e) si l\u2019enfant r\u00e9clame encore.<\/li>\n<\/ul>\n<p>\n<strong>Journ\u00e9e 2 \u2013 Menu avec l\u00e9gumineuses et poisson<\/strong><\/p>\n<ul>\n<li><strong>Petit-d\u00e9jeuner<\/strong>\u202f: porridge de flocons d\u2019avoine au <strong>lait<\/strong> entier, avec banane \u00e9cras\u00e9e et quelques d\u00e9s de pomme cuite.<\/li>\n<li><strong>D\u00e9jeuner<\/strong>\u202f: quinoa aux petits l\u00e9gumes (carottes, courgettes, petits pois) + 30 g de cabillaud \u00e9miett\u00e9, dessert\u202f: quartier d\u2019orange pel\u00e9e \u00e0 vif ou cl\u00e9mentine en saison.<\/li>\n<li><strong>Go\u00fbter<\/strong>\u202f: <strong>compote<\/strong> pomme-poire maison + mini muffin aux lentilles et carotte, inspir\u00e9 des recettes de <strong>La Cuisine des Petits<\/strong>.<\/li>\n<li><strong>D\u00eener<\/strong>\u202f: rago\u00fbt doux de l\u00e9gumes (courgette, tomate, poivron doux) et lentilles corail tr\u00e8s cuites, servi avec une petite tranche de pain, et un yaourt nature.<\/li>\n<\/ul>\n<p>\nNous voyons \u00e0 travers ces deux journ\u00e9es que les <strong>id\u00e9es de menus \u00e9quilibr\u00e9s<\/strong> sont nombreuses, tout en restant simples. \u00c0 notre avis, la cl\u00e9 reste d\u2019alterner poissons, viandes, l\u00e9gumineuses, et de varier les <strong>fruits<\/strong> et <strong>l\u00e9gumes<\/strong> au fil des saisons. Chaque famille peut ensuite adapter ces rep\u00e8res en fonction des allergies, des restrictions \u00e9ventuelles (sans lait, sans \u0153uf) ou des pr\u00e9f\u00e9rences de l\u2019enfant.<\/p>\n<h2>Conseils pratiques pour cuisiner sans stress pour un enfant de 2 ans<\/h2>\n<p>\nL\u2019une des principales inqui\u00e9tudes des parents concerne l\u2019organisation. Entre travail, trajets et soins aux enfants, nous avons peu de temps pour pr\u00e9parer chaque <strong>repas<\/strong>. Les sites pratiques comme <strong>Today is Sunday<\/strong> ou <strong>Programme-Malin<\/strong> insistent sur l\u2019int\u00e9r\u00eat du <u>batch cooking<\/u>\u202f: cuisiner en une fois plusieurs bases pour la semaine, puis assembler rapidement.<\/p>\n<ul>\n<li>Pr\u00e9parer \u00e0 l\u2019avance des <strong>compotes<\/strong> en grande quantit\u00e9, \u00e0 congeler en portions individuelles.<\/li>\n<li>Cuisiner des muffins sal\u00e9s, boulettes de l\u00e9gumes ou de viande, soupes et pur\u00e9es, puis les congeler.<\/li>\n<li>Utiliser des l\u00e9gumes surgel\u00e9s nature (haricots verts, \u00e9pinards, petits pois) pour gagner du temps.<\/li>\n<\/ul>\n<p>\nNous pouvons aussi pr\u00e9parer une base de sauce tomate maison, un grand volume de riz ou de quinoa, puis les r\u00e9utiliser sur plusieurs repas, en associant \u00e0 chaque fois une prot\u00e9ine et un l\u00e9gume diff\u00e9rent. Des industriels de l\u2019agroalimentaire infantile comme <strong>Bl\u00e9dina<\/strong> ou <strong>Good Go\u00fbt<\/strong> rappellent que certains plats pr\u00e9par\u00e9s peuvent d\u00e9panner ponctuellement, \u00e0 condition de v\u00e9rifier le Nutri-Score, la teneur en sel, en sucre et en additifs. Nous partageons cette approche pragmatique\u202f: le \u00ab\u00a0tout maison\u00a0\u00bb n\u2019est pas toujours r\u00e9aliste, et un plat industriel bien choisi reste pr\u00e9f\u00e9rable \u00e0 un repas tr\u00e8s d\u00e9s\u00e9quilibr\u00e9.<\/p>\n<p>\nLa vaisselle adapt\u00e9e aux <strong>petits<\/strong> (assiettes compartiment\u00e9es antid\u00e9rapantes, tasses \u00e0 bec, couverts ergonomiques) soutient l\u2019autonomie, limite les renversements et rend les <strong>repas<\/strong> plus agr\u00e9ables. Sur le plan de la s\u00e9curit\u00e9 alimentaire, les p\u00e9diatres recommandent de <u>bien cuire les aliments<\/u>, de toujours couper les aliments ronds (tomates cerise, raisins) en deux ou en quatre, d\u2019\u00e9viter les cacahu\u00e8tes enti\u00e8res, les bonbons durs, les gros morceaux de saucisse, qui repr\u00e9sentent un risque d\u2019\u00e9touffement.<\/p>\n<ul>\n<li><strong>Mots-cl\u00e9s<\/strong>\u202f: \u00ab\u00a0cuisiner pour b\u00e9b\u00e9\u00a0\u00bb, \u00ab\u00a0repas enfant 2 ans sans stress\u00a0\u00bb, \u00ab\u00a0organisation des repas\u00a0\u00bb.<\/li>\n<\/ul>\n<h2>Foire aux questions sur les repas d\u2019un enfant de 2 ans<\/h2>\n<p>\nLes questions r\u00e9currentes des parents se ressemblent, que l\u2019on habite \u00e0 <strong>Lyon<\/strong>, <strong>Marseille<\/strong> ou <strong>Montr\u00e9al<\/strong>. Nous r\u00e9pondons ici de fa\u00e7on concise, en \u00e9cho aux interrogations les plus fr\u00e9quentes.<\/p>\n<ul>\n<li><strong>Mon enfant de 2 ans refuse les l\u00e9gumes, que faire\u202f?<\/strong><\/li>\n<\/ul>\n<p>\nNous conseillons de continuer \u00e0 proposer les <strong>l\u00e9gumes<\/strong> sous diff\u00e9rentes formes\u202f: pur\u00e9es douces, soupes, galettes avec pomme de terre ou semoule, muffins sal\u00e9s, ou m\u00e9lang\u00e9s aux p\u00e2tes. Les experts cit\u00e9s par <strong>Today is Sunday<\/strong> rappellent qu\u2019il faut souvent <u>8 \u00e0 10 expositions<\/u> \u00e0 un m\u00eame aliment avant une acceptation durable. Nous recommandons de ne pas forcer, de montrer l\u2019exemple \u00e0 table, et de rendre les assiettes attractives (couleurs, formes). Les mots-cl\u00e9s \u00ab\u00a0<u>b\u00e9b\u00e9 refuse l\u00e9gumes<\/u>\u00a0\u00bb, \u00ab\u00a0<u>repas enfant 2 ans<\/u>\u00a0\u00bb renvoient largement \u00e0 ce type de strat\u00e9gie.<\/p>\n<ul>\n<li><strong>Quelle quantit\u00e9 de lait pour un enfant de 2 ans\u202f?<\/strong><\/li>\n<\/ul>\n<p>\nLes rep\u00e8res utilis\u00e9s par les p\u00e9diatres et par des sites comme <strong>Doctissimo<\/strong> convergent vers environ <u>500 ml de lait ou \u00e9quivalents laitiers par jour<\/u> (soit 2 \u00e0 3 produits laitiers), \u00e0 adapter selon l\u2019alimentation globale et les conseils du m\u00e9decin. Cela peut correspondre \u00e0 un biberon de 150\u2013200 ml le matin, un yaourt au go\u00fbter, et un petit verre de <strong>lait<\/strong> ou un fromage le soir.<\/p>\n<ul>\n<li><strong>Peut-on donner les m\u00eames repas \u00e0 toute la famille\u202f?<\/strong><\/li>\n<\/ul>\n<p>\nOui, et nous y sommes tr\u00e8s favorables. De nombreux sites comme <strong>Cuisinez pour B\u00e9b\u00e9<\/strong> d\u00e9veloppent des recettes \u00ab\u00a0parents-b\u00e9b\u00e9\u00a0\u00bb adapt\u00e9es \u00e0 toute la famille. Il suffit de limiter le sel, les plats tr\u00e8s \u00e9pic\u00e9s et les aliments gras ou sucr\u00e9s, et d\u2019ajuster les textures pour l\u2019enfant (\u00e9craser une partie du plat, couper les morceaux plus petits). Cette pratique facilite l\u2019organisation et renforce le plaisir du <strong>repas familial<\/strong>.<\/p>\n<ul>\n<li><strong>\u00c0 partir de quand proposer des morceaux\u202f?<\/strong><\/li>\n<\/ul>\n<p>\n\u00c0 2 ans, la plupart des enfants peuvent manger des morceaux tendres de taille adapt\u00e9e. Nous pouvons toutefois continuer \u00e0 \u00e9craser ou mixer partiellement si l\u2019enfant reste h\u00e9sitant. Les recommandations de s\u00e9curit\u00e9 rappellent d\u2019\u00e9viter les aliments \u00e0 risque\u202f: cacahu\u00e8tes enti\u00e8res, fruits secs durs, bonbons durs, gros morceaux de pomme crue. Les textures doivent rester moelleuses, surtout si la mastication est encore en apprentissage.<\/p>\n<ul>\n<li><strong>Mon enfant mange tr\u00e8s peu, dois-je m\u2019inqui\u00e9ter\u202f?<\/strong><\/li>\n<\/ul>\n<p>\nL\u2019app\u00e9tit \u00e0 2 ans est tr\u00e8s variable, certains jours, l\u2019enfant mange presque rien, puis se rattrape le lendemain. Les organismes comme <strong>Harmonie Pr\u00e9vention<\/strong> et <strong>Doctissimo<\/strong> insistent sur la n\u00e9cessit\u00e9 de regarder l\u2019alimentation sur la semaine plut\u00f4t que repas par repas. Si la courbe de poids et de taille suit son cours, et si l\u2019enfant reste vif, le plus souvent, il n\u2019y a pas lieu de s\u2019alarmer. Un suivi r\u00e9gulier avec le p\u00e9diatre reste le meilleur rep\u00e8re.<\/p>\n<ul>\n<li><strong>Mots-cl\u00e9s FAQ<\/strong>\u202f: \u00ab\u00a0quantit\u00e9 de lait \u00e0 2 ans\u00a0\u00bb, \u00ab\u00a0repas enfant 2 ans\u00a0\u00bb, \u00ab\u00a0b\u00e9b\u00e9 refuse l\u00e9gumes\u00a0\u00bb.<\/li>\n<\/ul>\n<h2>Mettre en place de bonnes habitudes alimentaires d\u00e8s 2 ans<\/h2>\n<p>\nEntre 2 et 3 ans, nous avons une fen\u00eatre pr\u00e9cieuse pour installer des <strong>repas vari\u00e9s<\/strong>, riches en <strong>l\u00e9gumes<\/strong>, <strong>fruits<\/strong>, produits laitiers adapt\u00e9s, c\u00e9r\u00e9ales compl\u00e8tes et bonnes sources de prot\u00e9ines. Les \u00e9tudes de sant\u00e9 publique men\u00e9es par <strong>Sant\u00e9 publique France<\/strong> depuis 2017 montrent que des habitudes diversifi\u00e9es pr\u00e9cocement r\u00e9duiraient le risque de surpoids et de carences plus tard. Nous pouvons donc voir chaque repas comme une occasion douce de faire d\u00e9couvrir une nouvelle couleur, une nouvelle texture, un nouveau go\u00fbt.<\/p>\n<p>\nNous vous invitons \u00e0 piocher librement dans les <strong>id\u00e9es de recettes<\/strong> propos\u00e9es\u202f: p\u00e2tes aux l\u00e9gumes, omelette aux \u00e9pinards, poisson vapeur, rago\u00fbt de l\u00e9gumes, porridges, <strong>compotes<\/strong> maison, go\u00fbters \u00e0 base de <strong>fruits<\/strong> et de yaourt. \u00c0 partir de cette base, chacun peut composer ses propres menus selon la saison, les produits disponibles en magasin ou sur le march\u00e9, et les pr\u00e9f\u00e9rences de son enfant. D\u2019autres contenus peuvent compl\u00e9ter ce premier socle\u202f: menus par saison, recettes sans <strong>lait<\/strong> ou sans \u0153uf en cas d\u2019allergie, astuces pour cuisiner avec les enfants, comme celles mises en avant sur le site <strong>Naitre et Grandir<\/strong>.<\/p>\n<ul>\n<li><u>Point essentiel \u00e0 garder en t\u00eate<\/u>\u202f: chaque enfant a son rythme, ses app\u00e9tits, ses jours \u00ab\u00a0avec\u00a0\u00bb et ses jours \u00ab\u00a0sans\u00a0\u00bb.<\/li>\n<li><strong>Cap \u00e0 tenir<\/strong>\u202f: proposer r\u00e9guli\u00e8rement des aliments vari\u00e9s, respecter les signaux de faim et de sati\u00e9t\u00e9, maintenir un climat paisible \u00e0 table.<\/li>\n<li><strong>Perspective<\/strong>\u202f: ce que nous construisons \u00e0 2 ans pose les fondations d\u2019une relation sereine et durable avec l\u2019alimentation.<\/li>\n<\/ul>\n<p class=\"ressources-officielles\"><strong>Ressources officielles :<\/strong> <a href=\"https:\/\/superminot.marseille.fr\" rel=\"nofollow noopener\" target=\"_blank\">superminot.marseille.fr<\/a><\/p>\n","protected":false},"excerpt":{"rendered":"","protected":false},"author":34,"featured_media":7636,"comment_status":"open","ping_status":"open","sticky":false,"template":"","format":"standard","meta":{"_acf_changed":false,"manual_indexmenow":false,"indexmenow_id_project":0,"footnotes":""},"categories":[4523],"tags":[2560,4721,4720],"class_list":["post-7634","post","type-post","status-publish","format-standard","has-post-thumbnail","hentry","category-alimentation-et-sante-des-enfants","tag-alimentation-equilibree","tag-recette-bebe","tag-repas-enfant","generate-columns","tablet-grid-50","mobile-grid-100","grid-parent","grid-25"],"acf":[],"yoast_head":"<!-- This site is optimized with the Yoast SEO Premium plugin v21.3 (Yoast SEO v25.6) - https:\/\/yoast.com\/wordpress\/plugins\/seo\/ -->\n<title>Id\u00e9es de repas \u00e9quilibr\u00e9s pour enfant de 2 ans<\/title>\n<meta name=\"description\" content=\"\u00c0 2 ans, selon les rep\u00e8res de l\u2019Organisation Mondiale de la Sant\u00e9 (OMS) et des r\u00e9seaux de p\u00e9diatrie en Europe, un enfant se situe en pleine phase de\" \/>\n<meta name=\"robots\" content=\"index, follow, max-snippet:-1, max-image-preview:large, max-video-preview:-1\" \/>\n<link rel=\"canonical\" href=\"https:\/\/juliedrnd.net\/blog\/alimentation-et-sante-des-enfants\/idees-de-repas-equilibres-pour-enfant-de-2-ans-recettes-savoureuses-et-adaptees\/\" \/>\n<meta property=\"og:locale\" content=\"fr_FR\" \/>\n<meta property=\"og:type\" content=\"article\" \/>\n<meta property=\"og:title\" content=\"Id\u00e9es de repas \u00e9quilibr\u00e9s pour enfant de 2 ans\" \/>\n<meta property=\"og:description\" content=\"\u00c0 2 ans, selon les rep\u00e8res de l\u2019Organisation Mondiale de la Sant\u00e9 (OMS) et des r\u00e9seaux de p\u00e9diatrie en Europe, un enfant se situe en pleine phase de\" \/>\n<meta property=\"og:url\" content=\"https:\/\/juliedrnd.net\/blog\/alimentation-et-sante-des-enfants\/idees-de-repas-equilibres-pour-enfant-de-2-ans-recettes-savoureuses-et-adaptees\/\" \/>\n<meta property=\"og:site_name\" content=\"juliedrnd\" \/>\n<meta property=\"og:image\" content=\"https:\/\/juliedrnd.net\/blog\/wp-content\/uploads\/2025\/12\/pag-image-693a9f692c7fb-scaled.png\" \/>\n\t<meta property=\"og:image:width\" content=\"1200\" \/>\n\t<meta property=\"og:image:height\" content=\"686\" \/>\n\t<meta property=\"og:image:type\" content=\"image\/png\" \/>\n<meta name=\"author\" content=\"Elodie Mazeau\" \/>\n<meta name=\"twitter:card\" content=\"summary_large_image\" \/>\n<script type=\"application\/ld+json\" class=\"yoast-schema-graph\">{\"@context\":\"https:\/\/schema.org\",\"@graph\":[{\"@type\":\"NewsArticle\",\"@id\":\"https:\/\/juliedrnd.net\/blog\/alimentation-et-sante-des-enfants\/idees-de-repas-equilibres-pour-enfant-de-2-ans-recettes-savoureuses-et-adaptees\/#article\",\"isPartOf\":{\"@id\":\"https:\/\/juliedrnd.net\/blog\/alimentation-et-sante-des-enfants\/idees-de-repas-equilibres-pour-enfant-de-2-ans-recettes-savoureuses-et-adaptees\/\"},\"author\":{\"name\":\"Elodie Mazeau\",\"@id\":\"https:\/\/juliedrnd.net\/blog\/#\/schema\/person\/3c864cdc320801e3db34b663e7e3f816\"},\"headline\":\"Id\u00e9es de repas \u00e9quilibr\u00e9s pour enfant de 2 ans : recettes savoureuses et adapt\u00e9es\",\"datePublished\":\"2025-12-18T08:44:00+00:00\",\"dateModified\":\"2026-08-25T01:08:14+00:00\",\"mainEntityOfPage\":{\"@id\":\"https:\/\/juliedrnd.net\/blog\/alimentation-et-sante-des-enfants\/idees-de-repas-equilibres-pour-enfant-de-2-ans-recettes-savoureuses-et-adaptees\/\"},\"wordCount\":5100,\"commentCount\":0,\"publisher\":{\"@id\":\"https:\/\/juliedrnd.net\/blog\/#organization\"},\"image\":{\"@id\":\"https:\/\/juliedrnd.net\/blog\/alimentation-et-sante-des-enfants\/idees-de-repas-equilibres-pour-enfant-de-2-ans-recettes-savoureuses-et-adaptees\/#primaryimage\"},\"thumbnailUrl\":\"https:\/\/juliedrnd.net\/blog\/wp-content\/uploads\/2025\/12\/pag-image-693a9f692c7fb-scaled.png\",\"keywords\":[\"Alimentation \u00c9quilibr\u00e9e\",\"recette bebe\",\"repas enfant\"],\"articleSection\":[\"Alimentation et Sant\u00e9 des Enfants\"],\"inLanguage\":\"fr-FR\",\"potentialAction\":[{\"@type\":\"CommentAction\",\"name\":\"Comment\",\"target\":[\"https:\/\/juliedrnd.net\/blog\/alimentation-et-sante-des-enfants\/idees-de-repas-equilibres-pour-enfant-de-2-ans-recettes-savoureuses-et-adaptees\/#respond\"]}]},{\"@type\":\"WebPage\",\"@id\":\"https:\/\/juliedrnd.net\/blog\/alimentation-et-sante-des-enfants\/idees-de-repas-equilibres-pour-enfant-de-2-ans-recettes-savoureuses-et-adaptees\/\",\"url\":\"https:\/\/juliedrnd.net\/blog\/alimentation-et-sante-des-enfants\/idees-de-repas-equilibres-pour-enfant-de-2-ans-recettes-savoureuses-et-adaptees\/\",\"name\":\"Id\u00e9es de repas \u00e9quilibr\u00e9s pour enfant de 2 ans\",\"isPartOf\":{\"@id\":\"https:\/\/juliedrnd.net\/blog\/#website\"},\"primaryImageOfPage\":{\"@id\":\"https:\/\/juliedrnd.net\/blog\/alimentation-et-sante-des-enfants\/idees-de-repas-equilibres-pour-enfant-de-2-ans-recettes-savoureuses-et-adaptees\/#primaryimage\"},\"image\":{\"@id\":\"https:\/\/juliedrnd.net\/blog\/alimentation-et-sante-des-enfants\/idees-de-repas-equilibres-pour-enfant-de-2-ans-recettes-savoureuses-et-adaptees\/#primaryimage\"},\"thumbnailUrl\":\"https:\/\/juliedrnd.net\/blog\/wp-content\/uploads\/2025\/12\/pag-image-693a9f692c7fb-scaled.png\",\"datePublished\":\"2025-12-18T08:44:00+00:00\",\"dateModified\":\"2026-08-25T01:08:14+00:00\",\"description\":\"\u00c0 2 ans, selon les rep\u00e8res de l\u2019Organisation Mondiale de la Sant\u00e9 (OMS) et des r\u00e9seaux de p\u00e9diatrie en Europe, un enfant se situe en pleine phase de\",\"inLanguage\":\"fr-FR\",\"potentialAction\":[{\"@type\":\"ReadAction\",\"target\":[\"https:\/\/juliedrnd.net\/blog\/alimentation-et-sante-des-enfants\/idees-de-repas-equilibres-pour-enfant-de-2-ans-recettes-savoureuses-et-adaptees\/\"]}]},{\"@type\":\"ImageObject\",\"inLanguage\":\"fr-FR\",\"@id\":\"https:\/\/juliedrnd.net\/blog\/alimentation-et-sante-des-enfants\/idees-de-repas-equilibres-pour-enfant-de-2-ans-recettes-savoureuses-et-adaptees\/#primaryimage\",\"url\":\"https:\/\/juliedrnd.net\/blog\/wp-content\/uploads\/2025\/12\/pag-image-693a9f692c7fb-scaled.png\",\"contentUrl\":\"https:\/\/juliedrnd.net\/blog\/wp-content\/uploads\/2025\/12\/pag-image-693a9f692c7fb-scaled.png\",\"width\":1200,\"height\":686,\"caption\":\"Image g\u00e9n\u00e9r\u00e9e par IA optimis\u00e9e pour Google Discover\"},{\"@type\":\"WebSite\",\"@id\":\"https:\/\/juliedrnd.net\/blog\/#website\",\"url\":\"https:\/\/juliedrnd.net\/blog\/\",\"name\":\"juliedrnd.net\",\"description\":\"Vivez, cr\u00e9ez, r\u00eavez.\",\"publisher\":{\"@id\":\"https:\/\/juliedrnd.net\/blog\/#organization\"},\"alternateName\":\"Vivez, cr\u00e9ez, r\u00eavez.\",\"potentialAction\":[{\"@type\":\"SearchAction\",\"target\":{\"@type\":\"EntryPoint\",\"urlTemplate\":\"https:\/\/juliedrnd.net\/blog\/?s={search_term_string}\"},\"query-input\":{\"@type\":\"PropertyValueSpecification\",\"valueRequired\":true,\"valueName\":\"search_term_string\"}}],\"inLanguage\":\"fr-FR\"},{\"@type\":\"Organization\",\"@id\":\"https:\/\/juliedrnd.net\/blog\/#organization\",\"name\":\"Julie Drnd\",\"url\":\"https:\/\/juliedrnd.net\/blog\/\",\"logo\":{\"@type\":\"ImageObject\",\"inLanguage\":\"fr-FR\",\"@id\":\"https:\/\/juliedrnd.net\/blog\/#\/schema\/logo\/image\/\",\"url\":\"https:\/\/juliedrnd.net\/blog\/wp-content\/uploads\/2024\/12\/15.png\",\"contentUrl\":\"https:\/\/juliedrnd.net\/blog\/wp-content\/uploads\/2024\/12\/15.png\",\"width\":500,\"height\":500,\"caption\":\"Julie Drnd\"},\"image\":{\"@id\":\"https:\/\/juliedrnd.net\/blog\/#\/schema\/logo\/image\/\"}},{\"@type\":\"Person\",\"@id\":\"https:\/\/juliedrnd.net\/blog\/#\/schema\/person\/3c864cdc320801e3db34b663e7e3f816\",\"name\":\"Elodie Mazeau\",\"image\":{\"@type\":\"ImageObject\",\"inLanguage\":\"fr-FR\",\"@id\":\"https:\/\/juliedrnd.net\/blog\/#\/schema\/person\/image\/\",\"url\":\"https:\/\/juliedrnd.net\/blog\/wp-content\/uploads\/2026\/06\/persona_elodie-m-96x96.jpg\",\"contentUrl\":\"https:\/\/juliedrnd.net\/blog\/wp-content\/uploads\/2026\/06\/persona_elodie-m-96x96.jpg\",\"caption\":\"Elodie Mazeau\"},\"description\":\"J'\u00e9cris sur la parentalit\u00e9 telle qu'elle se vit vraiment, du premier biberon aux premi\u00e8res col\u00e8res. Mes sujets de pr\u00e9dilection couvrent le quotidien des familles : sommeil, alimentation, organisation, pu\u00e9riculture et ces petites gal\u00e8res que tout parent conna\u00eet. Depuis plusieurs ann\u00e9es, je m'attache \u00e0 proposer des rep\u00e8res concrets plut\u00f4t que des le\u00e7ons, parce que chaque famille trouve son propre \u00e9quilibre. Je v\u00e9rifie mes informations aupr\u00e8s de sources fiables, surtout d\u00e8s qu'on touche \u00e0 la sant\u00e9 ou \u00e0 la s\u00e9curit\u00e9 de l'enfant, et je pr\u00e9cise quand un avis professionnel s'impose. J'\u00e9vite soigneusement la culpabilisation : \u00eatre parent est d\u00e9j\u00e0 assez exigeant. Mon ton se veut complice et bienveillant, un peu comme une discussion entre parents qui se comprennent. L'id\u00e9e est d'all\u00e9ger la charge mentale en donnant des solutions simples et test\u00e9es.\",\"sameAs\":[\"https:\/\/elodiemazeau.fr\/\"],\"url\":\"https:\/\/juliedrnd.net\/blog\/auteur\/noname\/\"}]}<\/script>\n<!-- \/ Yoast SEO Premium plugin. -->","yoast_head_json":{"title":"Id\u00e9es de repas \u00e9quilibr\u00e9s pour enfant de 2 ans","description":"\u00c0 2 ans, selon les rep\u00e8res de l\u2019Organisation Mondiale de la Sant\u00e9 (OMS) et des r\u00e9seaux de p\u00e9diatrie en Europe, un enfant se situe en pleine phase de","robots":{"index":"index","follow":"follow","max-snippet":"max-snippet:-1","max-image-preview":"max-image-preview:large","max-video-preview":"max-video-preview:-1"},"canonical":"https:\/\/juliedrnd.net\/blog\/alimentation-et-sante-des-enfants\/idees-de-repas-equilibres-pour-enfant-de-2-ans-recettes-savoureuses-et-adaptees\/","og_locale":"fr_FR","og_type":"article","og_title":"Id\u00e9es de repas \u00e9quilibr\u00e9s pour enfant de 2 ans","og_description":"\u00c0 2 ans, selon les rep\u00e8res de l\u2019Organisation Mondiale de la Sant\u00e9 (OMS) et des r\u00e9seaux de p\u00e9diatrie en Europe, un enfant se situe en pleine phase de","og_url":"https:\/\/juliedrnd.net\/blog\/alimentation-et-sante-des-enfants\/idees-de-repas-equilibres-pour-enfant-de-2-ans-recettes-savoureuses-et-adaptees\/","og_site_name":"juliedrnd","og_image":[{"width":1200,"height":686,"url":"https:\/\/juliedrnd.net\/blog\/wp-content\/uploads\/2025\/12\/pag-image-693a9f692c7fb-scaled.png","type":"image\/png"}],"author":"Elodie Mazeau","twitter_card":"summary_large_image","schema":{"@context":"https:\/\/schema.org","@graph":[{"@type":"NewsArticle","@id":"https:\/\/juliedrnd.net\/blog\/alimentation-et-sante-des-enfants\/idees-de-repas-equilibres-pour-enfant-de-2-ans-recettes-savoureuses-et-adaptees\/#article","isPartOf":{"@id":"https:\/\/juliedrnd.net\/blog\/alimentation-et-sante-des-enfants\/idees-de-repas-equilibres-pour-enfant-de-2-ans-recettes-savoureuses-et-adaptees\/"},"author":{"name":"Elodie Mazeau","@id":"https:\/\/juliedrnd.net\/blog\/#\/schema\/person\/3c864cdc320801e3db34b663e7e3f816"},"headline":"Id\u00e9es de repas \u00e9quilibr\u00e9s pour enfant de 2 ans : recettes savoureuses et adapt\u00e9es","datePublished":"2025-12-18T08:44:00+00:00","dateModified":"2026-08-25T01:08:14+00:00","mainEntityOfPage":{"@id":"https:\/\/juliedrnd.net\/blog\/alimentation-et-sante-des-enfants\/idees-de-repas-equilibres-pour-enfant-de-2-ans-recettes-savoureuses-et-adaptees\/"},"wordCount":5100,"commentCount":0,"publisher":{"@id":"https:\/\/juliedrnd.net\/blog\/#organization"},"image":{"@id":"https:\/\/juliedrnd.net\/blog\/alimentation-et-sante-des-enfants\/idees-de-repas-equilibres-pour-enfant-de-2-ans-recettes-savoureuses-et-adaptees\/#primaryimage"},"thumbnailUrl":"https:\/\/juliedrnd.net\/blog\/wp-content\/uploads\/2025\/12\/pag-image-693a9f692c7fb-scaled.png","keywords":["Alimentation \u00c9quilibr\u00e9e","recette bebe","repas enfant"],"articleSection":["Alimentation et Sant\u00e9 des Enfants"],"inLanguage":"fr-FR","potentialAction":[{"@type":"CommentAction","name":"Comment","target":["https:\/\/juliedrnd.net\/blog\/alimentation-et-sante-des-enfants\/idees-de-repas-equilibres-pour-enfant-de-2-ans-recettes-savoureuses-et-adaptees\/#respond"]}]},{"@type":"WebPage","@id":"https:\/\/juliedrnd.net\/blog\/alimentation-et-sante-des-enfants\/idees-de-repas-equilibres-pour-enfant-de-2-ans-recettes-savoureuses-et-adaptees\/","url":"https:\/\/juliedrnd.net\/blog\/alimentation-et-sante-des-enfants\/idees-de-repas-equilibres-pour-enfant-de-2-ans-recettes-savoureuses-et-adaptees\/","name":"Id\u00e9es de repas \u00e9quilibr\u00e9s pour enfant de 2 ans","isPartOf":{"@id":"https:\/\/juliedrnd.net\/blog\/#website"},"primaryImageOfPage":{"@id":"https:\/\/juliedrnd.net\/blog\/alimentation-et-sante-des-enfants\/idees-de-repas-equilibres-pour-enfant-de-2-ans-recettes-savoureuses-et-adaptees\/#primaryimage"},"image":{"@id":"https:\/\/juliedrnd.net\/blog\/alimentation-et-sante-des-enfants\/idees-de-repas-equilibres-pour-enfant-de-2-ans-recettes-savoureuses-et-adaptees\/#primaryimage"},"thumbnailUrl":"https:\/\/juliedrnd.net\/blog\/wp-content\/uploads\/2025\/12\/pag-image-693a9f692c7fb-scaled.png","datePublished":"2025-12-18T08:44:00+00:00","dateModified":"2026-08-25T01:08:14+00:00","description":"\u00c0 2 ans, selon les rep\u00e8res de l\u2019Organisation Mondiale de la Sant\u00e9 (OMS) et des r\u00e9seaux de p\u00e9diatrie en Europe, un enfant se situe en pleine phase de","inLanguage":"fr-FR","potentialAction":[{"@type":"ReadAction","target":["https:\/\/juliedrnd.net\/blog\/alimentation-et-sante-des-enfants\/idees-de-repas-equilibres-pour-enfant-de-2-ans-recettes-savoureuses-et-adaptees\/"]}]},{"@type":"ImageObject","inLanguage":"fr-FR","@id":"https:\/\/juliedrnd.net\/blog\/alimentation-et-sante-des-enfants\/idees-de-repas-equilibres-pour-enfant-de-2-ans-recettes-savoureuses-et-adaptees\/#primaryimage","url":"https:\/\/juliedrnd.net\/blog\/wp-content\/uploads\/2025\/12\/pag-image-693a9f692c7fb-scaled.png","contentUrl":"https:\/\/juliedrnd.net\/blog\/wp-content\/uploads\/2025\/12\/pag-image-693a9f692c7fb-scaled.png","width":1200,"height":686,"caption":"Image g\u00e9n\u00e9r\u00e9e par IA optimis\u00e9e pour Google Discover"},{"@type":"WebSite","@id":"https:\/\/juliedrnd.net\/blog\/#website","url":"https:\/\/juliedrnd.net\/blog\/","name":"juliedrnd.net","description":"Vivez, cr\u00e9ez, r\u00eavez.","publisher":{"@id":"https:\/\/juliedrnd.net\/blog\/#organization"},"alternateName":"Vivez, cr\u00e9ez, r\u00eavez.","potentialAction":[{"@type":"SearchAction","target":{"@type":"EntryPoint","urlTemplate":"https:\/\/juliedrnd.net\/blog\/?s={search_term_string}"},"query-input":{"@type":"PropertyValueSpecification","valueRequired":true,"valueName":"search_term_string"}}],"inLanguage":"fr-FR"},{"@type":"Organization","@id":"https:\/\/juliedrnd.net\/blog\/#organization","name":"Julie Drnd","url":"https:\/\/juliedrnd.net\/blog\/","logo":{"@type":"ImageObject","inLanguage":"fr-FR","@id":"https:\/\/juliedrnd.net\/blog\/#\/schema\/logo\/image\/","url":"https:\/\/juliedrnd.net\/blog\/wp-content\/uploads\/2024\/12\/15.png","contentUrl":"https:\/\/juliedrnd.net\/blog\/wp-content\/uploads\/2024\/12\/15.png","width":500,"height":500,"caption":"Julie Drnd"},"image":{"@id":"https:\/\/juliedrnd.net\/blog\/#\/schema\/logo\/image\/"}},{"@type":"Person","@id":"https:\/\/juliedrnd.net\/blog\/#\/schema\/person\/3c864cdc320801e3db34b663e7e3f816","name":"Elodie Mazeau","image":{"@type":"ImageObject","inLanguage":"fr-FR","@id":"https:\/\/juliedrnd.net\/blog\/#\/schema\/person\/image\/","url":"https:\/\/juliedrnd.net\/blog\/wp-content\/uploads\/2026\/06\/persona_elodie-m-96x96.jpg","contentUrl":"https:\/\/juliedrnd.net\/blog\/wp-content\/uploads\/2026\/06\/persona_elodie-m-96x96.jpg","caption":"Elodie Mazeau"},"description":"J'\u00e9cris sur la parentalit\u00e9 telle qu'elle se vit vraiment, du premier biberon aux premi\u00e8res col\u00e8res. Mes sujets de pr\u00e9dilection couvrent le quotidien des familles : sommeil, alimentation, organisation, pu\u00e9riculture et ces petites gal\u00e8res que tout parent conna\u00eet. Depuis plusieurs ann\u00e9es, je m'attache \u00e0 proposer des rep\u00e8res concrets plut\u00f4t que des le\u00e7ons, parce que chaque famille trouve son propre \u00e9quilibre. Je v\u00e9rifie mes informations aupr\u00e8s de sources fiables, surtout d\u00e8s qu'on touche \u00e0 la sant\u00e9 ou \u00e0 la s\u00e9curit\u00e9 de l'enfant, et je pr\u00e9cise quand un avis professionnel s'impose. J'\u00e9vite soigneusement la culpabilisation : \u00eatre parent est d\u00e9j\u00e0 assez exigeant. Mon ton se veut complice et bienveillant, un peu comme une discussion entre parents qui se comprennent. L'id\u00e9e est d'all\u00e9ger la charge mentale en donnant des solutions simples et test\u00e9es.","sameAs":["https:\/\/elodiemazeau.fr\/"],"url":"https:\/\/juliedrnd.net\/blog\/auteur\/noname\/"}]}},"_links":{"self":[{"href":"https:\/\/juliedrnd.net\/blog\/wp-json\/wp\/v2\/posts\/7634","targetHints":{"allow":["GET"]}}],"collection":[{"href":"https:\/\/juliedrnd.net\/blog\/wp-json\/wp\/v2\/posts"}],"about":[{"href":"https:\/\/juliedrnd.net\/blog\/wp-json\/wp\/v2\/types\/post"}],"author":[{"embeddable":true,"href":"https:\/\/juliedrnd.net\/blog\/wp-json\/wp\/v2\/users\/34"}],"replies":[{"embeddable":true,"href":"https:\/\/juliedrnd.net\/blog\/wp-json\/wp\/v2\/comments?post=7634"}],"version-history":[{"count":1,"href":"https:\/\/juliedrnd.net\/blog\/wp-json\/wp\/v2\/posts\/7634\/revisions"}],"predecessor-version":[{"id":7689,"href":"https:\/\/juliedrnd.net\/blog\/wp-json\/wp\/v2\/posts\/7634\/revisions\/7689"}],"wp:featuredmedia":[{"embeddable":true,"href":"https:\/\/juliedrnd.net\/blog\/wp-json\/wp\/v2\/media\/7636"}],"wp:attachment":[{"href":"https:\/\/juliedrnd.net\/blog\/wp-json\/wp\/v2\/media?parent=7634"}],"wp:term":[{"taxonomy":"category","embeddable":true,"href":"https:\/\/juliedrnd.net\/blog\/wp-json\/wp\/v2\/categories?post=7634"},{"taxonomy":"post_tag","embeddable":true,"href":"https:\/\/juliedrnd.net\/blog\/wp-json\/wp\/v2\/tags?post=7634"}],"curies":[{"name":"wp","href":"https:\/\/api.w.org\/{rel}","templated":true}]}}