{"id":7613,"date":"2025-04-08T19:56:00","date_gmt":"2025-04-08T17:56:00","guid":{"rendered":"https:\/\/juliedrnd.net\/blog\/?p=7613"},"modified":"2025-04-08T19:56:00","modified_gmt":"2025-04-08T17:56:00","slug":"choisissez-un-saint-de-bretagne-pour-accompagner-le-bapteme-de-votre-enfant","status":"publish","type":"post","link":"https:\/\/juliedrnd.net\/blog\/a-la-une\/choisissez-un-saint-de-bretagne-pour-accompagner-le-bapteme-de-votre-enfant\/","title":{"rendered":"Choisissez un saint de Bretagne pour accompagner le bapt\u00eame de votre enfant"},"content":{"rendered":"<p>Les saints sont repr\u00e9sent\u00e9s sur les m\u00e9dailles car ils incarnent des mod\u00e8les de foi et de vertu. Leurs images permettent aux croyants de garder une connexion tangible avec leur intercession divine, et aux personnes non croyantes de se r\u00e9f\u00e9rer \u00e0 des valeurs ou \u00e0 une protection particuli\u00e8re. Si vous cherchez le personnage id\u00e9al pour illustrer le bijou de bapt\u00eame la\u00efc ou religieux de votre b\u00e9b\u00e9, nous vous proposons ici une s\u00e9lection des saints les plus populaires en Bretagne.<\/p>\n<h2 class=\"western\">Sainte Anne, la grand-m\u00e8re des Bretons<\/h2>\n<p>Sainte Anne, m\u00e8re de la Vierge Marie et grand-m\u00e8re de J\u00e9sus, occupe une place centrale dans la spiritualit\u00e9 bretonne. Son culte s\u2019est d\u00e9velopp\u00e9 au XVIIe si\u00e8cle \u00e0 la suite de ses apparitions \u00e0 Yves Nicolazic, un paysan breton, \u00e0 Ker-Anna (Sainte-Anne-d\u2019Auray). Elle lui aurait demand\u00e9 de reconstruire une chapelle \u00e0 l\u2019endroit o\u00f9 un ancien lieu de culte lui \u00e9tait d\u00e9di\u00e9. Cette d\u00e9couverte miraculeuse a contribu\u00e9 \u00e0 faire de Sainte Anne une figure f\u00e9d\u00e9ratrice et protectrice pour les Bretons.<\/p>\n<p>En Bretagne, elle est surnomm\u00e9e Mamm gozh ar Vretoned (\u00ab la grand-m\u00e8re des Bretons \u00bb), soulignant son r\u00f4le maternel et bienveillant envers les familles. Patronne officielle de la Bretagne depuis 1914, elle est associ\u00e9e \u00e0 des valeurs d\u2019amour, de force et de protection. Les croyants prient Sainte Anne pour qu\u2019elle veille sur leurs enfants et les aide \u00e0 grandir dans la foi et l\u2019ob\u00e9issance \u00e0 Dieu.<\/p>\n<p><img loading=\"lazy\" decoding=\"async\" class=\"alignnone size-medium wp-image-7617\" src=\"https:\/\/juliedrnd.net\/blog\/wp-content\/uploads\/2025\/04\/bacc9006c01aea3f3600a8c8dcc90e6c_html_74a014c0-400x267.jpg\" alt=\"\" width=\"400\" height=\"267\" srcset=\"https:\/\/juliedrnd.net\/blog\/wp-content\/uploads\/2025\/04\/bacc9006c01aea3f3600a8c8dcc90e6c_html_74a014c0-400x267.jpg 400w, https:\/\/juliedrnd.net\/blog\/wp-content\/uploads\/2025\/04\/bacc9006c01aea3f3600a8c8dcc90e6c_html_74a014c0-scaled.jpg 1200w, https:\/\/juliedrnd.net\/blog\/wp-content\/uploads\/2025\/04\/bacc9006c01aea3f3600a8c8dcc90e6c_html_74a014c0-768x512.jpg 768w, https:\/\/juliedrnd.net\/blog\/wp-content\/uploads\/2025\/04\/bacc9006c01aea3f3600a8c8dcc90e6c_html_74a014c0-360x240.jpg 360w\" sizes=\"auto, (max-width: 400px) 100vw, 400px\" \/><\/p>\n<h3 class=\"western\">Pourquoi choisir Sainte Anne pour une m\u00e9daille de bapt\u00eame ?<\/h3>\n<p>En tant que grand-m\u00e8re du Christ, elle incarne la transmission des valeurs familiales et religieuses. Mais les non croyants aussi peuvent s\u2019inspirer de son ancrage breton, de son amour maternel inconditionnel, et de son r\u00f4le d\u2019interm\u00e9diaire entre les g\u00e9n\u00e9rations.<\/p>\n<p>Sainte Anne est souvent repr\u00e9sent\u00e9e sur les m\u00e9dailles avec un livre (symbole de l\u2019\u00e9ducation et de l\u2019attente du Messie) ou entour\u00e9e de J\u00e9sus et Marie dans une composition appel\u00e9e \u00ab\u00a0Sainte Anne ternaire\u00a0\u00bb. Pour un bapt\u00eame breton, elle est un choix id\u00e9al pour veiller sur l\u2019enfant tout au long de sa vie.<\/p>\n<h2 class=\"western\">Saint Alain, l\u2019\u00e9v\u00eaque de Cornouaille<\/h2>\n<p>Saint Alain, ou Alan en breton, est une figure embl\u00e9matique de la Bretagne, bien que son existence historique reste entour\u00e9e de myst\u00e8re. Il aurait \u00e9t\u00e9 le quatri\u00e8me \u00e9v\u00eaque de Quimper au VIe ou VIIe si\u00e8cle, succ\u00e9dant \u00e0 des figures comme Saint Corentin. Originaire des \u00eeles britanniques, son nom signifie \u00ab faon \u00bb en ancien gallois, ce qui \u00e9voque douceur et innocence. Malgr\u00e9 l\u2019absence de preuves formelles dans les cartulaires anciens, il est v\u00e9n\u00e9r\u00e9 en Bretagne comme un saint protecteur.<\/p>\n<p>Son culte est particuli\u00e8rement vivant dans plusieurs lieux bretons.<\/p>\n<ul>\n<li>\u00c0 Quimper, il est repr\u00e9sent\u00e9 dans un vitrail de la cath\u00e9drale Saint-Corentin avec sa crosse d\u2019\u00e9v\u00eaque.<\/li>\n<li>\u00c0 Ergu\u00e9-Gab\u00e9ric, une statue lui est d\u00e9di\u00e9e dans la chapelle Notre-Dame de Kerd\u00e9vot.<\/li>\n<li>\u00c0 Sca\u00ebr, l\u2019\u00e9glise Sainte-Candide porte son nom.<\/li>\n<li>\u00c0 La For\u00eat-Fouesnant, une autre statue se trouve dans l\u2019\u00e9glise Notre-Dame d\u2019Izel-Vor.<\/li>\n<\/ul>\n<p><img loading=\"lazy\" decoding=\"async\" class=\"alignnone size-medium wp-image-7616\" src=\"https:\/\/juliedrnd.net\/blog\/wp-content\/uploads\/2025\/04\/bacc9006c01aea3f3600a8c8dcc90e6c_html_5e641fdb-400x267.jpg\" alt=\"\" width=\"400\" height=\"267\" srcset=\"https:\/\/juliedrnd.net\/blog\/wp-content\/uploads\/2025\/04\/bacc9006c01aea3f3600a8c8dcc90e6c_html_5e641fdb-400x267.jpg 400w, https:\/\/juliedrnd.net\/blog\/wp-content\/uploads\/2025\/04\/bacc9006c01aea3f3600a8c8dcc90e6c_html_5e641fdb-scaled.jpg 1200w, https:\/\/juliedrnd.net\/blog\/wp-content\/uploads\/2025\/04\/bacc9006c01aea3f3600a8c8dcc90e6c_html_5e641fdb-768x512.jpg 768w, https:\/\/juliedrnd.net\/blog\/wp-content\/uploads\/2025\/04\/bacc9006c01aea3f3600a8c8dcc90e6c_html_5e641fdb-360x240.jpg 360w\" sizes=\"auto, (max-width: 400px) 100vw, 400px\" \/><\/p>\n<h3 class=\"western\">Pourquoi choisir Saint Alain pour une m\u00e9daille de bapt\u00eame ?<\/h3>\n<p><span style=\"color: #467886;\"><u><a href=\"https:\/\/www.sanctis.fr\/blog\/guide-saint-alain.html\" rel=\"nofollow\">Saint Alain<\/a><\/u><\/span>\u00a0pr\u00e9sente un lien fort avec la Bretagne : Il incarne l\u2019h\u00e9ritage spirituel breton et honore les racines locales. Sa crosse d\u2019\u00e9v\u00eaque repr\u00e9sente la sagesse, la guidance et la protection pastorale. Choisir Saint Alain permet de se d\u00e9marquer des saints plus universels tout en offrant une touche authentique. C\u2019est un choix parfait pour les familles souhaitant transmettre \u00e0 leur enfant une connexion profonde avec la Bretagne et ses traditions spirituelles.<\/p>\n<h2 class=\"western\">Saint Malo, le navigateur et \u00e9v\u00eaque missionnaire<\/h2>\n<p>Saint Malo, ou Maclow en gallois, est un moine originaire du Pays de Galles qui s\u2019installa en Bretagne au VIe si\u00e8cle. Il devint \u00e9v\u00eaque d\u2019Alet (actuel Saint-Malo) et fonda la ville qui porte son nom. Connu pour ses voyages missionnaires et son r\u00f4le dans l\u2019\u00e9vang\u00e9lisation, il incarne l\u2019ouverture et l\u2019action chr\u00e9tienne.<\/p>\n<p>Son histoire est \u00e9troitement li\u00e9e \u00e0 celle de la cit\u00e9 malouine. Il s\u2019installa sur le rocher qui deviendra Saint-Malo en 541. Le si\u00e8ge \u00e9piscopal fut d\u00e9plac\u00e9 d\u2019Alet \u00e0 Saint-Malo au XIIe si\u00e8cle, marquant un tournant dans l\u2019histoire religieuse locale.<\/p>\n<h3 class=\"western\">Pourquoi choisir Saint Malo pour une m\u00e9daille de bapt\u00eame ?<\/h3>\n<p>Protecteur des marins, c\u2019est un saint id\u00e9al pour les familles li\u00e9es \u00e0 la mer ou \u00e0 l\u2019exploration. Il repr\u00e9sente la foi active et missionnaire. Choisir Saint Malo honore les origines bretonnes tout en c\u00e9l\u00e9brant le dynamisme et l\u2019aventure.<\/p>\n<p>Saint Malo est souvent repr\u00e9sent\u00e9 avec des attributs li\u00e9s \u00e0 son r\u00f4le missionnaire ou maritime, faisant de lui un choix id\u00e9al pour veiller sur un enfant destin\u00e9 \u00e0 explorer le monde tout en restant ancr\u00e9 dans sa foi ou dans son cheminement spirituel.<\/p>\n<p><img loading=\"lazy\" decoding=\"async\" class=\"alignnone size-medium wp-image-7619\" src=\"https:\/\/juliedrnd.net\/blog\/wp-content\/uploads\/2025\/04\/bacc9006c01aea3f3600a8c8dcc90e6c_html_dfee13cc-1-400x267.jpg\" alt=\"\" width=\"400\" height=\"267\" srcset=\"https:\/\/juliedrnd.net\/blog\/wp-content\/uploads\/2025\/04\/bacc9006c01aea3f3600a8c8dcc90e6c_html_dfee13cc-1-400x267.jpg 400w, https:\/\/juliedrnd.net\/blog\/wp-content\/uploads\/2025\/04\/bacc9006c01aea3f3600a8c8dcc90e6c_html_dfee13cc-1-scaled.jpg 1200w, https:\/\/juliedrnd.net\/blog\/wp-content\/uploads\/2025\/04\/bacc9006c01aea3f3600a8c8dcc90e6c_html_dfee13cc-1-768x512.jpg 768w, https:\/\/juliedrnd.net\/blog\/wp-content\/uploads\/2025\/04\/bacc9006c01aea3f3600a8c8dcc90e6c_html_dfee13cc-1-360x240.jpg 360w\" sizes=\"auto, (max-width: 400px) 100vw, 400px\" \/><\/p>\n<h2 class=\"western\">Saint Gohard, le martyr courageux<\/h2>\n<p>Saint Gohard, n\u00e9 \u00e0 Angers au VIIIe si\u00e8cle, fut \u00e9v\u00eaque de Nantes et seigneur de Blain. Il est surtout connu pour son martyre tragique en 843, lors de l\u2019invasion des Vikings. Alors qu\u2019il c\u00e9l\u00e9brait la messe dans la cath\u00e9drale Saint-Pierre-et-Saint-Paul de Nantes, les Normands firent irruption et massacr\u00e8rent tous les fid\u00e8les pr\u00e9sents. Selon la l\u00e9gende, apr\u00e8s avoir \u00e9t\u00e9 d\u00e9capit\u00e9, Saint Gohard aurait ramass\u00e9 sa t\u00eate et march\u00e9 jusqu\u2019\u00e0 la Loire, o\u00f9 un bateau l\u2019aurait emmen\u00e9 \u00e0 Angers, sa ville natale. Ses reliques y furent inhum\u00e9es avant d\u2019\u00eatre ramen\u00e9es \u00e0 Nantes apr\u00e8s sa canonisation en 1096.<\/p>\n<p>Saint Gohard est v\u00e9n\u00e9r\u00e9 pour son courage et sa foi in\u00e9branlable face \u00e0 l\u2019adversit\u00e9. La crypte romane de la cath\u00e9drale de Nantes lui est d\u00e9di\u00e9e, et une chapelle lat\u00e9rale porte \u00e9galement son nom. Il est f\u00eat\u00e9 le 24 juin, jour de son martyre.<\/p>\n<h3 class=\"western\">Pourquoi choisir Saint Gohard pour une m\u00e9daille de bapt\u00eame ?<\/h3>\n<p>Son martyre symbolise une foi in\u00e9branlable face aux \u00e9preuves, que ce soit envers un dieu ou envers la vie elle-m\u00eame. Saint Gohard incarne l\u2019histoire religieuse bretonne et nantaise. La palme du martyre qu\u2019il porte sur certaines repr\u00e9sentations \u00e9voque la victoire spirituelle sur les forces du mal.<\/p>\n<p>Saint Gohard est un choix id\u00e9al pour les familles souhaitant transmettre des valeurs de courage et de pers\u00e9v\u00e9rance \u00e0 leur enfant baptis\u00e9.<\/p>\n<h2 class=\"western\">Saint Similien, le b\u00e2tisseur spirituel<\/h2>\n<p>Saint Similien fut le troisi\u00e8me \u00e9v\u00eaque de Nantes au IVe si\u00e8cle et joua un r\u00f4le cl\u00e9 dans l\u2019\u00e9tablissement du christianisme dans la r\u00e9gion. Il est notamment r\u00e9put\u00e9 pour avoir construit plusieurs lieux de culte et encourag\u00e9 la conversion des populations locales. L\u2019\u00e9glise Saint-Similien \u00e0 Nantes, \u00e9difi\u00e9e sur son tombeau, t\u00e9moigne de son importance historique et spirituelle.<\/p>\n<p>Son culte reste vivant en Bretagne, o\u00f9 il est associ\u00e9 \u00e0 l\u2019enracinement spirituel et au d\u00e9veloppement communautaire.<\/p>\n<h3 class=\"western\">Pourquoi choisir Saint Similien pour une m\u00e9daille de bapt\u00eame ?<\/h3>\n<p>C\u2019est un pionnier du christianisme breton qui repr\u00e9sente l\u2019\u00e9vang\u00e9lisation et la construction spirituelle. Son lien avec Nantes en fait un choix pertinent pour les familles originaires de cette r\u00e9gion, m\u00eame la\u00efques. Saint Similien incarne la stabilit\u00e9, la foi profonde et l\u2019unit\u00e9 communautaire.<\/p>\n","protected":false},"excerpt":{"rendered":"","protected":false},"author":34,"featured_media":7614,"comment_status":"open","ping_status":"open","sticky":false,"template":"","format":"standard","meta":{"_acf_changed":false,"manual_indexmenow":false,"indexmenow_id_project":0,"footnotes":""},"categories":[1],"tags":[],"class_list":["post-7613","post","type-post","status-publish","format-standard","has-post-thumbnail","hentry","category-a-la-une","generate-columns","tablet-grid-50","mobile-grid-100","grid-parent","grid-25"],"acf":[],"yoast_head":"<!-- This site is optimized with the Yoast SEO Premium plugin v21.3 (Yoast SEO v25.6) - https:\/\/yoast.com\/wordpress\/plugins\/seo\/ -->\n<title>Choisissez un saint de Bretagne pour accompagner le bapt\u00eame<\/title>\n<meta name=\"description\" content=\"Les saints sont repr\u00e9sent\u00e9s sur les m\u00e9dailles car ils incarnent des mod\u00e8les de foi et de vertu. Leurs images permettent aux croyants de garder une\" \/>\n<meta name=\"robots\" content=\"index, follow, max-snippet:-1, max-image-preview:large, max-video-preview:-1\" \/>\n<link rel=\"canonical\" href=\"https:\/\/juliedrnd.net\/blog\/a-la-une\/choisissez-un-saint-de-bretagne-pour-accompagner-le-bapteme-de-votre-enfant\/\" \/>\n<meta property=\"og:locale\" content=\"fr_FR\" \/>\n<meta property=\"og:type\" content=\"article\" \/>\n<meta property=\"og:title\" content=\"Choisissez un saint de Bretagne pour accompagner le bapt\u00eame\" \/>\n<meta property=\"og:description\" content=\"Les saints sont repr\u00e9sent\u00e9s sur les m\u00e9dailles car ils incarnent des mod\u00e8les de foi et de vertu. Leurs images permettent aux croyants de garder une\" \/>\n<meta property=\"og:url\" content=\"https:\/\/juliedrnd.net\/blog\/a-la-une\/choisissez-un-saint-de-bretagne-pour-accompagner-le-bapteme-de-votre-enfant\/\" \/>\n<meta property=\"og:site_name\" content=\"juliedrnd\" \/>\n<meta property=\"og:image\" content=\"https:\/\/juliedrnd.net\/blog\/wp-content\/uploads\/2025\/04\/bacc9006c01aea3f3600a8c8dcc90e6c_html_b84848f1-scaled.jpg\" \/>\n\t<meta property=\"og:image:width\" content=\"1200\" \/>\n\t<meta property=\"og:image:height\" content=\"900\" \/>\n\t<meta property=\"og:image:type\" content=\"image\/jpeg\" \/>\n<meta name=\"author\" content=\"Elodie Mazeau\" \/>\n<meta name=\"twitter:card\" content=\"summary_large_image\" \/>\n<script type=\"application\/ld+json\" class=\"yoast-schema-graph\">{\"@context\":\"https:\/\/schema.org\",\"@graph\":[{\"@type\":\"NewsArticle\",\"@id\":\"https:\/\/juliedrnd.net\/blog\/a-la-une\/choisissez-un-saint-de-bretagne-pour-accompagner-le-bapteme-de-votre-enfant\/#article\",\"isPartOf\":{\"@id\":\"https:\/\/juliedrnd.net\/blog\/a-la-une\/choisissez-un-saint-de-bretagne-pour-accompagner-le-bapteme-de-votre-enfant\/\"},\"author\":{\"name\":\"Elodie Mazeau\",\"@id\":\"https:\/\/juliedrnd.net\/blog\/#\/schema\/person\/3c864cdc320801e3db34b663e7e3f816\"},\"headline\":\"Choisissez un saint de Bretagne pour accompagner le bapt\u00eame de votre enfant\",\"datePublished\":\"2025-04-08T17:56:00+00:00\",\"mainEntityOfPage\":{\"@id\":\"https:\/\/juliedrnd.net\/blog\/a-la-une\/choisissez-un-saint-de-bretagne-pour-accompagner-le-bapteme-de-votre-enfant\/\"},\"wordCount\":1241,\"commentCount\":0,\"publisher\":{\"@id\":\"https:\/\/juliedrnd.net\/blog\/#organization\"},\"image\":{\"@id\":\"https:\/\/juliedrnd.net\/blog\/a-la-une\/choisissez-un-saint-de-bretagne-pour-accompagner-le-bapteme-de-votre-enfant\/#primaryimage\"},\"thumbnailUrl\":\"https:\/\/juliedrnd.net\/blog\/wp-content\/uploads\/2025\/04\/bacc9006c01aea3f3600a8c8dcc90e6c_html_b84848f1-scaled.jpg\",\"articleSection\":[\"\u00c0 la une\"],\"inLanguage\":\"fr-FR\",\"potentialAction\":[{\"@type\":\"CommentAction\",\"name\":\"Comment\",\"target\":[\"https:\/\/juliedrnd.net\/blog\/a-la-une\/choisissez-un-saint-de-bretagne-pour-accompagner-le-bapteme-de-votre-enfant\/#respond\"]}]},{\"@type\":\"WebPage\",\"@id\":\"https:\/\/juliedrnd.net\/blog\/a-la-une\/choisissez-un-saint-de-bretagne-pour-accompagner-le-bapteme-de-votre-enfant\/\",\"url\":\"https:\/\/juliedrnd.net\/blog\/a-la-une\/choisissez-un-saint-de-bretagne-pour-accompagner-le-bapteme-de-votre-enfant\/\",\"name\":\"Choisissez un saint de Bretagne pour accompagner le bapt\u00eame\",\"isPartOf\":{\"@id\":\"https:\/\/juliedrnd.net\/blog\/#website\"},\"primaryImageOfPage\":{\"@id\":\"https:\/\/juliedrnd.net\/blog\/a-la-une\/choisissez-un-saint-de-bretagne-pour-accompagner-le-bapteme-de-votre-enfant\/#primaryimage\"},\"image\":{\"@id\":\"https:\/\/juliedrnd.net\/blog\/a-la-une\/choisissez-un-saint-de-bretagne-pour-accompagner-le-bapteme-de-votre-enfant\/#primaryimage\"},\"thumbnailUrl\":\"https:\/\/juliedrnd.net\/blog\/wp-content\/uploads\/2025\/04\/bacc9006c01aea3f3600a8c8dcc90e6c_html_b84848f1-scaled.jpg\",\"datePublished\":\"2025-04-08T17:56:00+00:00\",\"description\":\"Les saints sont repr\u00e9sent\u00e9s sur les m\u00e9dailles car ils incarnent des mod\u00e8les de foi et de vertu. Leurs images permettent aux croyants de garder une\",\"inLanguage\":\"fr-FR\",\"potentialAction\":[{\"@type\":\"ReadAction\",\"target\":[\"https:\/\/juliedrnd.net\/blog\/a-la-une\/choisissez-un-saint-de-bretagne-pour-accompagner-le-bapteme-de-votre-enfant\/\"]}]},{\"@type\":\"ImageObject\",\"inLanguage\":\"fr-FR\",\"@id\":\"https:\/\/juliedrnd.net\/blog\/a-la-une\/choisissez-un-saint-de-bretagne-pour-accompagner-le-bapteme-de-votre-enfant\/#primaryimage\",\"url\":\"https:\/\/juliedrnd.net\/blog\/wp-content\/uploads\/2025\/04\/bacc9006c01aea3f3600a8c8dcc90e6c_html_b84848f1-scaled.jpg\",\"contentUrl\":\"https:\/\/juliedrnd.net\/blog\/wp-content\/uploads\/2025\/04\/bacc9006c01aea3f3600a8c8dcc90e6c_html_b84848f1-scaled.jpg\",\"width\":1200,\"height\":900},{\"@type\":\"WebSite\",\"@id\":\"https:\/\/juliedrnd.net\/blog\/#website\",\"url\":\"https:\/\/juliedrnd.net\/blog\/\",\"name\":\"juliedrnd.net\",\"description\":\"Vivez, cr\u00e9ez, r\u00eavez.\",\"publisher\":{\"@id\":\"https:\/\/juliedrnd.net\/blog\/#organization\"},\"alternateName\":\"Vivez, cr\u00e9ez, r\u00eavez.\",\"potentialAction\":[{\"@type\":\"SearchAction\",\"target\":{\"@type\":\"EntryPoint\",\"urlTemplate\":\"https:\/\/juliedrnd.net\/blog\/?s={search_term_string}\"},\"query-input\":{\"@type\":\"PropertyValueSpecification\",\"valueRequired\":true,\"valueName\":\"search_term_string\"}}],\"inLanguage\":\"fr-FR\"},{\"@type\":\"Organization\",\"@id\":\"https:\/\/juliedrnd.net\/blog\/#organization\",\"name\":\"Julie Drnd\",\"url\":\"https:\/\/juliedrnd.net\/blog\/\",\"logo\":{\"@type\":\"ImageObject\",\"inLanguage\":\"fr-FR\",\"@id\":\"https:\/\/juliedrnd.net\/blog\/#\/schema\/logo\/image\/\",\"url\":\"https:\/\/juliedrnd.net\/blog\/wp-content\/uploads\/2024\/12\/15.png\",\"contentUrl\":\"https:\/\/juliedrnd.net\/blog\/wp-content\/uploads\/2024\/12\/15.png\",\"width\":500,\"height\":500,\"caption\":\"Julie Drnd\"},\"image\":{\"@id\":\"https:\/\/juliedrnd.net\/blog\/#\/schema\/logo\/image\/\"}},{\"@type\":\"Person\",\"@id\":\"https:\/\/juliedrnd.net\/blog\/#\/schema\/person\/3c864cdc320801e3db34b663e7e3f816\",\"name\":\"Elodie Mazeau\",\"image\":{\"@type\":\"ImageObject\",\"inLanguage\":\"fr-FR\",\"@id\":\"https:\/\/juliedrnd.net\/blog\/#\/schema\/person\/image\/\",\"url\":\"https:\/\/juliedrnd.net\/blog\/wp-content\/uploads\/2026\/06\/persona_elodie-m-96x96.jpg\",\"contentUrl\":\"https:\/\/juliedrnd.net\/blog\/wp-content\/uploads\/2026\/06\/persona_elodie-m-96x96.jpg\",\"caption\":\"Elodie Mazeau\"},\"description\":\"J'\u00e9cris sur la parentalit\u00e9 telle qu'elle se vit vraiment, du premier biberon aux premi\u00e8res col\u00e8res. Mes sujets de pr\u00e9dilection couvrent le quotidien des familles : sommeil, alimentation, organisation, pu\u00e9riculture et ces petites gal\u00e8res que tout parent conna\u00eet. Depuis plusieurs ann\u00e9es, je m'attache \u00e0 proposer des rep\u00e8res concrets plut\u00f4t que des le\u00e7ons, parce que chaque famille trouve son propre \u00e9quilibre. Je v\u00e9rifie mes informations aupr\u00e8s de sources fiables, surtout d\u00e8s qu'on touche \u00e0 la sant\u00e9 ou \u00e0 la s\u00e9curit\u00e9 de l'enfant, et je pr\u00e9cise quand un avis professionnel s'impose. J'\u00e9vite soigneusement la culpabilisation : \u00eatre parent est d\u00e9j\u00e0 assez exigeant. Mon ton se veut complice et bienveillant, un peu comme une discussion entre parents qui se comprennent. L'id\u00e9e est d'all\u00e9ger la charge mentale en donnant des solutions simples et test\u00e9es.\",\"sameAs\":[\"https:\/\/elodiemazeau.fr\/\"],\"url\":\"https:\/\/juliedrnd.net\/blog\/auteur\/noname\/\"}]}<\/script>\n<!-- \/ Yoast SEO Premium plugin. -->","yoast_head_json":{"title":"Choisissez un saint de Bretagne pour accompagner le bapt\u00eame","description":"Les saints sont repr\u00e9sent\u00e9s sur les m\u00e9dailles car ils incarnent des mod\u00e8les de foi et de vertu. Leurs images permettent aux croyants de garder une","robots":{"index":"index","follow":"follow","max-snippet":"max-snippet:-1","max-image-preview":"max-image-preview:large","max-video-preview":"max-video-preview:-1"},"canonical":"https:\/\/juliedrnd.net\/blog\/a-la-une\/choisissez-un-saint-de-bretagne-pour-accompagner-le-bapteme-de-votre-enfant\/","og_locale":"fr_FR","og_type":"article","og_title":"Choisissez un saint de Bretagne pour accompagner le bapt\u00eame","og_description":"Les saints sont repr\u00e9sent\u00e9s sur les m\u00e9dailles car ils incarnent des mod\u00e8les de foi et de vertu. Leurs images permettent aux croyants de garder une","og_url":"https:\/\/juliedrnd.net\/blog\/a-la-une\/choisissez-un-saint-de-bretagne-pour-accompagner-le-bapteme-de-votre-enfant\/","og_site_name":"juliedrnd","og_image":[{"width":1200,"height":900,"url":"https:\/\/juliedrnd.net\/blog\/wp-content\/uploads\/2025\/04\/bacc9006c01aea3f3600a8c8dcc90e6c_html_b84848f1-scaled.jpg","type":"image\/jpeg"}],"author":"Elodie Mazeau","twitter_card":"summary_large_image","schema":{"@context":"https:\/\/schema.org","@graph":[{"@type":"NewsArticle","@id":"https:\/\/juliedrnd.net\/blog\/a-la-une\/choisissez-un-saint-de-bretagne-pour-accompagner-le-bapteme-de-votre-enfant\/#article","isPartOf":{"@id":"https:\/\/juliedrnd.net\/blog\/a-la-une\/choisissez-un-saint-de-bretagne-pour-accompagner-le-bapteme-de-votre-enfant\/"},"author":{"name":"Elodie Mazeau","@id":"https:\/\/juliedrnd.net\/blog\/#\/schema\/person\/3c864cdc320801e3db34b663e7e3f816"},"headline":"Choisissez un saint de Bretagne pour accompagner le bapt\u00eame de votre enfant","datePublished":"2025-04-08T17:56:00+00:00","mainEntityOfPage":{"@id":"https:\/\/juliedrnd.net\/blog\/a-la-une\/choisissez-un-saint-de-bretagne-pour-accompagner-le-bapteme-de-votre-enfant\/"},"wordCount":1241,"commentCount":0,"publisher":{"@id":"https:\/\/juliedrnd.net\/blog\/#organization"},"image":{"@id":"https:\/\/juliedrnd.net\/blog\/a-la-une\/choisissez-un-saint-de-bretagne-pour-accompagner-le-bapteme-de-votre-enfant\/#primaryimage"},"thumbnailUrl":"https:\/\/juliedrnd.net\/blog\/wp-content\/uploads\/2025\/04\/bacc9006c01aea3f3600a8c8dcc90e6c_html_b84848f1-scaled.jpg","articleSection":["\u00c0 la une"],"inLanguage":"fr-FR","potentialAction":[{"@type":"CommentAction","name":"Comment","target":["https:\/\/juliedrnd.net\/blog\/a-la-une\/choisissez-un-saint-de-bretagne-pour-accompagner-le-bapteme-de-votre-enfant\/#respond"]}]},{"@type":"WebPage","@id":"https:\/\/juliedrnd.net\/blog\/a-la-une\/choisissez-un-saint-de-bretagne-pour-accompagner-le-bapteme-de-votre-enfant\/","url":"https:\/\/juliedrnd.net\/blog\/a-la-une\/choisissez-un-saint-de-bretagne-pour-accompagner-le-bapteme-de-votre-enfant\/","name":"Choisissez un saint de Bretagne pour accompagner le bapt\u00eame","isPartOf":{"@id":"https:\/\/juliedrnd.net\/blog\/#website"},"primaryImageOfPage":{"@id":"https:\/\/juliedrnd.net\/blog\/a-la-une\/choisissez-un-saint-de-bretagne-pour-accompagner-le-bapteme-de-votre-enfant\/#primaryimage"},"image":{"@id":"https:\/\/juliedrnd.net\/blog\/a-la-une\/choisissez-un-saint-de-bretagne-pour-accompagner-le-bapteme-de-votre-enfant\/#primaryimage"},"thumbnailUrl":"https:\/\/juliedrnd.net\/blog\/wp-content\/uploads\/2025\/04\/bacc9006c01aea3f3600a8c8dcc90e6c_html_b84848f1-scaled.jpg","datePublished":"2025-04-08T17:56:00+00:00","description":"Les saints sont repr\u00e9sent\u00e9s sur les m\u00e9dailles car ils incarnent des mod\u00e8les de foi et de vertu. Leurs images permettent aux croyants de garder une","inLanguage":"fr-FR","potentialAction":[{"@type":"ReadAction","target":["https:\/\/juliedrnd.net\/blog\/a-la-une\/choisissez-un-saint-de-bretagne-pour-accompagner-le-bapteme-de-votre-enfant\/"]}]},{"@type":"ImageObject","inLanguage":"fr-FR","@id":"https:\/\/juliedrnd.net\/blog\/a-la-une\/choisissez-un-saint-de-bretagne-pour-accompagner-le-bapteme-de-votre-enfant\/#primaryimage","url":"https:\/\/juliedrnd.net\/blog\/wp-content\/uploads\/2025\/04\/bacc9006c01aea3f3600a8c8dcc90e6c_html_b84848f1-scaled.jpg","contentUrl":"https:\/\/juliedrnd.net\/blog\/wp-content\/uploads\/2025\/04\/bacc9006c01aea3f3600a8c8dcc90e6c_html_b84848f1-scaled.jpg","width":1200,"height":900},{"@type":"WebSite","@id":"https:\/\/juliedrnd.net\/blog\/#website","url":"https:\/\/juliedrnd.net\/blog\/","name":"juliedrnd.net","description":"Vivez, cr\u00e9ez, r\u00eavez.","publisher":{"@id":"https:\/\/juliedrnd.net\/blog\/#organization"},"alternateName":"Vivez, cr\u00e9ez, r\u00eavez.","potentialAction":[{"@type":"SearchAction","target":{"@type":"EntryPoint","urlTemplate":"https:\/\/juliedrnd.net\/blog\/?s={search_term_string}"},"query-input":{"@type":"PropertyValueSpecification","valueRequired":true,"valueName":"search_term_string"}}],"inLanguage":"fr-FR"},{"@type":"Organization","@id":"https:\/\/juliedrnd.net\/blog\/#organization","name":"Julie Drnd","url":"https:\/\/juliedrnd.net\/blog\/","logo":{"@type":"ImageObject","inLanguage":"fr-FR","@id":"https:\/\/juliedrnd.net\/blog\/#\/schema\/logo\/image\/","url":"https:\/\/juliedrnd.net\/blog\/wp-content\/uploads\/2024\/12\/15.png","contentUrl":"https:\/\/juliedrnd.net\/blog\/wp-content\/uploads\/2024\/12\/15.png","width":500,"height":500,"caption":"Julie Drnd"},"image":{"@id":"https:\/\/juliedrnd.net\/blog\/#\/schema\/logo\/image\/"}},{"@type":"Person","@id":"https:\/\/juliedrnd.net\/blog\/#\/schema\/person\/3c864cdc320801e3db34b663e7e3f816","name":"Elodie Mazeau","image":{"@type":"ImageObject","inLanguage":"fr-FR","@id":"https:\/\/juliedrnd.net\/blog\/#\/schema\/person\/image\/","url":"https:\/\/juliedrnd.net\/blog\/wp-content\/uploads\/2026\/06\/persona_elodie-m-96x96.jpg","contentUrl":"https:\/\/juliedrnd.net\/blog\/wp-content\/uploads\/2026\/06\/persona_elodie-m-96x96.jpg","caption":"Elodie Mazeau"},"description":"J'\u00e9cris sur la parentalit\u00e9 telle qu'elle se vit vraiment, du premier biberon aux premi\u00e8res col\u00e8res. Mes sujets de pr\u00e9dilection couvrent le quotidien des familles : sommeil, alimentation, organisation, pu\u00e9riculture et ces petites gal\u00e8res que tout parent conna\u00eet. Depuis plusieurs ann\u00e9es, je m'attache \u00e0 proposer des rep\u00e8res concrets plut\u00f4t que des le\u00e7ons, parce que chaque famille trouve son propre \u00e9quilibre. Je v\u00e9rifie mes informations aupr\u00e8s de sources fiables, surtout d\u00e8s qu'on touche \u00e0 la sant\u00e9 ou \u00e0 la s\u00e9curit\u00e9 de l'enfant, et je pr\u00e9cise quand un avis professionnel s'impose. J'\u00e9vite soigneusement la culpabilisation : \u00eatre parent est d\u00e9j\u00e0 assez exigeant. Mon ton se veut complice et bienveillant, un peu comme une discussion entre parents qui se comprennent. L'id\u00e9e est d'all\u00e9ger la charge mentale en donnant des solutions simples et test\u00e9es.","sameAs":["https:\/\/elodiemazeau.fr\/"],"url":"https:\/\/juliedrnd.net\/blog\/auteur\/noname\/"}]}},"_links":{"self":[{"href":"https:\/\/juliedrnd.net\/blog\/wp-json\/wp\/v2\/posts\/7613","targetHints":{"allow":["GET"]}}],"collection":[{"href":"https:\/\/juliedrnd.net\/blog\/wp-json\/wp\/v2\/posts"}],"about":[{"href":"https:\/\/juliedrnd.net\/blog\/wp-json\/wp\/v2\/types\/post"}],"author":[{"embeddable":true,"href":"https:\/\/juliedrnd.net\/blog\/wp-json\/wp\/v2\/users\/34"}],"replies":[{"embeddable":true,"href":"https:\/\/juliedrnd.net\/blog\/wp-json\/wp\/v2\/comments?post=7613"}],"version-history":[{"count":1,"href":"https:\/\/juliedrnd.net\/blog\/wp-json\/wp\/v2\/posts\/7613\/revisions"}],"predecessor-version":[{"id":7620,"href":"https:\/\/juliedrnd.net\/blog\/wp-json\/wp\/v2\/posts\/7613\/revisions\/7620"}],"wp:featuredmedia":[{"embeddable":true,"href":"https:\/\/juliedrnd.net\/blog\/wp-json\/wp\/v2\/media\/7614"}],"wp:attachment":[{"href":"https:\/\/juliedrnd.net\/blog\/wp-json\/wp\/v2\/media?parent=7613"}],"wp:term":[{"taxonomy":"category","embeddable":true,"href":"https:\/\/juliedrnd.net\/blog\/wp-json\/wp\/v2\/categories?post=7613"},{"taxonomy":"post_tag","embeddable":true,"href":"https:\/\/juliedrnd.net\/blog\/wp-json\/wp\/v2\/tags?post=7613"}],"curies":[{"name":"wp","href":"https:\/\/api.w.org\/{rel}","templated":true}]}}