{"id":7509,"date":"2025-02-10T12:09:00","date_gmt":"2025-02-10T11:09:00","guid":{"rendered":"https:\/\/juliedrnd.net\/blog\/?p=7509"},"modified":"2026-08-25T02:59:20","modified_gmt":"2026-08-25T00:59:20","slug":"accompagnement-a-la-parentalite-en-creche-un-soutien-essentiel-pour-les-familles","status":"publish","type":"post","link":"https:\/\/juliedrnd.net\/blog\/a-la-une\/accompagnement-a-la-parentalite-en-creche-un-soutien-essentiel-pour-les-familles\/","title":{"rendered":"Accompagnement \u00e0 la parentalit\u00e9 en cr\u00e8che : Un soutien essentiel pour les familles"},"content":{"rendered":"<h2>Un besoin croissant d&rsquo;accompagnement<\/h2>\n<p>La naissance d&rsquo;un enfant entra\u00eene des changements consid\u00e9rables, tant sur le plan \u00e9motionnel que pratique. Dans ce contexte, l&rsquo;accompagnement \u00e0 la parentalit\u00e9 en cr\u00e8che se r\u00e9v\u00e8le crucial. Comment ces structures peuvent-elles soutenir les familles dans cette nouvelle aventure ?<\/p>\n<h2>Les b\u00e9n\u00e9fices de l&rsquo;accompagnement en cr\u00e8che<\/h2>\n<p>Les cr\u00e8ches ne se limitent pas \u00e0 la garde des enfants. Elles offrent \u00e9galement un environnement propice \u00e0 l&rsquo;\u00e9panouissement des parents. Voici quelques avantages cl\u00e9s :<\/p>\n<ul>\n<li><strong>Soutien \u00e9motionnel :<\/strong> Les professionnels de la cr\u00e8che sont form\u00e9s pour \u00e9couter et soutenir les parents dans leurs pr\u00e9occupations.<\/li>\n<li><strong>\u00c9ducation parentale :<\/strong> Des ateliers et des rencontres permettent aux parents d&rsquo;\u00e9changer des exp\u00e9riences et d&rsquo;apprendre des techniques d&rsquo;\u00e9ducation positives.<\/li>\n<li><strong>Socialisation des enfants :<\/strong> Les interactions avec d&rsquo;autres enfants favorisent le d\u00e9veloppement social et \u00e9motionnel des tout-petits.<\/li>\n<\/ul>\n<p>Ces \u00e9l\u00e9ments contribuent \u00e0 renforcer les liens familiaux et \u00e0 am\u00e9liorer le bien-\u00eatre g\u00e9n\u00e9ral des parents et des enfants.<\/p>\n<h2>Des exemples concrets d&rsquo;accompagnement<\/h2>\n<p>De nombreuses cr\u00e8ches mettent en place des initiatives vari\u00e9es pour accompagner les parents :<img width=\"1024\" height=\"576\" src=\"https:\/\/juliedrnd.net\/blog\/wp-content\/uploads\/2025\/02\/stability-accompagnement-a-la-parentalite-en-creche-un-soutien-essentiel-pour-les-familles-1.png\" class=\"aligncenter\" alt=\"Illustration d\u00e9taill\u00e9e sur Accompagnement \u00e0 la parentalit\u00e9 en cr\u00e8che : Un soutien essentiel pour les familles\" title=\"Accompagnement \u00e0 la parentalit\u00e9 en cr\u00e8che : Un soutien essentiel pour les familles\" decoding=\"async\" loading=\"lazy\" \/><\/p>\n<blockquote class=\"wp-embedded-content\" data-secret=\"WCLL1b3uSH\"><p><a href=\"https:\/\/juliedrnd.net\/blog\/a-la-une\/enfance-et-parentalite-comprendre-les-enjeux-et-les-defis-actuels\/\">Enfance et parentalit\u00e9 : comprendre les enjeux et les d\u00e9fis actuels<\/a><\/p><\/blockquote>\n<p><iframe loading=\"lazy\" class=\"wp-embedded-content\" sandbox=\"allow-scripts\" security=\"restricted\" style=\"position: absolute; visibility: hidden;\" title=\"\u00ab\u00a0Enfance et parentalit\u00e9 : comprendre les enjeux et les d\u00e9fis actuels\u00a0\u00bb &#8212; juliedrnd\" src=\"https:\/\/juliedrnd.net\/blog\/a-la-une\/enfance-et-parentalite-comprendre-les-enjeux-et-les-defis-actuels\/embed\/#?secret=9JYT3xBBig#?secret=WCLL1b3uSH\" data-secret=\"WCLL1b3uSH\" width=\"600\" height=\"338\" frameborder=\"0\" marginwidth=\"0\" marginheight=\"0\" scrolling=\"no\"><\/iframe><\/p>\n<ul>\n<li><strong>Ateliers de parentalit\u00e9 :<\/strong> Ces sessions peuvent porter sur des th\u00e8mes tels que la gestion des \u00e9motions ou l&rsquo;alimentation saine.<\/li>\n<li><strong>Soutien psychologique :<\/strong> Des psychologues peuvent \u00eatre disponibles pour aider les parents \u00e0 g\u00e9rer le stress li\u00e9 \u00e0 la parentalit\u00e9.<\/li>\n<li><strong>Groupes de parole :<\/strong> Ces rencontres permettent aux parents de partager leurs exp\u00e9riences et de se sentir moins isol\u00e9s.<\/li>\n<\/ul>\n<p>Ces initiatives renforcent le sentiment de communaut\u00e9 et aident \u00e0 r\u00e9duire l&rsquo;anxi\u00e9t\u00e9 li\u00e9e \u00e0 la parentalit\u00e9.<\/p>\n<h2>Les cons\u00e9quences d&rsquo;un bon accompagnement<\/h2>\n<p>L&rsquo;accompagnement \u00e0 la parentalit\u00e9 en cr\u00e8che a des r\u00e9percussions significatives sur le d\u00e9veloppement des enfants et le bien-\u00eatre des parents :<\/p>\n<table>\n<tr>\n<th>Aspect<\/th>\n<th>Impact positif<\/th>\n<th>Exemples<\/th>\n<\/tr>\n<tr>\n<td>D\u00e9veloppement \u00e9motionnel<\/td>\n<td>Augmentation de la confiance en soi<\/td>\n<td>Enfants plus assertifs et moins anxieux<\/td>\n<\/tr>\n<tr>\n<td>Relations familiales<\/td>\n<td>Am\u00e9lioration de la communication<\/td>\n<td>Interactions plus positives entre parents et enfants<\/td>\n<\/tr>\n<tr>\n<td>Soutien social<\/td>\n<td>Cr\u00e9ation de r\u00e9seaux de soutien<\/td>\n<td>Amis et proches partageant des exp\u00e9riences similaires<\/td>\n<\/tr>\n<\/table>\n<p>Ces impacts soulignent l&rsquo;importance d&rsquo;un accompagnement structur\u00e9 pour le bien-\u00eatre des familles.<\/p>\n<p><iframe loading=\"lazy\" title=\"Les 5 cl\u00e9s de l&#039;accompagnement \u00e0 la parentalit\u00e9 en cr\u00e8che, Alexia Moumen\" width=\"1200\" height=\"675\" src=\"https:\/\/www.youtube.com\/embed\/RWwvO9HvujY?feature=oembed\" frameborder=\"0\" allow=\"accelerometer; autoplay; clipboard-write; encrypted-media; gyroscope; picture-in-picture; web-share\" referrerpolicy=\"strict-origin-when-cross-origin\" allowfullscreen><\/iframe><\/p>\n<h2>Conclusion : Un enjeu incontournable pour les familles<\/h2>\n<p>Les cr\u00e8ches jouent un r\u00f4le essentiel dans l&rsquo;accompagnement \u00e0 la parentalit\u00e9. En offrant des ressources et un soutien adapt\u00e9s, elles contribuent au d\u00e9veloppement harmonieux des enfants et \u00e0 l&rsquo;\u00e9panouissement des parents. Investir dans ces structures, c&rsquo;est investir dans l&rsquo;avenir des familles.<\/p>\n<h3>FAQ :<\/h3>\n<blockquote>\n<ul>\n<li><strong>Quels sont les services offerts par les cr\u00e8ches ?<\/strong>Les cr\u00e8ches proposent des ateliers de parentalit\u00e9, un soutien psychologique et des groupes de parole.<\/li>\n<li><strong>Comment les parents peuvent-ils b\u00e9n\u00e9ficier de ces accompagnements ?<\/strong>Les parents peuvent participer \u00e0 des ateliers pour apprendre des techniques d&rsquo;\u00e9ducation et \u00e9changer avec d&rsquo;autres parents.<\/li>\n<li><strong>Les cr\u00e8ches sont-elles accessibles \u00e0 tous ?<\/strong>La plupart des cr\u00e8ches sont accessibles, mais il est important de v\u00e9rifier les crit\u00e8res d&rsquo;admission.<\/li>\n<li><strong>Quel est le r\u00f4le des \u00e9ducateurs en cr\u00e8che ?<\/strong>Les \u00e9ducateurs soutiennent les enfants et les parents, en veillant \u00e0 leur bien-\u00eatre et \u00e0 leur d\u00e9veloppement.<\/li>\n<\/ul>\n<\/blockquote>\n","protected":false},"excerpt":{"rendered":"","protected":false},"author":34,"featured_media":7511,"comment_status":"open","ping_status":"open","sticky":false,"template":"","format":"standard","meta":{"_acf_changed":false,"manual_indexmenow":false,"indexmenow_id_project":0,"footnotes":""},"categories":[1],"tags":[4635,2574,4687,3664,4526,4675],"class_list":["post-7509","post","type-post","status-publish","format-standard","has-post-thumbnail","hentry","category-a-la-une","tag-accompagnement","tag-bien-etre","tag-creche","tag-education","tag-parentalite","tag-soutien","generate-columns","tablet-grid-50","mobile-grid-100","grid-parent","grid-25"],"acf":[],"yoast_head":"<!-- This site is optimized with the Yoast SEO Premium plugin v21.3 (Yoast SEO v25.6) - https:\/\/yoast.com\/wordpress\/plugins\/seo\/ -->\n<title>Accompagnement \u00e0 la parentalit\u00e9 en cr\u00e8che<\/title>\n<meta name=\"description\" content=\"La naissance d&#039;un enfant entra\u00eene des changements consid\u00e9rables, tant sur le plan \u00e9motionnel que pratique. Dans ce contexte, l&#039;accompagnement \u00e0 la\" \/>\n<meta name=\"robots\" content=\"index, follow, max-snippet:-1, max-image-preview:large, max-video-preview:-1\" \/>\n<link rel=\"canonical\" href=\"https:\/\/juliedrnd.net\/blog\/a-la-une\/accompagnement-a-la-parentalite-en-creche-un-soutien-essentiel-pour-les-familles\/\" \/>\n<meta property=\"og:locale\" content=\"fr_FR\" \/>\n<meta property=\"og:type\" content=\"article\" \/>\n<meta property=\"og:title\" content=\"Accompagnement \u00e0 la parentalit\u00e9 en cr\u00e8che\" \/>\n<meta property=\"og:description\" content=\"La naissance d&#039;un enfant entra\u00eene des changements consid\u00e9rables, tant sur le plan \u00e9motionnel que pratique. Dans ce contexte, l&#039;accompagnement \u00e0 la\" \/>\n<meta property=\"og:url\" content=\"https:\/\/juliedrnd.net\/blog\/a-la-une\/accompagnement-a-la-parentalite-en-creche-un-soutien-essentiel-pour-les-familles\/\" \/>\n<meta property=\"og:site_name\" content=\"juliedrnd\" \/>\n<meta property=\"og:image\" content=\"https:\/\/juliedrnd.net\/blog\/wp-content\/uploads\/2025\/02\/stability-accompagnement-a-la-parentalite-en-creche-un-soutien-essentiel-pour-les-familles.png\" \/>\n\t<meta property=\"og:image:width\" content=\"1024\" \/>\n\t<meta property=\"og:image:height\" content=\"576\" \/>\n\t<meta property=\"og:image:type\" content=\"image\/png\" \/>\n<meta name=\"author\" content=\"Elodie Mazeau\" \/>\n<meta name=\"twitter:card\" content=\"summary_large_image\" \/>\n<script type=\"application\/ld+json\" class=\"yoast-schema-graph\">{\"@context\":\"https:\/\/schema.org\",\"@graph\":[{\"@type\":\"NewsArticle\",\"@id\":\"https:\/\/juliedrnd.net\/blog\/a-la-une\/accompagnement-a-la-parentalite-en-creche-un-soutien-essentiel-pour-les-familles\/#article\",\"isPartOf\":{\"@id\":\"https:\/\/juliedrnd.net\/blog\/a-la-une\/accompagnement-a-la-parentalite-en-creche-un-soutien-essentiel-pour-les-familles\/\"},\"author\":{\"name\":\"Elodie Mazeau\",\"@id\":\"https:\/\/juliedrnd.net\/blog\/#\/schema\/person\/3c864cdc320801e3db34b663e7e3f816\"},\"headline\":\"Accompagnement \u00e0 la parentalit\u00e9 en cr\u00e8che : Un soutien essentiel pour les familles\",\"datePublished\":\"2025-02-10T11:09:00+00:00\",\"dateModified\":\"2026-08-25T00:59:20+00:00\",\"mainEntityOfPage\":{\"@id\":\"https:\/\/juliedrnd.net\/blog\/a-la-une\/accompagnement-a-la-parentalite-en-creche-un-soutien-essentiel-pour-les-familles\/\"},\"wordCount\":545,\"commentCount\":30,\"publisher\":{\"@id\":\"https:\/\/juliedrnd.net\/blog\/#organization\"},\"image\":{\"@id\":\"https:\/\/juliedrnd.net\/blog\/a-la-une\/accompagnement-a-la-parentalite-en-creche-un-soutien-essentiel-pour-les-familles\/#primaryimage\"},\"thumbnailUrl\":\"https:\/\/juliedrnd.net\/blog\/wp-content\/uploads\/2025\/02\/stability-accompagnement-a-la-parentalite-en-creche-un-soutien-essentiel-pour-les-familles.png\",\"keywords\":[\"Accompagnement\",\"Bien-\u00catre\",\"Cr\u00e8che\",\"\u00c9ducation\",\"Parentalit\u00e9\",\"Soutien\"],\"articleSection\":[\"\u00c0 la une\"],\"inLanguage\":\"fr-FR\",\"potentialAction\":[{\"@type\":\"CommentAction\",\"name\":\"Comment\",\"target\":[\"https:\/\/juliedrnd.net\/blog\/a-la-une\/accompagnement-a-la-parentalite-en-creche-un-soutien-essentiel-pour-les-familles\/#respond\"]}]},{\"@type\":\"WebPage\",\"@id\":\"https:\/\/juliedrnd.net\/blog\/a-la-une\/accompagnement-a-la-parentalite-en-creche-un-soutien-essentiel-pour-les-familles\/\",\"url\":\"https:\/\/juliedrnd.net\/blog\/a-la-une\/accompagnement-a-la-parentalite-en-creche-un-soutien-essentiel-pour-les-familles\/\",\"name\":\"Accompagnement \u00e0 la parentalit\u00e9 en cr\u00e8che\",\"isPartOf\":{\"@id\":\"https:\/\/juliedrnd.net\/blog\/#website\"},\"primaryImageOfPage\":{\"@id\":\"https:\/\/juliedrnd.net\/blog\/a-la-une\/accompagnement-a-la-parentalite-en-creche-un-soutien-essentiel-pour-les-familles\/#primaryimage\"},\"image\":{\"@id\":\"https:\/\/juliedrnd.net\/blog\/a-la-une\/accompagnement-a-la-parentalite-en-creche-un-soutien-essentiel-pour-les-familles\/#primaryimage\"},\"thumbnailUrl\":\"https:\/\/juliedrnd.net\/blog\/wp-content\/uploads\/2025\/02\/stability-accompagnement-a-la-parentalite-en-creche-un-soutien-essentiel-pour-les-familles.png\",\"datePublished\":\"2025-02-10T11:09:00+00:00\",\"dateModified\":\"2026-08-25T00:59:20+00:00\",\"description\":\"La naissance d'un enfant entra\u00eene des changements consid\u00e9rables, tant sur le plan \u00e9motionnel que pratique. Dans ce contexte, l'accompagnement \u00e0 la\",\"inLanguage\":\"fr-FR\",\"potentialAction\":[{\"@type\":\"ReadAction\",\"target\":[\"https:\/\/juliedrnd.net\/blog\/a-la-une\/accompagnement-a-la-parentalite-en-creche-un-soutien-essentiel-pour-les-familles\/\"]}]},{\"@type\":\"ImageObject\",\"inLanguage\":\"fr-FR\",\"@id\":\"https:\/\/juliedrnd.net\/blog\/a-la-une\/accompagnement-a-la-parentalite-en-creche-un-soutien-essentiel-pour-les-familles\/#primaryimage\",\"url\":\"https:\/\/juliedrnd.net\/blog\/wp-content\/uploads\/2025\/02\/stability-accompagnement-a-la-parentalite-en-creche-un-soutien-essentiel-pour-les-familles.png\",\"contentUrl\":\"https:\/\/juliedrnd.net\/blog\/wp-content\/uploads\/2025\/02\/stability-accompagnement-a-la-parentalite-en-creche-un-soutien-essentiel-pour-les-familles.png\",\"width\":1024,\"height\":576},{\"@type\":\"WebSite\",\"@id\":\"https:\/\/juliedrnd.net\/blog\/#website\",\"url\":\"https:\/\/juliedrnd.net\/blog\/\",\"name\":\"juliedrnd.net\",\"description\":\"Vivez, cr\u00e9ez, r\u00eavez.\",\"publisher\":{\"@id\":\"https:\/\/juliedrnd.net\/blog\/#organization\"},\"alternateName\":\"Vivez, cr\u00e9ez, r\u00eavez.\",\"potentialAction\":[{\"@type\":\"SearchAction\",\"target\":{\"@type\":\"EntryPoint\",\"urlTemplate\":\"https:\/\/juliedrnd.net\/blog\/?s={search_term_string}\"},\"query-input\":{\"@type\":\"PropertyValueSpecification\",\"valueRequired\":true,\"valueName\":\"search_term_string\"}}],\"inLanguage\":\"fr-FR\"},{\"@type\":\"Organization\",\"@id\":\"https:\/\/juliedrnd.net\/blog\/#organization\",\"name\":\"Julie Drnd\",\"url\":\"https:\/\/juliedrnd.net\/blog\/\",\"logo\":{\"@type\":\"ImageObject\",\"inLanguage\":\"fr-FR\",\"@id\":\"https:\/\/juliedrnd.net\/blog\/#\/schema\/logo\/image\/\",\"url\":\"https:\/\/juliedrnd.net\/blog\/wp-content\/uploads\/2024\/12\/15.png\",\"contentUrl\":\"https:\/\/juliedrnd.net\/blog\/wp-content\/uploads\/2024\/12\/15.png\",\"width\":500,\"height\":500,\"caption\":\"Julie Drnd\"},\"image\":{\"@id\":\"https:\/\/juliedrnd.net\/blog\/#\/schema\/logo\/image\/\"}},{\"@type\":\"Person\",\"@id\":\"https:\/\/juliedrnd.net\/blog\/#\/schema\/person\/3c864cdc320801e3db34b663e7e3f816\",\"name\":\"Elodie Mazeau\",\"image\":{\"@type\":\"ImageObject\",\"inLanguage\":\"fr-FR\",\"@id\":\"https:\/\/juliedrnd.net\/blog\/#\/schema\/person\/image\/\",\"url\":\"https:\/\/juliedrnd.net\/blog\/wp-content\/uploads\/2026\/06\/persona_elodie-m-96x96.jpg\",\"contentUrl\":\"https:\/\/juliedrnd.net\/blog\/wp-content\/uploads\/2026\/06\/persona_elodie-m-96x96.jpg\",\"caption\":\"Elodie Mazeau\"},\"description\":\"J'\u00e9cris sur la parentalit\u00e9 telle qu'elle se vit vraiment, du premier biberon aux premi\u00e8res col\u00e8res. Mes sujets de pr\u00e9dilection couvrent le quotidien des familles : sommeil, alimentation, organisation, pu\u00e9riculture et ces petites gal\u00e8res que tout parent conna\u00eet. Depuis plusieurs ann\u00e9es, je m'attache \u00e0 proposer des rep\u00e8res concrets plut\u00f4t que des le\u00e7ons, parce que chaque famille trouve son propre \u00e9quilibre. Je v\u00e9rifie mes informations aupr\u00e8s de sources fiables, surtout d\u00e8s qu'on touche \u00e0 la sant\u00e9 ou \u00e0 la s\u00e9curit\u00e9 de l'enfant, et je pr\u00e9cise quand un avis professionnel s'impose. J'\u00e9vite soigneusement la culpabilisation : \u00eatre parent est d\u00e9j\u00e0 assez exigeant. Mon ton se veut complice et bienveillant, un peu comme une discussion entre parents qui se comprennent. L'id\u00e9e est d'all\u00e9ger la charge mentale en donnant des solutions simples et test\u00e9es.\",\"sameAs\":[\"https:\/\/elodiemazeau.fr\/\"],\"url\":\"https:\/\/juliedrnd.net\/blog\/auteur\/noname\/\"}]}<\/script>\n<!-- \/ Yoast SEO Premium plugin. -->","yoast_head_json":{"title":"Accompagnement \u00e0 la parentalit\u00e9 en cr\u00e8che","description":"La naissance d'un enfant entra\u00eene des changements consid\u00e9rables, tant sur le plan \u00e9motionnel que pratique. Dans ce contexte, l'accompagnement \u00e0 la","robots":{"index":"index","follow":"follow","max-snippet":"max-snippet:-1","max-image-preview":"max-image-preview:large","max-video-preview":"max-video-preview:-1"},"canonical":"https:\/\/juliedrnd.net\/blog\/a-la-une\/accompagnement-a-la-parentalite-en-creche-un-soutien-essentiel-pour-les-familles\/","og_locale":"fr_FR","og_type":"article","og_title":"Accompagnement \u00e0 la parentalit\u00e9 en cr\u00e8che","og_description":"La naissance d'un enfant entra\u00eene des changements consid\u00e9rables, tant sur le plan \u00e9motionnel que pratique. Dans ce contexte, l'accompagnement \u00e0 la","og_url":"https:\/\/juliedrnd.net\/blog\/a-la-une\/accompagnement-a-la-parentalite-en-creche-un-soutien-essentiel-pour-les-familles\/","og_site_name":"juliedrnd","og_image":[{"width":1024,"height":576,"url":"https:\/\/juliedrnd.net\/blog\/wp-content\/uploads\/2025\/02\/stability-accompagnement-a-la-parentalite-en-creche-un-soutien-essentiel-pour-les-familles.png","type":"image\/png"}],"author":"Elodie Mazeau","twitter_card":"summary_large_image","schema":{"@context":"https:\/\/schema.org","@graph":[{"@type":"NewsArticle","@id":"https:\/\/juliedrnd.net\/blog\/a-la-une\/accompagnement-a-la-parentalite-en-creche-un-soutien-essentiel-pour-les-familles\/#article","isPartOf":{"@id":"https:\/\/juliedrnd.net\/blog\/a-la-une\/accompagnement-a-la-parentalite-en-creche-un-soutien-essentiel-pour-les-familles\/"},"author":{"name":"Elodie Mazeau","@id":"https:\/\/juliedrnd.net\/blog\/#\/schema\/person\/3c864cdc320801e3db34b663e7e3f816"},"headline":"Accompagnement \u00e0 la parentalit\u00e9 en cr\u00e8che : Un soutien essentiel pour les familles","datePublished":"2025-02-10T11:09:00+00:00","dateModified":"2026-08-25T00:59:20+00:00","mainEntityOfPage":{"@id":"https:\/\/juliedrnd.net\/blog\/a-la-une\/accompagnement-a-la-parentalite-en-creche-un-soutien-essentiel-pour-les-familles\/"},"wordCount":545,"commentCount":30,"publisher":{"@id":"https:\/\/juliedrnd.net\/blog\/#organization"},"image":{"@id":"https:\/\/juliedrnd.net\/blog\/a-la-une\/accompagnement-a-la-parentalite-en-creche-un-soutien-essentiel-pour-les-familles\/#primaryimage"},"thumbnailUrl":"https:\/\/juliedrnd.net\/blog\/wp-content\/uploads\/2025\/02\/stability-accompagnement-a-la-parentalite-en-creche-un-soutien-essentiel-pour-les-familles.png","keywords":["Accompagnement","Bien-\u00catre","Cr\u00e8che","\u00c9ducation","Parentalit\u00e9","Soutien"],"articleSection":["\u00c0 la une"],"inLanguage":"fr-FR","potentialAction":[{"@type":"CommentAction","name":"Comment","target":["https:\/\/juliedrnd.net\/blog\/a-la-une\/accompagnement-a-la-parentalite-en-creche-un-soutien-essentiel-pour-les-familles\/#respond"]}]},{"@type":"WebPage","@id":"https:\/\/juliedrnd.net\/blog\/a-la-une\/accompagnement-a-la-parentalite-en-creche-un-soutien-essentiel-pour-les-familles\/","url":"https:\/\/juliedrnd.net\/blog\/a-la-une\/accompagnement-a-la-parentalite-en-creche-un-soutien-essentiel-pour-les-familles\/","name":"Accompagnement \u00e0 la parentalit\u00e9 en cr\u00e8che","isPartOf":{"@id":"https:\/\/juliedrnd.net\/blog\/#website"},"primaryImageOfPage":{"@id":"https:\/\/juliedrnd.net\/blog\/a-la-une\/accompagnement-a-la-parentalite-en-creche-un-soutien-essentiel-pour-les-familles\/#primaryimage"},"image":{"@id":"https:\/\/juliedrnd.net\/blog\/a-la-une\/accompagnement-a-la-parentalite-en-creche-un-soutien-essentiel-pour-les-familles\/#primaryimage"},"thumbnailUrl":"https:\/\/juliedrnd.net\/blog\/wp-content\/uploads\/2025\/02\/stability-accompagnement-a-la-parentalite-en-creche-un-soutien-essentiel-pour-les-familles.png","datePublished":"2025-02-10T11:09:00+00:00","dateModified":"2026-08-25T00:59:20+00:00","description":"La naissance d'un enfant entra\u00eene des changements consid\u00e9rables, tant sur le plan \u00e9motionnel que pratique. Dans ce contexte, l'accompagnement \u00e0 la","inLanguage":"fr-FR","potentialAction":[{"@type":"ReadAction","target":["https:\/\/juliedrnd.net\/blog\/a-la-une\/accompagnement-a-la-parentalite-en-creche-un-soutien-essentiel-pour-les-familles\/"]}]},{"@type":"ImageObject","inLanguage":"fr-FR","@id":"https:\/\/juliedrnd.net\/blog\/a-la-une\/accompagnement-a-la-parentalite-en-creche-un-soutien-essentiel-pour-les-familles\/#primaryimage","url":"https:\/\/juliedrnd.net\/blog\/wp-content\/uploads\/2025\/02\/stability-accompagnement-a-la-parentalite-en-creche-un-soutien-essentiel-pour-les-familles.png","contentUrl":"https:\/\/juliedrnd.net\/blog\/wp-content\/uploads\/2025\/02\/stability-accompagnement-a-la-parentalite-en-creche-un-soutien-essentiel-pour-les-familles.png","width":1024,"height":576},{"@type":"WebSite","@id":"https:\/\/juliedrnd.net\/blog\/#website","url":"https:\/\/juliedrnd.net\/blog\/","name":"juliedrnd.net","description":"Vivez, cr\u00e9ez, r\u00eavez.","publisher":{"@id":"https:\/\/juliedrnd.net\/blog\/#organization"},"alternateName":"Vivez, cr\u00e9ez, r\u00eavez.","potentialAction":[{"@type":"SearchAction","target":{"@type":"EntryPoint","urlTemplate":"https:\/\/juliedrnd.net\/blog\/?s={search_term_string}"},"query-input":{"@type":"PropertyValueSpecification","valueRequired":true,"valueName":"search_term_string"}}],"inLanguage":"fr-FR"},{"@type":"Organization","@id":"https:\/\/juliedrnd.net\/blog\/#organization","name":"Julie Drnd","url":"https:\/\/juliedrnd.net\/blog\/","logo":{"@type":"ImageObject","inLanguage":"fr-FR","@id":"https:\/\/juliedrnd.net\/blog\/#\/schema\/logo\/image\/","url":"https:\/\/juliedrnd.net\/blog\/wp-content\/uploads\/2024\/12\/15.png","contentUrl":"https:\/\/juliedrnd.net\/blog\/wp-content\/uploads\/2024\/12\/15.png","width":500,"height":500,"caption":"Julie Drnd"},"image":{"@id":"https:\/\/juliedrnd.net\/blog\/#\/schema\/logo\/image\/"}},{"@type":"Person","@id":"https:\/\/juliedrnd.net\/blog\/#\/schema\/person\/3c864cdc320801e3db34b663e7e3f816","name":"Elodie Mazeau","image":{"@type":"ImageObject","inLanguage":"fr-FR","@id":"https:\/\/juliedrnd.net\/blog\/#\/schema\/person\/image\/","url":"https:\/\/juliedrnd.net\/blog\/wp-content\/uploads\/2026\/06\/persona_elodie-m-96x96.jpg","contentUrl":"https:\/\/juliedrnd.net\/blog\/wp-content\/uploads\/2026\/06\/persona_elodie-m-96x96.jpg","caption":"Elodie Mazeau"},"description":"J'\u00e9cris sur la parentalit\u00e9 telle qu'elle se vit vraiment, du premier biberon aux premi\u00e8res col\u00e8res. Mes sujets de pr\u00e9dilection couvrent le quotidien des familles : sommeil, alimentation, organisation, pu\u00e9riculture et ces petites gal\u00e8res que tout parent conna\u00eet. Depuis plusieurs ann\u00e9es, je m'attache \u00e0 proposer des rep\u00e8res concrets plut\u00f4t que des le\u00e7ons, parce que chaque famille trouve son propre \u00e9quilibre. Je v\u00e9rifie mes informations aupr\u00e8s de sources fiables, surtout d\u00e8s qu'on touche \u00e0 la sant\u00e9 ou \u00e0 la s\u00e9curit\u00e9 de l'enfant, et je pr\u00e9cise quand un avis professionnel s'impose. J'\u00e9vite soigneusement la culpabilisation : \u00eatre parent est d\u00e9j\u00e0 assez exigeant. Mon ton se veut complice et bienveillant, un peu comme une discussion entre parents qui se comprennent. L'id\u00e9e est d'all\u00e9ger la charge mentale en donnant des solutions simples et test\u00e9es.","sameAs":["https:\/\/elodiemazeau.fr\/"],"url":"https:\/\/juliedrnd.net\/blog\/auteur\/noname\/"}]}},"_links":{"self":[{"href":"https:\/\/juliedrnd.net\/blog\/wp-json\/wp\/v2\/posts\/7509","targetHints":{"allow":["GET"]}}],"collection":[{"href":"https:\/\/juliedrnd.net\/blog\/wp-json\/wp\/v2\/posts"}],"about":[{"href":"https:\/\/juliedrnd.net\/blog\/wp-json\/wp\/v2\/types\/post"}],"author":[{"embeddable":true,"href":"https:\/\/juliedrnd.net\/blog\/wp-json\/wp\/v2\/users\/34"}],"replies":[{"embeddable":true,"href":"https:\/\/juliedrnd.net\/blog\/wp-json\/wp\/v2\/comments?post=7509"}],"version-history":[{"count":2,"href":"https:\/\/juliedrnd.net\/blog\/wp-json\/wp\/v2\/posts\/7509\/revisions"}],"predecessor-version":[{"id":7583,"href":"https:\/\/juliedrnd.net\/blog\/wp-json\/wp\/v2\/posts\/7509\/revisions\/7583"}],"wp:featuredmedia":[{"embeddable":true,"href":"https:\/\/juliedrnd.net\/blog\/wp-json\/wp\/v2\/media\/7511"}],"wp:attachment":[{"href":"https:\/\/juliedrnd.net\/blog\/wp-json\/wp\/v2\/media?parent=7509"}],"wp:term":[{"taxonomy":"category","embeddable":true,"href":"https:\/\/juliedrnd.net\/blog\/wp-json\/wp\/v2\/categories?post=7509"},{"taxonomy":"post_tag","embeddable":true,"href":"https:\/\/juliedrnd.net\/blog\/wp-json\/wp\/v2\/tags?post=7509"}],"curies":[{"name":"wp","href":"https:\/\/api.w.org\/{rel}","templated":true}]}}