{"id":7485,"date":"2025-02-09T12:09:00","date_gmt":"2025-02-09T11:09:00","guid":{"rendered":"https:\/\/juliedrnd.net\/blog\/?p=7485"},"modified":"2026-08-25T02:59:20","modified_gmt":"2026-08-25T00:59:20","slug":"le-soutien-a-la-parentalite-en-creche-un-essentiel-pour-les-familles","status":"publish","type":"post","link":"https:\/\/juliedrnd.net\/blog\/a-la-une\/le-soutien-a-la-parentalite-en-creche-un-essentiel-pour-les-familles\/","title":{"rendered":"Le soutien \u00e0 la parentalit\u00e9 en cr\u00e8che : un essentiel pour les familles"},"content":{"rendered":"<h2>Pourquoi le soutien \u00e0 la parentalit\u00e9 est-il crucial ?<\/h2>\n<p>Lorsqu&rsquo;il s&rsquo;agit de la cr\u00e8che, ce soutien prend une ampleur significative. Les parents, souvent anxieux face aux premi\u00e8res s\u00e9parations, ont besoin de ressources et d&rsquo;accompagnement pour naviguer dans cette nouvelle r\u00e9alit\u00e9. Comment les cr\u00e8ches peuvent-elles devenir des alli\u00e9es pour les familles dans ce voyage ?<\/p>\n<p><iframe loading=\"lazy\" title=\"Quel r\u00f4le les parents peuvent-ils jouer dans une cr\u00e8che ?\" width=\"1200\" height=\"675\" src=\"https:\/\/www.youtube.com\/embed\/P7ErJDi4Yvw?feature=oembed\" frameborder=\"0\" allow=\"accelerometer; autoplay; clipboard-write; encrypted-media; gyroscope; picture-in-picture; web-share\" referrerpolicy=\"strict-origin-when-cross-origin\" allowfullscreen><\/iframe><\/p>\n<h2>Les diff\u00e9rents types de soutien offerts par les cr\u00e8ches<\/h2>\n<p>Les cr\u00e8ches mettent en place diverses strat\u00e9gies pour accompagner les parents. Ces initiatives visent \u00e0 r\u00e9duire l&rsquo;anxi\u00e9t\u00e9 et \u00e0 favoriser une transition en douceur pour les enfants. Voici quelques exemples des types de soutien propos\u00e9s :<\/p>\n<ul>\n<li><strong>Ateliers pour parents :<\/strong> Ces sessions abordent des th\u00e8mes vari\u00e9s comme la communication, le d\u00e9veloppement de l&rsquo;enfant ou la gestion des \u00e9motions.<\/li>\n<li><strong>Groupes de parole :<\/strong> Ces rencontres permettent aux parents de partager leurs exp\u00e9riences et d&rsquo;\u00e9changer des conseils dans un cadre bienveillant.<\/li>\n<li><strong>Portes ouvertes :<\/strong> Organis\u00e9es r\u00e9guli\u00e8rement, elles permettent aux parents de visiter les lieux, de rencontrer l&rsquo;\u00e9quipe et de poser des questions.<\/li>\n<\/ul>\n<h2>Les b\u00e9n\u00e9fices du soutien \u00e0 la parentalit\u00e9<\/h2>\n<p>Le soutien \u00e0 la parentalit\u00e9 en cr\u00e8che poss\u00e8de de nombreux avantages, non seulement pour les parents, mais \u00e9galement pour les enfants et les \u00e9quipes \u00e9ducatives. Par exemple :<img width=\"1024\" height=\"576\" src=\"https:\/\/juliedrnd.net\/blog\/wp-content\/uploads\/2025\/02\/stability-le-soutien-a-la-parentalite-en-creche-un-essentiel-pour-les-familles-1.png\" class=\"aligncenter\" alt=\"Illustration d\u00e9taill\u00e9e sur Le soutien \u00e0 la parentalit\u00e9 en cr\u00e8che : un essentiel pour les familles\" title=\"Le soutien \u00e0 la parentalit\u00e9 en cr\u00e8che : un essentiel pour les familles\" decoding=\"async\" loading=\"lazy\" \/><\/p>\n<blockquote class=\"wp-embedded-content\" data-secret=\"wKNVvgZKof\"><p><a href=\"https:\/\/juliedrnd.net\/blog\/a-la-une\/enfance-et-parentalite-comprendre-les-enjeux-et-les-defis-actuels\/\">Enfance et parentalit\u00e9 : comprendre les enjeux et les d\u00e9fis actuels<\/a><\/p><\/blockquote>\n<p><iframe loading=\"lazy\" class=\"wp-embedded-content\" sandbox=\"allow-scripts\" security=\"restricted\" style=\"position: absolute; visibility: hidden;\" title=\"\u00ab\u00a0Enfance et parentalit\u00e9 : comprendre les enjeux et les d\u00e9fis actuels\u00a0\u00bb &#8212; juliedrnd\" src=\"https:\/\/juliedrnd.net\/blog\/a-la-une\/enfance-et-parentalite-comprendre-les-enjeux-et-les-defis-actuels\/embed\/#?secret=JXLo6bk4dY#?secret=wKNVvgZKof\" data-secret=\"wKNVvgZKof\" width=\"600\" height=\"338\" frameborder=\"0\" marginwidth=\"0\" marginheight=\"0\" scrolling=\"no\"><\/iframe><\/p>\n<table>\n<tr>\n<th>B\u00e9n\u00e9fice<\/th>\n<th>Pour les parents<\/th>\n<th>Pour les enfants<\/th>\n<\/tr>\n<tr>\n<td>Confiance en soi<\/td>\n<td>Les parents se sentent rassur\u00e9s dans leur r\u00f4le.<\/td>\n<td>Les enfants s&rsquo;\u00e9panouissent dans un environnement serein.<\/td>\n<\/tr>\n<tr>\n<td>Cr\u00e9ation de liens<\/td>\n<td>Les parents tissent des relations avec d&rsquo;autres familles.<\/td>\n<td>Les enfants apprennent \u00e0 socialiser d\u00e8s le plus jeune \u00e2ge.<\/td>\n<\/tr>\n<tr>\n<td>Partage d&rsquo;expertise<\/td>\n<td>Les parents b\u00e9n\u00e9ficient de conseils de professionnels.<\/td>\n<td>Les enfants profitent d&rsquo;activit\u00e9s enrichissantes.<\/td>\n<\/tr>\n<\/table>\n<h2>Comment les cr\u00e8ches peuvent-elles am\u00e9liorer leur offre de soutien ?<\/h2>\n<p>Pour maximiser l&rsquo;impact de leur soutien, les cr\u00e8ches peuvent adopter plusieurs approches. Voici quelques suggestions :<\/p>\n<ul>\n<li><strong>\u00c9coute active :<\/strong> Mettre en place des moments d&rsquo;\u00e9change r\u00e9guliers pour recueillir les besoins et attentes des parents.<\/li>\n<li><strong>Formation continue :<\/strong> Former le personnel aux derni\u00e8res recherches en psychologie de l&rsquo;enfant et aux m\u00e9thodes d&rsquo;accompagnement parental.<\/li>\n<li><strong>Partenariats locaux :<\/strong> Collaborer avec des organismes sp\u00e9cialis\u00e9s pour enrichir l&rsquo;offre de soutien.<\/li>\n<\/ul>\n<blockquote>\n<p>\u00ab\u00a0Le soutien \u00e0 la parentalit\u00e9 est une cl\u00e9 pour le bien-\u00eatre des familles.\u00a0\u00bb &#8211; Association des Cr\u00e8ches Solidaires<\/p>\n<\/blockquote>\n<h3>FAQ :<\/h3>\n<blockquote>\n<ul>\n<li><strong>Qu&rsquo;est-ce qu&rsquo;un atelier pour parents en cr\u00e8che ?<\/strong>Un atelier pour parents est une session \u00e9ducative o\u00f9 des experts abordent des th\u00e9matiques li\u00e9es \u00e0 l&rsquo;\u00e9ducation des enfants.<\/li>\n<li><strong>Comment les cr\u00e8ches s\u00e9lectionnent-elles les th\u00e8mes des ateliers ?<\/strong>Les th\u00e8mes sont souvent choisis en fonction des retours des parents et des besoins identifi\u00e9s par l&rsquo;\u00e9quipe \u00e9ducative.<\/li>\n<li><strong>Les groupes de parole sont-ils gratuits ?<\/strong>En g\u00e9n\u00e9ral, ces groupes sont propos\u00e9s gratuitement aux parents pour encourager la participation.<\/li>\n<li><strong>Comment puis-je participer \u00e0 ces activit\u00e9s ?<\/strong>Les cr\u00e8ches informent les parents via des communications r\u00e9guli\u00e8res, telles que des courriels ou des affichages.<\/li>\n<\/ul>\n<\/blockquote>\n<h2>Conclusion : un engagement envers les familles<\/h2>\n<p>Le soutien \u00e0 la parentalit\u00e9 en cr\u00e8che se r\u00e9v\u00e8le \u00eatre un \u00e9l\u00e9ment essentiel pour le bien-\u00eatre des familles. En favorisant un environnement d&rsquo;\u00e9coute et d&rsquo;\u00e9change, les cr\u00e8ches jouent un r\u00f4le central dans l&rsquo;accompagnement des parents. Ces initiatives ne se limitent pas \u00e0 la simple garde d&rsquo;enfants ; elles engagent une v\u00e9ritable communaut\u00e9 autour du d\u00e9veloppement des enfants et du soutien aux familles. Investir dans ces relations enrichit chaque membre de la communaut\u00e9 \u00e9ducative.<\/p>\n","protected":false},"excerpt":{"rendered":"","protected":false},"author":34,"featured_media":7487,"comment_status":"open","ping_status":"open","sticky":false,"template":"","format":"standard","meta":{"_acf_changed":false,"manual_indexmenow":false,"indexmenow_id_project":0,"footnotes":""},"categories":[1],"tags":[4635,4688,4674,4687,4584,4612],"class_list":["post-7485","post","type-post","status-publish","format-standard","has-post-thumbnail","hentry","category-a-la-une","tag-accompagnement","tag-ateliers-pour-parents","tag-benefices","tag-creche","tag-groupes-de-parole","tag-soutien-a-la-parentalite","generate-columns","tablet-grid-50","mobile-grid-100","grid-parent","grid-25"],"acf":[],"yoast_head":"<!-- This site is optimized with the Yoast SEO Premium plugin v21.3 (Yoast SEO v25.6) - https:\/\/yoast.com\/wordpress\/plugins\/seo\/ -->\n<title>Le soutien \u00e0 la parentalit\u00e9 en cr\u00e8che<\/title>\n<meta name=\"description\" content=\"Lorsqu&#039;il s&#039;agit de la cr\u00e8che, ce soutien prend une ampleur significative. Les parents, souvent anxieux face aux premi\u00e8res s\u00e9parations, ont besoin de\" \/>\n<meta name=\"robots\" content=\"index, follow, max-snippet:-1, max-image-preview:large, max-video-preview:-1\" \/>\n<link rel=\"canonical\" href=\"https:\/\/juliedrnd.net\/blog\/a-la-une\/le-soutien-a-la-parentalite-en-creche-un-essentiel-pour-les-familles\/\" \/>\n<meta property=\"og:locale\" content=\"fr_FR\" \/>\n<meta property=\"og:type\" content=\"article\" \/>\n<meta property=\"og:title\" content=\"Le soutien \u00e0 la parentalit\u00e9 en cr\u00e8che\" \/>\n<meta property=\"og:description\" content=\"Lorsqu&#039;il s&#039;agit de la cr\u00e8che, ce soutien prend une ampleur significative. Les parents, souvent anxieux face aux premi\u00e8res s\u00e9parations, ont besoin de\" \/>\n<meta property=\"og:url\" content=\"https:\/\/juliedrnd.net\/blog\/a-la-une\/le-soutien-a-la-parentalite-en-creche-un-essentiel-pour-les-familles\/\" \/>\n<meta property=\"og:site_name\" content=\"juliedrnd\" \/>\n<meta property=\"og:image\" content=\"https:\/\/juliedrnd.net\/blog\/wp-content\/uploads\/2025\/02\/stability-le-soutien-a-la-parentalite-en-creche-un-essentiel-pour-les-familles.png\" \/>\n\t<meta property=\"og:image:width\" content=\"1024\" \/>\n\t<meta property=\"og:image:height\" content=\"576\" \/>\n\t<meta property=\"og:image:type\" content=\"image\/png\" \/>\n<meta name=\"author\" content=\"Elodie Mazeau\" \/>\n<meta name=\"twitter:card\" content=\"summary_large_image\" \/>\n<script type=\"application\/ld+json\" class=\"yoast-schema-graph\">{\"@context\":\"https:\/\/schema.org\",\"@graph\":[{\"@type\":\"NewsArticle\",\"@id\":\"https:\/\/juliedrnd.net\/blog\/a-la-une\/le-soutien-a-la-parentalite-en-creche-un-essentiel-pour-les-familles\/#article\",\"isPartOf\":{\"@id\":\"https:\/\/juliedrnd.net\/blog\/a-la-une\/le-soutien-a-la-parentalite-en-creche-un-essentiel-pour-les-familles\/\"},\"author\":{\"name\":\"Elodie Mazeau\",\"@id\":\"https:\/\/juliedrnd.net\/blog\/#\/schema\/person\/3c864cdc320801e3db34b663e7e3f816\"},\"headline\":\"Le soutien \u00e0 la parentalit\u00e9 en cr\u00e8che : un essentiel pour les familles\",\"datePublished\":\"2025-02-09T11:09:00+00:00\",\"dateModified\":\"2026-08-25T00:59:20+00:00\",\"mainEntityOfPage\":{\"@id\":\"https:\/\/juliedrnd.net\/blog\/a-la-une\/le-soutien-a-la-parentalite-en-creche-un-essentiel-pour-les-familles\/\"},\"wordCount\":615,\"commentCount\":17,\"publisher\":{\"@id\":\"https:\/\/juliedrnd.net\/blog\/#organization\"},\"image\":{\"@id\":\"https:\/\/juliedrnd.net\/blog\/a-la-une\/le-soutien-a-la-parentalite-en-creche-un-essentiel-pour-les-familles\/#primaryimage\"},\"thumbnailUrl\":\"https:\/\/juliedrnd.net\/blog\/wp-content\/uploads\/2025\/02\/stability-le-soutien-a-la-parentalite-en-creche-un-essentiel-pour-les-familles.png\",\"keywords\":[\"Accompagnement\",\"Ateliers pour Parents\",\"B\u00e9n\u00e9fices\",\"Cr\u00e8che\",\"Groupes de Parole\",\"Soutien \u00e0 la parentalit\u00e9\"],\"articleSection\":[\"\u00c0 la une\"],\"inLanguage\":\"fr-FR\",\"potentialAction\":[{\"@type\":\"CommentAction\",\"name\":\"Comment\",\"target\":[\"https:\/\/juliedrnd.net\/blog\/a-la-une\/le-soutien-a-la-parentalite-en-creche-un-essentiel-pour-les-familles\/#respond\"]}]},{\"@type\":\"WebPage\",\"@id\":\"https:\/\/juliedrnd.net\/blog\/a-la-une\/le-soutien-a-la-parentalite-en-creche-un-essentiel-pour-les-familles\/\",\"url\":\"https:\/\/juliedrnd.net\/blog\/a-la-une\/le-soutien-a-la-parentalite-en-creche-un-essentiel-pour-les-familles\/\",\"name\":\"Le soutien \u00e0 la parentalit\u00e9 en cr\u00e8che\",\"isPartOf\":{\"@id\":\"https:\/\/juliedrnd.net\/blog\/#website\"},\"primaryImageOfPage\":{\"@id\":\"https:\/\/juliedrnd.net\/blog\/a-la-une\/le-soutien-a-la-parentalite-en-creche-un-essentiel-pour-les-familles\/#primaryimage\"},\"image\":{\"@id\":\"https:\/\/juliedrnd.net\/blog\/a-la-une\/le-soutien-a-la-parentalite-en-creche-un-essentiel-pour-les-familles\/#primaryimage\"},\"thumbnailUrl\":\"https:\/\/juliedrnd.net\/blog\/wp-content\/uploads\/2025\/02\/stability-le-soutien-a-la-parentalite-en-creche-un-essentiel-pour-les-familles.png\",\"datePublished\":\"2025-02-09T11:09:00+00:00\",\"dateModified\":\"2026-08-25T00:59:20+00:00\",\"description\":\"Lorsqu'il s'agit de la cr\u00e8che, ce soutien prend une ampleur significative. Les parents, souvent anxieux face aux premi\u00e8res s\u00e9parations, ont besoin de\",\"inLanguage\":\"fr-FR\",\"potentialAction\":[{\"@type\":\"ReadAction\",\"target\":[\"https:\/\/juliedrnd.net\/blog\/a-la-une\/le-soutien-a-la-parentalite-en-creche-un-essentiel-pour-les-familles\/\"]}]},{\"@type\":\"ImageObject\",\"inLanguage\":\"fr-FR\",\"@id\":\"https:\/\/juliedrnd.net\/blog\/a-la-une\/le-soutien-a-la-parentalite-en-creche-un-essentiel-pour-les-familles\/#primaryimage\",\"url\":\"https:\/\/juliedrnd.net\/blog\/wp-content\/uploads\/2025\/02\/stability-le-soutien-a-la-parentalite-en-creche-un-essentiel-pour-les-familles.png\",\"contentUrl\":\"https:\/\/juliedrnd.net\/blog\/wp-content\/uploads\/2025\/02\/stability-le-soutien-a-la-parentalite-en-creche-un-essentiel-pour-les-familles.png\",\"width\":1024,\"height\":576},{\"@type\":\"WebSite\",\"@id\":\"https:\/\/juliedrnd.net\/blog\/#website\",\"url\":\"https:\/\/juliedrnd.net\/blog\/\",\"name\":\"juliedrnd.net\",\"description\":\"Vivez, cr\u00e9ez, r\u00eavez.\",\"publisher\":{\"@id\":\"https:\/\/juliedrnd.net\/blog\/#organization\"},\"alternateName\":\"Vivez, cr\u00e9ez, r\u00eavez.\",\"potentialAction\":[{\"@type\":\"SearchAction\",\"target\":{\"@type\":\"EntryPoint\",\"urlTemplate\":\"https:\/\/juliedrnd.net\/blog\/?s={search_term_string}\"},\"query-input\":{\"@type\":\"PropertyValueSpecification\",\"valueRequired\":true,\"valueName\":\"search_term_string\"}}],\"inLanguage\":\"fr-FR\"},{\"@type\":\"Organization\",\"@id\":\"https:\/\/juliedrnd.net\/blog\/#organization\",\"name\":\"Julie Drnd\",\"url\":\"https:\/\/juliedrnd.net\/blog\/\",\"logo\":{\"@type\":\"ImageObject\",\"inLanguage\":\"fr-FR\",\"@id\":\"https:\/\/juliedrnd.net\/blog\/#\/schema\/logo\/image\/\",\"url\":\"https:\/\/juliedrnd.net\/blog\/wp-content\/uploads\/2024\/12\/15.png\",\"contentUrl\":\"https:\/\/juliedrnd.net\/blog\/wp-content\/uploads\/2024\/12\/15.png\",\"width\":500,\"height\":500,\"caption\":\"Julie Drnd\"},\"image\":{\"@id\":\"https:\/\/juliedrnd.net\/blog\/#\/schema\/logo\/image\/\"}},{\"@type\":\"Person\",\"@id\":\"https:\/\/juliedrnd.net\/blog\/#\/schema\/person\/3c864cdc320801e3db34b663e7e3f816\",\"name\":\"Elodie Mazeau\",\"image\":{\"@type\":\"ImageObject\",\"inLanguage\":\"fr-FR\",\"@id\":\"https:\/\/juliedrnd.net\/blog\/#\/schema\/person\/image\/\",\"url\":\"https:\/\/juliedrnd.net\/blog\/wp-content\/uploads\/2026\/06\/persona_elodie-m-96x96.jpg\",\"contentUrl\":\"https:\/\/juliedrnd.net\/blog\/wp-content\/uploads\/2026\/06\/persona_elodie-m-96x96.jpg\",\"caption\":\"Elodie Mazeau\"},\"description\":\"J'\u00e9cris sur la parentalit\u00e9 telle qu'elle se vit vraiment, du premier biberon aux premi\u00e8res col\u00e8res. Mes sujets de pr\u00e9dilection couvrent le quotidien des familles : sommeil, alimentation, organisation, pu\u00e9riculture et ces petites gal\u00e8res que tout parent conna\u00eet. Depuis plusieurs ann\u00e9es, je m'attache \u00e0 proposer des rep\u00e8res concrets plut\u00f4t que des le\u00e7ons, parce que chaque famille trouve son propre \u00e9quilibre. Je v\u00e9rifie mes informations aupr\u00e8s de sources fiables, surtout d\u00e8s qu'on touche \u00e0 la sant\u00e9 ou \u00e0 la s\u00e9curit\u00e9 de l'enfant, et je pr\u00e9cise quand un avis professionnel s'impose. J'\u00e9vite soigneusement la culpabilisation : \u00eatre parent est d\u00e9j\u00e0 assez exigeant. Mon ton se veut complice et bienveillant, un peu comme une discussion entre parents qui se comprennent. L'id\u00e9e est d'all\u00e9ger la charge mentale en donnant des solutions simples et test\u00e9es.\",\"sameAs\":[\"https:\/\/elodiemazeau.fr\/\"],\"url\":\"https:\/\/juliedrnd.net\/blog\/auteur\/noname\/\"}]}<\/script>\n<!-- \/ Yoast SEO Premium plugin. -->","yoast_head_json":{"title":"Le soutien \u00e0 la parentalit\u00e9 en cr\u00e8che","description":"Lorsqu'il s'agit de la cr\u00e8che, ce soutien prend une ampleur significative. Les parents, souvent anxieux face aux premi\u00e8res s\u00e9parations, ont besoin de","robots":{"index":"index","follow":"follow","max-snippet":"max-snippet:-1","max-image-preview":"max-image-preview:large","max-video-preview":"max-video-preview:-1"},"canonical":"https:\/\/juliedrnd.net\/blog\/a-la-une\/le-soutien-a-la-parentalite-en-creche-un-essentiel-pour-les-familles\/","og_locale":"fr_FR","og_type":"article","og_title":"Le soutien \u00e0 la parentalit\u00e9 en cr\u00e8che","og_description":"Lorsqu'il s'agit de la cr\u00e8che, ce soutien prend une ampleur significative. Les parents, souvent anxieux face aux premi\u00e8res s\u00e9parations, ont besoin de","og_url":"https:\/\/juliedrnd.net\/blog\/a-la-une\/le-soutien-a-la-parentalite-en-creche-un-essentiel-pour-les-familles\/","og_site_name":"juliedrnd","og_image":[{"width":1024,"height":576,"url":"https:\/\/juliedrnd.net\/blog\/wp-content\/uploads\/2025\/02\/stability-le-soutien-a-la-parentalite-en-creche-un-essentiel-pour-les-familles.png","type":"image\/png"}],"author":"Elodie Mazeau","twitter_card":"summary_large_image","schema":{"@context":"https:\/\/schema.org","@graph":[{"@type":"NewsArticle","@id":"https:\/\/juliedrnd.net\/blog\/a-la-une\/le-soutien-a-la-parentalite-en-creche-un-essentiel-pour-les-familles\/#article","isPartOf":{"@id":"https:\/\/juliedrnd.net\/blog\/a-la-une\/le-soutien-a-la-parentalite-en-creche-un-essentiel-pour-les-familles\/"},"author":{"name":"Elodie Mazeau","@id":"https:\/\/juliedrnd.net\/blog\/#\/schema\/person\/3c864cdc320801e3db34b663e7e3f816"},"headline":"Le soutien \u00e0 la parentalit\u00e9 en cr\u00e8che : un essentiel pour les familles","datePublished":"2025-02-09T11:09:00+00:00","dateModified":"2026-08-25T00:59:20+00:00","mainEntityOfPage":{"@id":"https:\/\/juliedrnd.net\/blog\/a-la-une\/le-soutien-a-la-parentalite-en-creche-un-essentiel-pour-les-familles\/"},"wordCount":615,"commentCount":17,"publisher":{"@id":"https:\/\/juliedrnd.net\/blog\/#organization"},"image":{"@id":"https:\/\/juliedrnd.net\/blog\/a-la-une\/le-soutien-a-la-parentalite-en-creche-un-essentiel-pour-les-familles\/#primaryimage"},"thumbnailUrl":"https:\/\/juliedrnd.net\/blog\/wp-content\/uploads\/2025\/02\/stability-le-soutien-a-la-parentalite-en-creche-un-essentiel-pour-les-familles.png","keywords":["Accompagnement","Ateliers pour Parents","B\u00e9n\u00e9fices","Cr\u00e8che","Groupes de Parole","Soutien \u00e0 la parentalit\u00e9"],"articleSection":["\u00c0 la une"],"inLanguage":"fr-FR","potentialAction":[{"@type":"CommentAction","name":"Comment","target":["https:\/\/juliedrnd.net\/blog\/a-la-une\/le-soutien-a-la-parentalite-en-creche-un-essentiel-pour-les-familles\/#respond"]}]},{"@type":"WebPage","@id":"https:\/\/juliedrnd.net\/blog\/a-la-une\/le-soutien-a-la-parentalite-en-creche-un-essentiel-pour-les-familles\/","url":"https:\/\/juliedrnd.net\/blog\/a-la-une\/le-soutien-a-la-parentalite-en-creche-un-essentiel-pour-les-familles\/","name":"Le soutien \u00e0 la parentalit\u00e9 en cr\u00e8che","isPartOf":{"@id":"https:\/\/juliedrnd.net\/blog\/#website"},"primaryImageOfPage":{"@id":"https:\/\/juliedrnd.net\/blog\/a-la-une\/le-soutien-a-la-parentalite-en-creche-un-essentiel-pour-les-familles\/#primaryimage"},"image":{"@id":"https:\/\/juliedrnd.net\/blog\/a-la-une\/le-soutien-a-la-parentalite-en-creche-un-essentiel-pour-les-familles\/#primaryimage"},"thumbnailUrl":"https:\/\/juliedrnd.net\/blog\/wp-content\/uploads\/2025\/02\/stability-le-soutien-a-la-parentalite-en-creche-un-essentiel-pour-les-familles.png","datePublished":"2025-02-09T11:09:00+00:00","dateModified":"2026-08-25T00:59:20+00:00","description":"Lorsqu'il s'agit de la cr\u00e8che, ce soutien prend une ampleur significative. Les parents, souvent anxieux face aux premi\u00e8res s\u00e9parations, ont besoin de","inLanguage":"fr-FR","potentialAction":[{"@type":"ReadAction","target":["https:\/\/juliedrnd.net\/blog\/a-la-une\/le-soutien-a-la-parentalite-en-creche-un-essentiel-pour-les-familles\/"]}]},{"@type":"ImageObject","inLanguage":"fr-FR","@id":"https:\/\/juliedrnd.net\/blog\/a-la-une\/le-soutien-a-la-parentalite-en-creche-un-essentiel-pour-les-familles\/#primaryimage","url":"https:\/\/juliedrnd.net\/blog\/wp-content\/uploads\/2025\/02\/stability-le-soutien-a-la-parentalite-en-creche-un-essentiel-pour-les-familles.png","contentUrl":"https:\/\/juliedrnd.net\/blog\/wp-content\/uploads\/2025\/02\/stability-le-soutien-a-la-parentalite-en-creche-un-essentiel-pour-les-familles.png","width":1024,"height":576},{"@type":"WebSite","@id":"https:\/\/juliedrnd.net\/blog\/#website","url":"https:\/\/juliedrnd.net\/blog\/","name":"juliedrnd.net","description":"Vivez, cr\u00e9ez, r\u00eavez.","publisher":{"@id":"https:\/\/juliedrnd.net\/blog\/#organization"},"alternateName":"Vivez, cr\u00e9ez, r\u00eavez.","potentialAction":[{"@type":"SearchAction","target":{"@type":"EntryPoint","urlTemplate":"https:\/\/juliedrnd.net\/blog\/?s={search_term_string}"},"query-input":{"@type":"PropertyValueSpecification","valueRequired":true,"valueName":"search_term_string"}}],"inLanguage":"fr-FR"},{"@type":"Organization","@id":"https:\/\/juliedrnd.net\/blog\/#organization","name":"Julie Drnd","url":"https:\/\/juliedrnd.net\/blog\/","logo":{"@type":"ImageObject","inLanguage":"fr-FR","@id":"https:\/\/juliedrnd.net\/blog\/#\/schema\/logo\/image\/","url":"https:\/\/juliedrnd.net\/blog\/wp-content\/uploads\/2024\/12\/15.png","contentUrl":"https:\/\/juliedrnd.net\/blog\/wp-content\/uploads\/2024\/12\/15.png","width":500,"height":500,"caption":"Julie Drnd"},"image":{"@id":"https:\/\/juliedrnd.net\/blog\/#\/schema\/logo\/image\/"}},{"@type":"Person","@id":"https:\/\/juliedrnd.net\/blog\/#\/schema\/person\/3c864cdc320801e3db34b663e7e3f816","name":"Elodie Mazeau","image":{"@type":"ImageObject","inLanguage":"fr-FR","@id":"https:\/\/juliedrnd.net\/blog\/#\/schema\/person\/image\/","url":"https:\/\/juliedrnd.net\/blog\/wp-content\/uploads\/2026\/06\/persona_elodie-m-96x96.jpg","contentUrl":"https:\/\/juliedrnd.net\/blog\/wp-content\/uploads\/2026\/06\/persona_elodie-m-96x96.jpg","caption":"Elodie Mazeau"},"description":"J'\u00e9cris sur la parentalit\u00e9 telle qu'elle se vit vraiment, du premier biberon aux premi\u00e8res col\u00e8res. Mes sujets de pr\u00e9dilection couvrent le quotidien des familles : sommeil, alimentation, organisation, pu\u00e9riculture et ces petites gal\u00e8res que tout parent conna\u00eet. Depuis plusieurs ann\u00e9es, je m'attache \u00e0 proposer des rep\u00e8res concrets plut\u00f4t que des le\u00e7ons, parce que chaque famille trouve son propre \u00e9quilibre. Je v\u00e9rifie mes informations aupr\u00e8s de sources fiables, surtout d\u00e8s qu'on touche \u00e0 la sant\u00e9 ou \u00e0 la s\u00e9curit\u00e9 de l'enfant, et je pr\u00e9cise quand un avis professionnel s'impose. J'\u00e9vite soigneusement la culpabilisation : \u00eatre parent est d\u00e9j\u00e0 assez exigeant. Mon ton se veut complice et bienveillant, un peu comme une discussion entre parents qui se comprennent. L'id\u00e9e est d'all\u00e9ger la charge mentale en donnant des solutions simples et test\u00e9es.","sameAs":["https:\/\/elodiemazeau.fr\/"],"url":"https:\/\/juliedrnd.net\/blog\/auteur\/noname\/"}]}},"_links":{"self":[{"href":"https:\/\/juliedrnd.net\/blog\/wp-json\/wp\/v2\/posts\/7485","targetHints":{"allow":["GET"]}}],"collection":[{"href":"https:\/\/juliedrnd.net\/blog\/wp-json\/wp\/v2\/posts"}],"about":[{"href":"https:\/\/juliedrnd.net\/blog\/wp-json\/wp\/v2\/types\/post"}],"author":[{"embeddable":true,"href":"https:\/\/juliedrnd.net\/blog\/wp-json\/wp\/v2\/users\/34"}],"replies":[{"embeddable":true,"href":"https:\/\/juliedrnd.net\/blog\/wp-json\/wp\/v2\/comments?post=7485"}],"version-history":[{"count":2,"href":"https:\/\/juliedrnd.net\/blog\/wp-json\/wp\/v2\/posts\/7485\/revisions"}],"predecessor-version":[{"id":7572,"href":"https:\/\/juliedrnd.net\/blog\/wp-json\/wp\/v2\/posts\/7485\/revisions\/7572"}],"wp:featuredmedia":[{"embeddable":true,"href":"https:\/\/juliedrnd.net\/blog\/wp-json\/wp\/v2\/media\/7487"}],"wp:attachment":[{"href":"https:\/\/juliedrnd.net\/blog\/wp-json\/wp\/v2\/media?parent=7485"}],"wp:term":[{"taxonomy":"category","embeddable":true,"href":"https:\/\/juliedrnd.net\/blog\/wp-json\/wp\/v2\/categories?post=7485"},{"taxonomy":"post_tag","embeddable":true,"href":"https:\/\/juliedrnd.net\/blog\/wp-json\/wp\/v2\/tags?post=7485"}],"curies":[{"name":"wp","href":"https:\/\/api.w.org\/{rel}","templated":true}]}}