{"id":7468,"date":"2025-02-09T11:09:00","date_gmt":"2025-02-09T10:09:00","guid":{"rendered":"https:\/\/juliedrnd.net\/blog\/?p=7468"},"modified":"2026-08-25T02:59:20","modified_gmt":"2026-08-25T00:59:20","slug":"developper-un-projet-de-parentalite-au-sein-dun-centre-social","status":"publish","type":"post","link":"https:\/\/juliedrnd.net\/blog\/a-la-une\/developper-un-projet-de-parentalite-au-sein-dun-centre-social\/","title":{"rendered":"D\u00e9velopper un projet de parentalit\u00e9 au sein d&rsquo;un centre social"},"content":{"rendered":"<h2>La parentalit\u00e9 au c\u0153ur des pr\u00e9occupations sociales<\/h2>\n<p>Avec l&rsquo;\u00e9volution des structures familiales, les d\u00e9fis auxquels font face les parents se multiplient. Comment un projet de parentalit\u00e9 peut-il r\u00e9pondre \u00e0 ces enjeux ? En favorisant le soutien, l&rsquo;\u00e9change et l&rsquo;apprentissage, ces initiatives visent \u00e0 renforcer les comp\u00e9tences parentales et \u00e0 am\u00e9liorer la qualit\u00e9 de vie des familles.<\/p>\n<h2>D\u00e9finition des objectifs d&rsquo;un projet parentalit\u00e9<\/h2>\n<p>Un projet parentalit\u00e9 au sein d&rsquo;un centre social se d\u00e9finit comme une action visant \u00e0 accompagner les parents dans leur r\u00f4le \u00e9ducatif. Ces projets se d\u00e9clinent en plusieurs objectifs :<\/p>\n<ul>\n<li><strong>Renforcer la confiance des parents<\/strong> : Offrir des formations et des ateliers pour am\u00e9liorer leurs comp\u00e9tences.<\/li>\n<li><strong>Cr\u00e9er un r\u00e9seau de soutien<\/strong> : Faciliter les \u00e9changes entre parents pour partager exp\u00e9riences et conseils.<\/li>\n<li><strong>Promouvoir le bien-\u00eatre familial<\/strong> : Organiser des activit\u00e9s qui favorisent la coh\u00e9sion familiale.<\/li>\n<\/ul>\n<p>Ces objectifs s&rsquo;articulent autour de l&rsquo;id\u00e9e que le soutien social peut transformer la parentalit\u00e9 en une exp\u00e9rience plus enrichissante et moins isolante.<\/p>\n<h2>Les impacts d&rsquo;un projet parentalit\u00e9 sur les familles<\/h2>\n<p>La mise en place d&rsquo;un projet parentalit\u00e9 a des r\u00e9percussions significatives sur les familles. D&rsquo;abord, elle favorise un environnement propice au d\u00e9veloppement des enfants. En am\u00e9liorant les comp\u00e9tences parentales, les parents sont mieux \u00e9quip\u00e9s pour r\u00e9pondre aux besoins de leurs enfants.<img width=\"1024\" height=\"576\" src=\"https:\/\/juliedrnd.net\/blog\/wp-content\/uploads\/2025\/02\/stability-developper-un-projet-de-parentalite-au-sein-dun-centre-social-1.png\" class=\"aligncenter\" alt=\"Illustration d\u00e9taill\u00e9e sur D\u00e9velopper un projet de parentalit\u00e9 au sein d&#039;un centre social\" title=\"D\u00e9velopper un projet de parentalit\u00e9 au sein d&#039;un centre social\" decoding=\"async\" loading=\"lazy\" \/><\/p>\n<p>Ensuite, ces projets contribuent \u00e0 r\u00e9duire le stress parental. En offrant un espace d&rsquo;\u00e9change, les parents peuvent partager leurs pr\u00e9occupations et trouver du soutien. Cela cr\u00e9e un climat de confiance, essentiel au bien-\u00eatre familial.<\/p>\n<blockquote class=\"wp-embedded-content\" data-secret=\"rFW5PMUzHp\"><p><a href=\"https:\/\/juliedrnd.net\/blog\/a-la-une\/enfance-et-parentalite-comprendre-les-enjeux-et-les-defis-actuels\/\">Enfance et parentalit\u00e9 : comprendre les enjeux et les d\u00e9fis actuels<\/a><\/p><\/blockquote>\n<p><iframe loading=\"lazy\" class=\"wp-embedded-content\" sandbox=\"allow-scripts\" security=\"restricted\" style=\"position: absolute; visibility: hidden;\" title=\"\u00ab\u00a0Enfance et parentalit\u00e9 : comprendre les enjeux et les d\u00e9fis actuels\u00a0\u00bb &#8212; juliedrnd\" src=\"https:\/\/juliedrnd.net\/blog\/a-la-une\/enfance-et-parentalite-comprendre-les-enjeux-et-les-defis-actuels\/embed\/#?secret=YvxmjJslwz#?secret=rFW5PMUzHp\" data-secret=\"rFW5PMUzHp\" width=\"600\" height=\"338\" frameborder=\"0\" marginwidth=\"0\" marginheight=\"0\" scrolling=\"no\"><\/iframe><\/p>\n<blockquote><p>\u00ab Le soutien entre parents est une source inestimable de r\u00e9confort et d&rsquo;apprentissage. \u00bb<\/p><\/blockquote>\n<p><iframe loading=\"lazy\" title=\"Atelier ANAS FAS #2 - Accompagner autrement les familles et la parentalit\u00e9\" width=\"1200\" height=\"675\" src=\"https:\/\/www.youtube.com\/embed\/XA2UNXZNINk?feature=oembed\" frameborder=\"0\" allow=\"accelerometer; autoplay; clipboard-write; encrypted-media; gyroscope; picture-in-picture; web-share\" referrerpolicy=\"strict-origin-when-cross-origin\" allowfullscreen><\/iframe><\/p>\n<h2>Exemples concrets de projets de parentalit\u00e9<\/h2>\n<p>De nombreux centres sociaux ont d\u00e9j\u00e0 mis en \u0153uvre des projets de parentalit\u00e9. Voici quelques exemples :<\/p>\n<table>\n<tr>\n<th>Centre Social<\/th>\n<th>Type de projet<\/th>\n<th>R\u00e9sultats<\/th>\n<\/tr>\n<tr>\n<td>Centre Social de la Ville A<\/td>\n<td>Ateliers de communication<\/td>\n<td>Am\u00e9lioration des relations parents-enfants<\/td>\n<\/tr>\n<tr>\n<td>Centre Social de la Ville B<\/td>\n<td>Groupes de parole<\/td>\n<td>R\u00e9duction de l&rsquo;isolement des parents<\/td>\n<\/tr>\n<tr>\n<td>Centre Social de la Ville C<\/td>\n<td>Activit\u00e9s familiales<\/td>\n<td>Renforcement des liens familiaux<\/td>\n<\/tr>\n<\/table>\n<p>Ces initiatives illustrent comment un projet de parentalit\u00e9 peut transformer la dynamique familiale et am\u00e9liorer le quotidien des parents et des enfants.<\/p>\n<h2>Comment mettre en place un projet parentalit\u00e9 r\u00e9ussi ?<\/h2>\n<p>Pour garantir le succ\u00e8s d&rsquo;un projet parentalit\u00e9, plusieurs \u00e9tapes sont essentielles :<\/p>\n<ul>\n<li><strong>\u00c9valuation des besoins<\/strong> : Recueillir les attentes et les besoins des parents par le biais de questionnaires ou d&rsquo;entretiens.<\/li>\n<li><strong>Conception d&rsquo;activit\u00e9s adapt\u00e9es<\/strong> : Proposer des ateliers, des formations et des sorties familiales bas\u00e9s sur les retours des parents.<\/li>\n<li><strong>Mobilisation des ressources<\/strong> : Impliquer des intervenants qualifi\u00e9s et collaborer avec d&rsquo;autres structures.<\/li>\n<li><strong>Suivi et \u00e9valuation<\/strong> : Mettre en place des indicateurs pour mesurer l&rsquo;impact des activit\u00e9s sur les familles.<\/li>\n<\/ul>\n<p>En suivant ces \u00e9tapes, les centres sociaux peuvent cr\u00e9er des projets de parentalit\u00e9 qui r\u00e9pondent r\u00e9ellement aux besoins des familles et am\u00e9liorent leur bien-\u00eatre.<\/p>\n<h3>FAQ :<\/h3>\n<blockquote>\n<ul>\n<li><strong>Quel est le r\u00f4le d&rsquo;un centre social dans la parentalit\u00e9 ?<\/strong>Il accompagne les parents en leur offrant des ressources, des formations et un espace d&rsquo;\u00e9change.<\/li>\n<li><strong>Qui peut participer \u00e0 un projet parentalit\u00e9 ?<\/strong>Tous les parents, qu&rsquo;ils soient en couple ou seuls, peuvent s&rsquo;impliquer dans ces projets.<\/li>\n<li><strong>Quels types d&rsquo;activit\u00e9s sont propos\u00e9s ?<\/strong>Des ateliers sur la communication, des groupes de parole ou des activit\u00e9s familiales.<\/li>\n<li><strong>Comment \u00e9valuer l&rsquo;impact d&rsquo;un projet ?<\/strong>Par des questionnaires, des entretiens et des indicateurs de bien-\u00eatre familial.<\/li>\n<\/ul>\n<\/blockquote>\n<p>Un projet parentalit\u00e9 au sein d&rsquo;un centre social repr\u00e9sente une opportunit\u00e9 unique d&rsquo;am\u00e9liorer la qualit\u00e9 de vie des familles. En favorisant le soutien, l&rsquo;apprentissage et l&rsquo;\u00e9change, ces initiatives contribuent \u00e0 cr\u00e9er un environnement plus serein pour les parents et leurs enfants. En investissant dans ces projets, la soci\u00e9t\u00e9 dans son ensemble en sortira renforc\u00e9e.<\/p>\n","protected":false},"excerpt":{"rendered":"","protected":false},"author":34,"featured_media":7470,"comment_status":"open","ping_status":"open","sticky":false,"template":"","format":"standard","meta":{"_acf_changed":false,"manual_indexmenow":false,"indexmenow_id_project":0,"footnotes":""},"categories":[1],"tags":[2574,4634,4677,4676,4526,4675],"class_list":["post-7468","post","type-post","status-publish","format-standard","has-post-thumbnail","hentry","category-a-la-une","tag-bien-etre","tag-competences","tag-echange","tag-familles","tag-parentalite","tag-soutien","generate-columns","tablet-grid-50","mobile-grid-100","grid-parent","grid-25"],"acf":[],"yoast_head":"<!-- This site is optimized with the Yoast SEO Premium plugin v21.3 (Yoast SEO v25.6) - https:\/\/yoast.com\/wordpress\/plugins\/seo\/ -->\n<title>D\u00e9velopper un projet de parentalit\u00e9 au sein d&#039;un centre<\/title>\n<meta name=\"description\" content=\"Avec l&#039;\u00e9volution des structures familiales, les d\u00e9fis auxquels font face les parents se multiplient. Comment un projet de parentalit\u00e9 peut-il r\u00e9pondre \u00e0\" \/>\n<meta name=\"robots\" content=\"index, follow, max-snippet:-1, max-image-preview:large, max-video-preview:-1\" \/>\n<link rel=\"canonical\" href=\"https:\/\/juliedrnd.net\/blog\/a-la-une\/developper-un-projet-de-parentalite-au-sein-dun-centre-social\/\" \/>\n<meta property=\"og:locale\" content=\"fr_FR\" \/>\n<meta property=\"og:type\" content=\"article\" \/>\n<meta property=\"og:title\" content=\"D\u00e9velopper un projet de parentalit\u00e9 au sein d&#039;un centre\" \/>\n<meta property=\"og:description\" content=\"Avec l&#039;\u00e9volution des structures familiales, les d\u00e9fis auxquels font face les parents se multiplient. Comment un projet de parentalit\u00e9 peut-il r\u00e9pondre \u00e0\" \/>\n<meta property=\"og:url\" content=\"https:\/\/juliedrnd.net\/blog\/a-la-une\/developper-un-projet-de-parentalite-au-sein-dun-centre-social\/\" \/>\n<meta property=\"og:site_name\" content=\"juliedrnd\" \/>\n<meta property=\"og:image\" content=\"https:\/\/juliedrnd.net\/blog\/wp-content\/uploads\/2025\/02\/stability-developper-un-projet-de-parentalite-au-sein-dun-centre-social.png\" \/>\n\t<meta property=\"og:image:width\" content=\"1024\" \/>\n\t<meta property=\"og:image:height\" content=\"576\" \/>\n\t<meta property=\"og:image:type\" content=\"image\/png\" \/>\n<meta name=\"author\" content=\"Elodie Mazeau\" \/>\n<meta name=\"twitter:card\" content=\"summary_large_image\" \/>\n<script type=\"application\/ld+json\" class=\"yoast-schema-graph\">{\"@context\":\"https:\/\/schema.org\",\"@graph\":[{\"@type\":\"NewsArticle\",\"@id\":\"https:\/\/juliedrnd.net\/blog\/a-la-une\/developper-un-projet-de-parentalite-au-sein-dun-centre-social\/#article\",\"isPartOf\":{\"@id\":\"https:\/\/juliedrnd.net\/blog\/a-la-une\/developper-un-projet-de-parentalite-au-sein-dun-centre-social\/\"},\"author\":{\"name\":\"Elodie Mazeau\",\"@id\":\"https:\/\/juliedrnd.net\/blog\/#\/schema\/person\/3c864cdc320801e3db34b663e7e3f816\"},\"headline\":\"D\u00e9velopper un projet de parentalit\u00e9 au sein d&rsquo;un centre social\",\"datePublished\":\"2025-02-09T10:09:00+00:00\",\"dateModified\":\"2026-08-25T00:59:20+00:00\",\"mainEntityOfPage\":{\"@id\":\"https:\/\/juliedrnd.net\/blog\/a-la-une\/developper-un-projet-de-parentalite-au-sein-dun-centre-social\/\"},\"wordCount\":684,\"commentCount\":22,\"publisher\":{\"@id\":\"https:\/\/juliedrnd.net\/blog\/#organization\"},\"image\":{\"@id\":\"https:\/\/juliedrnd.net\/blog\/a-la-une\/developper-un-projet-de-parentalite-au-sein-dun-centre-social\/#primaryimage\"},\"thumbnailUrl\":\"https:\/\/juliedrnd.net\/blog\/wp-content\/uploads\/2025\/02\/stability-developper-un-projet-de-parentalite-au-sein-dun-centre-social.png\",\"keywords\":[\"Bien-\u00catre\",\"Comp\u00e9tences\",\"\u00c9change\",\"Familles\",\"Parentalit\u00e9\",\"Soutien\"],\"articleSection\":[\"\u00c0 la une\"],\"inLanguage\":\"fr-FR\",\"potentialAction\":[{\"@type\":\"CommentAction\",\"name\":\"Comment\",\"target\":[\"https:\/\/juliedrnd.net\/blog\/a-la-une\/developper-un-projet-de-parentalite-au-sein-dun-centre-social\/#respond\"]}]},{\"@type\":\"WebPage\",\"@id\":\"https:\/\/juliedrnd.net\/blog\/a-la-une\/developper-un-projet-de-parentalite-au-sein-dun-centre-social\/\",\"url\":\"https:\/\/juliedrnd.net\/blog\/a-la-une\/developper-un-projet-de-parentalite-au-sein-dun-centre-social\/\",\"name\":\"D\u00e9velopper un projet de parentalit\u00e9 au sein d'un centre\",\"isPartOf\":{\"@id\":\"https:\/\/juliedrnd.net\/blog\/#website\"},\"primaryImageOfPage\":{\"@id\":\"https:\/\/juliedrnd.net\/blog\/a-la-une\/developper-un-projet-de-parentalite-au-sein-dun-centre-social\/#primaryimage\"},\"image\":{\"@id\":\"https:\/\/juliedrnd.net\/blog\/a-la-une\/developper-un-projet-de-parentalite-au-sein-dun-centre-social\/#primaryimage\"},\"thumbnailUrl\":\"https:\/\/juliedrnd.net\/blog\/wp-content\/uploads\/2025\/02\/stability-developper-un-projet-de-parentalite-au-sein-dun-centre-social.png\",\"datePublished\":\"2025-02-09T10:09:00+00:00\",\"dateModified\":\"2026-08-25T00:59:20+00:00\",\"description\":\"Avec l'\u00e9volution des structures familiales, les d\u00e9fis auxquels font face les parents se multiplient. Comment un projet de parentalit\u00e9 peut-il r\u00e9pondre \u00e0\",\"inLanguage\":\"fr-FR\",\"potentialAction\":[{\"@type\":\"ReadAction\",\"target\":[\"https:\/\/juliedrnd.net\/blog\/a-la-une\/developper-un-projet-de-parentalite-au-sein-dun-centre-social\/\"]}]},{\"@type\":\"ImageObject\",\"inLanguage\":\"fr-FR\",\"@id\":\"https:\/\/juliedrnd.net\/blog\/a-la-une\/developper-un-projet-de-parentalite-au-sein-dun-centre-social\/#primaryimage\",\"url\":\"https:\/\/juliedrnd.net\/blog\/wp-content\/uploads\/2025\/02\/stability-developper-un-projet-de-parentalite-au-sein-dun-centre-social.png\",\"contentUrl\":\"https:\/\/juliedrnd.net\/blog\/wp-content\/uploads\/2025\/02\/stability-developper-un-projet-de-parentalite-au-sein-dun-centre-social.png\",\"width\":1024,\"height\":576},{\"@type\":\"WebSite\",\"@id\":\"https:\/\/juliedrnd.net\/blog\/#website\",\"url\":\"https:\/\/juliedrnd.net\/blog\/\",\"name\":\"juliedrnd.net\",\"description\":\"Vivez, cr\u00e9ez, r\u00eavez.\",\"publisher\":{\"@id\":\"https:\/\/juliedrnd.net\/blog\/#organization\"},\"alternateName\":\"Vivez, cr\u00e9ez, r\u00eavez.\",\"potentialAction\":[{\"@type\":\"SearchAction\",\"target\":{\"@type\":\"EntryPoint\",\"urlTemplate\":\"https:\/\/juliedrnd.net\/blog\/?s={search_term_string}\"},\"query-input\":{\"@type\":\"PropertyValueSpecification\",\"valueRequired\":true,\"valueName\":\"search_term_string\"}}],\"inLanguage\":\"fr-FR\"},{\"@type\":\"Organization\",\"@id\":\"https:\/\/juliedrnd.net\/blog\/#organization\",\"name\":\"Julie Drnd\",\"url\":\"https:\/\/juliedrnd.net\/blog\/\",\"logo\":{\"@type\":\"ImageObject\",\"inLanguage\":\"fr-FR\",\"@id\":\"https:\/\/juliedrnd.net\/blog\/#\/schema\/logo\/image\/\",\"url\":\"https:\/\/juliedrnd.net\/blog\/wp-content\/uploads\/2024\/12\/15.png\",\"contentUrl\":\"https:\/\/juliedrnd.net\/blog\/wp-content\/uploads\/2024\/12\/15.png\",\"width\":500,\"height\":500,\"caption\":\"Julie Drnd\"},\"image\":{\"@id\":\"https:\/\/juliedrnd.net\/blog\/#\/schema\/logo\/image\/\"}},{\"@type\":\"Person\",\"@id\":\"https:\/\/juliedrnd.net\/blog\/#\/schema\/person\/3c864cdc320801e3db34b663e7e3f816\",\"name\":\"Elodie Mazeau\",\"image\":{\"@type\":\"ImageObject\",\"inLanguage\":\"fr-FR\",\"@id\":\"https:\/\/juliedrnd.net\/blog\/#\/schema\/person\/image\/\",\"url\":\"https:\/\/juliedrnd.net\/blog\/wp-content\/uploads\/2026\/06\/persona_elodie-m-96x96.jpg\",\"contentUrl\":\"https:\/\/juliedrnd.net\/blog\/wp-content\/uploads\/2026\/06\/persona_elodie-m-96x96.jpg\",\"caption\":\"Elodie Mazeau\"},\"description\":\"J'\u00e9cris sur la parentalit\u00e9 telle qu'elle se vit vraiment, du premier biberon aux premi\u00e8res col\u00e8res. Mes sujets de pr\u00e9dilection couvrent le quotidien des familles : sommeil, alimentation, organisation, pu\u00e9riculture et ces petites gal\u00e8res que tout parent conna\u00eet. Depuis plusieurs ann\u00e9es, je m'attache \u00e0 proposer des rep\u00e8res concrets plut\u00f4t que des le\u00e7ons, parce que chaque famille trouve son propre \u00e9quilibre. Je v\u00e9rifie mes informations aupr\u00e8s de sources fiables, surtout d\u00e8s qu'on touche \u00e0 la sant\u00e9 ou \u00e0 la s\u00e9curit\u00e9 de l'enfant, et je pr\u00e9cise quand un avis professionnel s'impose. J'\u00e9vite soigneusement la culpabilisation : \u00eatre parent est d\u00e9j\u00e0 assez exigeant. Mon ton se veut complice et bienveillant, un peu comme une discussion entre parents qui se comprennent. L'id\u00e9e est d'all\u00e9ger la charge mentale en donnant des solutions simples et test\u00e9es.\",\"sameAs\":[\"https:\/\/elodiemazeau.fr\/\"],\"url\":\"https:\/\/juliedrnd.net\/blog\/auteur\/noname\/\"}]}<\/script>\n<!-- \/ Yoast SEO Premium plugin. -->","yoast_head_json":{"title":"D\u00e9velopper un projet de parentalit\u00e9 au sein d'un centre","description":"Avec l'\u00e9volution des structures familiales, les d\u00e9fis auxquels font face les parents se multiplient. Comment un projet de parentalit\u00e9 peut-il r\u00e9pondre \u00e0","robots":{"index":"index","follow":"follow","max-snippet":"max-snippet:-1","max-image-preview":"max-image-preview:large","max-video-preview":"max-video-preview:-1"},"canonical":"https:\/\/juliedrnd.net\/blog\/a-la-une\/developper-un-projet-de-parentalite-au-sein-dun-centre-social\/","og_locale":"fr_FR","og_type":"article","og_title":"D\u00e9velopper un projet de parentalit\u00e9 au sein d'un centre","og_description":"Avec l'\u00e9volution des structures familiales, les d\u00e9fis auxquels font face les parents se multiplient. Comment un projet de parentalit\u00e9 peut-il r\u00e9pondre \u00e0","og_url":"https:\/\/juliedrnd.net\/blog\/a-la-une\/developper-un-projet-de-parentalite-au-sein-dun-centre-social\/","og_site_name":"juliedrnd","og_image":[{"width":1024,"height":576,"url":"https:\/\/juliedrnd.net\/blog\/wp-content\/uploads\/2025\/02\/stability-developper-un-projet-de-parentalite-au-sein-dun-centre-social.png","type":"image\/png"}],"author":"Elodie Mazeau","twitter_card":"summary_large_image","schema":{"@context":"https:\/\/schema.org","@graph":[{"@type":"NewsArticle","@id":"https:\/\/juliedrnd.net\/blog\/a-la-une\/developper-un-projet-de-parentalite-au-sein-dun-centre-social\/#article","isPartOf":{"@id":"https:\/\/juliedrnd.net\/blog\/a-la-une\/developper-un-projet-de-parentalite-au-sein-dun-centre-social\/"},"author":{"name":"Elodie Mazeau","@id":"https:\/\/juliedrnd.net\/blog\/#\/schema\/person\/3c864cdc320801e3db34b663e7e3f816"},"headline":"D\u00e9velopper un projet de parentalit\u00e9 au sein d&rsquo;un centre social","datePublished":"2025-02-09T10:09:00+00:00","dateModified":"2026-08-25T00:59:20+00:00","mainEntityOfPage":{"@id":"https:\/\/juliedrnd.net\/blog\/a-la-une\/developper-un-projet-de-parentalite-au-sein-dun-centre-social\/"},"wordCount":684,"commentCount":22,"publisher":{"@id":"https:\/\/juliedrnd.net\/blog\/#organization"},"image":{"@id":"https:\/\/juliedrnd.net\/blog\/a-la-une\/developper-un-projet-de-parentalite-au-sein-dun-centre-social\/#primaryimage"},"thumbnailUrl":"https:\/\/juliedrnd.net\/blog\/wp-content\/uploads\/2025\/02\/stability-developper-un-projet-de-parentalite-au-sein-dun-centre-social.png","keywords":["Bien-\u00catre","Comp\u00e9tences","\u00c9change","Familles","Parentalit\u00e9","Soutien"],"articleSection":["\u00c0 la une"],"inLanguage":"fr-FR","potentialAction":[{"@type":"CommentAction","name":"Comment","target":["https:\/\/juliedrnd.net\/blog\/a-la-une\/developper-un-projet-de-parentalite-au-sein-dun-centre-social\/#respond"]}]},{"@type":"WebPage","@id":"https:\/\/juliedrnd.net\/blog\/a-la-une\/developper-un-projet-de-parentalite-au-sein-dun-centre-social\/","url":"https:\/\/juliedrnd.net\/blog\/a-la-une\/developper-un-projet-de-parentalite-au-sein-dun-centre-social\/","name":"D\u00e9velopper un projet de parentalit\u00e9 au sein d'un centre","isPartOf":{"@id":"https:\/\/juliedrnd.net\/blog\/#website"},"primaryImageOfPage":{"@id":"https:\/\/juliedrnd.net\/blog\/a-la-une\/developper-un-projet-de-parentalite-au-sein-dun-centre-social\/#primaryimage"},"image":{"@id":"https:\/\/juliedrnd.net\/blog\/a-la-une\/developper-un-projet-de-parentalite-au-sein-dun-centre-social\/#primaryimage"},"thumbnailUrl":"https:\/\/juliedrnd.net\/blog\/wp-content\/uploads\/2025\/02\/stability-developper-un-projet-de-parentalite-au-sein-dun-centre-social.png","datePublished":"2025-02-09T10:09:00+00:00","dateModified":"2026-08-25T00:59:20+00:00","description":"Avec l'\u00e9volution des structures familiales, les d\u00e9fis auxquels font face les parents se multiplient. Comment un projet de parentalit\u00e9 peut-il r\u00e9pondre \u00e0","inLanguage":"fr-FR","potentialAction":[{"@type":"ReadAction","target":["https:\/\/juliedrnd.net\/blog\/a-la-une\/developper-un-projet-de-parentalite-au-sein-dun-centre-social\/"]}]},{"@type":"ImageObject","inLanguage":"fr-FR","@id":"https:\/\/juliedrnd.net\/blog\/a-la-une\/developper-un-projet-de-parentalite-au-sein-dun-centre-social\/#primaryimage","url":"https:\/\/juliedrnd.net\/blog\/wp-content\/uploads\/2025\/02\/stability-developper-un-projet-de-parentalite-au-sein-dun-centre-social.png","contentUrl":"https:\/\/juliedrnd.net\/blog\/wp-content\/uploads\/2025\/02\/stability-developper-un-projet-de-parentalite-au-sein-dun-centre-social.png","width":1024,"height":576},{"@type":"WebSite","@id":"https:\/\/juliedrnd.net\/blog\/#website","url":"https:\/\/juliedrnd.net\/blog\/","name":"juliedrnd.net","description":"Vivez, cr\u00e9ez, r\u00eavez.","publisher":{"@id":"https:\/\/juliedrnd.net\/blog\/#organization"},"alternateName":"Vivez, cr\u00e9ez, r\u00eavez.","potentialAction":[{"@type":"SearchAction","target":{"@type":"EntryPoint","urlTemplate":"https:\/\/juliedrnd.net\/blog\/?s={search_term_string}"},"query-input":{"@type":"PropertyValueSpecification","valueRequired":true,"valueName":"search_term_string"}}],"inLanguage":"fr-FR"},{"@type":"Organization","@id":"https:\/\/juliedrnd.net\/blog\/#organization","name":"Julie Drnd","url":"https:\/\/juliedrnd.net\/blog\/","logo":{"@type":"ImageObject","inLanguage":"fr-FR","@id":"https:\/\/juliedrnd.net\/blog\/#\/schema\/logo\/image\/","url":"https:\/\/juliedrnd.net\/blog\/wp-content\/uploads\/2024\/12\/15.png","contentUrl":"https:\/\/juliedrnd.net\/blog\/wp-content\/uploads\/2024\/12\/15.png","width":500,"height":500,"caption":"Julie Drnd"},"image":{"@id":"https:\/\/juliedrnd.net\/blog\/#\/schema\/logo\/image\/"}},{"@type":"Person","@id":"https:\/\/juliedrnd.net\/blog\/#\/schema\/person\/3c864cdc320801e3db34b663e7e3f816","name":"Elodie Mazeau","image":{"@type":"ImageObject","inLanguage":"fr-FR","@id":"https:\/\/juliedrnd.net\/blog\/#\/schema\/person\/image\/","url":"https:\/\/juliedrnd.net\/blog\/wp-content\/uploads\/2026\/06\/persona_elodie-m-96x96.jpg","contentUrl":"https:\/\/juliedrnd.net\/blog\/wp-content\/uploads\/2026\/06\/persona_elodie-m-96x96.jpg","caption":"Elodie Mazeau"},"description":"J'\u00e9cris sur la parentalit\u00e9 telle qu'elle se vit vraiment, du premier biberon aux premi\u00e8res col\u00e8res. Mes sujets de pr\u00e9dilection couvrent le quotidien des familles : sommeil, alimentation, organisation, pu\u00e9riculture et ces petites gal\u00e8res que tout parent conna\u00eet. Depuis plusieurs ann\u00e9es, je m'attache \u00e0 proposer des rep\u00e8res concrets plut\u00f4t que des le\u00e7ons, parce que chaque famille trouve son propre \u00e9quilibre. Je v\u00e9rifie mes informations aupr\u00e8s de sources fiables, surtout d\u00e8s qu'on touche \u00e0 la sant\u00e9 ou \u00e0 la s\u00e9curit\u00e9 de l'enfant, et je pr\u00e9cise quand un avis professionnel s'impose. J'\u00e9vite soigneusement la culpabilisation : \u00eatre parent est d\u00e9j\u00e0 assez exigeant. Mon ton se veut complice et bienveillant, un peu comme une discussion entre parents qui se comprennent. L'id\u00e9e est d'all\u00e9ger la charge mentale en donnant des solutions simples et test\u00e9es.","sameAs":["https:\/\/elodiemazeau.fr\/"],"url":"https:\/\/juliedrnd.net\/blog\/auteur\/noname\/"}]}},"_links":{"self":[{"href":"https:\/\/juliedrnd.net\/blog\/wp-json\/wp\/v2\/posts\/7468","targetHints":{"allow":["GET"]}}],"collection":[{"href":"https:\/\/juliedrnd.net\/blog\/wp-json\/wp\/v2\/posts"}],"about":[{"href":"https:\/\/juliedrnd.net\/blog\/wp-json\/wp\/v2\/types\/post"}],"author":[{"embeddable":true,"href":"https:\/\/juliedrnd.net\/blog\/wp-json\/wp\/v2\/users\/34"}],"replies":[{"embeddable":true,"href":"https:\/\/juliedrnd.net\/blog\/wp-json\/wp\/v2\/comments?post=7468"}],"version-history":[{"count":2,"href":"https:\/\/juliedrnd.net\/blog\/wp-json\/wp\/v2\/posts\/7468\/revisions"}],"predecessor-version":[{"id":7569,"href":"https:\/\/juliedrnd.net\/blog\/wp-json\/wp\/v2\/posts\/7468\/revisions\/7569"}],"wp:featuredmedia":[{"embeddable":true,"href":"https:\/\/juliedrnd.net\/blog\/wp-json\/wp\/v2\/media\/7470"}],"wp:attachment":[{"href":"https:\/\/juliedrnd.net\/blog\/wp-json\/wp\/v2\/media?parent=7468"}],"wp:term":[{"taxonomy":"category","embeddable":true,"href":"https:\/\/juliedrnd.net\/blog\/wp-json\/wp\/v2\/categories?post=7468"},{"taxonomy":"post_tag","embeddable":true,"href":"https:\/\/juliedrnd.net\/blog\/wp-json\/wp\/v2\/tags?post=7468"}],"curies":[{"name":"wp","href":"https:\/\/api.w.org\/{rel}","templated":true}]}}