{"id":7460,"date":"2025-02-12T13:49:00","date_gmt":"2025-02-12T12:49:00","guid":{"rendered":"https:\/\/juliedrnd.net\/blog\/?p=7460"},"modified":"2026-08-25T02:59:20","modified_gmt":"2026-08-25T00:59:20","slug":"la-charte-de-la-parentalite-en-entreprise-un-pas-vers-un-meilleur-equilibre-vie-pro-vie-perso","status":"publish","type":"post","link":"https:\/\/juliedrnd.net\/blog\/a-la-une\/la-charte-de-la-parentalite-en-entreprise-un-pas-vers-un-meilleur-equilibre-vie-pro-vie-perso\/","title":{"rendered":"La charte de la parentalit\u00e9 en entreprise : un pas vers un meilleur \u00e9quilibre vie pro-vie perso"},"content":{"rendered":"<h2>Un \u00e9quilibre \u00e0 trouver<\/h2>\n<p>La charte de la parentalit\u00e9 en entreprise appara\u00eet comme une r\u00e9ponse pertinente \u00e0 cette probl\u00e9matique. Comment les entreprises peuvent-elles soutenir leurs employ\u00e9s qui jonglent avec les responsabilit\u00e9s parentales tout en maintenant leur engagement professionnel ? Cet article explore les avantages d&rsquo;une telle charte et son impact sur l&rsquo;environnement de travail.<\/p>\n<h2>D\u00e9finition de la charte de la parentalit\u00e9 en entreprise<\/h2>\n<p>La charte de la parentalit\u00e9 en entreprise est un document qui d\u00e9finit les engagements d&rsquo;une entreprise envers ses employ\u00e9s parents. Elle vise \u00e0 instaurer un cadre de travail favorable \u00e0 l&rsquo;\u00e9panouissement personnel et professionnel. Les \u00e9l\u00e9ments de cette charte incluent : <\/p>\n<ul>\n<li>Des cong\u00e9s parentaux adapt\u00e9s.<\/li>\n<li>Des horaires flexibles pour les parents.<\/li>\n<li>Des programmes de soutien pour la garde d&rsquo;enfants.<\/li>\n<\/ul>\n<p>Ces mesures contribuent \u00e0 cr\u00e9er un environnement de travail plus inclusif, o\u00f9 chaque parent se sent soutenu et valoris\u00e9. Un exemple concret de cette initiative est la mise en place de cr\u00e8ches d&rsquo;entreprise, qui facilite la gestion du temps pour les parents travaillants.<\/p>\n<h2>Les b\u00e9n\u00e9fices d&rsquo;une charte de la parentalit\u00e9<\/h2>\n<p>Adopter une charte de la parentalit\u00e9 apporte de multiples avantages \u00e0 l\u2019entreprise et \u00e0 ses employ\u00e9s. Voici quelques-uns des b\u00e9n\u00e9fices les plus notables :<img width=\"1024\" height=\"576\" src=\"https:\/\/juliedrnd.net\/blog\/wp-content\/uploads\/2025\/02\/stability-la-charte-de-la-parentalite-en-entreprise-un-pas-vers-un-meilleur-equilibre-vie-pro-vie-perso-1.png\" class=\"aligncenter\" alt=\"Illustration d\u00e9taill\u00e9e sur La charte de la parentalit\u00e9 en entreprise : un pas vers un meilleur \u00e9quilibre vie pro-vie perso\" title=\"La charte de la parentalit\u00e9 en entreprise : un pas vers un meilleur \u00e9quilibre vie pro-vie perso\" decoding=\"async\" loading=\"lazy\" \/><\/p>\n<blockquote class=\"wp-embedded-content\" data-secret=\"rPPw64gnDi\"><p><a href=\"https:\/\/juliedrnd.net\/blog\/a-la-une\/enfance-et-parentalite-comprendre-les-enjeux-et-les-defis-actuels\/\">Enfance et parentalit\u00e9 : comprendre les enjeux et les d\u00e9fis actuels<\/a><\/p><\/blockquote>\n<p><iframe loading=\"lazy\" class=\"wp-embedded-content\" sandbox=\"allow-scripts\" security=\"restricted\" style=\"position: absolute; visibility: hidden;\" title=\"\u00ab\u00a0Enfance et parentalit\u00e9 : comprendre les enjeux et les d\u00e9fis actuels\u00a0\u00bb &#8212; juliedrnd\" src=\"https:\/\/juliedrnd.net\/blog\/a-la-une\/enfance-et-parentalite-comprendre-les-enjeux-et-les-defis-actuels\/embed\/#?secret=lUGMfRpa1C#?secret=rPPw64gnDi\" data-secret=\"rPPw64gnDi\" width=\"600\" height=\"338\" frameborder=\"0\" marginwidth=\"0\" marginheight=\"0\" scrolling=\"no\"><\/iframe><\/p>\n<table>\n<tr>\n<th>B\u00e9n\u00e9fice<\/th>\n<th>Impact sur l&rsquo;entreprise<\/th>\n<th>Impact sur les employ\u00e9s<\/th>\n<\/tr>\n<tr>\n<td>Am\u00e9lioration de la productivit\u00e9<\/td>\n<td>Des employ\u00e9s plus concentr\u00e9s et motiv\u00e9s<\/td>\n<td>Un meilleur \u00e9quilibre entre vie pro et perso<\/td>\n<\/tr>\n<tr>\n<td>R\u00e9duction de l&rsquo;absent\u00e9isme<\/td>\n<td>Moins de jours perdus au travail<\/td>\n<td>Un meilleur bien-\u00eatre g\u00e9n\u00e9ral<\/td>\n<\/tr>\n<tr>\n<td>Attractivit\u00e9 de l&rsquo;entreprise<\/td>\n<td>Capacit\u00e9 \u00e0 attirer de nouveaux talents<\/td>\n<td>Une culture d&rsquo;entreprise positive et inclusive<\/td>\n<\/tr>\n<\/table>\n<p><strong>Investir dans la parentalit\u00e9 au travail renforce l&rsquo;engagement des employ\u00e9s et favorise la fid\u00e9lit\u00e9.<\/strong> Ces mesures de soutien permettent non seulement d&rsquo;am\u00e9liorer le climat de travail, mais \u00e9galement d&rsquo;augmenter la satisfaction des employ\u00e9s.<\/p>\n<h2>Comment mettre en \u0153uvre une charte de la parentalit\u00e9 ?<\/h2>\n<p>Mettre en place une charte de la parentalit\u00e9 n\u00e9cessite une approche structur\u00e9e. Voici des \u00e9tapes pratiques \u00e0 suivre :<\/p>\n<ul>\n<li><strong>\u00c9valuation des besoins :<\/strong> R\u00e9aliser une enqu\u00eate pour comprendre les attentes des employ\u00e9s.<\/li>\n<li><strong>Consultation :<\/strong> Impliquer les parties prenantes, y compris les ressources humaines et les repr\u00e9sentants des employ\u00e9s.<\/li>\n<li><strong>R\u00e9daction de la charte :<\/strong> \u00c9tablir un document clair qui \u00e9nonce les engagements et les ressources disponibles.<\/li>\n<li><strong>Communication :<\/strong> Pr\u00e9senter la charte \u00e0 tous les employ\u00e9s et s&rsquo;assurer qu&rsquo;ils en comprennent les avantages.<\/li>\n<li><strong>Suivi et \u00e9valuation :<\/strong> Mettre en place des indicateurs pour \u00e9valuer l\u2019impact de la charte et apporter des ajustements si n\u00e9cessaire.<\/li>\n<\/ul>\n<p>Chaque \u00e9tape est cruciale pour garantir une mise en \u0153uvre r\u00e9ussie et efficace. En suivant ce processus, l&rsquo;entreprise montre son engagement envers ses employ\u00e9s parents.<\/p>\n<p><iframe loading=\"lazy\" title=\"Comment aborder la parentalit\u00e9 &amp; la conciliation vie pro\/vie perso avec son employeur ?\" width=\"1200\" height=\"675\" src=\"https:\/\/www.youtube.com\/embed\/UY0r-l7HjjE?feature=oembed\" frameborder=\"0\" allow=\"accelerometer; autoplay; clipboard-write; encrypted-media; gyroscope; picture-in-picture; web-share\" referrerpolicy=\"strict-origin-when-cross-origin\" allowfullscreen><\/iframe><\/p>\n<h2>Conclusion : vers une culture d&rsquo;entreprise plus inclusive<\/h2>\n<p>La charte de la parentalit\u00e9 en entreprise repr\u00e9sente une avanc\u00e9e significative vers un environnement de travail plus harmonieux. En soutenant les parents, les entreprises favorisent une culture d&rsquo;inclusion et de respect. <strong>Il est essentiel de reconna\u00eetre que le bien-\u00eatre des employ\u00e9s se traduit par une productivit\u00e9 accrue et un meilleur climat de travail.<\/strong> Les entreprises qui adoptent de telles initiatives se positionnent comme des leaders dans la cr\u00e9ation d&rsquo;espaces de travail adapt\u00e9s aux d\u00e9fis modernes.<\/p>\n<h3>FAQ :<\/h3>\n<blockquote>\n<ul>\n<li><strong>Qu&rsquo;est-ce qu&rsquo;une charte de la parentalit\u00e9 ?Une charte de la parentalit\u00e9 d\u00e9finit les engagements d&rsquo;une entreprise pour soutenir les employ\u00e9s parents.<\/strong><\/li>\n<li><strong>Quels sont les principaux avantages de cette charte ?Elle am\u00e9liore la productivit\u00e9, r\u00e9duit l&rsquo;absent\u00e9isme et rend l&rsquo;entreprise plus attractive pour les talents.<\/strong><\/li>\n<li><strong>Comment mettre en place une charte de la parentalit\u00e9 ?Il faut \u00e9valuer les besoins, consulter les parties prenantes, r\u00e9diger le document et communiquer clairement.<\/strong><\/li>\n<li><strong>La charte est-elle obligatoire ?Non, mais elle est fortement recommand\u00e9e pour favoriser un environnement de travail sain.<\/strong><\/li>\n<\/ul>\n<\/blockquote>\n","protected":false},"excerpt":{"rendered":"","protected":false},"author":34,"featured_media":7462,"comment_status":"open","ping_status":"open","sticky":false,"template":"","format":"standard","meta":{"_acf_changed":false,"manual_indexmenow":false,"indexmenow_id_project":0,"footnotes":""},"categories":[1],"tags":[2574,4669,4668,4670,4526,4336],"class_list":["post-7460","post","type-post","status-publish","format-standard","has-post-thumbnail","hentry","category-a-la-une","tag-bien-etre","tag-engagement","tag-entreprise","tag-inclusivite","tag-parentalite","tag-productivite","generate-columns","tablet-grid-50","mobile-grid-100","grid-parent","grid-25"],"acf":[],"yoast_head":"<!-- This site is optimized with the Yoast SEO Premium plugin v21.3 (Yoast SEO v25.6) - https:\/\/yoast.com\/wordpress\/plugins\/seo\/ -->\n<title>La charte de la parentalit\u00e9 en entreprise<\/title>\n<meta name=\"description\" content=\"La charte de la parentalit\u00e9 en entreprise appara\u00eet comme une r\u00e9ponse pertinente \u00e0 cette probl\u00e9matique. Comment les entreprises peuvent-elles soutenir\" \/>\n<meta name=\"robots\" content=\"index, follow, max-snippet:-1, max-image-preview:large, max-video-preview:-1\" \/>\n<link rel=\"canonical\" href=\"https:\/\/juliedrnd.net\/blog\/a-la-une\/la-charte-de-la-parentalite-en-entreprise-un-pas-vers-un-meilleur-equilibre-vie-pro-vie-perso\/\" \/>\n<meta property=\"og:locale\" content=\"fr_FR\" \/>\n<meta property=\"og:type\" content=\"article\" \/>\n<meta property=\"og:title\" content=\"La charte de la parentalit\u00e9 en entreprise\" \/>\n<meta property=\"og:description\" content=\"La charte de la parentalit\u00e9 en entreprise appara\u00eet comme une r\u00e9ponse pertinente \u00e0 cette probl\u00e9matique. Comment les entreprises peuvent-elles soutenir\" \/>\n<meta property=\"og:url\" content=\"https:\/\/juliedrnd.net\/blog\/a-la-une\/la-charte-de-la-parentalite-en-entreprise-un-pas-vers-un-meilleur-equilibre-vie-pro-vie-perso\/\" \/>\n<meta property=\"og:site_name\" content=\"juliedrnd\" \/>\n<meta property=\"og:image\" content=\"https:\/\/juliedrnd.net\/blog\/wp-content\/uploads\/2025\/02\/stability-la-charte-de-la-parentalite-en-entreprise-un-pas-vers-un-meilleur-equilibre-vie-pro-vie-perso.png\" \/>\n\t<meta property=\"og:image:width\" content=\"1024\" \/>\n\t<meta property=\"og:image:height\" content=\"576\" \/>\n\t<meta property=\"og:image:type\" content=\"image\/png\" \/>\n<meta name=\"author\" content=\"Elodie Mazeau\" \/>\n<meta name=\"twitter:card\" content=\"summary_large_image\" \/>\n<script type=\"application\/ld+json\" class=\"yoast-schema-graph\">{\"@context\":\"https:\/\/schema.org\",\"@graph\":[{\"@type\":\"NewsArticle\",\"@id\":\"https:\/\/juliedrnd.net\/blog\/a-la-une\/la-charte-de-la-parentalite-en-entreprise-un-pas-vers-un-meilleur-equilibre-vie-pro-vie-perso\/#article\",\"isPartOf\":{\"@id\":\"https:\/\/juliedrnd.net\/blog\/a-la-une\/la-charte-de-la-parentalite-en-entreprise-un-pas-vers-un-meilleur-equilibre-vie-pro-vie-perso\/\"},\"author\":{\"name\":\"Elodie Mazeau\",\"@id\":\"https:\/\/juliedrnd.net\/blog\/#\/schema\/person\/3c864cdc320801e3db34b663e7e3f816\"},\"headline\":\"La charte de la parentalit\u00e9 en entreprise : un pas vers un meilleur \u00e9quilibre vie pro-vie perso\",\"datePublished\":\"2025-02-12T12:49:00+00:00\",\"dateModified\":\"2026-08-25T00:59:20+00:00\",\"mainEntityOfPage\":{\"@id\":\"https:\/\/juliedrnd.net\/blog\/a-la-une\/la-charte-de-la-parentalite-en-entreprise-un-pas-vers-un-meilleur-equilibre-vie-pro-vie-perso\/\"},\"wordCount\":684,\"commentCount\":25,\"publisher\":{\"@id\":\"https:\/\/juliedrnd.net\/blog\/#organization\"},\"image\":{\"@id\":\"https:\/\/juliedrnd.net\/blog\/a-la-une\/la-charte-de-la-parentalite-en-entreprise-un-pas-vers-un-meilleur-equilibre-vie-pro-vie-perso\/#primaryimage\"},\"thumbnailUrl\":\"https:\/\/juliedrnd.net\/blog\/wp-content\/uploads\/2025\/02\/stability-la-charte-de-la-parentalite-en-entreprise-un-pas-vers-un-meilleur-equilibre-vie-pro-vie-perso.png\",\"keywords\":[\"Bien-\u00catre\",\"Engagement\",\"Entreprise\",\"Inclusivit\u00e9\",\"Parentalit\u00e9\",\"Productivit\u00e9\"],\"articleSection\":[\"\u00c0 la une\"],\"inLanguage\":\"fr-FR\",\"potentialAction\":[{\"@type\":\"CommentAction\",\"name\":\"Comment\",\"target\":[\"https:\/\/juliedrnd.net\/blog\/a-la-une\/la-charte-de-la-parentalite-en-entreprise-un-pas-vers-un-meilleur-equilibre-vie-pro-vie-perso\/#respond\"]}]},{\"@type\":\"WebPage\",\"@id\":\"https:\/\/juliedrnd.net\/blog\/a-la-une\/la-charte-de-la-parentalite-en-entreprise-un-pas-vers-un-meilleur-equilibre-vie-pro-vie-perso\/\",\"url\":\"https:\/\/juliedrnd.net\/blog\/a-la-une\/la-charte-de-la-parentalite-en-entreprise-un-pas-vers-un-meilleur-equilibre-vie-pro-vie-perso\/\",\"name\":\"La charte de la parentalit\u00e9 en entreprise\",\"isPartOf\":{\"@id\":\"https:\/\/juliedrnd.net\/blog\/#website\"},\"primaryImageOfPage\":{\"@id\":\"https:\/\/juliedrnd.net\/blog\/a-la-une\/la-charte-de-la-parentalite-en-entreprise-un-pas-vers-un-meilleur-equilibre-vie-pro-vie-perso\/#primaryimage\"},\"image\":{\"@id\":\"https:\/\/juliedrnd.net\/blog\/a-la-une\/la-charte-de-la-parentalite-en-entreprise-un-pas-vers-un-meilleur-equilibre-vie-pro-vie-perso\/#primaryimage\"},\"thumbnailUrl\":\"https:\/\/juliedrnd.net\/blog\/wp-content\/uploads\/2025\/02\/stability-la-charte-de-la-parentalite-en-entreprise-un-pas-vers-un-meilleur-equilibre-vie-pro-vie-perso.png\",\"datePublished\":\"2025-02-12T12:49:00+00:00\",\"dateModified\":\"2026-08-25T00:59:20+00:00\",\"description\":\"La charte de la parentalit\u00e9 en entreprise appara\u00eet comme une r\u00e9ponse pertinente \u00e0 cette probl\u00e9matique. Comment les entreprises peuvent-elles soutenir\",\"inLanguage\":\"fr-FR\",\"potentialAction\":[{\"@type\":\"ReadAction\",\"target\":[\"https:\/\/juliedrnd.net\/blog\/a-la-une\/la-charte-de-la-parentalite-en-entreprise-un-pas-vers-un-meilleur-equilibre-vie-pro-vie-perso\/\"]}]},{\"@type\":\"ImageObject\",\"inLanguage\":\"fr-FR\",\"@id\":\"https:\/\/juliedrnd.net\/blog\/a-la-une\/la-charte-de-la-parentalite-en-entreprise-un-pas-vers-un-meilleur-equilibre-vie-pro-vie-perso\/#primaryimage\",\"url\":\"https:\/\/juliedrnd.net\/blog\/wp-content\/uploads\/2025\/02\/stability-la-charte-de-la-parentalite-en-entreprise-un-pas-vers-un-meilleur-equilibre-vie-pro-vie-perso.png\",\"contentUrl\":\"https:\/\/juliedrnd.net\/blog\/wp-content\/uploads\/2025\/02\/stability-la-charte-de-la-parentalite-en-entreprise-un-pas-vers-un-meilleur-equilibre-vie-pro-vie-perso.png\",\"width\":1024,\"height\":576},{\"@type\":\"WebSite\",\"@id\":\"https:\/\/juliedrnd.net\/blog\/#website\",\"url\":\"https:\/\/juliedrnd.net\/blog\/\",\"name\":\"juliedrnd.net\",\"description\":\"Vivez, cr\u00e9ez, r\u00eavez.\",\"publisher\":{\"@id\":\"https:\/\/juliedrnd.net\/blog\/#organization\"},\"alternateName\":\"Vivez, cr\u00e9ez, r\u00eavez.\",\"potentialAction\":[{\"@type\":\"SearchAction\",\"target\":{\"@type\":\"EntryPoint\",\"urlTemplate\":\"https:\/\/juliedrnd.net\/blog\/?s={search_term_string}\"},\"query-input\":{\"@type\":\"PropertyValueSpecification\",\"valueRequired\":true,\"valueName\":\"search_term_string\"}}],\"inLanguage\":\"fr-FR\"},{\"@type\":\"Organization\",\"@id\":\"https:\/\/juliedrnd.net\/blog\/#organization\",\"name\":\"Julie Drnd\",\"url\":\"https:\/\/juliedrnd.net\/blog\/\",\"logo\":{\"@type\":\"ImageObject\",\"inLanguage\":\"fr-FR\",\"@id\":\"https:\/\/juliedrnd.net\/blog\/#\/schema\/logo\/image\/\",\"url\":\"https:\/\/juliedrnd.net\/blog\/wp-content\/uploads\/2024\/12\/15.png\",\"contentUrl\":\"https:\/\/juliedrnd.net\/blog\/wp-content\/uploads\/2024\/12\/15.png\",\"width\":500,\"height\":500,\"caption\":\"Julie Drnd\"},\"image\":{\"@id\":\"https:\/\/juliedrnd.net\/blog\/#\/schema\/logo\/image\/\"}},{\"@type\":\"Person\",\"@id\":\"https:\/\/juliedrnd.net\/blog\/#\/schema\/person\/3c864cdc320801e3db34b663e7e3f816\",\"name\":\"Elodie Mazeau\",\"image\":{\"@type\":\"ImageObject\",\"inLanguage\":\"fr-FR\",\"@id\":\"https:\/\/juliedrnd.net\/blog\/#\/schema\/person\/image\/\",\"url\":\"https:\/\/juliedrnd.net\/blog\/wp-content\/uploads\/2026\/06\/persona_elodie-m-96x96.jpg\",\"contentUrl\":\"https:\/\/juliedrnd.net\/blog\/wp-content\/uploads\/2026\/06\/persona_elodie-m-96x96.jpg\",\"caption\":\"Elodie Mazeau\"},\"description\":\"J'\u00e9cris sur la parentalit\u00e9 telle qu'elle se vit vraiment, du premier biberon aux premi\u00e8res col\u00e8res. Mes sujets de pr\u00e9dilection couvrent le quotidien des familles : sommeil, alimentation, organisation, pu\u00e9riculture et ces petites gal\u00e8res que tout parent conna\u00eet. Depuis plusieurs ann\u00e9es, je m'attache \u00e0 proposer des rep\u00e8res concrets plut\u00f4t que des le\u00e7ons, parce que chaque famille trouve son propre \u00e9quilibre. Je v\u00e9rifie mes informations aupr\u00e8s de sources fiables, surtout d\u00e8s qu'on touche \u00e0 la sant\u00e9 ou \u00e0 la s\u00e9curit\u00e9 de l'enfant, et je pr\u00e9cise quand un avis professionnel s'impose. J'\u00e9vite soigneusement la culpabilisation : \u00eatre parent est d\u00e9j\u00e0 assez exigeant. Mon ton se veut complice et bienveillant, un peu comme une discussion entre parents qui se comprennent. L'id\u00e9e est d'all\u00e9ger la charge mentale en donnant des solutions simples et test\u00e9es.\",\"sameAs\":[\"https:\/\/elodiemazeau.fr\/\"],\"url\":\"https:\/\/juliedrnd.net\/blog\/auteur\/noname\/\"}]}<\/script>\n<!-- \/ Yoast SEO Premium plugin. -->","yoast_head_json":{"title":"La charte de la parentalit\u00e9 en entreprise","description":"La charte de la parentalit\u00e9 en entreprise appara\u00eet comme une r\u00e9ponse pertinente \u00e0 cette probl\u00e9matique. Comment les entreprises peuvent-elles soutenir","robots":{"index":"index","follow":"follow","max-snippet":"max-snippet:-1","max-image-preview":"max-image-preview:large","max-video-preview":"max-video-preview:-1"},"canonical":"https:\/\/juliedrnd.net\/blog\/a-la-une\/la-charte-de-la-parentalite-en-entreprise-un-pas-vers-un-meilleur-equilibre-vie-pro-vie-perso\/","og_locale":"fr_FR","og_type":"article","og_title":"La charte de la parentalit\u00e9 en entreprise","og_description":"La charte de la parentalit\u00e9 en entreprise appara\u00eet comme une r\u00e9ponse pertinente \u00e0 cette probl\u00e9matique. Comment les entreprises peuvent-elles soutenir","og_url":"https:\/\/juliedrnd.net\/blog\/a-la-une\/la-charte-de-la-parentalite-en-entreprise-un-pas-vers-un-meilleur-equilibre-vie-pro-vie-perso\/","og_site_name":"juliedrnd","og_image":[{"width":1024,"height":576,"url":"https:\/\/juliedrnd.net\/blog\/wp-content\/uploads\/2025\/02\/stability-la-charte-de-la-parentalite-en-entreprise-un-pas-vers-un-meilleur-equilibre-vie-pro-vie-perso.png","type":"image\/png"}],"author":"Elodie Mazeau","twitter_card":"summary_large_image","schema":{"@context":"https:\/\/schema.org","@graph":[{"@type":"NewsArticle","@id":"https:\/\/juliedrnd.net\/blog\/a-la-une\/la-charte-de-la-parentalite-en-entreprise-un-pas-vers-un-meilleur-equilibre-vie-pro-vie-perso\/#article","isPartOf":{"@id":"https:\/\/juliedrnd.net\/blog\/a-la-une\/la-charte-de-la-parentalite-en-entreprise-un-pas-vers-un-meilleur-equilibre-vie-pro-vie-perso\/"},"author":{"name":"Elodie Mazeau","@id":"https:\/\/juliedrnd.net\/blog\/#\/schema\/person\/3c864cdc320801e3db34b663e7e3f816"},"headline":"La charte de la parentalit\u00e9 en entreprise : un pas vers un meilleur \u00e9quilibre vie pro-vie perso","datePublished":"2025-02-12T12:49:00+00:00","dateModified":"2026-08-25T00:59:20+00:00","mainEntityOfPage":{"@id":"https:\/\/juliedrnd.net\/blog\/a-la-une\/la-charte-de-la-parentalite-en-entreprise-un-pas-vers-un-meilleur-equilibre-vie-pro-vie-perso\/"},"wordCount":684,"commentCount":25,"publisher":{"@id":"https:\/\/juliedrnd.net\/blog\/#organization"},"image":{"@id":"https:\/\/juliedrnd.net\/blog\/a-la-une\/la-charte-de-la-parentalite-en-entreprise-un-pas-vers-un-meilleur-equilibre-vie-pro-vie-perso\/#primaryimage"},"thumbnailUrl":"https:\/\/juliedrnd.net\/blog\/wp-content\/uploads\/2025\/02\/stability-la-charte-de-la-parentalite-en-entreprise-un-pas-vers-un-meilleur-equilibre-vie-pro-vie-perso.png","keywords":["Bien-\u00catre","Engagement","Entreprise","Inclusivit\u00e9","Parentalit\u00e9","Productivit\u00e9"],"articleSection":["\u00c0 la une"],"inLanguage":"fr-FR","potentialAction":[{"@type":"CommentAction","name":"Comment","target":["https:\/\/juliedrnd.net\/blog\/a-la-une\/la-charte-de-la-parentalite-en-entreprise-un-pas-vers-un-meilleur-equilibre-vie-pro-vie-perso\/#respond"]}]},{"@type":"WebPage","@id":"https:\/\/juliedrnd.net\/blog\/a-la-une\/la-charte-de-la-parentalite-en-entreprise-un-pas-vers-un-meilleur-equilibre-vie-pro-vie-perso\/","url":"https:\/\/juliedrnd.net\/blog\/a-la-une\/la-charte-de-la-parentalite-en-entreprise-un-pas-vers-un-meilleur-equilibre-vie-pro-vie-perso\/","name":"La charte de la parentalit\u00e9 en entreprise","isPartOf":{"@id":"https:\/\/juliedrnd.net\/blog\/#website"},"primaryImageOfPage":{"@id":"https:\/\/juliedrnd.net\/blog\/a-la-une\/la-charte-de-la-parentalite-en-entreprise-un-pas-vers-un-meilleur-equilibre-vie-pro-vie-perso\/#primaryimage"},"image":{"@id":"https:\/\/juliedrnd.net\/blog\/a-la-une\/la-charte-de-la-parentalite-en-entreprise-un-pas-vers-un-meilleur-equilibre-vie-pro-vie-perso\/#primaryimage"},"thumbnailUrl":"https:\/\/juliedrnd.net\/blog\/wp-content\/uploads\/2025\/02\/stability-la-charte-de-la-parentalite-en-entreprise-un-pas-vers-un-meilleur-equilibre-vie-pro-vie-perso.png","datePublished":"2025-02-12T12:49:00+00:00","dateModified":"2026-08-25T00:59:20+00:00","description":"La charte de la parentalit\u00e9 en entreprise appara\u00eet comme une r\u00e9ponse pertinente \u00e0 cette probl\u00e9matique. Comment les entreprises peuvent-elles soutenir","inLanguage":"fr-FR","potentialAction":[{"@type":"ReadAction","target":["https:\/\/juliedrnd.net\/blog\/a-la-une\/la-charte-de-la-parentalite-en-entreprise-un-pas-vers-un-meilleur-equilibre-vie-pro-vie-perso\/"]}]},{"@type":"ImageObject","inLanguage":"fr-FR","@id":"https:\/\/juliedrnd.net\/blog\/a-la-une\/la-charte-de-la-parentalite-en-entreprise-un-pas-vers-un-meilleur-equilibre-vie-pro-vie-perso\/#primaryimage","url":"https:\/\/juliedrnd.net\/blog\/wp-content\/uploads\/2025\/02\/stability-la-charte-de-la-parentalite-en-entreprise-un-pas-vers-un-meilleur-equilibre-vie-pro-vie-perso.png","contentUrl":"https:\/\/juliedrnd.net\/blog\/wp-content\/uploads\/2025\/02\/stability-la-charte-de-la-parentalite-en-entreprise-un-pas-vers-un-meilleur-equilibre-vie-pro-vie-perso.png","width":1024,"height":576},{"@type":"WebSite","@id":"https:\/\/juliedrnd.net\/blog\/#website","url":"https:\/\/juliedrnd.net\/blog\/","name":"juliedrnd.net","description":"Vivez, cr\u00e9ez, r\u00eavez.","publisher":{"@id":"https:\/\/juliedrnd.net\/blog\/#organization"},"alternateName":"Vivez, cr\u00e9ez, r\u00eavez.","potentialAction":[{"@type":"SearchAction","target":{"@type":"EntryPoint","urlTemplate":"https:\/\/juliedrnd.net\/blog\/?s={search_term_string}"},"query-input":{"@type":"PropertyValueSpecification","valueRequired":true,"valueName":"search_term_string"}}],"inLanguage":"fr-FR"},{"@type":"Organization","@id":"https:\/\/juliedrnd.net\/blog\/#organization","name":"Julie Drnd","url":"https:\/\/juliedrnd.net\/blog\/","logo":{"@type":"ImageObject","inLanguage":"fr-FR","@id":"https:\/\/juliedrnd.net\/blog\/#\/schema\/logo\/image\/","url":"https:\/\/juliedrnd.net\/blog\/wp-content\/uploads\/2024\/12\/15.png","contentUrl":"https:\/\/juliedrnd.net\/blog\/wp-content\/uploads\/2024\/12\/15.png","width":500,"height":500,"caption":"Julie Drnd"},"image":{"@id":"https:\/\/juliedrnd.net\/blog\/#\/schema\/logo\/image\/"}},{"@type":"Person","@id":"https:\/\/juliedrnd.net\/blog\/#\/schema\/person\/3c864cdc320801e3db34b663e7e3f816","name":"Elodie Mazeau","image":{"@type":"ImageObject","inLanguage":"fr-FR","@id":"https:\/\/juliedrnd.net\/blog\/#\/schema\/person\/image\/","url":"https:\/\/juliedrnd.net\/blog\/wp-content\/uploads\/2026\/06\/persona_elodie-m-96x96.jpg","contentUrl":"https:\/\/juliedrnd.net\/blog\/wp-content\/uploads\/2026\/06\/persona_elodie-m-96x96.jpg","caption":"Elodie Mazeau"},"description":"J'\u00e9cris sur la parentalit\u00e9 telle qu'elle se vit vraiment, du premier biberon aux premi\u00e8res col\u00e8res. Mes sujets de pr\u00e9dilection couvrent le quotidien des familles : sommeil, alimentation, organisation, pu\u00e9riculture et ces petites gal\u00e8res que tout parent conna\u00eet. Depuis plusieurs ann\u00e9es, je m'attache \u00e0 proposer des rep\u00e8res concrets plut\u00f4t que des le\u00e7ons, parce que chaque famille trouve son propre \u00e9quilibre. Je v\u00e9rifie mes informations aupr\u00e8s de sources fiables, surtout d\u00e8s qu'on touche \u00e0 la sant\u00e9 ou \u00e0 la s\u00e9curit\u00e9 de l'enfant, et je pr\u00e9cise quand un avis professionnel s'impose. J'\u00e9vite soigneusement la culpabilisation : \u00eatre parent est d\u00e9j\u00e0 assez exigeant. Mon ton se veut complice et bienveillant, un peu comme une discussion entre parents qui se comprennent. L'id\u00e9e est d'all\u00e9ger la charge mentale en donnant des solutions simples et test\u00e9es.","sameAs":["https:\/\/elodiemazeau.fr\/"],"url":"https:\/\/juliedrnd.net\/blog\/auteur\/noname\/"}]}},"_links":{"self":[{"href":"https:\/\/juliedrnd.net\/blog\/wp-json\/wp\/v2\/posts\/7460","targetHints":{"allow":["GET"]}}],"collection":[{"href":"https:\/\/juliedrnd.net\/blog\/wp-json\/wp\/v2\/posts"}],"about":[{"href":"https:\/\/juliedrnd.net\/blog\/wp-json\/wp\/v2\/types\/post"}],"author":[{"embeddable":true,"href":"https:\/\/juliedrnd.net\/blog\/wp-json\/wp\/v2\/users\/34"}],"replies":[{"embeddable":true,"href":"https:\/\/juliedrnd.net\/blog\/wp-json\/wp\/v2\/comments?post=7460"}],"version-history":[{"count":2,"href":"https:\/\/juliedrnd.net\/blog\/wp-json\/wp\/v2\/posts\/7460\/revisions"}],"predecessor-version":[{"id":7607,"href":"https:\/\/juliedrnd.net\/blog\/wp-json\/wp\/v2\/posts\/7460\/revisions\/7607"}],"wp:featuredmedia":[{"embeddable":true,"href":"https:\/\/juliedrnd.net\/blog\/wp-json\/wp\/v2\/media\/7462"}],"wp:attachment":[{"href":"https:\/\/juliedrnd.net\/blog\/wp-json\/wp\/v2\/media?parent=7460"}],"wp:term":[{"taxonomy":"category","embeddable":true,"href":"https:\/\/juliedrnd.net\/blog\/wp-json\/wp\/v2\/categories?post=7460"},{"taxonomy":"post_tag","embeddable":true,"href":"https:\/\/juliedrnd.net\/blog\/wp-json\/wp\/v2\/tags?post=7460"}],"curies":[{"name":"wp","href":"https:\/\/api.w.org\/{rel}","templated":true}]}}