{"id":7448,"date":"2025-02-12T13:29:00","date_gmt":"2025-02-12T12:29:00","guid":{"rendered":"https:\/\/juliedrnd.net\/blog\/?p=7448"},"modified":"2025-02-08T11:20:19","modified_gmt":"2025-02-08T10:20:19","slug":"la-charte-de-la-parentalite-un-guide-pour-un-equilibre-familial-harmonieux","status":"publish","type":"post","link":"https:\/\/juliedrnd.net\/blog\/a-la-une\/la-charte-de-la-parentalite-un-guide-pour-un-equilibre-familial-harmonieux\/","title":{"rendered":"La charte de la parentalit\u00e9 : un guide pour un \u00e9quilibre familial harmonieux"},"content":{"rendered":"<h2>Introduction<\/h2>\n<p>Comment concilier l&rsquo;\u00e9ducation des enfants avec la vie professionnelle, tout en maintenant une communication fluide au sein de la famille ? La charte de la parentalit\u00e9 appara\u00eet comme une r\u00e9ponse structur\u00e9e \u00e0 ces enjeux. Ce document, qui d\u00e9finit les principes et les engagements des parents, vise \u00e0 \u00e9tablir un cadre propice \u00e0 l&rsquo;\u00e9panouissement des enfants et \u00e0 la s\u00e9r\u00e9nit\u00e9 familiale.<\/p>\n<p><iframe loading=\"lazy\" title=\"Les meilleurs moments du Sommet &quot;Parents du Monde de demain&quot;\" width=\"1200\" height=\"675\" src=\"https:\/\/www.youtube.com\/embed\/eaLaQzKRyNc?feature=oembed\" frameborder=\"0\" allow=\"accelerometer; autoplay; clipboard-write; encrypted-media; gyroscope; picture-in-picture; web-share\" referrerpolicy=\"strict-origin-when-cross-origin\" allowfullscreen><\/iframe><\/p>\n<h2>Qu&rsquo;est-ce qu&rsquo;une charte de la parentalit\u00e9 ?<\/h2>\n<p>Une charte de la parentalit\u00e9 est un document qui formalise les valeurs et les engagements des parents envers leurs enfants. Elle aborde divers aspects de la vie familiale tels que l&rsquo;\u00e9ducation, la discipline, la communication et le temps en famille. En instaurant des r\u00e8gles claires, cette charte permet d&rsquo;\u00e9viter les malentendus et de favoriser un climat de confiance.<\/p>\n<p>Elle peut inclure des \u00e9l\u00e9ments tels que :<\/p>\n<ul>\n<li><strong>Les engagements \u00e9ducatifs :<\/strong> Expliquer les m\u00e9thodes d&rsquo;apprentissage et de discipline choisies.<\/li>\n<li><strong>Les valeurs familiales :<\/strong> D\u00e9finir ce qui est essentiel pour la famille, comme le respect, l&rsquo;honn\u00eatet\u00e9 ou la tol\u00e9rance.<\/li>\n<li><strong>Les moments privil\u00e9gi\u00e9s :<\/strong> Identifier les moments en famille, comme les repas, les sorties ou les loisirs, qui favorisent les \u00e9changes.<\/li>\n<\/ul>\n<h2>Les b\u00e9n\u00e9fices d&rsquo;une charte de la parentalit\u00e9<\/h2>\n<p>\u00c9tablir une charte de la parentalit\u00e9 pr\u00e9sente plusieurs avantages. Tout d&rsquo;abord, cela favorise la coh\u00e9sion familiale en clarifiant les attentes de chacun. Les enfants, en comprenant les r\u00e8gles qui les entourent, se sentent plus en s\u00e9curit\u00e9 et s&rsquo;\u00e9panouissent dans un cadre stable.<img width=\"1024\" height=\"576\" src=\"https:\/\/juliedrnd.net\/blog\/wp-content\/uploads\/2025\/02\/stability-la-charte-de-la-parentalite-un-guide-pour-un-equilibre-familial-harmonieux-1.png\" class=\"aligncenter\" alt=\"Illustration d\u00e9taill\u00e9e sur La charte de la parentalit\u00e9 : un guide pour un \u00e9quilibre familial harmonieux\" title=\"La charte de la parentalit\u00e9 : un guide pour un \u00e9quilibre familial harmonieux\" decoding=\"async\" loading=\"lazy\" \/><\/p>\n<p>Ensuite, cela encourage une communication ouverte. Les parents peuvent exprimer leurs pr\u00e9occupations et leurs attentes, tandis que les enfants apprennent \u00e0 partager leurs \u00e9motions et leurs r\u00e9flexions. Cette dynamique am\u00e9liore les relations familiales.<\/p>\n<blockquote>\n<p>\u00ab\u00a0Une bonne communication est la cl\u00e9 d&rsquo;une parentalit\u00e9 r\u00e9ussie.\u00a0\u00bb &#8211; Auteur anonyme<\/p>\n<\/blockquote>\n<h2>Comment r\u00e9diger une charte de la parentalit\u00e9 ?<\/h2>\n<p>R\u00e9diger une charte de la parentalit\u00e9 n\u00e9cessite une approche collaborative. Voici un guide pratique en plusieurs \u00e9tapes :<\/p>\n<li><strong>R\u00e9unir la famille :<\/strong> Organiser une r\u00e9union o\u00f9 chaque membre peut exprimer ses id\u00e9es et ses souhaits.<\/li>\n<li><strong>D\u00e9finir les valeurs :<\/strong> Identifier ensemble les valeurs fondamentales qui guideront la famille.<\/li>\n<li><strong>\u00c9tablir des r\u00e8gles :<\/strong> Discuter et formuler des r\u00e8gles claires concernant la discipline, les responsabilit\u00e9s et le partage du temps.<\/li>\n<li><strong>\u00c9crire la charte :<\/strong> R\u00e9diger le document en int\u00e9grant les contributions de chacun.<\/li>\n<li><strong>R\u00e9viser r\u00e9guli\u00e8rement :<\/strong> Prendre le temps, chaque ann\u00e9e, d&rsquo;\u00e9valuer la charte et d&rsquo;apporter des modifications si n\u00e9cessaire.<\/li>\n<h2>Impact de la charte sur l&rsquo;\u00e9ducation des enfants<\/h2>\n<p>La charte de la parentalit\u00e9 a un impact direct sur l&rsquo;\u00e9ducation des enfants. En d\u00e9finissant des r\u00e8gles et des attentes, elle aide les enfants \u00e0 comprendre les limites. Cela leur permet de d\u00e9velopper des comp\u00e9tences en mati\u00e8re de responsabilit\u00e9 et d&rsquo;autodiscipline.<\/p>\n<p>De plus, les enfants qui grandissent dans un environnement o\u00f9 les valeurs sont clairement \u00e9tablies sont souvent plus confiants et mieux pr\u00e9par\u00e9s \u00e0 faire face aux d\u00e9fis de la vie. Ils apprennent \u00e0 respecter les autres et \u00e0 exprimer leurs \u00e9motions de mani\u00e8re constructive.<\/p>\n<table>\n<tr>\n<th>Aspect<\/th>\n<th>B\u00e9n\u00e9fices<\/th>\n<th>Exemples<\/th>\n<\/tr>\n<tr>\n<td>Coh\u00e9sion familiale<\/td>\n<td>Renforce les liens<\/td>\n<td>Repas en famille r\u00e9guliers<\/td>\n<\/tr>\n<tr>\n<td>Communication<\/td>\n<td>Am\u00e9liore les \u00e9changes<\/td>\n<td>Discussions ouvertes sur les \u00e9motions<\/td>\n<\/tr>\n<tr>\n<td>Responsabilit\u00e9<\/td>\n<td>Favorise l&rsquo;autonomie<\/td>\n<td>Attribution de t\u00e2ches m\u00e9nag\u00e8res<\/td>\n<\/tr>\n<\/table>\n<h3>FAQ :<\/h3>\n<blockquote>\n<ul>\n<li><strong>Qu&rsquo;est-ce qu&rsquo;une charte de la parentalit\u00e9 ?<\/strong>C&rsquo;est un document qui formalise les valeurs et les engagements des parents envers leurs enfants.<\/li>\n<li><strong>Pourquoi est-elle importante ?<\/strong>Elle \u00e9tablit un cadre de r\u00e9f\u00e9rence qui favorise la communication et la coh\u00e9sion familiale.<\/li>\n<li><strong>Comment impliquer les enfants dans sa r\u00e9daction ?<\/strong>Organisez des r\u00e9unions familiales o\u00f9 chacun peut exprimer ses id\u00e9es.<\/li>\n<li><strong>\u00c0 quelle fr\u00e9quence doit-on r\u00e9viser la charte ?<\/strong>Une r\u00e9vision annuelle est conseill\u00e9e pour s&rsquo;assurer qu&rsquo;elle reste pertinente.<\/li>\n<\/ul>\n<\/blockquote>\n","protected":false},"excerpt":{"rendered":"","protected":false},"author":34,"featured_media":7449,"comment_status":"open","ping_status":"open","sticky":false,"template":"","format":"standard","meta":{"_acf_changed":false,"manual_indexmenow":false,"indexmenow_id_project":0,"footnotes":""},"categories":[1],"tags":[4664,4604,4569,3664,3662,4665],"class_list":["post-7448","post","type-post","status-publish","format-standard","has-post-thumbnail","hentry","category-a-la-une","tag-charte-de-la-parentalite","tag-cohesion-familiale","tag-communication","tag-education","tag-responsabilite","tag-valeurs-familiales","generate-columns","tablet-grid-50","mobile-grid-100","grid-parent","grid-25"],"acf":[],"yoast_head":"<!-- This site is optimized with the Yoast SEO Premium plugin v21.3 (Yoast SEO v25.6) - https:\/\/yoast.com\/wordpress\/plugins\/seo\/ -->\n<title>La charte de la parentalit\u00e9<\/title>\n<meta name=\"description\" content=\"Comment concilier l&#039;\u00e9ducation des enfants avec la vie professionnelle, tout en maintenant une communication fluide au sein de la famille ? La charte de la\" \/>\n<meta name=\"robots\" content=\"index, follow, max-snippet:-1, max-image-preview:large, max-video-preview:-1\" \/>\n<link rel=\"canonical\" href=\"https:\/\/juliedrnd.net\/blog\/a-la-une\/la-charte-de-la-parentalite-un-guide-pour-un-equilibre-familial-harmonieux\/\" \/>\n<meta property=\"og:locale\" content=\"fr_FR\" \/>\n<meta property=\"og:type\" content=\"article\" \/>\n<meta property=\"og:title\" content=\"La charte de la parentalit\u00e9\" \/>\n<meta property=\"og:description\" content=\"Comment concilier l&#039;\u00e9ducation des enfants avec la vie professionnelle, tout en maintenant une communication fluide au sein de la famille ? La charte de la\" \/>\n<meta property=\"og:url\" content=\"https:\/\/juliedrnd.net\/blog\/a-la-une\/la-charte-de-la-parentalite-un-guide-pour-un-equilibre-familial-harmonieux\/\" \/>\n<meta property=\"og:site_name\" content=\"juliedrnd\" \/>\n<meta property=\"og:image\" content=\"https:\/\/juliedrnd.net\/blog\/wp-content\/uploads\/2025\/02\/stability-la-charte-de-la-parentalite-un-guide-pour-un-equilibre-familial-harmonieux.png\" \/>\n\t<meta property=\"og:image:width\" content=\"1024\" \/>\n\t<meta property=\"og:image:height\" content=\"576\" \/>\n\t<meta property=\"og:image:type\" content=\"image\/png\" \/>\n<meta name=\"author\" content=\"Elodie Mazeau\" \/>\n<meta name=\"twitter:card\" content=\"summary_large_image\" \/>\n<script type=\"application\/ld+json\" class=\"yoast-schema-graph\">{\"@context\":\"https:\/\/schema.org\",\"@graph\":[{\"@type\":\"NewsArticle\",\"@id\":\"https:\/\/juliedrnd.net\/blog\/a-la-une\/la-charte-de-la-parentalite-un-guide-pour-un-equilibre-familial-harmonieux\/#article\",\"isPartOf\":{\"@id\":\"https:\/\/juliedrnd.net\/blog\/a-la-une\/la-charte-de-la-parentalite-un-guide-pour-un-equilibre-familial-harmonieux\/\"},\"author\":{\"name\":\"Elodie Mazeau\",\"@id\":\"https:\/\/juliedrnd.net\/blog\/#\/schema\/person\/3c864cdc320801e3db34b663e7e3f816\"},\"headline\":\"La charte de la parentalit\u00e9 : un guide pour un \u00e9quilibre familial harmonieux\",\"datePublished\":\"2025-02-12T12:29:00+00:00\",\"mainEntityOfPage\":{\"@id\":\"https:\/\/juliedrnd.net\/blog\/a-la-une\/la-charte-de-la-parentalite-un-guide-pour-un-equilibre-familial-harmonieux\/\"},\"wordCount\":664,\"commentCount\":10,\"publisher\":{\"@id\":\"https:\/\/juliedrnd.net\/blog\/#organization\"},\"image\":{\"@id\":\"https:\/\/juliedrnd.net\/blog\/a-la-une\/la-charte-de-la-parentalite-un-guide-pour-un-equilibre-familial-harmonieux\/#primaryimage\"},\"thumbnailUrl\":\"https:\/\/juliedrnd.net\/blog\/wp-content\/uploads\/2025\/02\/stability-la-charte-de-la-parentalite-un-guide-pour-un-equilibre-familial-harmonieux.png\",\"keywords\":[\"Charte de la Parentalit\u00e9\",\"Coh\u00e9sion Familiale\",\"Communication\",\"\u00c9ducation\",\"Responsabilit\u00e9\",\"Valeurs Familiales\"],\"articleSection\":[\"\u00c0 la une\"],\"inLanguage\":\"fr-FR\",\"potentialAction\":[{\"@type\":\"CommentAction\",\"name\":\"Comment\",\"target\":[\"https:\/\/juliedrnd.net\/blog\/a-la-une\/la-charte-de-la-parentalite-un-guide-pour-un-equilibre-familial-harmonieux\/#respond\"]}]},{\"@type\":\"WebPage\",\"@id\":\"https:\/\/juliedrnd.net\/blog\/a-la-une\/la-charte-de-la-parentalite-un-guide-pour-un-equilibre-familial-harmonieux\/\",\"url\":\"https:\/\/juliedrnd.net\/blog\/a-la-une\/la-charte-de-la-parentalite-un-guide-pour-un-equilibre-familial-harmonieux\/\",\"name\":\"La charte de la parentalit\u00e9\",\"isPartOf\":{\"@id\":\"https:\/\/juliedrnd.net\/blog\/#website\"},\"primaryImageOfPage\":{\"@id\":\"https:\/\/juliedrnd.net\/blog\/a-la-une\/la-charte-de-la-parentalite-un-guide-pour-un-equilibre-familial-harmonieux\/#primaryimage\"},\"image\":{\"@id\":\"https:\/\/juliedrnd.net\/blog\/a-la-une\/la-charte-de-la-parentalite-un-guide-pour-un-equilibre-familial-harmonieux\/#primaryimage\"},\"thumbnailUrl\":\"https:\/\/juliedrnd.net\/blog\/wp-content\/uploads\/2025\/02\/stability-la-charte-de-la-parentalite-un-guide-pour-un-equilibre-familial-harmonieux.png\",\"datePublished\":\"2025-02-12T12:29:00+00:00\",\"description\":\"Comment concilier l'\u00e9ducation des enfants avec la vie professionnelle, tout en maintenant une communication fluide au sein de la famille ? La charte de la\",\"inLanguage\":\"fr-FR\",\"potentialAction\":[{\"@type\":\"ReadAction\",\"target\":[\"https:\/\/juliedrnd.net\/blog\/a-la-une\/la-charte-de-la-parentalite-un-guide-pour-un-equilibre-familial-harmonieux\/\"]}]},{\"@type\":\"ImageObject\",\"inLanguage\":\"fr-FR\",\"@id\":\"https:\/\/juliedrnd.net\/blog\/a-la-une\/la-charte-de-la-parentalite-un-guide-pour-un-equilibre-familial-harmonieux\/#primaryimage\",\"url\":\"https:\/\/juliedrnd.net\/blog\/wp-content\/uploads\/2025\/02\/stability-la-charte-de-la-parentalite-un-guide-pour-un-equilibre-familial-harmonieux.png\",\"contentUrl\":\"https:\/\/juliedrnd.net\/blog\/wp-content\/uploads\/2025\/02\/stability-la-charte-de-la-parentalite-un-guide-pour-un-equilibre-familial-harmonieux.png\",\"width\":1024,\"height\":576},{\"@type\":\"WebSite\",\"@id\":\"https:\/\/juliedrnd.net\/blog\/#website\",\"url\":\"https:\/\/juliedrnd.net\/blog\/\",\"name\":\"juliedrnd.net\",\"description\":\"Vivez, cr\u00e9ez, r\u00eavez.\",\"publisher\":{\"@id\":\"https:\/\/juliedrnd.net\/blog\/#organization\"},\"alternateName\":\"Vivez, cr\u00e9ez, r\u00eavez.\",\"potentialAction\":[{\"@type\":\"SearchAction\",\"target\":{\"@type\":\"EntryPoint\",\"urlTemplate\":\"https:\/\/juliedrnd.net\/blog\/?s={search_term_string}\"},\"query-input\":{\"@type\":\"PropertyValueSpecification\",\"valueRequired\":true,\"valueName\":\"search_term_string\"}}],\"inLanguage\":\"fr-FR\"},{\"@type\":\"Organization\",\"@id\":\"https:\/\/juliedrnd.net\/blog\/#organization\",\"name\":\"Julie Drnd\",\"url\":\"https:\/\/juliedrnd.net\/blog\/\",\"logo\":{\"@type\":\"ImageObject\",\"inLanguage\":\"fr-FR\",\"@id\":\"https:\/\/juliedrnd.net\/blog\/#\/schema\/logo\/image\/\",\"url\":\"https:\/\/juliedrnd.net\/blog\/wp-content\/uploads\/2024\/12\/15.png\",\"contentUrl\":\"https:\/\/juliedrnd.net\/blog\/wp-content\/uploads\/2024\/12\/15.png\",\"width\":500,\"height\":500,\"caption\":\"Julie Drnd\"},\"image\":{\"@id\":\"https:\/\/juliedrnd.net\/blog\/#\/schema\/logo\/image\/\"}},{\"@type\":\"Person\",\"@id\":\"https:\/\/juliedrnd.net\/blog\/#\/schema\/person\/3c864cdc320801e3db34b663e7e3f816\",\"name\":\"Elodie Mazeau\",\"image\":{\"@type\":\"ImageObject\",\"inLanguage\":\"fr-FR\",\"@id\":\"https:\/\/juliedrnd.net\/blog\/#\/schema\/person\/image\/\",\"url\":\"https:\/\/juliedrnd.net\/blog\/wp-content\/uploads\/2026\/06\/persona_elodie-m-96x96.jpg\",\"contentUrl\":\"https:\/\/juliedrnd.net\/blog\/wp-content\/uploads\/2026\/06\/persona_elodie-m-96x96.jpg\",\"caption\":\"Elodie Mazeau\"},\"description\":\"J'\u00e9cris sur la parentalit\u00e9 telle qu'elle se vit vraiment, du premier biberon aux premi\u00e8res col\u00e8res. Mes sujets de pr\u00e9dilection couvrent le quotidien des familles : sommeil, alimentation, organisation, pu\u00e9riculture et ces petites gal\u00e8res que tout parent conna\u00eet. Depuis plusieurs ann\u00e9es, je m'attache \u00e0 proposer des rep\u00e8res concrets plut\u00f4t que des le\u00e7ons, parce que chaque famille trouve son propre \u00e9quilibre. Je v\u00e9rifie mes informations aupr\u00e8s de sources fiables, surtout d\u00e8s qu'on touche \u00e0 la sant\u00e9 ou \u00e0 la s\u00e9curit\u00e9 de l'enfant, et je pr\u00e9cise quand un avis professionnel s'impose. J'\u00e9vite soigneusement la culpabilisation : \u00eatre parent est d\u00e9j\u00e0 assez exigeant. Mon ton se veut complice et bienveillant, un peu comme une discussion entre parents qui se comprennent. L'id\u00e9e est d'all\u00e9ger la charge mentale en donnant des solutions simples et test\u00e9es.\",\"sameAs\":[\"https:\/\/elodiemazeau.fr\/\"],\"url\":\"https:\/\/juliedrnd.net\/blog\/auteur\/noname\/\"}]}<\/script>\n<!-- \/ Yoast SEO Premium plugin. -->","yoast_head_json":{"title":"La charte de la parentalit\u00e9","description":"Comment concilier l'\u00e9ducation des enfants avec la vie professionnelle, tout en maintenant une communication fluide au sein de la famille ? La charte de la","robots":{"index":"index","follow":"follow","max-snippet":"max-snippet:-1","max-image-preview":"max-image-preview:large","max-video-preview":"max-video-preview:-1"},"canonical":"https:\/\/juliedrnd.net\/blog\/a-la-une\/la-charte-de-la-parentalite-un-guide-pour-un-equilibre-familial-harmonieux\/","og_locale":"fr_FR","og_type":"article","og_title":"La charte de la parentalit\u00e9","og_description":"Comment concilier l'\u00e9ducation des enfants avec la vie professionnelle, tout en maintenant une communication fluide au sein de la famille ? La charte de la","og_url":"https:\/\/juliedrnd.net\/blog\/a-la-une\/la-charte-de-la-parentalite-un-guide-pour-un-equilibre-familial-harmonieux\/","og_site_name":"juliedrnd","og_image":[{"width":1024,"height":576,"url":"https:\/\/juliedrnd.net\/blog\/wp-content\/uploads\/2025\/02\/stability-la-charte-de-la-parentalite-un-guide-pour-un-equilibre-familial-harmonieux.png","type":"image\/png"}],"author":"Elodie Mazeau","twitter_card":"summary_large_image","schema":{"@context":"https:\/\/schema.org","@graph":[{"@type":"NewsArticle","@id":"https:\/\/juliedrnd.net\/blog\/a-la-une\/la-charte-de-la-parentalite-un-guide-pour-un-equilibre-familial-harmonieux\/#article","isPartOf":{"@id":"https:\/\/juliedrnd.net\/blog\/a-la-une\/la-charte-de-la-parentalite-un-guide-pour-un-equilibre-familial-harmonieux\/"},"author":{"name":"Elodie Mazeau","@id":"https:\/\/juliedrnd.net\/blog\/#\/schema\/person\/3c864cdc320801e3db34b663e7e3f816"},"headline":"La charte de la parentalit\u00e9 : un guide pour un \u00e9quilibre familial harmonieux","datePublished":"2025-02-12T12:29:00+00:00","mainEntityOfPage":{"@id":"https:\/\/juliedrnd.net\/blog\/a-la-une\/la-charte-de-la-parentalite-un-guide-pour-un-equilibre-familial-harmonieux\/"},"wordCount":664,"commentCount":10,"publisher":{"@id":"https:\/\/juliedrnd.net\/blog\/#organization"},"image":{"@id":"https:\/\/juliedrnd.net\/blog\/a-la-une\/la-charte-de-la-parentalite-un-guide-pour-un-equilibre-familial-harmonieux\/#primaryimage"},"thumbnailUrl":"https:\/\/juliedrnd.net\/blog\/wp-content\/uploads\/2025\/02\/stability-la-charte-de-la-parentalite-un-guide-pour-un-equilibre-familial-harmonieux.png","keywords":["Charte de la Parentalit\u00e9","Coh\u00e9sion Familiale","Communication","\u00c9ducation","Responsabilit\u00e9","Valeurs Familiales"],"articleSection":["\u00c0 la une"],"inLanguage":"fr-FR","potentialAction":[{"@type":"CommentAction","name":"Comment","target":["https:\/\/juliedrnd.net\/blog\/a-la-une\/la-charte-de-la-parentalite-un-guide-pour-un-equilibre-familial-harmonieux\/#respond"]}]},{"@type":"WebPage","@id":"https:\/\/juliedrnd.net\/blog\/a-la-une\/la-charte-de-la-parentalite-un-guide-pour-un-equilibre-familial-harmonieux\/","url":"https:\/\/juliedrnd.net\/blog\/a-la-une\/la-charte-de-la-parentalite-un-guide-pour-un-equilibre-familial-harmonieux\/","name":"La charte de la parentalit\u00e9","isPartOf":{"@id":"https:\/\/juliedrnd.net\/blog\/#website"},"primaryImageOfPage":{"@id":"https:\/\/juliedrnd.net\/blog\/a-la-une\/la-charte-de-la-parentalite-un-guide-pour-un-equilibre-familial-harmonieux\/#primaryimage"},"image":{"@id":"https:\/\/juliedrnd.net\/blog\/a-la-une\/la-charte-de-la-parentalite-un-guide-pour-un-equilibre-familial-harmonieux\/#primaryimage"},"thumbnailUrl":"https:\/\/juliedrnd.net\/blog\/wp-content\/uploads\/2025\/02\/stability-la-charte-de-la-parentalite-un-guide-pour-un-equilibre-familial-harmonieux.png","datePublished":"2025-02-12T12:29:00+00:00","description":"Comment concilier l'\u00e9ducation des enfants avec la vie professionnelle, tout en maintenant une communication fluide au sein de la famille ? La charte de la","inLanguage":"fr-FR","potentialAction":[{"@type":"ReadAction","target":["https:\/\/juliedrnd.net\/blog\/a-la-une\/la-charte-de-la-parentalite-un-guide-pour-un-equilibre-familial-harmonieux\/"]}]},{"@type":"ImageObject","inLanguage":"fr-FR","@id":"https:\/\/juliedrnd.net\/blog\/a-la-une\/la-charte-de-la-parentalite-un-guide-pour-un-equilibre-familial-harmonieux\/#primaryimage","url":"https:\/\/juliedrnd.net\/blog\/wp-content\/uploads\/2025\/02\/stability-la-charte-de-la-parentalite-un-guide-pour-un-equilibre-familial-harmonieux.png","contentUrl":"https:\/\/juliedrnd.net\/blog\/wp-content\/uploads\/2025\/02\/stability-la-charte-de-la-parentalite-un-guide-pour-un-equilibre-familial-harmonieux.png","width":1024,"height":576},{"@type":"WebSite","@id":"https:\/\/juliedrnd.net\/blog\/#website","url":"https:\/\/juliedrnd.net\/blog\/","name":"juliedrnd.net","description":"Vivez, cr\u00e9ez, r\u00eavez.","publisher":{"@id":"https:\/\/juliedrnd.net\/blog\/#organization"},"alternateName":"Vivez, cr\u00e9ez, r\u00eavez.","potentialAction":[{"@type":"SearchAction","target":{"@type":"EntryPoint","urlTemplate":"https:\/\/juliedrnd.net\/blog\/?s={search_term_string}"},"query-input":{"@type":"PropertyValueSpecification","valueRequired":true,"valueName":"search_term_string"}}],"inLanguage":"fr-FR"},{"@type":"Organization","@id":"https:\/\/juliedrnd.net\/blog\/#organization","name":"Julie Drnd","url":"https:\/\/juliedrnd.net\/blog\/","logo":{"@type":"ImageObject","inLanguage":"fr-FR","@id":"https:\/\/juliedrnd.net\/blog\/#\/schema\/logo\/image\/","url":"https:\/\/juliedrnd.net\/blog\/wp-content\/uploads\/2024\/12\/15.png","contentUrl":"https:\/\/juliedrnd.net\/blog\/wp-content\/uploads\/2024\/12\/15.png","width":500,"height":500,"caption":"Julie Drnd"},"image":{"@id":"https:\/\/juliedrnd.net\/blog\/#\/schema\/logo\/image\/"}},{"@type":"Person","@id":"https:\/\/juliedrnd.net\/blog\/#\/schema\/person\/3c864cdc320801e3db34b663e7e3f816","name":"Elodie Mazeau","image":{"@type":"ImageObject","inLanguage":"fr-FR","@id":"https:\/\/juliedrnd.net\/blog\/#\/schema\/person\/image\/","url":"https:\/\/juliedrnd.net\/blog\/wp-content\/uploads\/2026\/06\/persona_elodie-m-96x96.jpg","contentUrl":"https:\/\/juliedrnd.net\/blog\/wp-content\/uploads\/2026\/06\/persona_elodie-m-96x96.jpg","caption":"Elodie Mazeau"},"description":"J'\u00e9cris sur la parentalit\u00e9 telle qu'elle se vit vraiment, du premier biberon aux premi\u00e8res col\u00e8res. Mes sujets de pr\u00e9dilection couvrent le quotidien des familles : sommeil, alimentation, organisation, pu\u00e9riculture et ces petites gal\u00e8res que tout parent conna\u00eet. Depuis plusieurs ann\u00e9es, je m'attache \u00e0 proposer des rep\u00e8res concrets plut\u00f4t que des le\u00e7ons, parce que chaque famille trouve son propre \u00e9quilibre. Je v\u00e9rifie mes informations aupr\u00e8s de sources fiables, surtout d\u00e8s qu'on touche \u00e0 la sant\u00e9 ou \u00e0 la s\u00e9curit\u00e9 de l'enfant, et je pr\u00e9cise quand un avis professionnel s'impose. J'\u00e9vite soigneusement la culpabilisation : \u00eatre parent est d\u00e9j\u00e0 assez exigeant. Mon ton se veut complice et bienveillant, un peu comme une discussion entre parents qui se comprennent. L'id\u00e9e est d'all\u00e9ger la charge mentale en donnant des solutions simples et test\u00e9es.","sameAs":["https:\/\/elodiemazeau.fr\/"],"url":"https:\/\/juliedrnd.net\/blog\/auteur\/noname\/"}]}},"_links":{"self":[{"href":"https:\/\/juliedrnd.net\/blog\/wp-json\/wp\/v2\/posts\/7448","targetHints":{"allow":["GET"]}}],"collection":[{"href":"https:\/\/juliedrnd.net\/blog\/wp-json\/wp\/v2\/posts"}],"about":[{"href":"https:\/\/juliedrnd.net\/blog\/wp-json\/wp\/v2\/types\/post"}],"author":[{"embeddable":true,"href":"https:\/\/juliedrnd.net\/blog\/wp-json\/wp\/v2\/users\/34"}],"replies":[{"embeddable":true,"href":"https:\/\/juliedrnd.net\/blog\/wp-json\/wp\/v2\/comments?post=7448"}],"version-history":[{"count":2,"href":"https:\/\/juliedrnd.net\/blog\/wp-json\/wp\/v2\/posts\/7448\/revisions"}],"predecessor-version":[{"id":7606,"href":"https:\/\/juliedrnd.net\/blog\/wp-json\/wp\/v2\/posts\/7448\/revisions\/7606"}],"wp:featuredmedia":[{"embeddable":true,"href":"https:\/\/juliedrnd.net\/blog\/wp-json\/wp\/v2\/media\/7449"}],"wp:attachment":[{"href":"https:\/\/juliedrnd.net\/blog\/wp-json\/wp\/v2\/media?parent=7448"}],"wp:term":[{"taxonomy":"category","embeddable":true,"href":"https:\/\/juliedrnd.net\/blog\/wp-json\/wp\/v2\/categories?post=7448"},{"taxonomy":"post_tag","embeddable":true,"href":"https:\/\/juliedrnd.net\/blog\/wp-json\/wp\/v2\/tags?post=7448"}],"curies":[{"name":"wp","href":"https:\/\/api.w.org\/{rel}","templated":true}]}}