{"id":7428,"date":"2025-02-09T13:09:00","date_gmt":"2025-02-09T12:09:00","guid":{"rendered":"https:\/\/juliedrnd.net\/blog\/?p=7428"},"modified":"2026-08-25T02:59:20","modified_gmt":"2026-08-25T00:59:20","slug":"deni-de-parentalite-comprendre-ses-causes-et-ses-consequences","status":"publish","type":"post","link":"https:\/\/juliedrnd.net\/blog\/a-la-une\/deni-de-parentalite-comprendre-ses-causes-et-ses-consequences\/","title":{"rendered":"D\u00e9ni de parentalit\u00e9 : comprendre ses causes et ses cons\u00e9quences"},"content":{"rendered":"<h2>Un ph\u00e9nom\u00e8ne complexe<\/h2>\n<p>Ce ph\u00e9nom\u00e8ne se manifeste lorsque l&rsquo;un des parents refuse de reconna\u00eetre ou d&rsquo;assumer son r\u00f4le aupr\u00e8s de l&rsquo;enfant. Cette situation entra\u00eene des cons\u00e9quences \u00e9motionnelles et sociales significatives, tant pour l&rsquo;enfant que pour le parent concern\u00e9. Pourquoi ce sujet m\u00e9rite-t-il une attention particuli\u00e8re ?<\/p>\n<h2>D\u00e9finition et manifestations du d\u00e9ni de parentalit\u00e9<\/h2>\n<p>Le d\u00e9ni de parentalit\u00e9 d\u00e9signe le refus de reconna\u00eetre un lien de parent\u00e9 avec un enfant. Ce comportement peut se manifester de diff\u00e9rentes mani\u00e8res, allant de l&rsquo;absence de soutien \u00e9motionnel jusqu&rsquo;\u00e0 des actions l\u00e9gales visant \u00e0 renier la paternit\u00e9 ou la maternit\u00e9.<\/p>\n<p>Les manifestations du d\u00e9ni de parentalit\u00e9 peuvent inclure :<\/p>\n<ul>\n<li>Refus de prendre en charge les besoins financiers de l&rsquo;enfant.<\/li>\n<li>\u00c9vitement des interactions avec l&rsquo;enfant.<\/li>\n<li>Absence de reconnaissance l\u00e9gale du lien de parent\u00e9.<\/li>\n<\/ul>\n<h2>Causes du d\u00e9ni de parentalit\u00e9<\/h2>\n<p>Les raisons du d\u00e9ni de parentalit\u00e9 sont multiples et souvent complexes. Parmi les facteurs d\u00e9clenchants, on note :<img width=\"1024\" height=\"576\" src=\"https:\/\/juliedrnd.net\/blog\/wp-content\/uploads\/2025\/02\/stability-deni-de-parentalite-comprendre-ses-causes-et-ses-consequences-1.png\" class=\"aligncenter\" alt=\"Illustration d\u00e9taill\u00e9e sur D\u00e9ni de parentalit\u00e9 : comprendre ses causes et ses cons\u00e9quences\" title=\"D\u00e9ni de parentalit\u00e9 : comprendre ses causes et ses cons\u00e9quences\" decoding=\"async\" loading=\"lazy\" \/><\/p>\n<ul>\n<li>Des conflits relationnels entre les parents.<\/li>\n<li>Des pr\u00e9occupations li\u00e9es \u00e0 l\u2019identit\u00e9 personnelle ou \u00e0 la stigmatisation sociale.<\/li>\n<li>Des complications psychologiques, telles que des troubles de l&rsquo;attachement.<\/li>\n<\/ul>\n<p>Les parents peuvent ressentir de la peur face \u00e0 la responsabilit\u00e9 ou \u00e0 l&rsquo;engagement que requiert la parentalit\u00e9. Ce sentiment peut les pousser \u00e0 se distancier de leur r\u00f4le parental, entra\u00eenant des comportements de d\u00e9ni.<\/p>\n<h2>Cons\u00e9quences pour l&rsquo;enfant et le parent<\/h2>\n<p>Le d\u00e9ni de parentalit\u00e9 a des impacts consid\u00e9rables sur l&rsquo;enfant, souvent sur le plan \u00e9motionnel et social. Les enfants peuvent \u00e9prouver un sentiment d&rsquo;abandon, de rejet ou une faible estime de soi. Ils peuvent \u00e9galement rencontrer des difficult\u00e9s dans leurs relations futures, ayant int\u00e9gr\u00e9 des mod\u00e8les n\u00e9gatifs de parentalit\u00e9.<\/p>\n<p>Pour le parent qui nie son r\u00f4le, les cons\u00e9quences peuvent \u00eatre tout aussi lourdes. Le sentiment de culpabilit\u00e9 peut peser sur sa conscience, et les relations familiales peuvent en p\u00e2tir. En outre, la soci\u00e9t\u00e9 peut parfois porter un regard critique sur ces comportements, entra\u00eenant un isolement social.<\/p>\n<p><iframe loading=\"lazy\" title=\"Les sympt\u00f4mes du d\u00e9ni de grossesse #shorts\" width=\"1200\" height=\"675\" src=\"https:\/\/www.youtube.com\/embed\/0juT890rTcw?feature=oembed\" frameborder=\"0\" allow=\"accelerometer; autoplay; clipboard-write; encrypted-media; gyroscope; picture-in-picture; web-share\" referrerpolicy=\"strict-origin-when-cross-origin\" allowfullscreen><\/iframe><\/p>\n<h2>Aider \u00e0 surmonter le d\u00e9ni de parentalit\u00e9<\/h2>\n<p>Il existe des approches pour aider les parents \u00e0 surmonter le d\u00e9ni de parentalit\u00e9. Voici quelques \u00e9tapes cl\u00e9s :<\/p>\n<ul>\n<li><strong>Prise de conscience :<\/strong> Le premier pas consiste \u00e0 reconna\u00eetre le d\u00e9ni et ses effets sur l&rsquo;enfant.<\/li>\n<li><strong>Consultation professionnelle :<\/strong> Faire appel \u00e0 un psychologue ou \u00e0 un conseiller familial peut fournir un soutien pr\u00e9cieux.<\/li>\n<li><strong>Engagement progressif :<\/strong> Encourager des interactions positives avec l\u2019enfant, m\u00eame de fa\u00e7on symbolique, peut aider \u00e0 reconstruire le lien.<\/li>\n<\/ul>\n<h2>Tableau r\u00e9capitulatif des impacts du d\u00e9ni de parentalit\u00e9<\/h2>\n<table>\n<tr>\n<th>Impact<\/th>\n<th>Sur l&rsquo;enfant<\/th>\n<th>Sur le parent<\/th>\n<\/tr>\n<tr>\n<td>\u00c9motionnel<\/td>\n<td>Sentiment d&rsquo;abandon<\/td>\n<td>Culpabilit\u00e9 et honte<\/td>\n<\/tr>\n<tr>\n<td>Social<\/td>\n<td>Difficult\u00e9s relationnelles<\/td>\n<td>Isolement social<\/td>\n<\/tr>\n<tr>\n<td>L\u00e9gal<\/td>\n<td>Absence de droits<\/td>\n<td>Risques juridiques<\/td>\n<\/tr>\n<\/table>\n<blockquote>\n<p>\u00ab\u00a0Le d\u00e9ni de parentalit\u00e9 n&rsquo;est pas seulement un probl\u00e8me familial, il touche \u00e9galement le tissu social.\u00a0\u00bb &#8211; Expert en psychologie familiale<\/p>\n<\/blockquote>\n<h3>FAQ :<\/h3>\n<blockquote>\n<ul>\n<li><strong>Qu&rsquo;est-ce qui peut provoquer un d\u00e9ni de parentalit\u00e9 ?<\/strong>Des conflits relationnels, des peurs personnelles et des troubles psychologiques peuvent en \u00eatre la cause.<\/li>\n<li><strong>Quel impact le d\u00e9ni de parentalit\u00e9 a-t-il sur l&rsquo;enfant ?<\/strong>Il peut engendrer des sentiments d&rsquo;abandon, de rejet et des difficult\u00e9s dans les relations futures.<\/li>\n<li><strong>Comment aider un parent en situation de d\u00e9ni ?<\/strong>La prise de conscience, la consultation professionnelle et l&rsquo;engagement progressif sont des \u00e9tapes cl\u00e9s.<\/li>\n<li><strong>Le d\u00e9ni de parentalit\u00e9 peut-il \u00eatre surmont\u00e9 ?<\/strong>Oui, avec le soutien appropri\u00e9 et un engagement personnel, il est possible de surmonter ce d\u00e9ni.<\/li>\n<\/ul>\n<\/blockquote>\n<p>En somme, le d\u00e9ni de parentalit\u00e9 repr\u00e9sente un enjeu complexe qui m\u00e9rite attention et compr\u00e9hension. Aborder ce sujet avec compassion et ouverture peut faciliter la gu\u00e9rison et renforcer les liens familiaux.<\/p>\n<hr>\n<div class=\"articles-lies\">\n<h3>\u00c0 lire aussi<\/h3>\n<ul>\n<li><a href=\"https:\/\/juliedrnd.net\/blog\/a-la-une\/les-enjeux-contemporains-de-la-parentalite-defis-et-opportunites\/\">Les enjeux contemporains de la parentalit\u00e9<\/a><\/li>\n<li><a href=\"https:\/\/juliedrnd.net\/blog\/a-la-une\/comprendre-la-parentalite-defis-et-solutions-pour-les-familles-modernes\/\">Comprendre la parentalit\u00e9 aujourd&#039;hui<\/a><\/li>\n<li><a href=\"https:\/\/juliedrnd.net\/blog\/a-la-une\/enfance-et-parentalite-comprendre-les-enjeux-et-les-defis-actuels\/\">Enfance et parentalit\u00e9 : les enjeux actuels<\/a><\/li>\n<\/ul>\n<\/div>\n","protected":false},"excerpt":{"rendered":"","protected":false},"author":34,"featured_media":7429,"comment_status":"open","ping_status":"open","sticky":false,"template":"","format":"standard","meta":{"_acf_changed":false,"manual_indexmenow":false,"indexmenow_id_project":0,"footnotes":""},"categories":[1],"tags":[4652,4589,4588,4651,4653,4650],"class_list":["post-7428","post","type-post","status-publish","format-standard","has-post-thumbnail","hentry","category-a-la-une","tag-aide-psychologique","tag-consequences-emotionnelles","tag-deni-de-parentalite","tag-impact-social","tag-prise-de-conscience","tag-role-parental","generate-columns","tablet-grid-50","mobile-grid-100","grid-parent","grid-25"],"acf":[],"yoast_head":"<!-- This site is optimized with the Yoast SEO Premium plugin v21.3 (Yoast SEO v25.6) - https:\/\/yoast.com\/wordpress\/plugins\/seo\/ -->\n<title>D\u00e9ni de paternit\u00e9 et de parentalit\u00e9 : causes et cons\u00e9quences<\/title>\n<meta name=\"description\" content=\"D\u00e9ni de paternit\u00e9 ou de parentalit\u00e9 : d\u00e9finition, causes psychologiques, cons\u00e9quences pour l&#039;enfant et solutions concr\u00e8tes pour s&#039;en sortir.\" \/>\n<meta name=\"robots\" content=\"index, follow, max-snippet:-1, max-image-preview:large, max-video-preview:-1\" \/>\n<link rel=\"canonical\" href=\"https:\/\/juliedrnd.net\/blog\/a-la-une\/deni-de-parentalite-comprendre-ses-causes-et-ses-consequences\/\" \/>\n<meta property=\"og:locale\" content=\"fr_FR\" \/>\n<meta property=\"og:type\" content=\"article\" \/>\n<meta property=\"og:title\" content=\"D\u00e9ni de paternit\u00e9 et de parentalit\u00e9 : causes et cons\u00e9quences\" \/>\n<meta property=\"og:description\" content=\"D\u00e9ni de paternit\u00e9 ou de parentalit\u00e9 : d\u00e9finition, causes psychologiques, cons\u00e9quences pour l&#039;enfant et solutions concr\u00e8tes pour s&#039;en sortir.\" \/>\n<meta property=\"og:url\" content=\"https:\/\/juliedrnd.net\/blog\/a-la-une\/deni-de-parentalite-comprendre-ses-causes-et-ses-consequences\/\" \/>\n<meta property=\"og:site_name\" content=\"juliedrnd\" \/>\n<meta property=\"og:image\" content=\"https:\/\/juliedrnd.net\/blog\/wp-content\/uploads\/2025\/02\/stability-deni-de-parentalite-comprendre-ses-causes-et-ses-consequences.png\" \/>\n\t<meta property=\"og:image:width\" content=\"1024\" \/>\n\t<meta property=\"og:image:height\" content=\"576\" \/>\n\t<meta property=\"og:image:type\" content=\"image\/png\" \/>\n<meta name=\"author\" content=\"Elodie Mazeau\" \/>\n<meta name=\"twitter:card\" content=\"summary_large_image\" \/>\n<script type=\"application\/ld+json\" class=\"yoast-schema-graph\">{\"@context\":\"https:\/\/schema.org\",\"@graph\":[{\"@type\":\"NewsArticle\",\"@id\":\"https:\/\/juliedrnd.net\/blog\/a-la-une\/deni-de-parentalite-comprendre-ses-causes-et-ses-consequences\/#article\",\"isPartOf\":{\"@id\":\"https:\/\/juliedrnd.net\/blog\/a-la-une\/deni-de-parentalite-comprendre-ses-causes-et-ses-consequences\/\"},\"author\":{\"name\":\"Elodie Mazeau\",\"@id\":\"https:\/\/juliedrnd.net\/blog\/#\/schema\/person\/3c864cdc320801e3db34b663e7e3f816\"},\"headline\":\"D\u00e9ni de parentalit\u00e9 : comprendre ses causes et ses cons\u00e9quences\",\"datePublished\":\"2025-02-09T12:09:00+00:00\",\"dateModified\":\"2026-08-25T00:59:20+00:00\",\"mainEntityOfPage\":{\"@id\":\"https:\/\/juliedrnd.net\/blog\/a-la-une\/deni-de-parentalite-comprendre-ses-causes-et-ses-consequences\/\"},\"wordCount\":674,\"commentCount\":25,\"publisher\":{\"@id\":\"https:\/\/juliedrnd.net\/blog\/#organization\"},\"image\":{\"@id\":\"https:\/\/juliedrnd.net\/blog\/a-la-une\/deni-de-parentalite-comprendre-ses-causes-et-ses-consequences\/#primaryimage\"},\"thumbnailUrl\":\"https:\/\/juliedrnd.net\/blog\/wp-content\/uploads\/2025\/02\/stability-deni-de-parentalite-comprendre-ses-causes-et-ses-consequences.png\",\"keywords\":[\"Aide Psychologique\",\"Cons\u00e9quences \u00e9motionnelles\",\"D\u00e9ni de parentalit\u00e9\",\"Impact Social\",\"Prise de Conscience\",\"R\u00f4le Parental\"],\"articleSection\":[\"\u00c0 la une\"],\"inLanguage\":\"fr-FR\",\"potentialAction\":[{\"@type\":\"CommentAction\",\"name\":\"Comment\",\"target\":[\"https:\/\/juliedrnd.net\/blog\/a-la-une\/deni-de-parentalite-comprendre-ses-causes-et-ses-consequences\/#respond\"]}]},{\"@type\":\"WebPage\",\"@id\":\"https:\/\/juliedrnd.net\/blog\/a-la-une\/deni-de-parentalite-comprendre-ses-causes-et-ses-consequences\/\",\"url\":\"https:\/\/juliedrnd.net\/blog\/a-la-une\/deni-de-parentalite-comprendre-ses-causes-et-ses-consequences\/\",\"name\":\"D\u00e9ni de paternit\u00e9 et de parentalit\u00e9 : causes et cons\u00e9quences\",\"isPartOf\":{\"@id\":\"https:\/\/juliedrnd.net\/blog\/#website\"},\"primaryImageOfPage\":{\"@id\":\"https:\/\/juliedrnd.net\/blog\/a-la-une\/deni-de-parentalite-comprendre-ses-causes-et-ses-consequences\/#primaryimage\"},\"image\":{\"@id\":\"https:\/\/juliedrnd.net\/blog\/a-la-une\/deni-de-parentalite-comprendre-ses-causes-et-ses-consequences\/#primaryimage\"},\"thumbnailUrl\":\"https:\/\/juliedrnd.net\/blog\/wp-content\/uploads\/2025\/02\/stability-deni-de-parentalite-comprendre-ses-causes-et-ses-consequences.png\",\"datePublished\":\"2025-02-09T12:09:00+00:00\",\"dateModified\":\"2026-08-25T00:59:20+00:00\",\"description\":\"D\u00e9ni de paternit\u00e9 ou de parentalit\u00e9 : d\u00e9finition, causes psychologiques, cons\u00e9quences pour l'enfant et solutions concr\u00e8tes pour s'en sortir.\",\"inLanguage\":\"fr-FR\",\"potentialAction\":[{\"@type\":\"ReadAction\",\"target\":[\"https:\/\/juliedrnd.net\/blog\/a-la-une\/deni-de-parentalite-comprendre-ses-causes-et-ses-consequences\/\"]}]},{\"@type\":\"ImageObject\",\"inLanguage\":\"fr-FR\",\"@id\":\"https:\/\/juliedrnd.net\/blog\/a-la-une\/deni-de-parentalite-comprendre-ses-causes-et-ses-consequences\/#primaryimage\",\"url\":\"https:\/\/juliedrnd.net\/blog\/wp-content\/uploads\/2025\/02\/stability-deni-de-parentalite-comprendre-ses-causes-et-ses-consequences.png\",\"contentUrl\":\"https:\/\/juliedrnd.net\/blog\/wp-content\/uploads\/2025\/02\/stability-deni-de-parentalite-comprendre-ses-causes-et-ses-consequences.png\",\"width\":1024,\"height\":576},{\"@type\":\"WebSite\",\"@id\":\"https:\/\/juliedrnd.net\/blog\/#website\",\"url\":\"https:\/\/juliedrnd.net\/blog\/\",\"name\":\"juliedrnd.net\",\"description\":\"Vivez, cr\u00e9ez, r\u00eavez.\",\"publisher\":{\"@id\":\"https:\/\/juliedrnd.net\/blog\/#organization\"},\"alternateName\":\"Vivez, cr\u00e9ez, r\u00eavez.\",\"potentialAction\":[{\"@type\":\"SearchAction\",\"target\":{\"@type\":\"EntryPoint\",\"urlTemplate\":\"https:\/\/juliedrnd.net\/blog\/?s={search_term_string}\"},\"query-input\":{\"@type\":\"PropertyValueSpecification\",\"valueRequired\":true,\"valueName\":\"search_term_string\"}}],\"inLanguage\":\"fr-FR\"},{\"@type\":\"Organization\",\"@id\":\"https:\/\/juliedrnd.net\/blog\/#organization\",\"name\":\"Julie Drnd\",\"url\":\"https:\/\/juliedrnd.net\/blog\/\",\"logo\":{\"@type\":\"ImageObject\",\"inLanguage\":\"fr-FR\",\"@id\":\"https:\/\/juliedrnd.net\/blog\/#\/schema\/logo\/image\/\",\"url\":\"https:\/\/juliedrnd.net\/blog\/wp-content\/uploads\/2024\/12\/15.png\",\"contentUrl\":\"https:\/\/juliedrnd.net\/blog\/wp-content\/uploads\/2024\/12\/15.png\",\"width\":500,\"height\":500,\"caption\":\"Julie Drnd\"},\"image\":{\"@id\":\"https:\/\/juliedrnd.net\/blog\/#\/schema\/logo\/image\/\"}},{\"@type\":\"Person\",\"@id\":\"https:\/\/juliedrnd.net\/blog\/#\/schema\/person\/3c864cdc320801e3db34b663e7e3f816\",\"name\":\"Elodie Mazeau\",\"image\":{\"@type\":\"ImageObject\",\"inLanguage\":\"fr-FR\",\"@id\":\"https:\/\/juliedrnd.net\/blog\/#\/schema\/person\/image\/\",\"url\":\"https:\/\/juliedrnd.net\/blog\/wp-content\/uploads\/2026\/06\/persona_elodie-m-96x96.jpg\",\"contentUrl\":\"https:\/\/juliedrnd.net\/blog\/wp-content\/uploads\/2026\/06\/persona_elodie-m-96x96.jpg\",\"caption\":\"Elodie Mazeau\"},\"description\":\"J'\u00e9cris sur la parentalit\u00e9 telle qu'elle se vit vraiment, du premier biberon aux premi\u00e8res col\u00e8res. Mes sujets de pr\u00e9dilection couvrent le quotidien des familles : sommeil, alimentation, organisation, pu\u00e9riculture et ces petites gal\u00e8res que tout parent conna\u00eet. Depuis plusieurs ann\u00e9es, je m'attache \u00e0 proposer des rep\u00e8res concrets plut\u00f4t que des le\u00e7ons, parce que chaque famille trouve son propre \u00e9quilibre. Je v\u00e9rifie mes informations aupr\u00e8s de sources fiables, surtout d\u00e8s qu'on touche \u00e0 la sant\u00e9 ou \u00e0 la s\u00e9curit\u00e9 de l'enfant, et je pr\u00e9cise quand un avis professionnel s'impose. J'\u00e9vite soigneusement la culpabilisation : \u00eatre parent est d\u00e9j\u00e0 assez exigeant. Mon ton se veut complice et bienveillant, un peu comme une discussion entre parents qui se comprennent. L'id\u00e9e est d'all\u00e9ger la charge mentale en donnant des solutions simples et test\u00e9es.\",\"sameAs\":[\"https:\/\/elodiemazeau.fr\/\"],\"url\":\"https:\/\/juliedrnd.net\/blog\/auteur\/noname\/\"}]}<\/script>\n<!-- \/ Yoast SEO Premium plugin. -->","yoast_head_json":{"title":"D\u00e9ni de paternit\u00e9 et de parentalit\u00e9 : causes et cons\u00e9quences","description":"D\u00e9ni de paternit\u00e9 ou de parentalit\u00e9 : d\u00e9finition, causes psychologiques, cons\u00e9quences pour l'enfant et solutions concr\u00e8tes pour s'en sortir.","robots":{"index":"index","follow":"follow","max-snippet":"max-snippet:-1","max-image-preview":"max-image-preview:large","max-video-preview":"max-video-preview:-1"},"canonical":"https:\/\/juliedrnd.net\/blog\/a-la-une\/deni-de-parentalite-comprendre-ses-causes-et-ses-consequences\/","og_locale":"fr_FR","og_type":"article","og_title":"D\u00e9ni de paternit\u00e9 et de parentalit\u00e9 : causes et cons\u00e9quences","og_description":"D\u00e9ni de paternit\u00e9 ou de parentalit\u00e9 : d\u00e9finition, causes psychologiques, cons\u00e9quences pour l'enfant et solutions concr\u00e8tes pour s'en sortir.","og_url":"https:\/\/juliedrnd.net\/blog\/a-la-une\/deni-de-parentalite-comprendre-ses-causes-et-ses-consequences\/","og_site_name":"juliedrnd","og_image":[{"width":1024,"height":576,"url":"https:\/\/juliedrnd.net\/blog\/wp-content\/uploads\/2025\/02\/stability-deni-de-parentalite-comprendre-ses-causes-et-ses-consequences.png","type":"image\/png"}],"author":"Elodie Mazeau","twitter_card":"summary_large_image","schema":{"@context":"https:\/\/schema.org","@graph":[{"@type":"NewsArticle","@id":"https:\/\/juliedrnd.net\/blog\/a-la-une\/deni-de-parentalite-comprendre-ses-causes-et-ses-consequences\/#article","isPartOf":{"@id":"https:\/\/juliedrnd.net\/blog\/a-la-une\/deni-de-parentalite-comprendre-ses-causes-et-ses-consequences\/"},"author":{"name":"Elodie Mazeau","@id":"https:\/\/juliedrnd.net\/blog\/#\/schema\/person\/3c864cdc320801e3db34b663e7e3f816"},"headline":"D\u00e9ni de parentalit\u00e9 : comprendre ses causes et ses cons\u00e9quences","datePublished":"2025-02-09T12:09:00+00:00","dateModified":"2026-08-25T00:59:20+00:00","mainEntityOfPage":{"@id":"https:\/\/juliedrnd.net\/blog\/a-la-une\/deni-de-parentalite-comprendre-ses-causes-et-ses-consequences\/"},"wordCount":674,"commentCount":25,"publisher":{"@id":"https:\/\/juliedrnd.net\/blog\/#organization"},"image":{"@id":"https:\/\/juliedrnd.net\/blog\/a-la-une\/deni-de-parentalite-comprendre-ses-causes-et-ses-consequences\/#primaryimage"},"thumbnailUrl":"https:\/\/juliedrnd.net\/blog\/wp-content\/uploads\/2025\/02\/stability-deni-de-parentalite-comprendre-ses-causes-et-ses-consequences.png","keywords":["Aide Psychologique","Cons\u00e9quences \u00e9motionnelles","D\u00e9ni de parentalit\u00e9","Impact Social","Prise de Conscience","R\u00f4le Parental"],"articleSection":["\u00c0 la une"],"inLanguage":"fr-FR","potentialAction":[{"@type":"CommentAction","name":"Comment","target":["https:\/\/juliedrnd.net\/blog\/a-la-une\/deni-de-parentalite-comprendre-ses-causes-et-ses-consequences\/#respond"]}]},{"@type":"WebPage","@id":"https:\/\/juliedrnd.net\/blog\/a-la-une\/deni-de-parentalite-comprendre-ses-causes-et-ses-consequences\/","url":"https:\/\/juliedrnd.net\/blog\/a-la-une\/deni-de-parentalite-comprendre-ses-causes-et-ses-consequences\/","name":"D\u00e9ni de paternit\u00e9 et de parentalit\u00e9 : causes et cons\u00e9quences","isPartOf":{"@id":"https:\/\/juliedrnd.net\/blog\/#website"},"primaryImageOfPage":{"@id":"https:\/\/juliedrnd.net\/blog\/a-la-une\/deni-de-parentalite-comprendre-ses-causes-et-ses-consequences\/#primaryimage"},"image":{"@id":"https:\/\/juliedrnd.net\/blog\/a-la-une\/deni-de-parentalite-comprendre-ses-causes-et-ses-consequences\/#primaryimage"},"thumbnailUrl":"https:\/\/juliedrnd.net\/blog\/wp-content\/uploads\/2025\/02\/stability-deni-de-parentalite-comprendre-ses-causes-et-ses-consequences.png","datePublished":"2025-02-09T12:09:00+00:00","dateModified":"2026-08-25T00:59:20+00:00","description":"D\u00e9ni de paternit\u00e9 ou de parentalit\u00e9 : d\u00e9finition, causes psychologiques, cons\u00e9quences pour l'enfant et solutions concr\u00e8tes pour s'en sortir.","inLanguage":"fr-FR","potentialAction":[{"@type":"ReadAction","target":["https:\/\/juliedrnd.net\/blog\/a-la-une\/deni-de-parentalite-comprendre-ses-causes-et-ses-consequences\/"]}]},{"@type":"ImageObject","inLanguage":"fr-FR","@id":"https:\/\/juliedrnd.net\/blog\/a-la-une\/deni-de-parentalite-comprendre-ses-causes-et-ses-consequences\/#primaryimage","url":"https:\/\/juliedrnd.net\/blog\/wp-content\/uploads\/2025\/02\/stability-deni-de-parentalite-comprendre-ses-causes-et-ses-consequences.png","contentUrl":"https:\/\/juliedrnd.net\/blog\/wp-content\/uploads\/2025\/02\/stability-deni-de-parentalite-comprendre-ses-causes-et-ses-consequences.png","width":1024,"height":576},{"@type":"WebSite","@id":"https:\/\/juliedrnd.net\/blog\/#website","url":"https:\/\/juliedrnd.net\/blog\/","name":"juliedrnd.net","description":"Vivez, cr\u00e9ez, r\u00eavez.","publisher":{"@id":"https:\/\/juliedrnd.net\/blog\/#organization"},"alternateName":"Vivez, cr\u00e9ez, r\u00eavez.","potentialAction":[{"@type":"SearchAction","target":{"@type":"EntryPoint","urlTemplate":"https:\/\/juliedrnd.net\/blog\/?s={search_term_string}"},"query-input":{"@type":"PropertyValueSpecification","valueRequired":true,"valueName":"search_term_string"}}],"inLanguage":"fr-FR"},{"@type":"Organization","@id":"https:\/\/juliedrnd.net\/blog\/#organization","name":"Julie Drnd","url":"https:\/\/juliedrnd.net\/blog\/","logo":{"@type":"ImageObject","inLanguage":"fr-FR","@id":"https:\/\/juliedrnd.net\/blog\/#\/schema\/logo\/image\/","url":"https:\/\/juliedrnd.net\/blog\/wp-content\/uploads\/2024\/12\/15.png","contentUrl":"https:\/\/juliedrnd.net\/blog\/wp-content\/uploads\/2024\/12\/15.png","width":500,"height":500,"caption":"Julie Drnd"},"image":{"@id":"https:\/\/juliedrnd.net\/blog\/#\/schema\/logo\/image\/"}},{"@type":"Person","@id":"https:\/\/juliedrnd.net\/blog\/#\/schema\/person\/3c864cdc320801e3db34b663e7e3f816","name":"Elodie Mazeau","image":{"@type":"ImageObject","inLanguage":"fr-FR","@id":"https:\/\/juliedrnd.net\/blog\/#\/schema\/person\/image\/","url":"https:\/\/juliedrnd.net\/blog\/wp-content\/uploads\/2026\/06\/persona_elodie-m-96x96.jpg","contentUrl":"https:\/\/juliedrnd.net\/blog\/wp-content\/uploads\/2026\/06\/persona_elodie-m-96x96.jpg","caption":"Elodie Mazeau"},"description":"J'\u00e9cris sur la parentalit\u00e9 telle qu'elle se vit vraiment, du premier biberon aux premi\u00e8res col\u00e8res. Mes sujets de pr\u00e9dilection couvrent le quotidien des familles : sommeil, alimentation, organisation, pu\u00e9riculture et ces petites gal\u00e8res que tout parent conna\u00eet. Depuis plusieurs ann\u00e9es, je m'attache \u00e0 proposer des rep\u00e8res concrets plut\u00f4t que des le\u00e7ons, parce que chaque famille trouve son propre \u00e9quilibre. Je v\u00e9rifie mes informations aupr\u00e8s de sources fiables, surtout d\u00e8s qu'on touche \u00e0 la sant\u00e9 ou \u00e0 la s\u00e9curit\u00e9 de l'enfant, et je pr\u00e9cise quand un avis professionnel s'impose. J'\u00e9vite soigneusement la culpabilisation : \u00eatre parent est d\u00e9j\u00e0 assez exigeant. Mon ton se veut complice et bienveillant, un peu comme une discussion entre parents qui se comprennent. L'id\u00e9e est d'all\u00e9ger la charge mentale en donnant des solutions simples et test\u00e9es.","sameAs":["https:\/\/elodiemazeau.fr\/"],"url":"https:\/\/juliedrnd.net\/blog\/auteur\/noname\/"}]}},"_links":{"self":[{"href":"https:\/\/juliedrnd.net\/blog\/wp-json\/wp\/v2\/posts\/7428","targetHints":{"allow":["GET"]}}],"collection":[{"href":"https:\/\/juliedrnd.net\/blog\/wp-json\/wp\/v2\/posts"}],"about":[{"href":"https:\/\/juliedrnd.net\/blog\/wp-json\/wp\/v2\/types\/post"}],"author":[{"embeddable":true,"href":"https:\/\/juliedrnd.net\/blog\/wp-json\/wp\/v2\/users\/34"}],"replies":[{"embeddable":true,"href":"https:\/\/juliedrnd.net\/blog\/wp-json\/wp\/v2\/comments?post=7428"}],"version-history":[{"count":2,"href":"https:\/\/juliedrnd.net\/blog\/wp-json\/wp\/v2\/posts\/7428\/revisions"}],"predecessor-version":[{"id":7575,"href":"https:\/\/juliedrnd.net\/blog\/wp-json\/wp\/v2\/posts\/7428\/revisions\/7575"}],"wp:featuredmedia":[{"embeddable":true,"href":"https:\/\/juliedrnd.net\/blog\/wp-json\/wp\/v2\/media\/7429"}],"wp:attachment":[{"href":"https:\/\/juliedrnd.net\/blog\/wp-json\/wp\/v2\/media?parent=7428"}],"wp:term":[{"taxonomy":"category","embeddable":true,"href":"https:\/\/juliedrnd.net\/blog\/wp-json\/wp\/v2\/categories?post=7428"},{"taxonomy":"post_tag","embeddable":true,"href":"https:\/\/juliedrnd.net\/blog\/wp-json\/wp\/v2\/tags?post=7428"}],"curies":[{"name":"wp","href":"https:\/\/api.w.org\/{rel}","templated":true}]}}