{"id":7223,"date":"2024-12-19T07:31:55","date_gmt":"2024-12-19T06:31:55","guid":{"rendered":"https:\/\/juliedrnd.net\/blog\/a-la-une\/les-etapes-du-developpement-moteur-et-psychologique-des-tout-petits\/"},"modified":"2024-12-19T07:31:55","modified_gmt":"2024-12-19T06:31:55","slug":"les-etapes-du-developpement-moteur-et-psychologique-des-tout-petits","status":"publish","type":"post","link":"https:\/\/juliedrnd.net\/blog\/education-positive\/les-etapes-du-developpement-moteur-et-psychologique-des-tout-petits\/","title":{"rendered":"Les \u00e9tapes du d\u00e9veloppement moteur et psychologique des tout-petits"},"content":{"rendered":"\n\n<p class=\"wp-block-paragraph\">Le <strong>d\u00e9veloppement moteur<\/strong> et <strong>psychologique<\/strong> des tout-petits est une p\u00e9riode fascinante et cruciale de leur vie. D\u00e8s les premiers mois, les enfants commencent \u00e0 explorer le monde qui les entoure, en d\u00e9veloppant des comp\u00e9tences qui vont poser les fondations de leur avenir. De la d\u00e9couverte des mouvements de base comme <strong>ramper<\/strong> et <strong>marcher<\/strong> jusqu&rsquo;\u00e0 l&rsquo;acquisition de la <strong>parole<\/strong> et de l&rsquo;autonomie \u00e9motionnelle, chaque \u00e9tape de leur d\u00e9veloppement est essentielle pour leur bien-\u00eatre global. Il est donc primordial pour les parents et les \u00e9ducateurs de comprendre ces \u00e9tapes cl\u00e9s, non seulement pour soutenir les tout-petits dans leur <strong>\u00e9panouissement<\/strong>, mais aussi pour \u00e9tablir des bases solides en mati\u00e8re de <strong>socialisation<\/strong> et de <strong>confiance en soi<\/strong>. Cet article propose de d\u00e9crire ces \u00e9tapes de mani\u00e8re claire et accessible, afin d&rsquo;accompagner chaque enfant dans son parcours unique.<\/p>\n\n\n\n<h2 class=\"wp-block-heading\">De la naissance \u00e0 3 mois<\/h2>\n\n\n<p class=\"wp-block-paragraph\">Au cours des <strong>premiers mois<\/strong> de la vie, les b\u00e9b\u00e9s commencent \u00e0 d\u00e9velopper des r\u00e9flexes moteurs de base. Ils apprennent \u00e0 <strong>lever la t\u00eate<\/strong> lorsqu&rsquo;ils sont plac\u00e9s sur le ventre. \u00c0 2 mois, ils peuvent faire des mouvements de <strong>rotation<\/strong> de la t\u00eate et commencent \u00e0 saisir des objets, m\u00eame si leurs mouvements sont encore d\u00e9sordonn\u00e9s.<\/p>\n\n\n<h2 class=\"wp-block-heading\">3 \u00e0 6 mois<\/h2>\n\n\n<p class=\"wp-block-paragraph\">Entre 3 et 6 mois, les b\u00e9b\u00e9s acqui\u00e8rent une plus grande <strong>ma\u00eetrise de leur corps<\/strong>. Ils sont capables de <strong>tenue assise<\/strong> avec un soutien et commencent \u00e0 se retourner sur le ventre ou le dos. Vers 5 mois, beaucoup d&rsquo;enfants saisissent des objets plus intentionnellement, montrant un int\u00e9r\u00eat pour le <strong>jeu<\/strong> et l&rsquo;exploration.<\/p>\n\n\n<h2 class=\"wp-block-heading\">6 \u00e0 9 mois<\/h2>\n\n\n<p class=\"wp-block-paragraph\">Cette p\u00e9riode est marqu\u00e9e par le <strong>renforcement musculaire<\/strong> et le d\u00e9veloppement de nouvelles capacit\u00e9s. Les enfants commencent \u00e0 se d\u00e9placer, que ce soit en <strong>rampant<\/strong> ou en se mettant sur leurs mains et genoux. Ils peuvent \u00e9galement se tenir debout avec un soutien. \u00c0 9 mois, certains commencent m\u00eame \u00e0 <strong>s&rsquo;asseoir sans soutien<\/strong>.<\/p>\n\n\n<h2 class=\"wp-block-heading\">9 \u00e0 12 mois<\/h2>\n\n\n<p class=\"wp-block-paragraph\">\u00c0 ce stade, les tout-petits sont souvent en mesure de <strong>se d\u00e9placer<\/strong> de mani\u00e8re plus autonome. Ils apprennent \u00e0 <strong>se lever<\/strong> tout seuls et \u00e0 se d\u00e9placer en tirant des objets ou en se tenant aux meubles (marche \u00e0 quatre pattes). Cette \u00e9tape est cruciale car elle pr\u00e9pare l&rsquo;enfant \u00e0 faire ses premiers <strong>pas<\/strong>.<\/p>\n\n\n<h2 class=\"wp-block-heading\">12 \u00e0 18 mois<\/h2>\n\n\n<p class=\"wp-block-paragraph\">La marche est un accomplissement cl\u00e9 durant cette p\u00e9riode. Entre 12 et 18 mois, la plupart des enfants commencent \u00e0 <strong>marcher<\/strong> de mani\u00e8re stable. Les tout-petits gagnent en <strong>\u00e9quilibre<\/strong> et en <strong>coordination<\/strong>. Ils exp\u00e9rimentent \u00e9galement des mouvements plus complexes, tels que grimper sur des meubles bas.<\/p>\n\n\n<h2 class=\"wp-block-heading\">18 mois \u00e0 2 ans<\/h2>\n\n\n<p class=\"wp-block-paragraph\">\u00c0 ce stade, les enfants deviennent plus aventureux et commencent \u00e0 courir, sauter et monter des escaliers avec un soutien. Ils d\u00e9veloppent des capacit\u00e9s de <strong>pr\u00e9-cat\u00e9gorisation<\/strong> en ex\u00e9cutant des mouvements plus raffin\u00e9s, comme <strong>lancer<\/strong> et <strong>attraper<\/strong> un ballon.<\/p>\n\n\n<h2 class=\"wp-block-heading\">2 \u00e0 3 ans<\/h2>\n\n\n<p class=\"wp-block-paragraph\">Les enfants de 2 \u00e0 3 ans sont en plein d\u00e9veloppement motoris\u00e9. Ils peuvent marcher de mani\u00e8re ind\u00e9pendante, courir, sauter et m\u00eame <strong>taper dans un ballon<\/strong>. Leur <strong>coordination<\/strong> s&rsquo;am\u00e9liore, et ils commencent \u00e0 utiliser des objets comme des crayons pour <strong>dessiner<\/strong> ou jouer avec des blocs.<\/p>\n\n\n\n<p class=\"wp-block-paragraph\">Le d\u00e9veloppement <strong>psychologique<\/strong> des tout-petits se d\u00e9roule en plusieurs \u00e9tapes cl\u00e9s qui influencent leur <strong>\u00e9panouissement<\/strong> personnel et social. Parmi ces \u00e9tapes, on retrouve :<\/p>\n\n\n<h2 class=\"wp-block-heading\">1. Le lien d&rsquo;attachement<\/h2>\n\n\n<p class=\"wp-block-paragraph\">La premi\u00e8re \u00e9tape du d\u00e9veloppement psychologique des enfants se manifeste par la cr\u00e9ation d&rsquo;un <strong>lien d&rsquo;attachement<\/strong> s\u00e9curis\u00e9 avec les figures parentales ou les personnes qui s&rsquo;occupent d&rsquo;eux. Ce lien est crucial pour leur <strong>sentiment de s\u00e9curit\u00e9<\/strong> et de confiance dans leur environnement.<\/p>\n\n\n<h2 class=\"wp-block-heading\">2. La d\u00e9couverte de soi<\/h2>\n\n\n<p class=\"wp-block-paragraph\">A partir de l&rsquo;\u00e2ge de 2 ans, les tout-petits commencent \u00e0 explorer leur propre <strong>identit\u00e9<\/strong>. Ils apprennent \u00e0 se reconna\u00eetre dans le miroir et commencent \u00e0 utiliser des <strong>pronoms<\/strong> tels que \u00ab\u00a0je\u00a0\u00bb ou \u00ab\u00a0moi\u00a0\u00bb. Cette phase est essentielle pour le d\u00e9veloppement de leur <strong>estime de soi<\/strong>.<\/p>\n\n\n<h2 class=\"wp-block-heading\">3. L&rsquo;expression des \u00e9motions<\/h2>\n\n\n<p class=\"wp-block-paragraph\">Les tout-petits apprennent progressivement \u00e0 <strong>identifier<\/strong>, <strong>exprimer<\/strong> et <strong>r\u00e9guler<\/strong> leurs \u00e9motions. Ils passent par des phases de joie, de col\u00e8re, de tristesse et de frustration. Les parents et \u00e9ducateurs jouent un r\u00f4le crucial en aidant les enfants \u00e0 comprendre et \u00e0 g\u00e9rer ces \u00e9motions.<\/p>\n\n\n<h2 class=\"wp-block-heading\">4. La socialisation<\/h2>\n\n\n<p class=\"wp-block-paragraph\">La <strong>socialisation<\/strong> des tout-petits commence d\u00e8s leur plus jeune \u00e2ge. \u00c0 partir de 2-3 ans, ils commencent \u00e0 interagir avec leurs pairs, ce qui les aide \u00e0 apprendre des notions de <strong>partage<\/strong>, de <strong>coop\u00e9ration<\/strong> et de <strong>compromis<\/strong>. Ces interactions posent les bases de leurs futures comp\u00e9tences <strong>interpersonnelles<\/strong>.<\/p>\n\n\n<h2 class=\"wp-block-heading\">5. L&#8217;empathie et la compr\u00e9hension des autres<\/h2>\n\n\n<p class=\"wp-block-paragraph\">En grandissant, les enfants d\u00e9veloppent \u00e9galement leur capacit\u00e9 \u00e0 faire preuve d&rsquo;<strong>empathie<\/strong>. Ils apprennent \u00e0 reconna\u00eetre et \u00e0 comprendre les \u00e9motions des autres, ce qui est essentiel pour construire des relations <strong>saines<\/strong> et harmonieuses.<\/p>\n\n\n<h2 class=\"wp-block-heading\">Importance de la socialisation et des \u00e9motions<\/h2>\n\n\n<p class=\"wp-block-paragraph\">La <strong>socialisation<\/strong> et la gestion des \u00e9motions sont \u00e9troitement li\u00e9es dans le d\u00e9veloppement psychologique. Les interactions avec les autres enrichissent leur <strong>vocabulaire \u00e9motionnel<\/strong> et leur permettent d&rsquo;apprendre des comportements appropri\u00e9s dans diverses situations. Gr\u00e2ce \u00e0 ces exp\u00e9riences, les enfants deviennent plus r\u00e9silients et capables de faire face aux d\u00e9fis de la vie.<\/p>\n\n\n<figure class='wp-block-image size-full'>\n<img width=\"1344\" height=\"768\" src=\"https:\/\/juliedrnd.net\/blog\/wp-content\/uploads\/2024\/12\/Les-etapes-du-developpement-moteur-et-psychologique-des-tout-petits.png\" class=\"attachment-full size-full\" alt=\"d\u00e9couvrez les \u00e9tapes cruciales du d\u00e9veloppement moteur et psychologique des tout-petits, un guide essentiel pour les parents et \u00e9ducateurs souhaitant accompagner l&#039;\u00e9panouissement de leurs enfants d\u00e8s le plus jeune \u00e2ge.\" decoding=\"async\" loading=\"lazy\" \/>\n<\/figure>\n\n\n\n<p class=\"wp-block-paragraph\">L&rsquo;accompagnement des <strong>parents<\/strong> et des <strong>\u00e9ducateurs<\/strong> est essentiel dans le d\u00e9veloppement moteur et psychologique des <strong>tout-petits<\/strong>. Les premi\u00e8res ann\u00e9es de la vie sont une p\u00e9riode cruciale o\u00f9 les enfants explorent, apprennent et s&rsquo;\u00e9panouissent. Un soutien ad\u00e9quat permet de favoriser leur <strong>\u00e9panouissement<\/strong> global.<\/p>\n\n\n<p class=\"wp-block-paragraph\">Pour les <strong>parents<\/strong>, voici quelques conseils pratiques :<\/p>\n\n\n<ul class=\"wp-block-list\">\n\n<li><strong>Encouragez le jeu libre<\/strong> : Le jeu est fondamental pour le d\u00e9veloppement moteur. Laissez votre enfant explorer diff\u00e9rents environnements et stimulerez son <strong>imagination<\/strong>.<\/li>\n\n\n<li><strong>Participez aux activit\u00e9s<\/strong> : Impliquez-vous dans les jeux et les activit\u00e9s physiques. Cela renforce le lien affectif et aide \u00e0 d\u00e9velopper la <strong>confiance<\/strong> en soi de l\u2019enfant.<\/li>\n\n\n<li><strong>\u00c9coutez et observez<\/strong> : Prenez le temps de comprendre les besoins et les int\u00e9r\u00eats de votre enfant. Chaque enfant se d\u00e9veloppe \u00e0 son rythme, et il est crucial d\u2019adapter vos attentes.<\/li>\n\n<\/ul>\n\n\n<p class=\"wp-block-paragraph\">Pour les <strong>\u00e9ducateurs<\/strong>, il est \u00e9galement important d&rsquo;avoir une approche bienveillante :<\/p>\n\n\n<ul class=\"wp-block-list\">\n\n<li><strong>Cr\u00e9er un environnement s\u00e9curisant<\/strong> : Les enfants se sentent plus libres d\u2019explorer lorsqu\u2019ils sont dans un cadre o\u00f9 ils se sentent en s\u00e9curit\u00e9.<\/li>\n\n\n<li><strong>Proposer des activit\u00e9s vari\u00e9es<\/strong> : Offrez une gamme d\u2019activit\u00e9s qui encouragent les comp\u00e9tences motrices fines et globales, comme la danse, le dessin ou les jeux de groupe.<\/li>\n\n\n<li><strong>Travailler en collaboration avec les familles<\/strong> : \u00c9tablissez un dialogue r\u00e9gulier avec les <strong>parents<\/strong> \u00e0 propos du d\u00e9veloppement de leur enfant. Cela permet d\u2019ajuster les approches \u00e9ducatives.<\/li>\n\n<\/ul>\n\n\n<p class=\"wp-block-paragraph\">Enfin, le d\u00e9veloppement psychologique des tout-petits doit \u00eatre nourri par un encadrement affectueux et des interactions positives. Favoriser un climat de <strong>confiance<\/strong> et d\u2019amour est la cl\u00e9 pour pr\u00e9parer l\u2019enfant \u00e0 relever les d\u00e9fis de la vie.<\/p>\n\n\n<figure class=\"wp-block-embed is-type-video is-provider-youtube wp-block-embed-youtube wp-embed-aspect-16-9 wp-has-aspect-ratio\">\n<div class=\"wp-block-embed__wrapper\">\n<iframe loading=\"lazy\" title=\"La th\u00e9orie du d\u00e9veloppement cognitif de Piaget\" width=\"1200\" height=\"675\" src=\"https:\/\/www.youtube.com\/embed\/TxARXAGn-_k?feature=oembed\" frameborder=\"0\" allow=\"accelerometer; autoplay; clipboard-write; encrypted-media; gyroscope; picture-in-picture; web-share\" referrerpolicy=\"strict-origin-when-cross-origin\" allowfullscreen><\/iframe>\n<\/div>\n<\/figure>\n\n\n\n<p class=\"wp-block-paragraph\">Le d\u00e9veloppement des <strong>tout-petits<\/strong> se divise en plusieurs \u00e9tapes cl\u00e9s qui sont cruciales pour leur <strong>\u00e9panouissement<\/strong> et leur bien-\u00eatre. D\u00e8s les premiers mois, l\u2019<strong>aptitude motrice<\/strong> se manifeste par des mouvements r\u00e9flexes qui, progressivement, laissent place \u00e0 des gestes volontaires. Ces premi\u00e8res acquisitions, telles que <strong>lever la t\u00eate<\/strong>, <strong>se retourner<\/strong> ou <strong>s&rsquo;asseoir<\/strong>, sont fondamentales et pr\u00e9parent le terrain pour des comp\u00e9tences motrices plus complexes.<\/p>\n\n\n<p class=\"wp-block-paragraph\">Parall\u00e8lement, le d\u00e9veloppement <strong>psychologique<\/strong> joue un r\u00f4le tout aussi essentiel. Les interactions avec l&rsquo;environnement et les figures parentales favorisent l&rsquo;\u00e9mergence de la <strong>confiance<\/strong> et de l&rsquo;<strong>autonomie<\/strong>. \u00c0 mesure que les enfants grandissent, leur capacit\u00e9 \u00e0 explorer et \u00e0 interagir avec les autres s&rsquo;affine, ce qui est crucial pour leur <strong>socialisation<\/strong>.<\/p>\n\n\n<p class=\"wp-block-paragraph\">Les premi\u00e8res ann\u00e9es de vie constituent donc une p\u00e9riode pendant laquelle chaque <strong>\u00e9tape<\/strong> de d\u00e9veloppement, qu&rsquo;elle soit moteur ou psychologique, est interconnect\u00e9e et contribue \u00e0 la formation de l&rsquo;<strong>identit\u00e9<\/strong> de l\u2019enfant. En tant que parents ou \u00e9ducateurs, il est essentiel d&rsquo;accompagner ces \u00e9volutions afin d&rsquo;assurer un <strong>d\u00e9veloppement harmonieux<\/strong>.<\/p>\n","protected":false},"excerpt":{"rendered":"","protected":false},"author":34,"featured_media":7224,"comment_status":"open","ping_status":"open","sticky":false,"template":"","format":"standard","meta":{"_acf_changed":false,"manual_indexmenow":false,"indexmenow_id_project":0,"footnotes":""},"categories":[4520],"tags":[],"class_list":["post-7223","post","type-post","status-publish","format-standard","has-post-thumbnail","hentry","category-education-positive","generate-columns","tablet-grid-50","mobile-grid-100","grid-parent","grid-25"],"acf":[],"yoast_head":"<!-- This site is optimized with the Yoast SEO Premium plugin v21.3 (Yoast SEO v25.6) - https:\/\/yoast.com\/wordpress\/plugins\/seo\/ -->\n<title>Les \u00e9tapes du d\u00e9veloppement moteur et psychologique<\/title>\n<meta name=\"description\" content=\"D\u00e9couvrez les \u00e9tapes cl\u00e9s du d\u00e9veloppement moteur et psychologique des tout-petits. Apprenez comment les enfants acqui\u00e8rent des comp\u00e9tences motrices et\" \/>\n<meta name=\"robots\" content=\"index, follow, max-snippet:-1, max-image-preview:large, max-video-preview:-1\" \/>\n<link rel=\"canonical\" href=\"https:\/\/juliedrnd.net\/blog\/education-positive\/les-etapes-du-developpement-moteur-et-psychologique-des-tout-petits\/\" \/>\n<meta property=\"og:locale\" content=\"fr_FR\" \/>\n<meta property=\"og:type\" content=\"article\" \/>\n<meta property=\"og:title\" content=\"Les \u00e9tapes du d\u00e9veloppement moteur et psychologique\" \/>\n<meta property=\"og:description\" content=\"D\u00e9couvrez les \u00e9tapes cl\u00e9s du d\u00e9veloppement moteur et psychologique des tout-petits. Apprenez comment les enfants acqui\u00e8rent des comp\u00e9tences motrices et\" \/>\n<meta property=\"og:url\" content=\"https:\/\/juliedrnd.net\/blog\/education-positive\/les-etapes-du-developpement-moteur-et-psychologique-des-tout-petits\/\" \/>\n<meta property=\"og:site_name\" content=\"juliedrnd\" \/>\n<meta property=\"og:image\" content=\"https:\/\/juliedrnd.net\/blog\/wp-content\/uploads\/2024\/12\/Les-etapes-du-developpement-moteur-et-psychologique-des-tout-petits-1.png\" \/>\n\t<meta property=\"og:image:width\" content=\"1344\" \/>\n\t<meta property=\"og:image:height\" content=\"768\" \/>\n\t<meta property=\"og:image:type\" content=\"image\/png\" \/>\n<meta name=\"author\" content=\"Elodie Mazeau\" \/>\n<meta name=\"twitter:card\" content=\"summary_large_image\" \/>\n<script type=\"application\/ld+json\" class=\"yoast-schema-graph\">{\"@context\":\"https:\/\/schema.org\",\"@graph\":[{\"@type\":\"NewsArticle\",\"@id\":\"https:\/\/juliedrnd.net\/blog\/education-positive\/les-etapes-du-developpement-moteur-et-psychologique-des-tout-petits\/#article\",\"isPartOf\":{\"@id\":\"https:\/\/juliedrnd.net\/blog\/education-positive\/les-etapes-du-developpement-moteur-et-psychologique-des-tout-petits\/\"},\"author\":{\"name\":\"Elodie Mazeau\",\"@id\":\"https:\/\/juliedrnd.net\/blog\/#\/schema\/person\/3c864cdc320801e3db34b663e7e3f816\"},\"headline\":\"Les \u00e9tapes du d\u00e9veloppement moteur et psychologique des tout-petits\",\"datePublished\":\"2024-12-19T06:31:55+00:00\",\"mainEntityOfPage\":{\"@id\":\"https:\/\/juliedrnd.net\/blog\/education-positive\/les-etapes-du-developpement-moteur-et-psychologique-des-tout-petits\/\"},\"wordCount\":1344,\"commentCount\":0,\"publisher\":{\"@id\":\"https:\/\/juliedrnd.net\/blog\/#organization\"},\"image\":{\"@id\":\"https:\/\/juliedrnd.net\/blog\/education-positive\/les-etapes-du-developpement-moteur-et-psychologique-des-tout-petits\/#primaryimage\"},\"thumbnailUrl\":\"https:\/\/juliedrnd.net\/blog\/wp-content\/uploads\/2024\/12\/Les-etapes-du-developpement-moteur-et-psychologique-des-tout-petits-1.png\",\"articleSection\":[\"\u00c9ducation Positive\"],\"inLanguage\":\"fr-FR\",\"potentialAction\":[{\"@type\":\"CommentAction\",\"name\":\"Comment\",\"target\":[\"https:\/\/juliedrnd.net\/blog\/education-positive\/les-etapes-du-developpement-moteur-et-psychologique-des-tout-petits\/#respond\"]}]},{\"@type\":\"WebPage\",\"@id\":\"https:\/\/juliedrnd.net\/blog\/education-positive\/les-etapes-du-developpement-moteur-et-psychologique-des-tout-petits\/\",\"url\":\"https:\/\/juliedrnd.net\/blog\/education-positive\/les-etapes-du-developpement-moteur-et-psychologique-des-tout-petits\/\",\"name\":\"Les \u00e9tapes du d\u00e9veloppement moteur et psychologique\",\"isPartOf\":{\"@id\":\"https:\/\/juliedrnd.net\/blog\/#website\"},\"primaryImageOfPage\":{\"@id\":\"https:\/\/juliedrnd.net\/blog\/education-positive\/les-etapes-du-developpement-moteur-et-psychologique-des-tout-petits\/#primaryimage\"},\"image\":{\"@id\":\"https:\/\/juliedrnd.net\/blog\/education-positive\/les-etapes-du-developpement-moteur-et-psychologique-des-tout-petits\/#primaryimage\"},\"thumbnailUrl\":\"https:\/\/juliedrnd.net\/blog\/wp-content\/uploads\/2024\/12\/Les-etapes-du-developpement-moteur-et-psychologique-des-tout-petits-1.png\",\"datePublished\":\"2024-12-19T06:31:55+00:00\",\"description\":\"D\u00e9couvrez les \u00e9tapes cl\u00e9s du d\u00e9veloppement moteur et psychologique des tout-petits. Apprenez comment les enfants acqui\u00e8rent des comp\u00e9tences motrices et\",\"inLanguage\":\"fr-FR\",\"potentialAction\":[{\"@type\":\"ReadAction\",\"target\":[\"https:\/\/juliedrnd.net\/blog\/education-positive\/les-etapes-du-developpement-moteur-et-psychologique-des-tout-petits\/\"]}]},{\"@type\":\"ImageObject\",\"inLanguage\":\"fr-FR\",\"@id\":\"https:\/\/juliedrnd.net\/blog\/education-positive\/les-etapes-du-developpement-moteur-et-psychologique-des-tout-petits\/#primaryimage\",\"url\":\"https:\/\/juliedrnd.net\/blog\/wp-content\/uploads\/2024\/12\/Les-etapes-du-developpement-moteur-et-psychologique-des-tout-petits-1.png\",\"contentUrl\":\"https:\/\/juliedrnd.net\/blog\/wp-content\/uploads\/2024\/12\/Les-etapes-du-developpement-moteur-et-psychologique-des-tout-petits-1.png\",\"width\":1344,\"height\":768,\"caption\":\"d\u00e9couvrez les \u00e9tapes cl\u00e9s du d\u00e9veloppement moteur et psychologique des tout-petits. apprenez comment chaque phase influence leur croissance et comment soutenir leur \u00e9panouissement.\"},{\"@type\":\"WebSite\",\"@id\":\"https:\/\/juliedrnd.net\/blog\/#website\",\"url\":\"https:\/\/juliedrnd.net\/blog\/\",\"name\":\"juliedrnd.net\",\"description\":\"Vivez, cr\u00e9ez, r\u00eavez.\",\"publisher\":{\"@id\":\"https:\/\/juliedrnd.net\/blog\/#organization\"},\"alternateName\":\"Vivez, cr\u00e9ez, r\u00eavez.\",\"potentialAction\":[{\"@type\":\"SearchAction\",\"target\":{\"@type\":\"EntryPoint\",\"urlTemplate\":\"https:\/\/juliedrnd.net\/blog\/?s={search_term_string}\"},\"query-input\":{\"@type\":\"PropertyValueSpecification\",\"valueRequired\":true,\"valueName\":\"search_term_string\"}}],\"inLanguage\":\"fr-FR\"},{\"@type\":\"Organization\",\"@id\":\"https:\/\/juliedrnd.net\/blog\/#organization\",\"name\":\"Julie Drnd\",\"url\":\"https:\/\/juliedrnd.net\/blog\/\",\"logo\":{\"@type\":\"ImageObject\",\"inLanguage\":\"fr-FR\",\"@id\":\"https:\/\/juliedrnd.net\/blog\/#\/schema\/logo\/image\/\",\"url\":\"https:\/\/juliedrnd.net\/blog\/wp-content\/uploads\/2024\/12\/15.png\",\"contentUrl\":\"https:\/\/juliedrnd.net\/blog\/wp-content\/uploads\/2024\/12\/15.png\",\"width\":500,\"height\":500,\"caption\":\"Julie Drnd\"},\"image\":{\"@id\":\"https:\/\/juliedrnd.net\/blog\/#\/schema\/logo\/image\/\"}},{\"@type\":\"Person\",\"@id\":\"https:\/\/juliedrnd.net\/blog\/#\/schema\/person\/3c864cdc320801e3db34b663e7e3f816\",\"name\":\"Elodie Mazeau\",\"image\":{\"@type\":\"ImageObject\",\"inLanguage\":\"fr-FR\",\"@id\":\"https:\/\/juliedrnd.net\/blog\/#\/schema\/person\/image\/\",\"url\":\"https:\/\/juliedrnd.net\/blog\/wp-content\/uploads\/2026\/06\/persona_elodie-m-96x96.jpg\",\"contentUrl\":\"https:\/\/juliedrnd.net\/blog\/wp-content\/uploads\/2026\/06\/persona_elodie-m-96x96.jpg\",\"caption\":\"Elodie Mazeau\"},\"description\":\"J'\u00e9cris sur la parentalit\u00e9 telle qu'elle se vit vraiment, du premier biberon aux premi\u00e8res col\u00e8res. Mes sujets de pr\u00e9dilection couvrent le quotidien des familles : sommeil, alimentation, organisation, pu\u00e9riculture et ces petites gal\u00e8res que tout parent conna\u00eet. Depuis plusieurs ann\u00e9es, je m'attache \u00e0 proposer des rep\u00e8res concrets plut\u00f4t que des le\u00e7ons, parce que chaque famille trouve son propre \u00e9quilibre. Je v\u00e9rifie mes informations aupr\u00e8s de sources fiables, surtout d\u00e8s qu'on touche \u00e0 la sant\u00e9 ou \u00e0 la s\u00e9curit\u00e9 de l'enfant, et je pr\u00e9cise quand un avis professionnel s'impose. J'\u00e9vite soigneusement la culpabilisation : \u00eatre parent est d\u00e9j\u00e0 assez exigeant. Mon ton se veut complice et bienveillant, un peu comme une discussion entre parents qui se comprennent. L'id\u00e9e est d'all\u00e9ger la charge mentale en donnant des solutions simples et test\u00e9es.\",\"sameAs\":[\"https:\/\/elodiemazeau.fr\/\"],\"url\":\"https:\/\/juliedrnd.net\/blog\/auteur\/noname\/\"}]}<\/script>\n<!-- \/ Yoast SEO Premium plugin. -->","yoast_head_json":{"title":"Les \u00e9tapes du d\u00e9veloppement moteur et psychologique","description":"D\u00e9couvrez les \u00e9tapes cl\u00e9s du d\u00e9veloppement moteur et psychologique des tout-petits. Apprenez comment les enfants acqui\u00e8rent des comp\u00e9tences motrices et","robots":{"index":"index","follow":"follow","max-snippet":"max-snippet:-1","max-image-preview":"max-image-preview:large","max-video-preview":"max-video-preview:-1"},"canonical":"https:\/\/juliedrnd.net\/blog\/education-positive\/les-etapes-du-developpement-moteur-et-psychologique-des-tout-petits\/","og_locale":"fr_FR","og_type":"article","og_title":"Les \u00e9tapes du d\u00e9veloppement moteur et psychologique","og_description":"D\u00e9couvrez les \u00e9tapes cl\u00e9s du d\u00e9veloppement moteur et psychologique des tout-petits. Apprenez comment les enfants acqui\u00e8rent des comp\u00e9tences motrices et","og_url":"https:\/\/juliedrnd.net\/blog\/education-positive\/les-etapes-du-developpement-moteur-et-psychologique-des-tout-petits\/","og_site_name":"juliedrnd","og_image":[{"width":1344,"height":768,"url":"https:\/\/juliedrnd.net\/blog\/wp-content\/uploads\/2024\/12\/Les-etapes-du-developpement-moteur-et-psychologique-des-tout-petits-1.png","type":"image\/png"}],"author":"Elodie Mazeau","twitter_card":"summary_large_image","schema":{"@context":"https:\/\/schema.org","@graph":[{"@type":"NewsArticle","@id":"https:\/\/juliedrnd.net\/blog\/education-positive\/les-etapes-du-developpement-moteur-et-psychologique-des-tout-petits\/#article","isPartOf":{"@id":"https:\/\/juliedrnd.net\/blog\/education-positive\/les-etapes-du-developpement-moteur-et-psychologique-des-tout-petits\/"},"author":{"name":"Elodie Mazeau","@id":"https:\/\/juliedrnd.net\/blog\/#\/schema\/person\/3c864cdc320801e3db34b663e7e3f816"},"headline":"Les \u00e9tapes du d\u00e9veloppement moteur et psychologique des tout-petits","datePublished":"2024-12-19T06:31:55+00:00","mainEntityOfPage":{"@id":"https:\/\/juliedrnd.net\/blog\/education-positive\/les-etapes-du-developpement-moteur-et-psychologique-des-tout-petits\/"},"wordCount":1344,"commentCount":0,"publisher":{"@id":"https:\/\/juliedrnd.net\/blog\/#organization"},"image":{"@id":"https:\/\/juliedrnd.net\/blog\/education-positive\/les-etapes-du-developpement-moteur-et-psychologique-des-tout-petits\/#primaryimage"},"thumbnailUrl":"https:\/\/juliedrnd.net\/blog\/wp-content\/uploads\/2024\/12\/Les-etapes-du-developpement-moteur-et-psychologique-des-tout-petits-1.png","articleSection":["\u00c9ducation Positive"],"inLanguage":"fr-FR","potentialAction":[{"@type":"CommentAction","name":"Comment","target":["https:\/\/juliedrnd.net\/blog\/education-positive\/les-etapes-du-developpement-moteur-et-psychologique-des-tout-petits\/#respond"]}]},{"@type":"WebPage","@id":"https:\/\/juliedrnd.net\/blog\/education-positive\/les-etapes-du-developpement-moteur-et-psychologique-des-tout-petits\/","url":"https:\/\/juliedrnd.net\/blog\/education-positive\/les-etapes-du-developpement-moteur-et-psychologique-des-tout-petits\/","name":"Les \u00e9tapes du d\u00e9veloppement moteur et psychologique","isPartOf":{"@id":"https:\/\/juliedrnd.net\/blog\/#website"},"primaryImageOfPage":{"@id":"https:\/\/juliedrnd.net\/blog\/education-positive\/les-etapes-du-developpement-moteur-et-psychologique-des-tout-petits\/#primaryimage"},"image":{"@id":"https:\/\/juliedrnd.net\/blog\/education-positive\/les-etapes-du-developpement-moteur-et-psychologique-des-tout-petits\/#primaryimage"},"thumbnailUrl":"https:\/\/juliedrnd.net\/blog\/wp-content\/uploads\/2024\/12\/Les-etapes-du-developpement-moteur-et-psychologique-des-tout-petits-1.png","datePublished":"2024-12-19T06:31:55+00:00","description":"D\u00e9couvrez les \u00e9tapes cl\u00e9s du d\u00e9veloppement moteur et psychologique des tout-petits. Apprenez comment les enfants acqui\u00e8rent des comp\u00e9tences motrices et","inLanguage":"fr-FR","potentialAction":[{"@type":"ReadAction","target":["https:\/\/juliedrnd.net\/blog\/education-positive\/les-etapes-du-developpement-moteur-et-psychologique-des-tout-petits\/"]}]},{"@type":"ImageObject","inLanguage":"fr-FR","@id":"https:\/\/juliedrnd.net\/blog\/education-positive\/les-etapes-du-developpement-moteur-et-psychologique-des-tout-petits\/#primaryimage","url":"https:\/\/juliedrnd.net\/blog\/wp-content\/uploads\/2024\/12\/Les-etapes-du-developpement-moteur-et-psychologique-des-tout-petits-1.png","contentUrl":"https:\/\/juliedrnd.net\/blog\/wp-content\/uploads\/2024\/12\/Les-etapes-du-developpement-moteur-et-psychologique-des-tout-petits-1.png","width":1344,"height":768,"caption":"d\u00e9couvrez les \u00e9tapes cl\u00e9s du d\u00e9veloppement moteur et psychologique des tout-petits. apprenez comment chaque phase influence leur croissance et comment soutenir leur \u00e9panouissement."},{"@type":"WebSite","@id":"https:\/\/juliedrnd.net\/blog\/#website","url":"https:\/\/juliedrnd.net\/blog\/","name":"juliedrnd.net","description":"Vivez, cr\u00e9ez, r\u00eavez.","publisher":{"@id":"https:\/\/juliedrnd.net\/blog\/#organization"},"alternateName":"Vivez, cr\u00e9ez, r\u00eavez.","potentialAction":[{"@type":"SearchAction","target":{"@type":"EntryPoint","urlTemplate":"https:\/\/juliedrnd.net\/blog\/?s={search_term_string}"},"query-input":{"@type":"PropertyValueSpecification","valueRequired":true,"valueName":"search_term_string"}}],"inLanguage":"fr-FR"},{"@type":"Organization","@id":"https:\/\/juliedrnd.net\/blog\/#organization","name":"Julie Drnd","url":"https:\/\/juliedrnd.net\/blog\/","logo":{"@type":"ImageObject","inLanguage":"fr-FR","@id":"https:\/\/juliedrnd.net\/blog\/#\/schema\/logo\/image\/","url":"https:\/\/juliedrnd.net\/blog\/wp-content\/uploads\/2024\/12\/15.png","contentUrl":"https:\/\/juliedrnd.net\/blog\/wp-content\/uploads\/2024\/12\/15.png","width":500,"height":500,"caption":"Julie Drnd"},"image":{"@id":"https:\/\/juliedrnd.net\/blog\/#\/schema\/logo\/image\/"}},{"@type":"Person","@id":"https:\/\/juliedrnd.net\/blog\/#\/schema\/person\/3c864cdc320801e3db34b663e7e3f816","name":"Elodie Mazeau","image":{"@type":"ImageObject","inLanguage":"fr-FR","@id":"https:\/\/juliedrnd.net\/blog\/#\/schema\/person\/image\/","url":"https:\/\/juliedrnd.net\/blog\/wp-content\/uploads\/2026\/06\/persona_elodie-m-96x96.jpg","contentUrl":"https:\/\/juliedrnd.net\/blog\/wp-content\/uploads\/2026\/06\/persona_elodie-m-96x96.jpg","caption":"Elodie Mazeau"},"description":"J'\u00e9cris sur la parentalit\u00e9 telle qu'elle se vit vraiment, du premier biberon aux premi\u00e8res col\u00e8res. Mes sujets de pr\u00e9dilection couvrent le quotidien des familles : sommeil, alimentation, organisation, pu\u00e9riculture et ces petites gal\u00e8res que tout parent conna\u00eet. Depuis plusieurs ann\u00e9es, je m'attache \u00e0 proposer des rep\u00e8res concrets plut\u00f4t que des le\u00e7ons, parce que chaque famille trouve son propre \u00e9quilibre. Je v\u00e9rifie mes informations aupr\u00e8s de sources fiables, surtout d\u00e8s qu'on touche \u00e0 la sant\u00e9 ou \u00e0 la s\u00e9curit\u00e9 de l'enfant, et je pr\u00e9cise quand un avis professionnel s'impose. J'\u00e9vite soigneusement la culpabilisation : \u00eatre parent est d\u00e9j\u00e0 assez exigeant. Mon ton se veut complice et bienveillant, un peu comme une discussion entre parents qui se comprennent. L'id\u00e9e est d'all\u00e9ger la charge mentale en donnant des solutions simples et test\u00e9es.","sameAs":["https:\/\/elodiemazeau.fr\/"],"url":"https:\/\/juliedrnd.net\/blog\/auteur\/noname\/"}]}},"_links":{"self":[{"href":"https:\/\/juliedrnd.net\/blog\/wp-json\/wp\/v2\/posts\/7223","targetHints":{"allow":["GET"]}}],"collection":[{"href":"https:\/\/juliedrnd.net\/blog\/wp-json\/wp\/v2\/posts"}],"about":[{"href":"https:\/\/juliedrnd.net\/blog\/wp-json\/wp\/v2\/types\/post"}],"author":[{"embeddable":true,"href":"https:\/\/juliedrnd.net\/blog\/wp-json\/wp\/v2\/users\/34"}],"replies":[{"embeddable":true,"href":"https:\/\/juliedrnd.net\/blog\/wp-json\/wp\/v2\/comments?post=7223"}],"version-history":[{"count":0,"href":"https:\/\/juliedrnd.net\/blog\/wp-json\/wp\/v2\/posts\/7223\/revisions"}],"wp:featuredmedia":[{"embeddable":true,"href":"https:\/\/juliedrnd.net\/blog\/wp-json\/wp\/v2\/media\/7224"}],"wp:attachment":[{"href":"https:\/\/juliedrnd.net\/blog\/wp-json\/wp\/v2\/media?parent=7223"}],"wp:term":[{"taxonomy":"category","embeddable":true,"href":"https:\/\/juliedrnd.net\/blog\/wp-json\/wp\/v2\/categories?post=7223"},{"taxonomy":"post_tag","embeddable":true,"href":"https:\/\/juliedrnd.net\/blog\/wp-json\/wp\/v2\/tags?post=7223"}],"curies":[{"name":"wp","href":"https:\/\/api.w.org\/{rel}","templated":true}]}}