{"id":7220,"date":"2024-12-18T07:31:08","date_gmt":"2024-12-18T06:31:08","guid":{"rendered":"https:\/\/juliedrnd.net\/blog\/a-la-une\/comment-gerer-une-crise-de-colere-avec-bienveillance\/"},"modified":"2024-12-18T07:31:08","modified_gmt":"2024-12-18T06:31:08","slug":"comment-gerer-une-crise-de-colere-avec-bienveillance","status":"publish","type":"post","link":"https:\/\/juliedrnd.net\/blog\/education-positive\/comment-gerer-une-crise-de-colere-avec-bienveillance\/","title":{"rendered":"Comment g\u00e9rer une crise de col\u00e8re avec bienveillance ?"},"content":{"rendered":"\n\n<p class=\"wp-block-paragraph\">La <strong>col\u00e8re<\/strong> est une \u00e9motion humaine tout \u00e0 fait normale, qui peut surgir \u00e0 tout moment, souvent en r\u00e9ponse \u00e0 des situations per\u00e7ues comme injustes ou frustrantes. Pourtant, il est essentiel d&rsquo;apprendre \u00e0 naviguer \u00e0 travers ces vagues d&rsquo;\u00e9motions avec <strong>bienveillance<\/strong> envers soi-m\u00eame et envers les autres. G\u00e9rer une crise de col\u00e8re ne consiste pas seulement \u00e0 r\u00e9primer ses \u00e9motions, mais \u00e0 comprendre leur origine et \u00e0 les exprimer de mani\u00e8re constructive. Dans cet article, nous explorerons des strat\u00e9gies pratiques pour transformer des \u00e9clats de col\u00e8re en moments de <strong>compr\u00e9hension<\/strong> et de <strong>crescendo \u00e9motionnel<\/strong>. En adoptant une approche empathique, vous pourrez non seulement apaiser votre esprit mais aussi renforcer vos relations interpersonnelles. Apprenons ensemble comment faire de la col\u00e8re un alli\u00e9 au lieu d\u2019un adversaire.<\/p>\n\n\n\n<p class=\"wp-block-paragraph\">La <strong>col\u00e8re<\/strong> est une \u00e9motion humaine naturelle, souvent d\u00e9clench\u00e9e par des frustrations, des injustices ou des menaces ressenties. Elle peut \u00eatre per\u00e7ue comme une r\u00e9ponse instinctive, permettant d&rsquo;exprimer des besoins non satisfaits ou de revendiquer des limites. Effet stimulant, la col\u00e8re peut \u00e9galement avoir des racines plus profondes, telles que des exp\u00e9riences pass\u00e9es de <strong>traumatismes<\/strong> ou de <strong>stress chronique<\/strong>.<\/p>\n\n\n<h2 class=\"wp-block-heading\">Pourquoi ressentons-nous de la col\u00e8re ?<\/h2>\n\n\n<p class=\"wp-block-paragraph\">Les raisons pour lesquelles les individus font face \u00e0 la col\u00e8re varient consid\u00e9rablement. Parmi les causes fr\u00e9quentes se trouvent :<\/p>\n\n\n<ul class=\"wp-block-list\">\n\n<li><strong>Frustration<\/strong> : Cela se produit lorsque nos attentes ne sont pas combl\u00e9es.<\/li>\n\n\n<li><strong>Injustice<\/strong> : La perception de traitement in\u00e9gal peut \u00e9veiller des sentiments de col\u00e8re.<\/li>\n\n\n<li><strong>Peurs<\/strong> : La peur de perdre quelque chose d&rsquo;important peut engendrer des r\u00e9actions col\u00e9riques.<\/li>\n\n<\/ul>\n\n\n<h2 class=\"wp-block-heading\">L&rsquo;importance d&rsquo;aborder la col\u00e8re de mani\u00e8re constructive<\/h2>\n\n\n<p class=\"wp-block-paragraph\">Il est crucial de traiter la col\u00e8re de mani\u00e8re <strong>constructive<\/strong> afin de limiter ses effets n\u00e9gatifs sur notre bien-\u00eatre psychologique. Ignorer ou refouler cette \u00e9motion peut mener \u00e0 des probl\u00e8mes de sant\u00e9 mentale, tels que l&rsquo;anxi\u00e9t\u00e9 ou la d\u00e9pression. En revanche, en apprenant \u00e0 g\u00e9rer notre col\u00e8re avec <strong>bienveillance<\/strong>, nous pouvons :<\/p>\n\n\n<ul class=\"wp-block-list\">\n\n<li><strong>Renforcer notre r\u00e9silience<\/strong> : En confrontant notre col\u00e8re, nous d\u00e9veloppons des strat\u00e9gies d&rsquo;adaptation.<\/li>\n\n\n<li><strong>Am\u00e9liorer nos relations<\/strong> : Une expression saine de la col\u00e8re favorise des interactions plus authentiques et respectueuses.<\/li>\n\n\n<li><strong>Encourager l&#8217;empathie<\/strong> : Comprendre nos propres \u00e9motions permet de mieux comprendre celles des autres.<\/li>\n\n<\/ul>\n\n\n<p class=\"wp-block-paragraph\">En prenant conscience de la nature de la col\u00e8re et de son impact psychologique, il est possible d&rsquo;adopter une approche plus douce et bienveillante face \u00e0 cette \u00e9motion. Cela g\u00e9n\u00e8re non seulement une paix int\u00e9rieure, mais aussi un environnement relationnel plus harmonieux.<\/p>\n\n\n\n<p class=\"wp-block-paragraph\">La col\u00e8re est une \u00e9motion naturelle, mais lorsqu&rsquo;elle devient ing\u00e9rable, elle peut nuire \u00e0 nos relations et \u00e0 notre bien-\u00eatre. Heureusement, il existe des strat\u00e9gies pour <strong>g\u00e9rer la col\u00e8re<\/strong> avec compassion et bienveillance. Voici quelques conseils pratiques que vous pouvez appliquer au quotidien.<\/p>\n\n\n<h2 class=\"wp-block-heading\">1. Reconna\u00eetre les signes de la col\u00e8re<\/h2>\n\n\n<p class=\"wp-block-paragraph\">Il est essentiel d&rsquo;apprendre \u00e0 identifier les premiers signes qui pr\u00e9c\u00e8dent une crise de col\u00e8re. Que ce soit l&rsquo;augmentation du rythme cardiaque, la tension musculaire ou l&rsquo;envie de crier, reconna\u00eetre ces sympt\u00f4mes vous aidera \u00e0 r\u00e9agir avant que la col\u00e8re ne prenne le dessus.<\/p>\n\n\n<h2 class=\"wp-block-heading\">2. Pratiquer la respiration profonde<\/h2>\n\n\n<p class=\"wp-block-paragraph\">Lorsque vous ressentez la col\u00e8re monter, prenez un moment pour <strong>respirer profond\u00e9ment<\/strong>. Inspirez lentement par le nez, retenez votre souffle quelques secondes, puis expirez par la bouche. R\u00e9p\u00e9tez cela plusieurs fois pour calmer votre esprit et r\u00e9duire votre stress.<\/p>\n\n\n<h2 class=\"wp-block-heading\">3. Trouver un espace calme<\/h2>\n\n\n<p class=\"wp-block-paragraph\">Offrez-vous un <strong>endroit tranquille<\/strong> o\u00f9 vous pouvez vous retirer temporairement. Que ce soit dans une pi\u00e8ce isol\u00e9e ou \u00e0 l&rsquo;ext\u00e9rieur, ce temps de pause vous permettra de r\u00e9fl\u00e9chir et d\u2019apaiser vos \u00e9motions.<\/p>\n\n\n<h2 class=\"wp-block-heading\">4. Exprimer vos sentiments de mani\u00e8re constructive<\/h2>\n\n\n<p class=\"wp-block-paragraph\">Une fois calm\u00e9, il est important d\u2019exprimer ce que vous ressentez. Utilisez des phrases en \u00ab je \u00bb pour formuler vos \u00e9motions, par exemple : \u00ab Je me sens frustr\u00e9 lorsque&#8230; \u00bb. Cela permet de communiquer vos sentiments sans accuser l&rsquo;autre.<\/p>\n\n\n<h2 class=\"wp-block-heading\">5. Utiliser des m\u00e9thodes cr\u00e9atives<\/h2>\n\n\n<p class=\"wp-block-paragraph\">Encouragez-vous \u00e0 <strong>exprimer vos \u00e9motions<\/strong> \u00e0 travers des activit\u00e9s cr\u00e9atives comme le dessin, la musique ou m\u00eame l&rsquo;\u00e9criture. Ces moyens peuvent vous aider \u00e0 lib\u00e9rer la tension accumul\u00e9e de mani\u00e8re constructive.<\/p>\n\n\n<h2 class=\"wp-block-heading\">6. Mettre en place un plan d&rsquo;action<\/h2>\n\n\n<p class=\"wp-block-paragraph\">\u00c9laborez un <strong>plan d&rsquo;action<\/strong> pour faire face \u00e0 vos \u00e9motions. Quelles strat\u00e9gies pouvez-vous utiliser lorsque vous sentez la col\u00e8re monter ? Cela pourrait inclure la marche, le yoga ou d&rsquo;autres techniques de relaxation.<\/p>\n\n\n<h2 class=\"wp-block-heading\">7. Apprendre \u00e0 se relativiser<\/h2>\n\n\n<p class=\"wp-block-paragraph\">Essayez de prendre du recul par rapport \u00e0 la situation qui d\u00e9clenche votre col\u00e8re. <strong>Poser des questions<\/strong> comme \u00ab Est-ce que cela en vaut vraiment la peine ? \u00bb peut vous aider \u00e0 diminuer l\u2019intensit\u00e9 de vos sentiments.<\/p>\n\n\n<h2 class=\"wp-block-heading\">8. Chercher du soutien<\/h2>\n\n\n<p class=\"wp-block-paragraph\">N\u2019h\u00e9sitez pas \u00e0 partager vos \u00e9motions avec quelqu\u2019un de confiance. Parler ouvertement de ce que vous ressentez peut aider \u00e0 all\u00e9ger le poids que vous ressentez et \u00e0 vous offrir un nouveau point de vue.<\/p>\n\n\n<h2 class=\"wp-block-heading\">9. Pratiquer la gratitude<\/h2>\n\n\n<p class=\"wp-block-paragraph\">Int\u00e9grer la <strong>gratitude<\/strong> dans votre vie quotidienne peut changer votre perspective. Prenez le temps de noter trois choses positives chaque jour. Cela peut aider \u00e0 r\u00e9duire la ranc\u0153ur et \u00e0 favoriser un \u00e9tat d\u2019esprit apais\u00e9.<\/p>\n\n\n<h2 class=\"wp-block-heading\">10. S&rsquo;exercer r\u00e9guli\u00e8rement au l\u00e2cher-prise<\/h2>\n\n\n<p class=\"wp-block-paragraph\">Apprenez \u00e0 accepter que vous ne pouvez pas contr\u00f4ler tout ce qui vous entoure. Pratiquer le <strong>l\u00e2cher-prise<\/strong> vous aide \u00e0 r\u00e9duire la frustration et la col\u00e8re, en vous permettant de mieux g\u00e9rer les impr\u00e9vus de la vie.<\/p>\n\n\n<p class=\"wp-block-paragraph\">En mettant en pratique ces strat\u00e9gies, vous serez mieux \u00e9quip\u00e9 pour affronter les crises de col\u00e8re avec <strong>bienveillance<\/strong> et compassion, tant pour vous-m\u00eame que pour les autres. Le chemin vers une meilleure gestion de la col\u00e8re commence par la prise de conscience et l&rsquo;engagement \u00e0 faire des efforts constants.<\/p>\n\n\n<figure class='wp-block-image size-full'>\n<img width=\"1344\" height=\"768\" src=\"https:\/\/juliedrnd.net\/blog\/wp-content\/uploads\/2024\/12\/Comment-gerer-une-crise-de-colere-avec-bienveillance-.png\" class=\"attachment-full size-full\" alt=\"d\u00e9couvrez des strat\u00e9gies efficaces pour g\u00e9rer une crise de col\u00e8re avec bienveillance. apprenez \u00e0 temp\u00e9rer vos \u00e9motions et celles des autres, tout en cultivant une approche empathique et constructive pour favoriser la communication et apaiser les tensions.\" decoding=\"async\" loading=\"lazy\" \/>\n<\/figure>\n\n\n\n<p class=\"wp-block-paragraph\">G\u00e9rer une crise de col\u00e8re n\u00e9cessite souvent une approche r\u00e9fl\u00e9chie et bienveillante. Voici quelques anecdotes <strong>inspirantes<\/strong> qui montrent comment la gentillesse envers soi-m\u00eame et envers les autres peut transformer une situation tendue en opportunit\u00e9 d\u2019apprendre et de grandir.<\/p>\n\n\n<h2 class=\"wp-block-heading\">Une conversation transform\u00e9e<\/h2>\n\n\n<p class=\"wp-block-paragraph\">Une m\u00e8re, frustr\u00e9e par le comportement de son adolescent, a d\u00e9cid\u00e9 de prendre un moment pour elle-m\u00eame avant de r\u00e9agir. Plut\u00f4t que de crier, elle a choisi d\u2019\u00e9crire un <strong>journal<\/strong> de ses sentiments. Cela lui a permis de clarifier ses pens\u00e9es et de revenir vers son fils avec une approche calme et ouverte. En discutant de leurs \u00e9motions respectives, ils ont pu renforcer leur lien et trouver des solutions ensemble. Cette exp\u00e9rience a non seulement apais\u00e9 la col\u00e8re, mais a \u00e9galement instaur\u00e9 un nouveau mode de communication plus <strong>respectueux<\/strong>.<\/p>\n\n\n<h2 class=\"wp-block-heading\">Une r\u00e9action inattendue<\/h2>\n\n\n<p class=\"wp-block-paragraph\">Lors d\u2019une r\u00e9union de travail, un coll\u00e8gue a exprim\u00e9 son m\u00e9contentement de mani\u00e8re bruyante. Au lieu de r\u00e9agir avec irritation, une autre personne dans la salle a d\u00e9cid\u00e9 d\u2019adopter une approche bienveillante. Elle a demand\u00e9 au coll\u00e8gue de pr\u00e9ciser ses frustrations et a valid\u00e9 ses sentiments. En se montrant compr\u00e9hensive, elle a ouvert une discussion constructive o\u00f9 chacun a pu exprimer ses pr\u00e9occupations. Cela a apais\u00e9 les tensions et a permis de trouver un terrain d\u2019entente. Ce moment a d\u00e9montr\u00e9 le pouvoir de la <strong>gentillesse<\/strong> pour d\u00e9samorcer des conflits potentiels.<\/p>\n\n\n<h2 class=\"wp-block-heading\">Un exutoire cr\u00e9atif<\/h2>\n\n\n<p class=\"wp-block-paragraph\">Un homme qui faisait souvent face \u00e0 des acc\u00e8s de col\u00e8re a d\u00e9couvert la <strong>peinture<\/strong> comme un moyen d\u2019exprimer ses \u00e9motions. Lorsqu\u2019il sentait la col\u00e8re monter, il se dirigeait vers ses toiles et peignait ce qu\u2019il ressentait. Non seulement cela l\u2019a aid\u00e9 \u00e0 g\u00e9rer sa col\u00e8re, mais cela lui a \u00e9galement permis d\u2019explorer sa <strong>cr\u00e9ativit\u00e9<\/strong> et de se reconnecter avec ses passions. Par la suite, il a commenc\u00e9 \u00e0 partager ses \u0153uvres lors d\u2019expositions locales, transformant ainsi ses moments sombres en une source d\u2019inspiration pour les autres.<\/p>\n\n\n<h2 class=\"wp-block-heading\">Une pause salvatrice<\/h2>\n\n\n<p class=\"wp-block-paragraph\">Une \u00e9ducatrice confront\u00e9e \u00e0 des \u00e9l\u00e8ves perturb\u00e9s a institu\u00e9 une \u00ab <strong>pause bienveillante<\/strong> \u00bb dans sa classe. Lorsqu\u2019un enfant se montrait en col\u00e8re, elle lui proposait de s\u2019asseoir dans un coin calme, avec des outils comme des livres ou des mat\u00e9riaux pour dessiner. Cela permettait \u00e0 l\u2019enfant de reprendre ses esprits et de g\u00e9rer ses \u00e9motions. Cette m\u00e9thode a non seulement r\u00e9duit les conflits en classe, mais a \u00e9galement \u00e9t\u00e9 adopt\u00e9e par d\u2019autres enseignants, cr\u00e9ant un environnement d\u2019apprentissage plus serein et <strong>harmonieux<\/strong>.<\/p>\n\n\n<p class=\"wp-block-paragraph\">Ces histoires montrent clairement que g\u00e9rer la col\u00e8re avec bienveillance est non seulement possible, mais peut mener \u00e0 de r\u00e9els <strong>changements positifs<\/strong> dans nos vies et celles des autres. C&rsquo;est en adoptant une attitude empathique et constructive que nous pouvons transformer nos propres \u00e9motions et influencer positivement notre entourage.<\/p>\n\n\n\n<p class=\"wp-block-paragraph\">Face \u00e0 une <strong>crise de col\u00e8re<\/strong>, il est essentiel d&rsquo;adopter une approche empreinte de <strong>bienveillance<\/strong>. Voici les points cl\u00e9s \u00e0 retenir :<\/p>\n\n\n<ul class=\"wp-block-list\">\n\n<li><strong>Reconna\u00eetre ses \u00e9motions<\/strong> : Accepter que la col\u00e8re est une \u00e9motion humaine normale est la premi\u00e8re \u00e9tape vers sa gestion.<\/li>\n\n\n<li><strong>Prendre du recul<\/strong> : Avant de r\u00e9agir, se donner un moment pour respirer et r\u00e9fl\u00e9chir permet d&rsquo;\u00e9viter des r\u00e9actions impulsives.<\/li>\n\n\n<li><strong>Exprimer calmement ses sentiments<\/strong> : Communiquer ce que l&rsquo;on ressent de mani\u00e8re respectueuse aide \u00e0 d\u00e9samorcer les tensions.<\/li>\n\n\n<li><strong>Pratiquer l&#8217;empathie<\/strong> : Essayer de comprendre les raisons qui sous-tendent la col\u00e8re, tant chez soi que chez les autres, favorise un dialogue constructif.<\/li>\n\n\n<li><strong>Utiliser des techniques de relaxation<\/strong> : Des exercices de respiration ou de m\u00e9ditation peuvent aider \u00e0 apaiser l&rsquo;esprit et \u00e0 r\u00e9duire le stress associ\u00e9 \u00e0 la col\u00e8re.<\/li>\n\n\n<li><strong>Rechercher des solutions<\/strong> : Au lieu de se concentrer sur le probl\u00e8me, il est pr\u00e9f\u00e9rable de trouver des moyens constructifs pour avancer.<\/li>\n\n<\/ul>\n\n\n<p class=\"wp-block-paragraph\">La gestion de la col\u00e8re avec <strong>compassion<\/strong> est non seulement b\u00e9n\u00e9fique pour soi-m\u00eame, mais elle am\u00e9liore \u00e9galement les relations avec autrui. En adoptant ces <strong>strat\u00e9gies<\/strong>, vous pouvez transformer une situation tendue en une opportunit\u00e9 de croissance personnelle et de dialogue ouvert.<\/p>\n\n\n<figure class=\"wp-block-embed is-type-video is-provider-youtube wp-block-embed-youtube wp-embed-aspect-16-9 wp-has-aspect-ratio\">\n<div class=\"wp-block-embed__wrapper\">\n<iframe loading=\"lazy\" title=\"[ LIVE ] Crises de col\u00e8re, comment les g\u00e9rer ? - Avec le Dr Vincent Henry, p\u00e9dopsychiatre\" width=\"1200\" height=\"675\" src=\"https:\/\/www.youtube.com\/embed\/kwzfloRGQZk?feature=oembed\" frameborder=\"0\" allow=\"accelerometer; autoplay; clipboard-write; encrypted-media; gyroscope; picture-in-picture; web-share\" referrerpolicy=\"strict-origin-when-cross-origin\" allowfullscreen><\/iframe>\n<\/div>\n<\/figure>\n\n\n<div style=\"display: block;\">\n<div id=\"fb-root\"><\/div>\n<script async defer crossorigin=\"anonymous\" src=\"https:\/\/connect.facebook.net\/fr_FR\/sdk.js#xfbml=1&#038;version=v17.0\"><\/script>\n<div class=\"fb-post\" data-href=\"https:\/\/www.facebook.com\/fdmtOfficiel\/posts\/938048185020779\" data-width=\"500\" data-show-text=\"true\"><\/div>\n<\/div>\n","protected":false},"excerpt":{"rendered":"","protected":false},"author":34,"featured_media":7221,"comment_status":"open","ping_status":"open","sticky":false,"template":"","format":"standard","meta":{"_acf_changed":false,"manual_indexmenow":false,"indexmenow_id_project":0,"footnotes":""},"categories":[4520],"tags":[],"class_list":["post-7220","post","type-post","status-publish","format-standard","has-post-thumbnail","hentry","category-education-positive","generate-columns","tablet-grid-50","mobile-grid-100","grid-parent","grid-25"],"acf":[],"yoast_head":"<!-- This site is optimized with the Yoast SEO Premium plugin v21.3 (Yoast SEO v25.6) - https:\/\/yoast.com\/wordpress\/plugins\/seo\/ -->\n<title>Comment g\u00e9rer une crise de col\u00e8re avec bienveillance ?<\/title>\n<meta name=\"description\" content=\"D\u00e9couvrez des strat\u00e9gies efficaces pour g\u00e9rer une crise de col\u00e8re avec bienveillance. Apprenez \u00e0 reconna\u00eetre les d\u00e9clencheurs \u00e9motionnels, \u00e0 pratiquer\" \/>\n<meta name=\"robots\" content=\"index, follow, max-snippet:-1, max-image-preview:large, max-video-preview:-1\" \/>\n<link rel=\"canonical\" href=\"https:\/\/juliedrnd.net\/blog\/education-positive\/comment-gerer-une-crise-de-colere-avec-bienveillance\/\" \/>\n<meta property=\"og:locale\" content=\"fr_FR\" \/>\n<meta property=\"og:type\" content=\"article\" \/>\n<meta property=\"og:title\" content=\"Comment g\u00e9rer une crise de col\u00e8re avec bienveillance ?\" \/>\n<meta property=\"og:description\" content=\"D\u00e9couvrez des strat\u00e9gies efficaces pour g\u00e9rer une crise de col\u00e8re avec bienveillance. Apprenez \u00e0 reconna\u00eetre les d\u00e9clencheurs \u00e9motionnels, \u00e0 pratiquer\" \/>\n<meta property=\"og:url\" content=\"https:\/\/juliedrnd.net\/blog\/education-positive\/comment-gerer-une-crise-de-colere-avec-bienveillance\/\" \/>\n<meta property=\"og:site_name\" content=\"juliedrnd\" \/>\n<meta property=\"og:image\" content=\"https:\/\/juliedrnd.net\/blog\/wp-content\/uploads\/2024\/12\/Comment-gerer-une-crise-de-colere-avec-bienveillance-1-1.png\" \/>\n\t<meta property=\"og:image:width\" content=\"1344\" \/>\n\t<meta property=\"og:image:height\" content=\"768\" \/>\n\t<meta property=\"og:image:type\" content=\"image\/png\" \/>\n<meta name=\"author\" content=\"Elodie Mazeau\" \/>\n<meta name=\"twitter:card\" content=\"summary_large_image\" \/>\n<script type=\"application\/ld+json\" class=\"yoast-schema-graph\">{\"@context\":\"https:\/\/schema.org\",\"@graph\":[{\"@type\":\"NewsArticle\",\"@id\":\"https:\/\/juliedrnd.net\/blog\/education-positive\/comment-gerer-une-crise-de-colere-avec-bienveillance\/#article\",\"isPartOf\":{\"@id\":\"https:\/\/juliedrnd.net\/blog\/education-positive\/comment-gerer-une-crise-de-colere-avec-bienveillance\/\"},\"author\":{\"name\":\"Elodie Mazeau\",\"@id\":\"https:\/\/juliedrnd.net\/blog\/#\/schema\/person\/3c864cdc320801e3db34b663e7e3f816\"},\"headline\":\"Comment g\u00e9rer une crise de col\u00e8re avec bienveillance ?\",\"datePublished\":\"2024-12-18T06:31:08+00:00\",\"mainEntityOfPage\":{\"@id\":\"https:\/\/juliedrnd.net\/blog\/education-positive\/comment-gerer-une-crise-de-colere-avec-bienveillance\/\"},\"wordCount\":1713,\"commentCount\":0,\"publisher\":{\"@id\":\"https:\/\/juliedrnd.net\/blog\/#organization\"},\"image\":{\"@id\":\"https:\/\/juliedrnd.net\/blog\/education-positive\/comment-gerer-une-crise-de-colere-avec-bienveillance\/#primaryimage\"},\"thumbnailUrl\":\"https:\/\/juliedrnd.net\/blog\/wp-content\/uploads\/2024\/12\/Comment-gerer-une-crise-de-colere-avec-bienveillance-1-1.png\",\"articleSection\":[\"\u00c9ducation Positive\"],\"inLanguage\":\"fr-FR\",\"potentialAction\":[{\"@type\":\"CommentAction\",\"name\":\"Comment\",\"target\":[\"https:\/\/juliedrnd.net\/blog\/education-positive\/comment-gerer-une-crise-de-colere-avec-bienveillance\/#respond\"]}]},{\"@type\":\"WebPage\",\"@id\":\"https:\/\/juliedrnd.net\/blog\/education-positive\/comment-gerer-une-crise-de-colere-avec-bienveillance\/\",\"url\":\"https:\/\/juliedrnd.net\/blog\/education-positive\/comment-gerer-une-crise-de-colere-avec-bienveillance\/\",\"name\":\"Comment g\u00e9rer une crise de col\u00e8re avec bienveillance ?\",\"isPartOf\":{\"@id\":\"https:\/\/juliedrnd.net\/blog\/#website\"},\"primaryImageOfPage\":{\"@id\":\"https:\/\/juliedrnd.net\/blog\/education-positive\/comment-gerer-une-crise-de-colere-avec-bienveillance\/#primaryimage\"},\"image\":{\"@id\":\"https:\/\/juliedrnd.net\/blog\/education-positive\/comment-gerer-une-crise-de-colere-avec-bienveillance\/#primaryimage\"},\"thumbnailUrl\":\"https:\/\/juliedrnd.net\/blog\/wp-content\/uploads\/2024\/12\/Comment-gerer-une-crise-de-colere-avec-bienveillance-1-1.png\",\"datePublished\":\"2024-12-18T06:31:08+00:00\",\"description\":\"D\u00e9couvrez des strat\u00e9gies efficaces pour g\u00e9rer une crise de col\u00e8re avec bienveillance. Apprenez \u00e0 reconna\u00eetre les d\u00e9clencheurs \u00e9motionnels, \u00e0 pratiquer\",\"inLanguage\":\"fr-FR\",\"potentialAction\":[{\"@type\":\"ReadAction\",\"target\":[\"https:\/\/juliedrnd.net\/blog\/education-positive\/comment-gerer-une-crise-de-colere-avec-bienveillance\/\"]}]},{\"@type\":\"ImageObject\",\"inLanguage\":\"fr-FR\",\"@id\":\"https:\/\/juliedrnd.net\/blog\/education-positive\/comment-gerer-une-crise-de-colere-avec-bienveillance\/#primaryimage\",\"url\":\"https:\/\/juliedrnd.net\/blog\/wp-content\/uploads\/2024\/12\/Comment-gerer-une-crise-de-colere-avec-bienveillance-1-1.png\",\"contentUrl\":\"https:\/\/juliedrnd.net\/blog\/wp-content\/uploads\/2024\/12\/Comment-gerer-une-crise-de-colere-avec-bienveillance-1-1.png\",\"width\":1344,\"height\":768,\"caption\":\"d\u00e9couvrez des strat\u00e9gies efficaces pour g\u00e9rer une crise de col\u00e8re avec bienveillance. apprenez \u00e0 canaliser vos \u00e9motions, \u00e0 communiquer sans agressivit\u00e9 et \u00e0 favoriser un environnement apaisant. transformez les conflits en opportunit\u00e9s de compr\u00e9hension et de croissance personnelle.\"},{\"@type\":\"WebSite\",\"@id\":\"https:\/\/juliedrnd.net\/blog\/#website\",\"url\":\"https:\/\/juliedrnd.net\/blog\/\",\"name\":\"juliedrnd.net\",\"description\":\"Vivez, cr\u00e9ez, r\u00eavez.\",\"publisher\":{\"@id\":\"https:\/\/juliedrnd.net\/blog\/#organization\"},\"alternateName\":\"Vivez, cr\u00e9ez, r\u00eavez.\",\"potentialAction\":[{\"@type\":\"SearchAction\",\"target\":{\"@type\":\"EntryPoint\",\"urlTemplate\":\"https:\/\/juliedrnd.net\/blog\/?s={search_term_string}\"},\"query-input\":{\"@type\":\"PropertyValueSpecification\",\"valueRequired\":true,\"valueName\":\"search_term_string\"}}],\"inLanguage\":\"fr-FR\"},{\"@type\":\"Organization\",\"@id\":\"https:\/\/juliedrnd.net\/blog\/#organization\",\"name\":\"Julie Drnd\",\"url\":\"https:\/\/juliedrnd.net\/blog\/\",\"logo\":{\"@type\":\"ImageObject\",\"inLanguage\":\"fr-FR\",\"@id\":\"https:\/\/juliedrnd.net\/blog\/#\/schema\/logo\/image\/\",\"url\":\"https:\/\/juliedrnd.net\/blog\/wp-content\/uploads\/2024\/12\/15.png\",\"contentUrl\":\"https:\/\/juliedrnd.net\/blog\/wp-content\/uploads\/2024\/12\/15.png\",\"width\":500,\"height\":500,\"caption\":\"Julie Drnd\"},\"image\":{\"@id\":\"https:\/\/juliedrnd.net\/blog\/#\/schema\/logo\/image\/\"}},{\"@type\":\"Person\",\"@id\":\"https:\/\/juliedrnd.net\/blog\/#\/schema\/person\/3c864cdc320801e3db34b663e7e3f816\",\"name\":\"Elodie Mazeau\",\"image\":{\"@type\":\"ImageObject\",\"inLanguage\":\"fr-FR\",\"@id\":\"https:\/\/juliedrnd.net\/blog\/#\/schema\/person\/image\/\",\"url\":\"https:\/\/juliedrnd.net\/blog\/wp-content\/uploads\/2026\/06\/persona_elodie-m-96x96.jpg\",\"contentUrl\":\"https:\/\/juliedrnd.net\/blog\/wp-content\/uploads\/2026\/06\/persona_elodie-m-96x96.jpg\",\"caption\":\"Elodie Mazeau\"},\"description\":\"J'\u00e9cris sur la parentalit\u00e9 telle qu'elle se vit vraiment, du premier biberon aux premi\u00e8res col\u00e8res. Mes sujets de pr\u00e9dilection couvrent le quotidien des familles : sommeil, alimentation, organisation, pu\u00e9riculture et ces petites gal\u00e8res que tout parent conna\u00eet. Depuis plusieurs ann\u00e9es, je m'attache \u00e0 proposer des rep\u00e8res concrets plut\u00f4t que des le\u00e7ons, parce que chaque famille trouve son propre \u00e9quilibre. Je v\u00e9rifie mes informations aupr\u00e8s de sources fiables, surtout d\u00e8s qu'on touche \u00e0 la sant\u00e9 ou \u00e0 la s\u00e9curit\u00e9 de l'enfant, et je pr\u00e9cise quand un avis professionnel s'impose. J'\u00e9vite soigneusement la culpabilisation : \u00eatre parent est d\u00e9j\u00e0 assez exigeant. Mon ton se veut complice et bienveillant, un peu comme une discussion entre parents qui se comprennent. L'id\u00e9e est d'all\u00e9ger la charge mentale en donnant des solutions simples et test\u00e9es.\",\"sameAs\":[\"https:\/\/elodiemazeau.fr\/\"],\"url\":\"https:\/\/juliedrnd.net\/blog\/auteur\/noname\/\"}]}<\/script>\n<!-- \/ Yoast SEO Premium plugin. -->","yoast_head_json":{"title":"Comment g\u00e9rer une crise de col\u00e8re avec bienveillance ?","description":"D\u00e9couvrez des strat\u00e9gies efficaces pour g\u00e9rer une crise de col\u00e8re avec bienveillance. Apprenez \u00e0 reconna\u00eetre les d\u00e9clencheurs \u00e9motionnels, \u00e0 pratiquer","robots":{"index":"index","follow":"follow","max-snippet":"max-snippet:-1","max-image-preview":"max-image-preview:large","max-video-preview":"max-video-preview:-1"},"canonical":"https:\/\/juliedrnd.net\/blog\/education-positive\/comment-gerer-une-crise-de-colere-avec-bienveillance\/","og_locale":"fr_FR","og_type":"article","og_title":"Comment g\u00e9rer une crise de col\u00e8re avec bienveillance ?","og_description":"D\u00e9couvrez des strat\u00e9gies efficaces pour g\u00e9rer une crise de col\u00e8re avec bienveillance. Apprenez \u00e0 reconna\u00eetre les d\u00e9clencheurs \u00e9motionnels, \u00e0 pratiquer","og_url":"https:\/\/juliedrnd.net\/blog\/education-positive\/comment-gerer-une-crise-de-colere-avec-bienveillance\/","og_site_name":"juliedrnd","og_image":[{"width":1344,"height":768,"url":"https:\/\/juliedrnd.net\/blog\/wp-content\/uploads\/2024\/12\/Comment-gerer-une-crise-de-colere-avec-bienveillance-1-1.png","type":"image\/png"}],"author":"Elodie Mazeau","twitter_card":"summary_large_image","schema":{"@context":"https:\/\/schema.org","@graph":[{"@type":"NewsArticle","@id":"https:\/\/juliedrnd.net\/blog\/education-positive\/comment-gerer-une-crise-de-colere-avec-bienveillance\/#article","isPartOf":{"@id":"https:\/\/juliedrnd.net\/blog\/education-positive\/comment-gerer-une-crise-de-colere-avec-bienveillance\/"},"author":{"name":"Elodie Mazeau","@id":"https:\/\/juliedrnd.net\/blog\/#\/schema\/person\/3c864cdc320801e3db34b663e7e3f816"},"headline":"Comment g\u00e9rer une crise de col\u00e8re avec bienveillance ?","datePublished":"2024-12-18T06:31:08+00:00","mainEntityOfPage":{"@id":"https:\/\/juliedrnd.net\/blog\/education-positive\/comment-gerer-une-crise-de-colere-avec-bienveillance\/"},"wordCount":1713,"commentCount":0,"publisher":{"@id":"https:\/\/juliedrnd.net\/blog\/#organization"},"image":{"@id":"https:\/\/juliedrnd.net\/blog\/education-positive\/comment-gerer-une-crise-de-colere-avec-bienveillance\/#primaryimage"},"thumbnailUrl":"https:\/\/juliedrnd.net\/blog\/wp-content\/uploads\/2024\/12\/Comment-gerer-une-crise-de-colere-avec-bienveillance-1-1.png","articleSection":["\u00c9ducation Positive"],"inLanguage":"fr-FR","potentialAction":[{"@type":"CommentAction","name":"Comment","target":["https:\/\/juliedrnd.net\/blog\/education-positive\/comment-gerer-une-crise-de-colere-avec-bienveillance\/#respond"]}]},{"@type":"WebPage","@id":"https:\/\/juliedrnd.net\/blog\/education-positive\/comment-gerer-une-crise-de-colere-avec-bienveillance\/","url":"https:\/\/juliedrnd.net\/blog\/education-positive\/comment-gerer-une-crise-de-colere-avec-bienveillance\/","name":"Comment g\u00e9rer une crise de col\u00e8re avec bienveillance ?","isPartOf":{"@id":"https:\/\/juliedrnd.net\/blog\/#website"},"primaryImageOfPage":{"@id":"https:\/\/juliedrnd.net\/blog\/education-positive\/comment-gerer-une-crise-de-colere-avec-bienveillance\/#primaryimage"},"image":{"@id":"https:\/\/juliedrnd.net\/blog\/education-positive\/comment-gerer-une-crise-de-colere-avec-bienveillance\/#primaryimage"},"thumbnailUrl":"https:\/\/juliedrnd.net\/blog\/wp-content\/uploads\/2024\/12\/Comment-gerer-une-crise-de-colere-avec-bienveillance-1-1.png","datePublished":"2024-12-18T06:31:08+00:00","description":"D\u00e9couvrez des strat\u00e9gies efficaces pour g\u00e9rer une crise de col\u00e8re avec bienveillance. Apprenez \u00e0 reconna\u00eetre les d\u00e9clencheurs \u00e9motionnels, \u00e0 pratiquer","inLanguage":"fr-FR","potentialAction":[{"@type":"ReadAction","target":["https:\/\/juliedrnd.net\/blog\/education-positive\/comment-gerer-une-crise-de-colere-avec-bienveillance\/"]}]},{"@type":"ImageObject","inLanguage":"fr-FR","@id":"https:\/\/juliedrnd.net\/blog\/education-positive\/comment-gerer-une-crise-de-colere-avec-bienveillance\/#primaryimage","url":"https:\/\/juliedrnd.net\/blog\/wp-content\/uploads\/2024\/12\/Comment-gerer-une-crise-de-colere-avec-bienveillance-1-1.png","contentUrl":"https:\/\/juliedrnd.net\/blog\/wp-content\/uploads\/2024\/12\/Comment-gerer-une-crise-de-colere-avec-bienveillance-1-1.png","width":1344,"height":768,"caption":"d\u00e9couvrez des strat\u00e9gies efficaces pour g\u00e9rer une crise de col\u00e8re avec bienveillance. apprenez \u00e0 canaliser vos \u00e9motions, \u00e0 communiquer sans agressivit\u00e9 et \u00e0 favoriser un environnement apaisant. transformez les conflits en opportunit\u00e9s de compr\u00e9hension et de croissance personnelle."},{"@type":"WebSite","@id":"https:\/\/juliedrnd.net\/blog\/#website","url":"https:\/\/juliedrnd.net\/blog\/","name":"juliedrnd.net","description":"Vivez, cr\u00e9ez, r\u00eavez.","publisher":{"@id":"https:\/\/juliedrnd.net\/blog\/#organization"},"alternateName":"Vivez, cr\u00e9ez, r\u00eavez.","potentialAction":[{"@type":"SearchAction","target":{"@type":"EntryPoint","urlTemplate":"https:\/\/juliedrnd.net\/blog\/?s={search_term_string}"},"query-input":{"@type":"PropertyValueSpecification","valueRequired":true,"valueName":"search_term_string"}}],"inLanguage":"fr-FR"},{"@type":"Organization","@id":"https:\/\/juliedrnd.net\/blog\/#organization","name":"Julie Drnd","url":"https:\/\/juliedrnd.net\/blog\/","logo":{"@type":"ImageObject","inLanguage":"fr-FR","@id":"https:\/\/juliedrnd.net\/blog\/#\/schema\/logo\/image\/","url":"https:\/\/juliedrnd.net\/blog\/wp-content\/uploads\/2024\/12\/15.png","contentUrl":"https:\/\/juliedrnd.net\/blog\/wp-content\/uploads\/2024\/12\/15.png","width":500,"height":500,"caption":"Julie Drnd"},"image":{"@id":"https:\/\/juliedrnd.net\/blog\/#\/schema\/logo\/image\/"}},{"@type":"Person","@id":"https:\/\/juliedrnd.net\/blog\/#\/schema\/person\/3c864cdc320801e3db34b663e7e3f816","name":"Elodie Mazeau","image":{"@type":"ImageObject","inLanguage":"fr-FR","@id":"https:\/\/juliedrnd.net\/blog\/#\/schema\/person\/image\/","url":"https:\/\/juliedrnd.net\/blog\/wp-content\/uploads\/2026\/06\/persona_elodie-m-96x96.jpg","contentUrl":"https:\/\/juliedrnd.net\/blog\/wp-content\/uploads\/2026\/06\/persona_elodie-m-96x96.jpg","caption":"Elodie Mazeau"},"description":"J'\u00e9cris sur la parentalit\u00e9 telle qu'elle se vit vraiment, du premier biberon aux premi\u00e8res col\u00e8res. Mes sujets de pr\u00e9dilection couvrent le quotidien des familles : sommeil, alimentation, organisation, pu\u00e9riculture et ces petites gal\u00e8res que tout parent conna\u00eet. Depuis plusieurs ann\u00e9es, je m'attache \u00e0 proposer des rep\u00e8res concrets plut\u00f4t que des le\u00e7ons, parce que chaque famille trouve son propre \u00e9quilibre. Je v\u00e9rifie mes informations aupr\u00e8s de sources fiables, surtout d\u00e8s qu'on touche \u00e0 la sant\u00e9 ou \u00e0 la s\u00e9curit\u00e9 de l'enfant, et je pr\u00e9cise quand un avis professionnel s'impose. J'\u00e9vite soigneusement la culpabilisation : \u00eatre parent est d\u00e9j\u00e0 assez exigeant. Mon ton se veut complice et bienveillant, un peu comme une discussion entre parents qui se comprennent. L'id\u00e9e est d'all\u00e9ger la charge mentale en donnant des solutions simples et test\u00e9es.","sameAs":["https:\/\/elodiemazeau.fr\/"],"url":"https:\/\/juliedrnd.net\/blog\/auteur\/noname\/"}]}},"_links":{"self":[{"href":"https:\/\/juliedrnd.net\/blog\/wp-json\/wp\/v2\/posts\/7220","targetHints":{"allow":["GET"]}}],"collection":[{"href":"https:\/\/juliedrnd.net\/blog\/wp-json\/wp\/v2\/posts"}],"about":[{"href":"https:\/\/juliedrnd.net\/blog\/wp-json\/wp\/v2\/types\/post"}],"author":[{"embeddable":true,"href":"https:\/\/juliedrnd.net\/blog\/wp-json\/wp\/v2\/users\/34"}],"replies":[{"embeddable":true,"href":"https:\/\/juliedrnd.net\/blog\/wp-json\/wp\/v2\/comments?post=7220"}],"version-history":[{"count":0,"href":"https:\/\/juliedrnd.net\/blog\/wp-json\/wp\/v2\/posts\/7220\/revisions"}],"wp:featuredmedia":[{"embeddable":true,"href":"https:\/\/juliedrnd.net\/blog\/wp-json\/wp\/v2\/media\/7221"}],"wp:attachment":[{"href":"https:\/\/juliedrnd.net\/blog\/wp-json\/wp\/v2\/media?parent=7220"}],"wp:term":[{"taxonomy":"category","embeddable":true,"href":"https:\/\/juliedrnd.net\/blog\/wp-json\/wp\/v2\/categories?post=7220"},{"taxonomy":"post_tag","embeddable":true,"href":"https:\/\/juliedrnd.net\/blog\/wp-json\/wp\/v2\/tags?post=7220"}],"curies":[{"name":"wp","href":"https:\/\/api.w.org\/{rel}","templated":true}]}}